{"id":1000,"date":"2014-05-18T17:37:50","date_gmt":"2014-05-18T17:37:50","guid":{"rendered":"http:\/\/autosdelpodio.com\/autos\/2014\/05\/18\/tc-el-imbatible\/"},"modified":"2014-05-18T17:37:50","modified_gmt":"2014-05-18T17:37:50","slug":"tc-el-imbatible","status":"publish","type":"post","link":"http:\/\/autosdelpodio.com\/autos\/tc-el-imbatible\/","title":{"rendered":"TC: El imbatible"},"content":{"rendered":"<p style=\"text-align: justify;\">Mat\u00edas Rossi (Chevrolet) gan\u00f3 por tercera vez en el a\u00f1o sobre seis fechas disputadas en el Turismo Carretera.Agustin Canapino (Chevrolet) y Facundo Ardusso (Dodge), quien sigue adelante en el campeonato por apenas un punto completaron el podio en Concepci\u00f3n del Uruguay, provincia de Entre R\u00edos.<\/p>\n<p>  <!--more-->  <\/p>\n<p><span style=\"text-align: justify; line-height: 1.3em;\">La pr\u00f3xima fecha de campeonato ser\u00e1 el 1 de junio en el aut\u00f3dromo de Termas de R\u00edo Hondo.<\/span><\/p>\n<p style=\"text-align: justify;\"><strong>Final TC a 25 Vueltas<\/strong><\/p>\n<p>1 ROSSI, MAT\u00cdAS CHEVROLET 41:35.176<\/p>\n<p>2 CANAPINO, AGUST\u00cdN CHEVROLET 3.053<\/p>\n<p>3 ARDUSSO, FACUNDO DODGE 3.548<\/p>\n<p>4 PONTE, MART\u00cdN DODGE 4.376<\/p>\n<p>5 LEDESMA, CHRISTIAN CHEVROLET 5.309<\/p>\n<p>6 TROSSET, NICOL\u00c1S DODGE 5.999<\/p>\n<p>7 FONTANA, NORBERTO TORINO 6.420<\/p>\n<p>8 TRUCCO, JUAN MART\u00cdN DODGE 7.083<\/p>\n<p>9 PONCE DE LE\u00d3N, GABRIEL FORD 11.636<\/p>\n<p>10 SPATARO, EMILIANO DODGE 12.303<\/p>\n<p>11 CASTELLANO, JONATAN DODGE 12.644<\/p>\n<p>12 BONELLI, PR\u00d3SPERO FORD 13.317<\/p>\n<p>13 PEZZUCCHI, NICOLAS DODGE 13.689<\/p>\n<p>14 ANGELINI, JUAN MARCOS DODGE 14.196<\/p>\n<p>15 JUAN, MAXIMILIANO FORD 14.991<\/p>\n<p>16 SILVA, JUAN MANUEL FORD 15.413<\/p>\n<p>17 DE BENEDICTIS, JUAN BAUTISTA FORD 15.709<\/p>\n<p>18 MORIATIS, EMANUEL FORD 16.967<\/p>\n<p>19 ORTELLI, GUILLERMO CHEVROLET 18.534<\/p>\n<p>20 DI PALMA, LU\u00cdS JOS\u00c9 (H) TORINO 19.408<\/p>\n<p>21 WERNER, MARIANO FORD 19.923<\/p>\n<p>22 OUBI\u00d1A, ADRI\u00c1N FORD 21.687<\/p>\n<p>23 MART\u00cdNEZ, OMAR FORD 25.976<\/p>\n<p>24 DE CARLO, DIEGO CHEVROLET 26.387<\/p>\n<p>25 RODR\u00cdGUEZ, MAT\u00cdAS DODGE 27.342<\/p>\n<p>26 NOLESI, MATH\u00cdAS FORD 27.816<\/p>\n<p>27 OKULOVICH, CARLOS TORINO 28.195<\/p>\n<p>28 BONELLI, NICOL\u00c1S FORD 29.040<\/p>\n<p>29 MAZZACANE, GAST\u00d3N CHEVROLET 29.494<\/p>\n<p>30 SOTRO, LEONEL FORD 30.597<\/p>\n<p>31 ALAUX, SERGIO CHEVROLET 42.069<\/p>\n<p>32 GIANINI, JUAN PABLO FORD 50.952<\/p>\n<p>33 ALTUNA, MARIANO CHEVROLET 1:07.630<\/p>\n<p>34 AVENTIN, DIEGO FORD<\/p>\n<p>35 VENTRICELLI , LUCIANO DODGE<\/p>\n<p>36 UGALDE, LIONEL FORD<\/p>\n<p>37 JALAF, MAT\u00cdAS FORD<\/p>\n<p>38 DOSE, CHRISTIAN CHEVROLET<\/p>\n<p>39 SAVINO, JOS\u00c9 FORD<\/p>\n<p>40 PERN\u00cdA, LEONEL CHEVROLET<\/p>\n<p>41 GIALLOMBARDO, MAURO FORD<\/p>\n<p>42 CAMPANERA, LAUREANO CHEVROLET<\/p>\n<p>43 MANGONI, SANTIAGO TORINO<\/p>\n","protected":false},"excerpt":{"rendered":"<p>Mat\u00edas Rossi (Chevrolet) gan\u00f3 por tercera vez en el a\u00f1o sobre seis fechas disputadas en el Turismo Carretera.Agustin Canapino (Chevrolet)<\/p>\n","protected":false},"author":1,"featured_media":0,"comment_status":"open","ping_status":"open","sticky":false,"template":"","format":"standard","meta":{"colormag_page_container_layout":"default_layout","colormag_page_sidebar_layout":"default_layout","footnotes":""},"categories":[5],"tags":[],"class_list":["post-1000","post","type-post","status-publish","format-standard","hentry","category-latest-news"],"yoast_head":"<!-- This site is optimized with the Yoast SEO plugin v27.5 - https:\/\/yoast.com\/product\/yoast-seo-wordpress\/ -->\n<title>Autos del Podio | TC: El imbatible<\/title>\n<meta name=\"description\" content=\"Autos del Podio\" \/>\n<meta name=\"robots\" content=\"index, follow, max-snippet:-1, max-image-preview:large, max-video-preview:-1\" \/>\n<link rel=\"canonical\" href=\"https:\/\/autosdelpodio.com\/autos\/tc-el-imbatible\/\" \/>\n<meta property=\"og:locale\" content=\"es_ES\" \/>\n<meta property=\"og:type\" content=\"article\" \/>\n<meta property=\"og:title\" content=\"Autos del Podio | TC: El imbatible\" \/>\n<meta property=\"og:description\" content=\"Autos del Podio\" \/>\n<meta property=\"og:url\" content=\"https:\/\/autosdelpodio.com\/autos\/tc-el-imbatible\/\" \/>\n<meta property=\"og:site_name\" content=\"Autos del Podio\" \/>\n<meta property=\"article:publisher\" content=\"https:\/\/www.facebook.com\/profile.php?id=100057192590976&amp;amp%3bamp%3bamp%3bamp%3bamp%3bamp%3bamp%3bamp%3bamp%3bamp%3bamp%3bamp%3bamp%3bamp%3bamp%3bamp%3bamp%3bamp%3bref=ts\" \/>\n<meta property=\"article:published_time\" content=\"2014-05-18T17:37:50+00:00\" \/>\n<meta name=\"author\" content=\"wi022230\" \/>\n<meta name=\"twitter:card\" content=\"summary_large_image\" \/>\n<meta name=\"twitter:creator\" content=\"@autosdelpodio\" \/>\n<meta name=\"twitter:site\" content=\"@autosdelpodio\" \/>\n<meta name=\"twitter:label1\" content=\"Escrito por\" \/>\n\t<meta name=\"twitter:data1\" content=\"wi022230\" \/>\n\t<meta name=\"twitter:label2\" content=\"Tiempo de lectura\" \/>\n\t<meta name=\"twitter:data2\" content=\"1 minuto\" \/>\n<script type=\"application\/ld+json\" class=\"yoast-schema-graph\">{\"@context\":\"https:\\\/\\\/schema.org\",\"@graph\":[{\"@type\":\"Article\",\"@id\":\"https:\\\/\\\/autosdelpodio.com\\\/autos\\\/tc-el-imbatible\\\/#article\",\"isPartOf\":{\"@id\":\"https:\\\/\\\/autosdelpodio.com\\\/autos\\\/tc-el-imbatible\\\/\"},\"author\":{\"name\":\"wi022230\",\"@id\":\"http:\\\/\\\/autosdelpodio.com\\\/autos\\\/#\\\/schema\\\/person\\\/e88353cabf768863fdf874e30120f3ba\"},\"headline\":\"TC: El imbatible\",\"datePublished\":\"2014-05-18T17:37:50+00:00\",\"mainEntityOfPage\":{\"@id\":\"https:\\\/\\\/autosdelpodio.com\\\/autos\\\/tc-el-imbatible\\\/\"},\"wordCount\":236,\"commentCount\":0,\"publisher\":{\"@id\":\"http:\\\/\\\/autosdelpodio.com\\\/autos\\\/#organization\"},\"articleSection\":[\"\u00daltimas noticias\"],\"inLanguage\":\"es\",\"potentialAction\":[{\"@type\":\"CommentAction\",\"name\":\"Comment\",\"target\":[\"https:\\\/\\\/autosdelpodio.com\\\/autos\\\/tc-el-imbatible\\\/#respond\"]}]},{\"@type\":\"WebPage\",\"@id\":\"https:\\\/\\\/autosdelpodio.com\\\/autos\\\/tc-el-imbatible\\\/\",\"url\":\"https:\\\/\\\/autosdelpodio.com\\\/autos\\\/tc-el-imbatible\\\/\",\"name\":\"Autos del Podio | TC: El imbatible\",\"isPartOf\":{\"@id\":\"http:\\\/\\\/autosdelpodio.com\\\/autos\\\/#website\"},\"datePublished\":\"2014-05-18T17:37:50+00:00\",\"description\":\"Autos del Podio\",\"breadcrumb\":{\"@id\":\"https:\\\/\\\/autosdelpodio.com\\\/autos\\\/tc-el-imbatible\\\/#breadcrumb\"},\"inLanguage\":\"es\",\"potentialAction\":[{\"@type\":\"ReadAction\",\"target\":[\"https:\\\/\\\/autosdelpodio.com\\\/autos\\\/tc-el-imbatible\\\/\"]}]},{\"@type\":\"BreadcrumbList\",\"@id\":\"https:\\\/\\\/autosdelpodio.com\\\/autos\\\/tc-el-imbatible\\\/#breadcrumb\",\"itemListElement\":[{\"@type\":\"ListItem\",\"position\":1,\"name\":\"Portada\",\"item\":\"http:\\\/\\\/autosdelpodio.com\\\/autos\\\/\"},{\"@type\":\"ListItem\",\"position\":2,\"name\":\"TC: El imbatible\"}]},{\"@type\":\"WebSite\",\"@id\":\"http:\\\/\\\/autosdelpodio.com\\\/autos\\\/#website\",\"url\":\"http:\\\/\\\/autosdelpodio.com\\\/autos\\\/\",\"name\":\"Autos del Podio\",\"description\":\"La sexta del deporte motor\",\"publisher\":{\"@id\":\"http:\\\/\\\/autosdelpodio.com\\\/autos\\\/#organization\"},\"potentialAction\":[{\"@type\":\"SearchAction\",\"target\":{\"@type\":\"EntryPoint\",\"urlTemplate\":\"http:\\\/\\\/autosdelpodio.com\\\/autos\\\/?s={search_term_string}\"},\"query-input\":{\"@type\":\"PropertyValueSpecification\",\"valueRequired\":true,\"valueName\":\"search_term_string\"}}],\"inLanguage\":\"es\"},{\"@type\":\"Organization\",\"@id\":\"http:\\\/\\\/autosdelpodio.com\\\/autos\\\/#organization\",\"name\":\"Autos del Podio\",\"url\":\"http:\\\/\\\/autosdelpodio.com\\\/autos\\\/\",\"logo\":{\"@type\":\"ImageObject\",\"inLanguage\":\"es\",\"@id\":\"http:\\\/\\\/autosdelpodio.com\\\/autos\\\/#\\\/schema\\\/logo\\\/image\\\/\",\"url\":\"http:\\\/\\\/autosdelpodio.com\\\/autos\\\/wp-content\\\/uploads\\\/2020\\\/08\\\/Logo_AR.jpg\",\"contentUrl\":\"http:\\\/\\\/autosdelpodio.com\\\/autos\\\/wp-content\\\/uploads\\\/2020\\\/08\\\/Logo_AR.jpg\",\"width\":1038,\"height\":1044,\"caption\":\"Autos del Podio\"},\"image\":{\"@id\":\"http:\\\/\\\/autosdelpodio.com\\\/autos\\\/#\\\/schema\\\/logo\\\/image\\\/\"},\"sameAs\":[\"https:\\\/\\\/www.facebook.com\\\/profile.php?id=100057192590976&amp;amp;amp;amp;amp;amp;amp;amp;amp;amp;amp;amp;amp;amp;amp;amp;amp;amp;ref=ts\",\"https:\\\/\\\/x.com\\\/autosdelpodio\",\"https:\\\/\\\/www.youtube.com\\\/user\\\/AutosdelPodio\"]},{\"@type\":\"Person\",\"@id\":\"http:\\\/\\\/autosdelpodio.com\\\/autos\\\/#\\\/schema\\\/person\\\/e88353cabf768863fdf874e30120f3ba\",\"name\":\"wi022230\",\"image\":{\"@type\":\"ImageObject\",\"inLanguage\":\"es\",\"@id\":\"http:\\\/\\\/autosdelpodio.com\\\/autos\\\/wp-content\\\/litespeed\\\/avatar\\\/453fc9bdbb11d766ba4c7f14d0bd0aa9.jpg?ver=1777404874\",\"url\":\"http:\\\/\\\/autosdelpodio.com\\\/autos\\\/wp-content\\\/litespeed\\\/avatar\\\/453fc9bdbb11d766ba4c7f14d0bd0aa9.jpg?ver=1777404874\",\"contentUrl\":\"http:\\\/\\\/autosdelpodio.com\\\/autos\\\/wp-content\\\/litespeed\\\/avatar\\\/453fc9bdbb11d766ba4c7f14d0bd0aa9.jpg?ver=1777404874\",\"caption\":\"wi022230\"}}]}<\/script>\n<!-- \/ Yoast SEO plugin. -->","yoast_head_json":{"title":"Autos del Podio | TC: El imbatible","description":"Autos del Podio","robots":{"index":"index","follow":"follow","max-snippet":"max-snippet:-1","max-image-preview":"max-image-preview:large","max-video-preview":"max-video-preview:-1"},"canonical":"https:\/\/autosdelpodio.com\/autos\/tc-el-imbatible\/","og_locale":"es_ES","og_type":"article","og_title":"Autos del Podio | TC: El imbatible","og_description":"Autos del Podio","og_url":"https:\/\/autosdelpodio.com\/autos\/tc-el-imbatible\/","og_site_name":"Autos del Podio","article_publisher":"https:\/\/www.facebook.com\/profile.php?id=100057192590976&amp%3bamp%3bamp%3bamp%3bamp%3bamp%3bamp%3bamp%3bamp%3bamp%3bamp%3bamp%3bamp%3bamp%3bamp%3bamp%3bamp%3bamp%3bref=ts","article_published_time":"2014-05-18T17:37:50+00:00","author":"wi022230","twitter_card":"summary_large_image","twitter_creator":"@autosdelpodio","twitter_site":"@autosdelpodio","twitter_misc":{"Escrito por":"wi022230","Tiempo de lectura":"1 minuto"},"schema":{"@context":"https:\/\/schema.org","@graph":[{"@type":"Article","@id":"https:\/\/autosdelpodio.com\/autos\/tc-el-imbatible\/#article","isPartOf":{"@id":"https:\/\/autosdelpodio.com\/autos\/tc-el-imbatible\/"},"author":{"name":"wi022230","@id":"http:\/\/autosdelpodio.com\/autos\/#\/schema\/person\/e88353cabf768863fdf874e30120f3ba"},"headline":"TC: El imbatible","datePublished":"2014-05-18T17:37:50+00:00","mainEntityOfPage":{"@id":"https:\/\/autosdelpodio.com\/autos\/tc-el-imbatible\/"},"wordCount":236,"commentCount":0,"publisher":{"@id":"http:\/\/autosdelpodio.com\/autos\/#organization"},"articleSection":["\u00daltimas noticias"],"inLanguage":"es","potentialAction":[{"@type":"CommentAction","name":"Comment","target":["https:\/\/autosdelpodio.com\/autos\/tc-el-imbatible\/#respond"]}]},{"@type":"WebPage","@id":"https:\/\/autosdelpodio.com\/autos\/tc-el-imbatible\/","url":"https:\/\/autosdelpodio.com\/autos\/tc-el-imbatible\/","name":"Autos del Podio | TC: El imbatible","isPartOf":{"@id":"http:\/\/autosdelpodio.com\/autos\/#website"},"datePublished":"2014-05-18T17:37:50+00:00","description":"Autos del Podio","breadcrumb":{"@id":"https:\/\/autosdelpodio.com\/autos\/tc-el-imbatible\/#breadcrumb"},"inLanguage":"es","potentialAction":[{"@type":"ReadAction","target":["https:\/\/autosdelpodio.com\/autos\/tc-el-imbatible\/"]}]},{"@type":"BreadcrumbList","@id":"https:\/\/autosdelpodio.com\/autos\/tc-el-imbatible\/#breadcrumb","itemListElement":[{"@type":"ListItem","position":1,"name":"Portada","item":"http:\/\/autosdelpodio.com\/autos\/"},{"@type":"ListItem","position":2,"name":"TC: El imbatible"}]},{"@type":"WebSite","@id":"http:\/\/autosdelpodio.com\/autos\/#website","url":"http:\/\/autosdelpodio.com\/autos\/","name":"Autos del Podio","description":"La sexta del deporte motor","publisher":{"@id":"http:\/\/autosdelpodio.com\/autos\/#organization"},"potentialAction":[{"@type":"SearchAction","target":{"@type":"EntryPoint","urlTemplate":"http:\/\/autosdelpodio.com\/autos\/?s={search_term_string}"},"query-input":{"@type":"PropertyValueSpecification","valueRequired":true,"valueName":"search_term_string"}}],"inLanguage":"es"},{"@type":"Organization","@id":"http:\/\/autosdelpodio.com\/autos\/#organization","name":"Autos del Podio","url":"http:\/\/autosdelpodio.com\/autos\/","logo":{"@type":"ImageObject","inLanguage":"es","@id":"http:\/\/autosdelpodio.com\/autos\/#\/schema\/logo\/image\/","url":"http:\/\/autosdelpodio.com\/autos\/wp-content\/uploads\/2020\/08\/Logo_AR.jpg","contentUrl":"http:\/\/autosdelpodio.com\/autos\/wp-content\/uploads\/2020\/08\/Logo_AR.jpg","width":1038,"height":1044,"caption":"Autos del Podio"},"image":{"@id":"http:\/\/autosdelpodio.com\/autos\/#\/schema\/logo\/image\/"},"sameAs":["https:\/\/www.facebook.com\/profile.php?id=100057192590976&amp;amp;amp;amp;amp;amp;amp;amp;amp;amp;amp;amp;amp;amp;amp;amp;amp;amp;ref=ts","https:\/\/x.com\/autosdelpodio","https:\/\/www.youtube.com\/user\/AutosdelPodio"]},{"@type":"Person","@id":"http:\/\/autosdelpodio.com\/autos\/#\/schema\/person\/e88353cabf768863fdf874e30120f3ba","name":"wi022230","image":{"@type":"ImageObject","inLanguage":"es","@id":"http:\/\/autosdelpodio.com\/autos\/wp-content\/litespeed\/avatar\/453fc9bdbb11d766ba4c7f14d0bd0aa9.jpg?ver=1777404874","url":"http:\/\/autosdelpodio.com\/autos\/wp-content\/litespeed\/avatar\/453fc9bdbb11d766ba4c7f14d0bd0aa9.jpg?ver=1777404874","contentUrl":"http:\/\/autosdelpodio.com\/autos\/wp-content\/litespeed\/avatar\/453fc9bdbb11d766ba4c7f14d0bd0aa9.jpg?ver=1777404874","caption":"wi022230"}}]}},"views":538,"_links":{"self":[{"href":"http:\/\/autosdelpodio.com\/autos\/wp-json\/wp\/v2\/posts\/1000","targetHints":{"allow":["GET"]}}],"collection":[{"href":"http:\/\/autosdelpodio.com\/autos\/wp-json\/wp\/v2\/posts"}],"about":[{"href":"http:\/\/autosdelpodio.com\/autos\/wp-json\/wp\/v2\/types\/post"}],"author":[{"embeddable":true,"href":"http:\/\/autosdelpodio.com\/autos\/wp-json\/wp\/v2\/users\/1"}],"replies":[{"embeddable":true,"href":"http:\/\/autosdelpodio.com\/autos\/wp-json\/wp\/v2\/comments?post=1000"}],"version-history":[{"count":0,"href":"http:\/\/autosdelpodio.com\/autos\/wp-json\/wp\/v2\/posts\/1000\/revisions"}],"wp:attachment":[{"href":"http:\/\/autosdelpodio.com\/autos\/wp-json\/wp\/v2\/media?parent=1000"}],"wp:term":[{"taxonomy":"category","embeddable":true,"href":"http:\/\/autosdelpodio.com\/autos\/wp-json\/wp\/v2\/categories?post=1000"},{"taxonomy":"post_tag","embeddable":true,"href":"http:\/\/autosdelpodio.com\/autos\/wp-json\/wp\/v2\/tags?post=1000"}],"curies":[{"name":"wp","href":"https:\/\/api.w.org\/{rel}","templated":true}]}}