{"id":1003,"date":"2014-05-21T23:20:34","date_gmt":"2014-05-21T23:20:34","guid":{"rendered":"http:\/\/autosdelpodio.com\/autos\/2014\/05\/21\/toda-la-info-sobre-el-xii-gran-premio-argentino-historico\/"},"modified":"2014-05-21T23:20:34","modified_gmt":"2014-05-21T23:20:34","slug":"toda-la-info-sobre-el-xii-gran-premio-argentino-historico","status":"publish","type":"post","link":"http:\/\/autosdelpodio.com\/autos\/toda-la-info-sobre-el-xii-gran-premio-argentino-historico\/","title":{"rendered":"Toda la info sobre el XII Gran Premio Argentino Hist\u00f3rico"},"content":{"rendered":"<\/p>\n<p style=\"text-align: justify;\"><span style=\"line-height: 1.3em;\">El XII Gran Premio Argentino Hist\u00f3rico que se llevar\u00e1 a cabo del 4 al 11 de octubre de 2014 \u00a0tendr\u00e1 un recorrido aproximado de 3.600 kil\u00f3metros \u00a0de acuerdo al siguiente cronograma:<\/span><\/p>\n<p style=\"text-align: justify;\"><span style=\"line-height: 1.3em;\">\u2022<\/span><span style=\"line-height: 1.3em; white-space: pre;\"> <\/span><span style=\"line-height: 1.3em;\">D\u00eda 1 \u2013 s\u00e1bado 4 de octubre. Largada simb\u00f3lica desde la Sede Central del Autom\u00f3vil Club Argentino <\/span><\/p>\n<p style=\"text-align: justify;\"><span style=\"line-height: 1.3em;\">\u2022<\/span><span style=\"line-height: 1.3em; white-space: pre;\"> <\/span><span style=\"line-height: 1.3em;\">D\u00eda 2 \u2013 domingo 5 de octubre. 1\u00b0 Etapa: Buenos Aires (lugar a definir) \u2013 Z\u00e1rate \u2013 Ceibas \u2013 \u00a0Gualeguay \u2013 Aldea Asunci\u00f3n \u2013 Mansilla \u2013 R. Del Tala \u2013 Villaguay &#8211; Concordia<\/span><\/p>\n<p style=\"text-align: justify;\"><span style=\"line-height: 1.3em;\">\u2022<\/span><span style=\"line-height: 1.3em; white-space: pre;\"> <\/span><span style=\"line-height: 1.3em;\">D\u00eda 3 \u2013 lunes 6 de octubre. 2\u00b0 Etapa: Concordia \u2013 Chajar\u00ed \u2013 Los Conquistadores \u2013 Curuz\u00fa Cuati\u00e1 \u2013 Paso de los Libres \u2013 Alvear \u2013 Santo Tom\u00e9 \u2013 Gdor. Virasoro \u2013 San Jos\u00e9 \u2013 Posadas.<\/span><\/p>\n<p style=\"text-align: justify;\">\u2022<span style=\"white-space: pre;\"> <\/span>D\u00eda 4 \u2013 martes 7 de octubre. 3\u00ba Etapa: Posadas \u2013 Santa Ana \u2013 Ober\u00e1 \u2013 San Vicente \u2013 San Pedro \u2013 Bernardo de Irigoyen \u2013 Andresito \u2013 Wanda \u2013 Puerto Iguaz\u00fa.<\/p>\n<p style=\"text-align: justify;\">\u2022<span style=\"white-space: pre;\"> <\/span>D\u00eda 5 \u2013 mi\u00e9rcoles 8 \u00a0de octubre. Descanso en Puerto Iguaz\u00fa.<\/p>\n<p style=\"text-align: justify;\">\u2022<span style=\"white-space: pre;\"> <\/span>D\u00eda 6 \u2013 jueves 9 de octubre. 4\u00ba Etapa: Puerto Iguaz\u00fa \u2013 El Dorado \u2013 El Alc\u00e1zar \u2013 2 de mayo \u2013 Ober\u00e1 \u2013 L.N.Alem \u2013 San Jos\u00e9 \u2013 Gdor. Virasoro \u2013 Ituzaingo \u2013 Ita Ibate \u2013 Corrientes.<\/p>\n<p style=\"text-align: justify;\">\u2022<span style=\"white-space: pre;\"> <\/span>D\u00eda 7 \u2013 viernes 10 de octubre. 5\u00ba Etapa: Corrientes \u2013 Empedrado \u2013 Goya \u2013 Esquina \u2013 La Paz \u2013 Cerrito &#8211; Paran\u00e1<\/p>\n<p style=\"text-align: justify;\">\u2022<span style=\"white-space: pre;\"> <\/span>D\u00eda 8 \u2013 s\u00e1bado 11 de octubre. 6\u00ba Etapa: Paran\u00e1 \u2013 Viale \u2013 Crespo \u2013 Nogoy\u00e1 \u2013 Lucas Gonzalez \u2013 Mansilla \u2013 Gualeguay \u2013 Ceibas \u2013 Buenos Aires (lugar a designar)<\/p>\n<p style=\"text-align: justify;\"><span style=\"line-height: 1.3em;\">Algunos de las ciudades intermedias est\u00e1n a\u00fan siendo evaluadas con motivo del estado de los caminos a transitar. En caso de existir modificaciones se ir\u00e1n dando a conocer en el futuro. Las cabeceras de etapas se encuentran confirmadas<\/span><\/p>\n<p style=\"text-align: justify;\"><span style=\"line-height: 1.3em;\">Se destacan algunos cambios fundamentales con relaci\u00f3n a las \u00faltimas ediciones:<\/span><\/p>\n<p style=\"text-align: justify;\"><span style=\"line-height: 1.3em;\">1.<\/span><span style=\"line-height: 1.3em; white-space: pre;\"> <\/span><span style=\"line-height: 1.3em;\">Por primera vez la largada simb\u00f3lica desde la Sede Central del Autom\u00f3vil Club Argentino se realizar\u00e1 un d\u00eda s\u00e1bado a las 18 hs.<\/span><\/p>\n<p style=\"text-align: justify;\">2.<span style=\"white-space: pre;\"> <\/span>La competencia se iniciar\u00e1 oficialmente el domingo 5 de octubre por la ma\u00f1ana.<\/p>\n<p style=\"text-align: justify;\">3.<span style=\"white-space: pre;\"> <\/span>Despu\u00e9s de once ediciones recorriendo rutas y caminos del centro, norte, noroeste, cuyo y sur del pa\u00eds, y respetando el sentido federal de la competencia, el 2014 ser\u00e1 el a\u00f1o en que la \u201cGran Carrera\u201d visite el litoral y Mesopotamia de nuestro pa\u00eds.<\/p>\n<p style=\"text-align: justify;\"><span style=\"line-height: 1.3em;\"><strong>INSCRIPCIONES<\/strong><\/span><\/p>\n<p style=\"text-align: justify;\"><span style=\"line-height: 1.3em;\">Se ha determinado un cupo de 325 autos y al igual que en a\u00f1os anteriores, los participantes deber\u00e1n realizar obligatoriamente una preinscripci\u00f3n v\u00eda Internet, para lo cual resultar\u00e1 imprescindible \u00a0tener el veh\u00edculo homologado (carn\u00e9 GPA) y completar la ficha de la misma en su totalidad. En caso contrario no se tomar\u00e1 como v\u00e1lida la misma.<\/span><\/p>\n<p style=\"text-align: justify;\"><span style=\"line-height: 1.3em;\">La conferencia de prensa de lanzamiento del XII Gran Premio Argentino Hist\u00f3rico se llevar\u00e1 a cabo el 5 de junio a las 18 hs. en la Sede Central del Autom\u00f3vil Club Argentino. <\/span><\/p>\n","protected":false},"excerpt":{"rendered":"<p>El XII Gran Premio Argentino Hist\u00f3rico que se llevar\u00e1 a cabo del 4 al 11 de octubre de 2014 \u00a0tendr\u00e1<\/p>\n","protected":false},"author":1,"featured_media":428,"comment_status":"open","ping_status":"open","sticky":false,"template":"","format":"standard","meta":{"colormag_page_container_layout":"default_layout","colormag_page_sidebar_layout":"default_layout","footnotes":""},"categories":[18],"tags":[],"class_list":["post-1003","post","type-post","status-publish","format-standard","has-post-thumbnail","hentry","category-destacados-side"],"yoast_head":"<!-- This site is optimized with the Yoast SEO plugin v27.4 - https:\/\/yoast.com\/product\/yoast-seo-wordpress\/ -->\n<title>Autos del Podio | Toda la info sobre el XII Gran Premio Argentino Hist\u00f3rico<\/title>\n<meta name=\"description\" content=\"Autos del Podio\" \/>\n<meta name=\"robots\" content=\"index, follow, max-snippet:-1, max-image-preview:large, max-video-preview:-1\" \/>\n<link rel=\"canonical\" href=\"https:\/\/autosdelpodio.com\/autos\/toda-la-info-sobre-el-xii-gran-premio-argentino-historico\/\" \/>\n<meta property=\"og:locale\" content=\"es_ES\" \/>\n<meta property=\"og:type\" content=\"article\" \/>\n<meta property=\"og:title\" content=\"Autos del Podio | Toda la info sobre el XII Gran Premio Argentino Hist\u00f3rico\" \/>\n<meta property=\"og:description\" content=\"Autos del Podio\" \/>\n<meta property=\"og:url\" content=\"https:\/\/autosdelpodio.com\/autos\/toda-la-info-sobre-el-xii-gran-premio-argentino-historico\/\" \/>\n<meta property=\"og:site_name\" content=\"Autos del Podio\" \/>\n<meta property=\"article:publisher\" content=\"https:\/\/www.facebook.com\/profile.php?id=100057192590976&amp;amp%3bamp%3bamp%3bamp%3bamp%3bamp%3bamp%3bamp%3bamp%3bamp%3bamp%3bamp%3bamp%3bamp%3bamp%3bamp%3bamp%3bamp%3bref=ts\" \/>\n<meta property=\"article:published_time\" content=\"2014-05-21T23:20:34+00:00\" \/>\n<meta property=\"og:image\" content=\"https:\/\/autosdelpodio.com\/autos\/wp-content\/uploads\/2012\/05\/x-gran-premio-argentino-histrico-2012-e1658183945616.jpg\" \/>\n\t<meta property=\"og:image:width\" content=\"500\" \/>\n\t<meta property=\"og:image:height\" content=\"207\" \/>\n\t<meta property=\"og:image:type\" content=\"image\/jpeg\" \/>\n<meta name=\"author\" content=\"wi022230\" \/>\n<meta name=\"twitter:card\" content=\"summary_large_image\" \/>\n<meta name=\"twitter:creator\" content=\"@autosdelpodio\" \/>\n<meta name=\"twitter:site\" content=\"@autosdelpodio\" \/>\n<meta name=\"twitter:label1\" content=\"Escrito por\" \/>\n\t<meta name=\"twitter:data1\" content=\"wi022230\" \/>\n\t<meta name=\"twitter:label2\" content=\"Tiempo de lectura\" \/>\n\t<meta name=\"twitter:data2\" content=\"2 minutos\" \/>\n<script type=\"application\/ld+json\" class=\"yoast-schema-graph\">{\"@context\":\"https:\\\/\\\/schema.org\",\"@graph\":[{\"@type\":\"Article\",\"@id\":\"https:\\\/\\\/autosdelpodio.com\\\/autos\\\/toda-la-info-sobre-el-xii-gran-premio-argentino-historico\\\/#article\",\"isPartOf\":{\"@id\":\"https:\\\/\\\/autosdelpodio.com\\\/autos\\\/toda-la-info-sobre-el-xii-gran-premio-argentino-historico\\\/\"},\"author\":{\"name\":\"wi022230\",\"@id\":\"http:\\\/\\\/autosdelpodio.com\\\/autos\\\/#\\\/schema\\\/person\\\/e88353cabf768863fdf874e30120f3ba\"},\"headline\":\"Toda la info sobre el XII Gran Premio Argentino Hist\u00f3rico\",\"datePublished\":\"2014-05-21T23:20:34+00:00\",\"mainEntityOfPage\":{\"@id\":\"https:\\\/\\\/autosdelpodio.com\\\/autos\\\/toda-la-info-sobre-el-xii-gran-premio-argentino-historico\\\/\"},\"wordCount\":432,\"commentCount\":0,\"publisher\":{\"@id\":\"http:\\\/\\\/autosdelpodio.com\\\/autos\\\/#organization\"},\"image\":{\"@id\":\"https:\\\/\\\/autosdelpodio.com\\\/autos\\\/toda-la-info-sobre-el-xii-gran-premio-argentino-historico\\\/#primaryimage\"},\"thumbnailUrl\":\"http:\\\/\\\/autosdelpodio.com\\\/autos\\\/wp-content\\\/uploads\\\/2012\\\/05\\\/x-gran-premio-argentino-histrico-2012-e1658183945616.jpg\",\"articleSection\":[\"Destacados SIDE\"],\"inLanguage\":\"es\",\"potentialAction\":[{\"@type\":\"CommentAction\",\"name\":\"Comment\",\"target\":[\"https:\\\/\\\/autosdelpodio.com\\\/autos\\\/toda-la-info-sobre-el-xii-gran-premio-argentino-historico\\\/#respond\"]}]},{\"@type\":\"WebPage\",\"@id\":\"https:\\\/\\\/autosdelpodio.com\\\/autos\\\/toda-la-info-sobre-el-xii-gran-premio-argentino-historico\\\/\",\"url\":\"https:\\\/\\\/autosdelpodio.com\\\/autos\\\/toda-la-info-sobre-el-xii-gran-premio-argentino-historico\\\/\",\"name\":\"Autos del Podio | Toda la info sobre el XII Gran Premio Argentino Hist\u00f3rico\",\"isPartOf\":{\"@id\":\"http:\\\/\\\/autosdelpodio.com\\\/autos\\\/#website\"},\"primaryImageOfPage\":{\"@id\":\"https:\\\/\\\/autosdelpodio.com\\\/autos\\\/toda-la-info-sobre-el-xii-gran-premio-argentino-historico\\\/#primaryimage\"},\"image\":{\"@id\":\"https:\\\/\\\/autosdelpodio.com\\\/autos\\\/toda-la-info-sobre-el-xii-gran-premio-argentino-historico\\\/#primaryimage\"},\"thumbnailUrl\":\"http:\\\/\\\/autosdelpodio.com\\\/autos\\\/wp-content\\\/uploads\\\/2012\\\/05\\\/x-gran-premio-argentino-histrico-2012-e1658183945616.jpg\",\"datePublished\":\"2014-05-21T23:20:34+00:00\",\"description\":\"Autos del Podio\",\"breadcrumb\":{\"@id\":\"https:\\\/\\\/autosdelpodio.com\\\/autos\\\/toda-la-info-sobre-el-xii-gran-premio-argentino-historico\\\/#breadcrumb\"},\"inLanguage\":\"es\",\"potentialAction\":[{\"@type\":\"ReadAction\",\"target\":[\"https:\\\/\\\/autosdelpodio.com\\\/autos\\\/toda-la-info-sobre-el-xii-gran-premio-argentino-historico\\\/\"]}]},{\"@type\":\"ImageObject\",\"inLanguage\":\"es\",\"@id\":\"https:\\\/\\\/autosdelpodio.com\\\/autos\\\/toda-la-info-sobre-el-xii-gran-premio-argentino-historico\\\/#primaryimage\",\"url\":\"http:\\\/\\\/autosdelpodio.com\\\/autos\\\/wp-content\\\/uploads\\\/2012\\\/05\\\/x-gran-premio-argentino-histrico-2012-e1658183945616.jpg\",\"contentUrl\":\"http:\\\/\\\/autosdelpodio.com\\\/autos\\\/wp-content\\\/uploads\\\/2012\\\/05\\\/x-gran-premio-argentino-histrico-2012-e1658183945616.jpg\",\"width\":500,\"height\":207},{\"@type\":\"BreadcrumbList\",\"@id\":\"https:\\\/\\\/autosdelpodio.com\\\/autos\\\/toda-la-info-sobre-el-xii-gran-premio-argentino-historico\\\/#breadcrumb\",\"itemListElement\":[{\"@type\":\"ListItem\",\"position\":1,\"name\":\"Portada\",\"item\":\"http:\\\/\\\/autosdelpodio.com\\\/autos\\\/\"},{\"@type\":\"ListItem\",\"position\":2,\"name\":\"Toda la info sobre el XII Gran Premio Argentino Hist\u00f3rico\"}]},{\"@type\":\"WebSite\",\"@id\":\"http:\\\/\\\/autosdelpodio.com\\\/autos\\\/#website\",\"url\":\"http:\\\/\\\/autosdelpodio.com\\\/autos\\\/\",\"name\":\"Autos del Podio\",\"description\":\"La sexta del deporte motor\",\"publisher\":{\"@id\":\"http:\\\/\\\/autosdelpodio.com\\\/autos\\\/#organization\"},\"potentialAction\":[{\"@type\":\"SearchAction\",\"target\":{\"@type\":\"EntryPoint\",\"urlTemplate\":\"http:\\\/\\\/autosdelpodio.com\\\/autos\\\/?s={search_term_string}\"},\"query-input\":{\"@type\":\"PropertyValueSpecification\",\"valueRequired\":true,\"valueName\":\"search_term_string\"}}],\"inLanguage\":\"es\"},{\"@type\":\"Organization\",\"@id\":\"http:\\\/\\\/autosdelpodio.com\\\/autos\\\/#organization\",\"name\":\"Autos del Podio\",\"url\":\"http:\\\/\\\/autosdelpodio.com\\\/autos\\\/\",\"logo\":{\"@type\":\"ImageObject\",\"inLanguage\":\"es\",\"@id\":\"http:\\\/\\\/autosdelpodio.com\\\/autos\\\/#\\\/schema\\\/logo\\\/image\\\/\",\"url\":\"http:\\\/\\\/autosdelpodio.com\\\/autos\\\/wp-content\\\/uploads\\\/2020\\\/08\\\/Logo_AR.jpg\",\"contentUrl\":\"http:\\\/\\\/autosdelpodio.com\\\/autos\\\/wp-content\\\/uploads\\\/2020\\\/08\\\/Logo_AR.jpg\",\"width\":1038,\"height\":1044,\"caption\":\"Autos del Podio\"},\"image\":{\"@id\":\"http:\\\/\\\/autosdelpodio.com\\\/autos\\\/#\\\/schema\\\/logo\\\/image\\\/\"},\"sameAs\":[\"https:\\\/\\\/www.facebook.com\\\/profile.php?id=100057192590976&amp;amp;amp;amp;amp;amp;amp;amp;amp;amp;amp;amp;amp;amp;amp;amp;amp;amp;ref=ts\",\"https:\\\/\\\/x.com\\\/autosdelpodio\",\"https:\\\/\\\/www.youtube.com\\\/user\\\/AutosdelPodio\"]},{\"@type\":\"Person\",\"@id\":\"http:\\\/\\\/autosdelpodio.com\\\/autos\\\/#\\\/schema\\\/person\\\/e88353cabf768863fdf874e30120f3ba\",\"name\":\"wi022230\",\"image\":{\"@type\":\"ImageObject\",\"inLanguage\":\"es\",\"@id\":\"http:\\\/\\\/autosdelpodio.com\\\/autos\\\/wp-content\\\/litespeed\\\/avatar\\\/453fc9bdbb11d766ba4c7f14d0bd0aa9.jpg?ver=1776800006\",\"url\":\"http:\\\/\\\/autosdelpodio.com\\\/autos\\\/wp-content\\\/litespeed\\\/avatar\\\/453fc9bdbb11d766ba4c7f14d0bd0aa9.jpg?ver=1776800006\",\"contentUrl\":\"http:\\\/\\\/autosdelpodio.com\\\/autos\\\/wp-content\\\/litespeed\\\/avatar\\\/453fc9bdbb11d766ba4c7f14d0bd0aa9.jpg?ver=1776800006\",\"caption\":\"wi022230\"}}]}<\/script>\n<!-- \/ Yoast SEO plugin. -->","yoast_head_json":{"title":"Autos del Podio | Toda la info sobre el XII Gran Premio Argentino Hist\u00f3rico","description":"Autos del Podio","robots":{"index":"index","follow":"follow","max-snippet":"max-snippet:-1","max-image-preview":"max-image-preview:large","max-video-preview":"max-video-preview:-1"},"canonical":"https:\/\/autosdelpodio.com\/autos\/toda-la-info-sobre-el-xii-gran-premio-argentino-historico\/","og_locale":"es_ES","og_type":"article","og_title":"Autos del Podio | Toda la info sobre el XII Gran Premio Argentino Hist\u00f3rico","og_description":"Autos del Podio","og_url":"https:\/\/autosdelpodio.com\/autos\/toda-la-info-sobre-el-xii-gran-premio-argentino-historico\/","og_site_name":"Autos del Podio","article_publisher":"https:\/\/www.facebook.com\/profile.php?id=100057192590976&amp%3bamp%3bamp%3bamp%3bamp%3bamp%3bamp%3bamp%3bamp%3bamp%3bamp%3bamp%3bamp%3bamp%3bamp%3bamp%3bamp%3bamp%3bref=ts","article_published_time":"2014-05-21T23:20:34+00:00","og_image":[{"width":500,"height":207,"url":"https:\/\/autosdelpodio.com\/autos\/wp-content\/uploads\/2012\/05\/x-gran-premio-argentino-histrico-2012-e1658183945616.jpg","type":"image\/jpeg"}],"author":"wi022230","twitter_card":"summary_large_image","twitter_creator":"@autosdelpodio","twitter_site":"@autosdelpodio","twitter_misc":{"Escrito por":"wi022230","Tiempo de lectura":"2 minutos"},"schema":{"@context":"https:\/\/schema.org","@graph":[{"@type":"Article","@id":"https:\/\/autosdelpodio.com\/autos\/toda-la-info-sobre-el-xii-gran-premio-argentino-historico\/#article","isPartOf":{"@id":"https:\/\/autosdelpodio.com\/autos\/toda-la-info-sobre-el-xii-gran-premio-argentino-historico\/"},"author":{"name":"wi022230","@id":"http:\/\/autosdelpodio.com\/autos\/#\/schema\/person\/e88353cabf768863fdf874e30120f3ba"},"headline":"Toda la info sobre el XII Gran Premio Argentino Hist\u00f3rico","datePublished":"2014-05-21T23:20:34+00:00","mainEntityOfPage":{"@id":"https:\/\/autosdelpodio.com\/autos\/toda-la-info-sobre-el-xii-gran-premio-argentino-historico\/"},"wordCount":432,"commentCount":0,"publisher":{"@id":"http:\/\/autosdelpodio.com\/autos\/#organization"},"image":{"@id":"https:\/\/autosdelpodio.com\/autos\/toda-la-info-sobre-el-xii-gran-premio-argentino-historico\/#primaryimage"},"thumbnailUrl":"http:\/\/autosdelpodio.com\/autos\/wp-content\/uploads\/2012\/05\/x-gran-premio-argentino-histrico-2012-e1658183945616.jpg","articleSection":["Destacados SIDE"],"inLanguage":"es","potentialAction":[{"@type":"CommentAction","name":"Comment","target":["https:\/\/autosdelpodio.com\/autos\/toda-la-info-sobre-el-xii-gran-premio-argentino-historico\/#respond"]}]},{"@type":"WebPage","@id":"https:\/\/autosdelpodio.com\/autos\/toda-la-info-sobre-el-xii-gran-premio-argentino-historico\/","url":"https:\/\/autosdelpodio.com\/autos\/toda-la-info-sobre-el-xii-gran-premio-argentino-historico\/","name":"Autos del Podio | Toda la info sobre el XII Gran Premio Argentino Hist\u00f3rico","isPartOf":{"@id":"http:\/\/autosdelpodio.com\/autos\/#website"},"primaryImageOfPage":{"@id":"https:\/\/autosdelpodio.com\/autos\/toda-la-info-sobre-el-xii-gran-premio-argentino-historico\/#primaryimage"},"image":{"@id":"https:\/\/autosdelpodio.com\/autos\/toda-la-info-sobre-el-xii-gran-premio-argentino-historico\/#primaryimage"},"thumbnailUrl":"http:\/\/autosdelpodio.com\/autos\/wp-content\/uploads\/2012\/05\/x-gran-premio-argentino-histrico-2012-e1658183945616.jpg","datePublished":"2014-05-21T23:20:34+00:00","description":"Autos del Podio","breadcrumb":{"@id":"https:\/\/autosdelpodio.com\/autos\/toda-la-info-sobre-el-xii-gran-premio-argentino-historico\/#breadcrumb"},"inLanguage":"es","potentialAction":[{"@type":"ReadAction","target":["https:\/\/autosdelpodio.com\/autos\/toda-la-info-sobre-el-xii-gran-premio-argentino-historico\/"]}]},{"@type":"ImageObject","inLanguage":"es","@id":"https:\/\/autosdelpodio.com\/autos\/toda-la-info-sobre-el-xii-gran-premio-argentino-historico\/#primaryimage","url":"http:\/\/autosdelpodio.com\/autos\/wp-content\/uploads\/2012\/05\/x-gran-premio-argentino-histrico-2012-e1658183945616.jpg","contentUrl":"http:\/\/autosdelpodio.com\/autos\/wp-content\/uploads\/2012\/05\/x-gran-premio-argentino-histrico-2012-e1658183945616.jpg","width":500,"height":207},{"@type":"BreadcrumbList","@id":"https:\/\/autosdelpodio.com\/autos\/toda-la-info-sobre-el-xii-gran-premio-argentino-historico\/#breadcrumb","itemListElement":[{"@type":"ListItem","position":1,"name":"Portada","item":"http:\/\/autosdelpodio.com\/autos\/"},{"@type":"ListItem","position":2,"name":"Toda la info sobre el XII Gran Premio Argentino Hist\u00f3rico"}]},{"@type":"WebSite","@id":"http:\/\/autosdelpodio.com\/autos\/#website","url":"http:\/\/autosdelpodio.com\/autos\/","name":"Autos del Podio","description":"La sexta del deporte motor","publisher":{"@id":"http:\/\/autosdelpodio.com\/autos\/#organization"},"potentialAction":[{"@type":"SearchAction","target":{"@type":"EntryPoint","urlTemplate":"http:\/\/autosdelpodio.com\/autos\/?s={search_term_string}"},"query-input":{"@type":"PropertyValueSpecification","valueRequired":true,"valueName":"search_term_string"}}],"inLanguage":"es"},{"@type":"Organization","@id":"http:\/\/autosdelpodio.com\/autos\/#organization","name":"Autos del Podio","url":"http:\/\/autosdelpodio.com\/autos\/","logo":{"@type":"ImageObject","inLanguage":"es","@id":"http:\/\/autosdelpodio.com\/autos\/#\/schema\/logo\/image\/","url":"http:\/\/autosdelpodio.com\/autos\/wp-content\/uploads\/2020\/08\/Logo_AR.jpg","contentUrl":"http:\/\/autosdelpodio.com\/autos\/wp-content\/uploads\/2020\/08\/Logo_AR.jpg","width":1038,"height":1044,"caption":"Autos del Podio"},"image":{"@id":"http:\/\/autosdelpodio.com\/autos\/#\/schema\/logo\/image\/"},"sameAs":["https:\/\/www.facebook.com\/profile.php?id=100057192590976&amp;amp;amp;amp;amp;amp;amp;amp;amp;amp;amp;amp;amp;amp;amp;amp;amp;amp;ref=ts","https:\/\/x.com\/autosdelpodio","https:\/\/www.youtube.com\/user\/AutosdelPodio"]},{"@type":"Person","@id":"http:\/\/autosdelpodio.com\/autos\/#\/schema\/person\/e88353cabf768863fdf874e30120f3ba","name":"wi022230","image":{"@type":"ImageObject","inLanguage":"es","@id":"http:\/\/autosdelpodio.com\/autos\/wp-content\/litespeed\/avatar\/453fc9bdbb11d766ba4c7f14d0bd0aa9.jpg?ver=1776800006","url":"http:\/\/autosdelpodio.com\/autos\/wp-content\/litespeed\/avatar\/453fc9bdbb11d766ba4c7f14d0bd0aa9.jpg?ver=1776800006","contentUrl":"http:\/\/autosdelpodio.com\/autos\/wp-content\/litespeed\/avatar\/453fc9bdbb11d766ba4c7f14d0bd0aa9.jpg?ver=1776800006","caption":"wi022230"}}]}},"views":548,"_links":{"self":[{"href":"http:\/\/autosdelpodio.com\/autos\/wp-json\/wp\/v2\/posts\/1003","targetHints":{"allow":["GET"]}}],"collection":[{"href":"http:\/\/autosdelpodio.com\/autos\/wp-json\/wp\/v2\/posts"}],"about":[{"href":"http:\/\/autosdelpodio.com\/autos\/wp-json\/wp\/v2\/types\/post"}],"author":[{"embeddable":true,"href":"http:\/\/autosdelpodio.com\/autos\/wp-json\/wp\/v2\/users\/1"}],"replies":[{"embeddable":true,"href":"http:\/\/autosdelpodio.com\/autos\/wp-json\/wp\/v2\/comments?post=1003"}],"version-history":[{"count":0,"href":"http:\/\/autosdelpodio.com\/autos\/wp-json\/wp\/v2\/posts\/1003\/revisions"}],"wp:featuredmedia":[{"embeddable":true,"href":"http:\/\/autosdelpodio.com\/autos\/wp-json\/wp\/v2\/media\/428"}],"wp:attachment":[{"href":"http:\/\/autosdelpodio.com\/autos\/wp-json\/wp\/v2\/media?parent=1003"}],"wp:term":[{"taxonomy":"category","embeddable":true,"href":"http:\/\/autosdelpodio.com\/autos\/wp-json\/wp\/v2\/categories?post=1003"},{"taxonomy":"post_tag","embeddable":true,"href":"http:\/\/autosdelpodio.com\/autos\/wp-json\/wp\/v2\/tags?post=1003"}],"curies":[{"name":"wp","href":"https:\/\/api.w.org\/{rel}","templated":true}]}}