{"id":1012,"date":"2014-06-04T23:20:22","date_gmt":"2014-06-04T23:20:22","guid":{"rendered":"http:\/\/autosdelpodio.com\/autos\/2014\/06\/04\/porque-el-automovilismo-no-avanza\/"},"modified":"2014-06-04T23:20:22","modified_gmt":"2014-06-04T23:20:22","slug":"porque-el-automovilismo-no-avanza","status":"publish","type":"post","link":"http:\/\/autosdelpodio.com\/autos\/porque-el-automovilismo-no-avanza\/","title":{"rendered":"Porque el automovilismo no avanza"},"content":{"rendered":"<p style=\"text-align: justify;\"><span style=\"line-height: 1.3em;\">\u00bfAlguien conoce alg\u00fan grupo de personas que se junte el Lunes para hablar o debatir de la carrera del Domingo?<\/span><\/p>\n<p style=\"text-align: justify;\">Poco se habla de esto.Ah\u00ed radica la principal perdida de inter\u00e9s del publico por el deporte.No citemos en esta ocasi\u00f3n el factor rating televisivo, que tambi\u00e9n tiene su injerencia pero es un poco abstracto y no es el motivo principal de debate.<\/p>\n<p style=\"text-align: justify;\">Carece de peso propio aquel axioma del fin de mes, que el fr\u00edo que el calor y dem\u00e1s cuestiones.No muchos a\u00f1os atr\u00e1s, hay im\u00e1genes testigo de autodromos repletos de espectadores, autos y veh\u00edculos pesados bajo cualquier fecha calendario o condici\u00f3n clim\u00e1tica.<\/p>\n<p style=\"text-align: justify;\">Cualquier piloto de la era moderna puede caminar por cualquier sin mayores problemas por un Shopping de la Argentina sin ser reconocido por el publico.<\/p>\n<p style=\"text-align: justify;\">Los volantes, por su parte, tampoco se brindan por ellos cuando concurren a los autodromos, no todos obviamente, ya que algunos de ellos, por no decir los mismos de siempre se los puede ver carrera tras carrera en cualquier categor\u00eda firmando aut\u00f3grafos o sac\u00e1ndose fotos amablemente.<\/p>\n<p style=\"text-align: justify;\">El resto, se meten en la parte trasera de su box, y escapan cuanto antes hacia sus confortables motorhome lo mas r\u00e1pido posible.<\/p>\n<p style=\"text-align: justify;\">Por otra parte cabe mencionar, que los reglamentos deportivos invitan muchas veces a la especulaci\u00f3n privando al protagonista principal (enti\u00e9ndase siempre como tal al piloto) a forjar idolatr\u00eda o campa\u00f1as memorables a base de triunfos y\/o campeonatos.<\/p>\n<p style=\"text-align: justify;\">Hay sobre oferta de automovilismo en cantidad pero no en variedad.<\/p>\n<p style=\"text-align: justify;\">El automovilismo deportivo argentino se transform\u00f3 en una especie de Parripollo, donde todo el mundo dirigencial quiere armar categor\u00edas, aut\u00f3dromos lineales y similares.Muchos de ellos creen que el buen espect\u00e1culo radica en ir mas r\u00e1pido y aumentar la potencia de los motores, pero ello tan solo es un factor y no la causa.Qued\u00f3 demostrado que la potencia no es directamente proporcional al espect\u00e1culo.<\/p>\n<p style=\"text-align: justify;\">Hay que buscar nuevas variantes para volver a \u00a0despertar inter\u00e9s, sobre todo en las nuevas generaciones, que son ni m\u00e1s ni menos que el futuro.<\/p>\n","protected":false},"excerpt":{"rendered":"<p>\u00bfAlguien conoce alg\u00fan grupo de personas que se junte el Lunes para hablar o debatir de la carrera del Domingo?<\/p>\n","protected":false},"author":1,"featured_media":0,"comment_status":"open","ping_status":"open","sticky":false,"template":"","format":"standard","meta":{"colormag_page_container_layout":"default_layout","colormag_page_sidebar_layout":"default_layout","footnotes":""},"categories":[15],"tags":[],"class_list":["post-1012","post","type-post","status-publish","format-standard","hentry","category-opinion"],"yoast_head":"<!-- This site is optimized with the Yoast SEO plugin v27.4 - https:\/\/yoast.com\/product\/yoast-seo-wordpress\/ -->\n<title>Autos del Podio | Porque el automovilismo no avanza<\/title>\n<meta name=\"description\" content=\"Autos del Podio\" \/>\n<meta name=\"robots\" content=\"index, follow, max-snippet:-1, max-image-preview:large, max-video-preview:-1\" \/>\n<link rel=\"canonical\" href=\"https:\/\/autosdelpodio.com\/autos\/porque-el-automovilismo-no-avanza\/\" \/>\n<meta property=\"og:locale\" content=\"es_ES\" \/>\n<meta property=\"og:type\" content=\"article\" \/>\n<meta property=\"og:title\" content=\"Autos del Podio | Porque el automovilismo no avanza\" \/>\n<meta property=\"og:description\" content=\"Autos del Podio\" \/>\n<meta property=\"og:url\" content=\"https:\/\/autosdelpodio.com\/autos\/porque-el-automovilismo-no-avanza\/\" \/>\n<meta property=\"og:site_name\" content=\"Autos del Podio\" \/>\n<meta property=\"article:publisher\" content=\"https:\/\/www.facebook.com\/profile.php?id=100057192590976&amp;amp%3bamp%3bamp%3bamp%3bamp%3bamp%3bamp%3bamp%3bamp%3bamp%3bamp%3bamp%3bamp%3bamp%3bamp%3bamp%3bamp%3bamp%3bref=ts\" \/>\n<meta property=\"article:published_time\" content=\"2014-06-04T23:20:22+00:00\" \/>\n<meta name=\"author\" content=\"wi022230\" \/>\n<meta name=\"twitter:card\" content=\"summary_large_image\" \/>\n<meta name=\"twitter:creator\" content=\"@autosdelpodio\" \/>\n<meta name=\"twitter:site\" content=\"@autosdelpodio\" \/>\n<meta name=\"twitter:label1\" content=\"Escrito por\" \/>\n\t<meta name=\"twitter:data1\" content=\"wi022230\" \/>\n\t<meta name=\"twitter:label2\" content=\"Tiempo de lectura\" \/>\n\t<meta name=\"twitter:data2\" content=\"2 minutos\" \/>\n<script type=\"application\/ld+json\" class=\"yoast-schema-graph\">{\"@context\":\"https:\\\/\\\/schema.org\",\"@graph\":[{\"@type\":\"Article\",\"@id\":\"https:\\\/\\\/autosdelpodio.com\\\/autos\\\/porque-el-automovilismo-no-avanza\\\/#article\",\"isPartOf\":{\"@id\":\"https:\\\/\\\/autosdelpodio.com\\\/autos\\\/porque-el-automovilismo-no-avanza\\\/\"},\"author\":{\"name\":\"wi022230\",\"@id\":\"http:\\\/\\\/autosdelpodio.com\\\/autos\\\/#\\\/schema\\\/person\\\/e88353cabf768863fdf874e30120f3ba\"},\"headline\":\"Porque el automovilismo no avanza\",\"datePublished\":\"2014-06-04T23:20:22+00:00\",\"mainEntityOfPage\":{\"@id\":\"https:\\\/\\\/autosdelpodio.com\\\/autos\\\/porque-el-automovilismo-no-avanza\\\/\"},\"wordCount\":371,\"commentCount\":0,\"publisher\":{\"@id\":\"http:\\\/\\\/autosdelpodio.com\\\/autos\\\/#organization\"},\"articleSection\":[\"Opini\u00f3n\"],\"inLanguage\":\"es\",\"potentialAction\":[{\"@type\":\"CommentAction\",\"name\":\"Comment\",\"target\":[\"https:\\\/\\\/autosdelpodio.com\\\/autos\\\/porque-el-automovilismo-no-avanza\\\/#respond\"]}]},{\"@type\":\"WebPage\",\"@id\":\"https:\\\/\\\/autosdelpodio.com\\\/autos\\\/porque-el-automovilismo-no-avanza\\\/\",\"url\":\"https:\\\/\\\/autosdelpodio.com\\\/autos\\\/porque-el-automovilismo-no-avanza\\\/\",\"name\":\"Autos del Podio | Porque el automovilismo no avanza\",\"isPartOf\":{\"@id\":\"http:\\\/\\\/autosdelpodio.com\\\/autos\\\/#website\"},\"datePublished\":\"2014-06-04T23:20:22+00:00\",\"description\":\"Autos del Podio\",\"breadcrumb\":{\"@id\":\"https:\\\/\\\/autosdelpodio.com\\\/autos\\\/porque-el-automovilismo-no-avanza\\\/#breadcrumb\"},\"inLanguage\":\"es\",\"potentialAction\":[{\"@type\":\"ReadAction\",\"target\":[\"https:\\\/\\\/autosdelpodio.com\\\/autos\\\/porque-el-automovilismo-no-avanza\\\/\"]}]},{\"@type\":\"BreadcrumbList\",\"@id\":\"https:\\\/\\\/autosdelpodio.com\\\/autos\\\/porque-el-automovilismo-no-avanza\\\/#breadcrumb\",\"itemListElement\":[{\"@type\":\"ListItem\",\"position\":1,\"name\":\"Portada\",\"item\":\"http:\\\/\\\/autosdelpodio.com\\\/autos\\\/\"},{\"@type\":\"ListItem\",\"position\":2,\"name\":\"Porque el automovilismo no avanza\"}]},{\"@type\":\"WebSite\",\"@id\":\"http:\\\/\\\/autosdelpodio.com\\\/autos\\\/#website\",\"url\":\"http:\\\/\\\/autosdelpodio.com\\\/autos\\\/\",\"name\":\"Autos del Podio\",\"description\":\"La sexta del deporte motor\",\"publisher\":{\"@id\":\"http:\\\/\\\/autosdelpodio.com\\\/autos\\\/#organization\"},\"potentialAction\":[{\"@type\":\"SearchAction\",\"target\":{\"@type\":\"EntryPoint\",\"urlTemplate\":\"http:\\\/\\\/autosdelpodio.com\\\/autos\\\/?s={search_term_string}\"},\"query-input\":{\"@type\":\"PropertyValueSpecification\",\"valueRequired\":true,\"valueName\":\"search_term_string\"}}],\"inLanguage\":\"es\"},{\"@type\":\"Organization\",\"@id\":\"http:\\\/\\\/autosdelpodio.com\\\/autos\\\/#organization\",\"name\":\"Autos del Podio\",\"url\":\"http:\\\/\\\/autosdelpodio.com\\\/autos\\\/\",\"logo\":{\"@type\":\"ImageObject\",\"inLanguage\":\"es\",\"@id\":\"http:\\\/\\\/autosdelpodio.com\\\/autos\\\/#\\\/schema\\\/logo\\\/image\\\/\",\"url\":\"http:\\\/\\\/autosdelpodio.com\\\/autos\\\/wp-content\\\/uploads\\\/2020\\\/08\\\/Logo_AR.jpg\",\"contentUrl\":\"http:\\\/\\\/autosdelpodio.com\\\/autos\\\/wp-content\\\/uploads\\\/2020\\\/08\\\/Logo_AR.jpg\",\"width\":1038,\"height\":1044,\"caption\":\"Autos del Podio\"},\"image\":{\"@id\":\"http:\\\/\\\/autosdelpodio.com\\\/autos\\\/#\\\/schema\\\/logo\\\/image\\\/\"},\"sameAs\":[\"https:\\\/\\\/www.facebook.com\\\/profile.php?id=100057192590976&amp;amp;amp;amp;amp;amp;amp;amp;amp;amp;amp;amp;amp;amp;amp;amp;amp;amp;ref=ts\",\"https:\\\/\\\/x.com\\\/autosdelpodio\",\"https:\\\/\\\/www.youtube.com\\\/user\\\/AutosdelPodio\"]},{\"@type\":\"Person\",\"@id\":\"http:\\\/\\\/autosdelpodio.com\\\/autos\\\/#\\\/schema\\\/person\\\/e88353cabf768863fdf874e30120f3ba\",\"name\":\"wi022230\",\"image\":{\"@type\":\"ImageObject\",\"inLanguage\":\"es\",\"@id\":\"http:\\\/\\\/autosdelpodio.com\\\/autos\\\/wp-content\\\/litespeed\\\/avatar\\\/453fc9bdbb11d766ba4c7f14d0bd0aa9.jpg?ver=1776800006\",\"url\":\"http:\\\/\\\/autosdelpodio.com\\\/autos\\\/wp-content\\\/litespeed\\\/avatar\\\/453fc9bdbb11d766ba4c7f14d0bd0aa9.jpg?ver=1776800006\",\"contentUrl\":\"http:\\\/\\\/autosdelpodio.com\\\/autos\\\/wp-content\\\/litespeed\\\/avatar\\\/453fc9bdbb11d766ba4c7f14d0bd0aa9.jpg?ver=1776800006\",\"caption\":\"wi022230\"}}]}<\/script>\n<!-- \/ Yoast SEO plugin. -->","yoast_head_json":{"title":"Autos del Podio | Porque el automovilismo no avanza","description":"Autos del Podio","robots":{"index":"index","follow":"follow","max-snippet":"max-snippet:-1","max-image-preview":"max-image-preview:large","max-video-preview":"max-video-preview:-1"},"canonical":"https:\/\/autosdelpodio.com\/autos\/porque-el-automovilismo-no-avanza\/","og_locale":"es_ES","og_type":"article","og_title":"Autos del Podio | Porque el automovilismo no avanza","og_description":"Autos del Podio","og_url":"https:\/\/autosdelpodio.com\/autos\/porque-el-automovilismo-no-avanza\/","og_site_name":"Autos del Podio","article_publisher":"https:\/\/www.facebook.com\/profile.php?id=100057192590976&amp%3bamp%3bamp%3bamp%3bamp%3bamp%3bamp%3bamp%3bamp%3bamp%3bamp%3bamp%3bamp%3bamp%3bamp%3bamp%3bamp%3bamp%3bref=ts","article_published_time":"2014-06-04T23:20:22+00:00","author":"wi022230","twitter_card":"summary_large_image","twitter_creator":"@autosdelpodio","twitter_site":"@autosdelpodio","twitter_misc":{"Escrito por":"wi022230","Tiempo de lectura":"2 minutos"},"schema":{"@context":"https:\/\/schema.org","@graph":[{"@type":"Article","@id":"https:\/\/autosdelpodio.com\/autos\/porque-el-automovilismo-no-avanza\/#article","isPartOf":{"@id":"https:\/\/autosdelpodio.com\/autos\/porque-el-automovilismo-no-avanza\/"},"author":{"name":"wi022230","@id":"http:\/\/autosdelpodio.com\/autos\/#\/schema\/person\/e88353cabf768863fdf874e30120f3ba"},"headline":"Porque el automovilismo no avanza","datePublished":"2014-06-04T23:20:22+00:00","mainEntityOfPage":{"@id":"https:\/\/autosdelpodio.com\/autos\/porque-el-automovilismo-no-avanza\/"},"wordCount":371,"commentCount":0,"publisher":{"@id":"http:\/\/autosdelpodio.com\/autos\/#organization"},"articleSection":["Opini\u00f3n"],"inLanguage":"es","potentialAction":[{"@type":"CommentAction","name":"Comment","target":["https:\/\/autosdelpodio.com\/autos\/porque-el-automovilismo-no-avanza\/#respond"]}]},{"@type":"WebPage","@id":"https:\/\/autosdelpodio.com\/autos\/porque-el-automovilismo-no-avanza\/","url":"https:\/\/autosdelpodio.com\/autos\/porque-el-automovilismo-no-avanza\/","name":"Autos del Podio | Porque el automovilismo no avanza","isPartOf":{"@id":"http:\/\/autosdelpodio.com\/autos\/#website"},"datePublished":"2014-06-04T23:20:22+00:00","description":"Autos del Podio","breadcrumb":{"@id":"https:\/\/autosdelpodio.com\/autos\/porque-el-automovilismo-no-avanza\/#breadcrumb"},"inLanguage":"es","potentialAction":[{"@type":"ReadAction","target":["https:\/\/autosdelpodio.com\/autos\/porque-el-automovilismo-no-avanza\/"]}]},{"@type":"BreadcrumbList","@id":"https:\/\/autosdelpodio.com\/autos\/porque-el-automovilismo-no-avanza\/#breadcrumb","itemListElement":[{"@type":"ListItem","position":1,"name":"Portada","item":"http:\/\/autosdelpodio.com\/autos\/"},{"@type":"ListItem","position":2,"name":"Porque el automovilismo no avanza"}]},{"@type":"WebSite","@id":"http:\/\/autosdelpodio.com\/autos\/#website","url":"http:\/\/autosdelpodio.com\/autos\/","name":"Autos del Podio","description":"La sexta del deporte motor","publisher":{"@id":"http:\/\/autosdelpodio.com\/autos\/#organization"},"potentialAction":[{"@type":"SearchAction","target":{"@type":"EntryPoint","urlTemplate":"http:\/\/autosdelpodio.com\/autos\/?s={search_term_string}"},"query-input":{"@type":"PropertyValueSpecification","valueRequired":true,"valueName":"search_term_string"}}],"inLanguage":"es"},{"@type":"Organization","@id":"http:\/\/autosdelpodio.com\/autos\/#organization","name":"Autos del Podio","url":"http:\/\/autosdelpodio.com\/autos\/","logo":{"@type":"ImageObject","inLanguage":"es","@id":"http:\/\/autosdelpodio.com\/autos\/#\/schema\/logo\/image\/","url":"http:\/\/autosdelpodio.com\/autos\/wp-content\/uploads\/2020\/08\/Logo_AR.jpg","contentUrl":"http:\/\/autosdelpodio.com\/autos\/wp-content\/uploads\/2020\/08\/Logo_AR.jpg","width":1038,"height":1044,"caption":"Autos del Podio"},"image":{"@id":"http:\/\/autosdelpodio.com\/autos\/#\/schema\/logo\/image\/"},"sameAs":["https:\/\/www.facebook.com\/profile.php?id=100057192590976&amp;amp;amp;amp;amp;amp;amp;amp;amp;amp;amp;amp;amp;amp;amp;amp;amp;amp;ref=ts","https:\/\/x.com\/autosdelpodio","https:\/\/www.youtube.com\/user\/AutosdelPodio"]},{"@type":"Person","@id":"http:\/\/autosdelpodio.com\/autos\/#\/schema\/person\/e88353cabf768863fdf874e30120f3ba","name":"wi022230","image":{"@type":"ImageObject","inLanguage":"es","@id":"http:\/\/autosdelpodio.com\/autos\/wp-content\/litespeed\/avatar\/453fc9bdbb11d766ba4c7f14d0bd0aa9.jpg?ver=1776800006","url":"http:\/\/autosdelpodio.com\/autos\/wp-content\/litespeed\/avatar\/453fc9bdbb11d766ba4c7f14d0bd0aa9.jpg?ver=1776800006","contentUrl":"http:\/\/autosdelpodio.com\/autos\/wp-content\/litespeed\/avatar\/453fc9bdbb11d766ba4c7f14d0bd0aa9.jpg?ver=1776800006","caption":"wi022230"}}]}},"views":875,"_links":{"self":[{"href":"http:\/\/autosdelpodio.com\/autos\/wp-json\/wp\/v2\/posts\/1012","targetHints":{"allow":["GET"]}}],"collection":[{"href":"http:\/\/autosdelpodio.com\/autos\/wp-json\/wp\/v2\/posts"}],"about":[{"href":"http:\/\/autosdelpodio.com\/autos\/wp-json\/wp\/v2\/types\/post"}],"author":[{"embeddable":true,"href":"http:\/\/autosdelpodio.com\/autos\/wp-json\/wp\/v2\/users\/1"}],"replies":[{"embeddable":true,"href":"http:\/\/autosdelpodio.com\/autos\/wp-json\/wp\/v2\/comments?post=1012"}],"version-history":[{"count":0,"href":"http:\/\/autosdelpodio.com\/autos\/wp-json\/wp\/v2\/posts\/1012\/revisions"}],"wp:attachment":[{"href":"http:\/\/autosdelpodio.com\/autos\/wp-json\/wp\/v2\/media?parent=1012"}],"wp:term":[{"taxonomy":"category","embeddable":true,"href":"http:\/\/autosdelpodio.com\/autos\/wp-json\/wp\/v2\/categories?post=1012"},{"taxonomy":"post_tag","embeddable":true,"href":"http:\/\/autosdelpodio.com\/autos\/wp-json\/wp\/v2\/tags?post=1012"}],"curies":[{"name":"wp","href":"https:\/\/api.w.org\/{rel}","templated":true}]}}