{"id":1014,"date":"2014-06-05T21:05:14","date_gmt":"2014-06-05T21:05:14","guid":{"rendered":"http:\/\/autosdelpodio.com\/autos\/2014\/06\/05\/crespi-por-tulio-parte-2\/"},"modified":"2014-06-05T21:05:14","modified_gmt":"2014-06-05T21:05:14","slug":"crespi-por-tulio-parte-2","status":"publish","type":"post","link":"http:\/\/autosdelpodio.com\/autos\/crespi-por-tulio-parte-2\/","title":{"rendered":"Crespi por Tulio \u2013 Parte 2"},"content":{"rendered":"<p><span style=\"font-size: x-small;\"> <\/span><\/p>\n<\/p>\n<p style=\"text-align: justify;\">En la segunda parte de la exposici\u00f3n, el constructor radicado en Balcarce habla de su presente, de su \u00faltima creaci\u00f3n denominada Campomovil, la relaci\u00f3n con el Flaco Traverso y el automovilismo.<\/p>\n<p style=\"text-align: justify;\">Y un bonus track de frases y an\u00e9cdotas realmente imperdible.<\/p>\n<p style=\"text-align: justify;\"><strong><span style=\"text-decoration: underline;\">El campomovil<\/span><\/strong> (el veh\u00edculo utilitario pensado para el campo)<\/p>\n<p style=\"text-align: justify;\">Es un proyecto hecho realidad, el cual me tiene muy metido y activo.Posee un sistema de propulsi\u00f3n hidr\u00e1ulica propio, y junto a un amigo desarrollamos las bater\u00edas de litio.<\/p>\n<p style=\"text-align: justify;\">Adem\u00e1s de sus aplicaciones para el campo, tambi\u00e9n es utilizado en las canchas de golf.<\/p>\n<p style=\"text-align: justify;\">Abastecemos el mercado local por ahora.Ojal\u00e1 aparezca en alg\u00fan momento el apoyo del Estado.<\/p>\n<p style=\"text-align: justify;\">Juan Maria Traverso: Junto al Flaco ganamos algo asi como veintipico de carreras.Pusimos adelante un auto que no funcionaba, y desde la carrera de Buenos Aires todo empez\u00f3 a cambiar.<\/p>\n<p style=\"text-align: justify;\">\u00abEl hacia circo, pero cuando hablaba conmigo era un se\u00f1or\u00bb<\/p>\n<p style=\"text-align: justify;\"><span style=\"text-decoration: underline;\"><strong>El automovilismo<\/strong><\/span><\/p>\n<p style=\"text-align: justify;\">Hemos exportado nuestros autos de formula a Per\u00fa y Puerto Rico, entre otros pa\u00edses de Latinoam\u00e9rica.<\/p>\n<p style=\"text-align: justify;\"><em>\u00abEstoy muy dolido con el automovilismo por lo que me han hecho\u00bb<\/em><\/p>\n<p style=\"text-align: justify;\">El Turismo Carretera: \u00abEl TC me cans\u00f3.Oscar Aventin en persona me agradeci\u00f3 por la forma en la que he ganado los campeonatos\u00bb<\/p>\n<p style=\"text-align: justify;\"><em><strong>Frases y an\u00e9cdotas:<\/strong><\/em><\/p>\n<p style=\"text-align: justify;\"><em> \u00abEn el TC2000 armamos un Chevrolet Vectra con 2 autos chocados\u00bb, \u00a1No ten\u00edamos un mango!<\/em><\/p>\n<p style=\"text-align: justify;\">\u00abSi algo se me ocurre hoy a la ma\u00f1ana, a la noche tiene que estar hecho y funcionando\u00bb<\/p>\n<p style=\"text-align: justify;\"><em>Siempre rescat\u00e9 ideas y conceptos de todos mis autos.<\/em><\/p>\n<p style=\"text-align: justify;\">\u00abSo\u00f1\u00e9 junto a Fangio fabricar la Ferrari argentina, pero ya no estoy para fabricar autos\u00bb<\/p>\n<p style=\"text-align: justify;\"><em>\u00abNo soy nacionalista al 100%, lo soy al 1000 x 1000%\u00bb<\/em><\/p>\n<p style=\"text-align: justify;\">Lo importante es hacer y seguir para adelante.<\/p>\n<p style=\"text-align: justify;\"><strong>Tulio Crespi: Un creador (as\u00ed quisiera ser recordado).<\/strong><\/p>\n<p style=\"text-align: justify;\"><em>Foto: Autos del Podio Web<\/em><\/p>\n<p>\u00a0<\/p>\n<p style=\"text-align: justify;\">\u00a0<\/p>\n","protected":false},"excerpt":{"rendered":"<p>En la segunda parte de la exposici\u00f3n, el constructor radicado en Balcarce habla de su presente, de su \u00faltima creaci\u00f3n<\/p>\n","protected":false},"author":1,"featured_media":1013,"comment_status":"open","ping_status":"open","sticky":false,"template":"","format":"standard","meta":{"colormag_page_container_layout":"default_layout","colormag_page_sidebar_layout":"default_layout","footnotes":""},"categories":[17],"tags":[],"class_list":["post-1014","post","type-post","status-publish","format-standard","has-post-thumbnail","hentry","category-entrevistas"],"yoast_head":"<!-- This site is optimized with the Yoast SEO plugin v27.5 - https:\/\/yoast.com\/product\/yoast-seo-wordpress\/ -->\n<title>Autos del Podio | Crespi por Tulio \u2013 Parte 2<\/title>\n<meta name=\"description\" content=\"Autos del Podio\" \/>\n<meta name=\"robots\" content=\"index, follow, max-snippet:-1, max-image-preview:large, max-video-preview:-1\" \/>\n<link rel=\"canonical\" href=\"https:\/\/autosdelpodio.com\/autos\/crespi-por-tulio-parte-2\/\" \/>\n<meta property=\"og:locale\" content=\"es_ES\" \/>\n<meta property=\"og:type\" content=\"article\" \/>\n<meta property=\"og:title\" content=\"Autos del Podio | Crespi por Tulio \u2013 Parte 2\" \/>\n<meta property=\"og:description\" content=\"Autos del Podio\" \/>\n<meta property=\"og:url\" content=\"https:\/\/autosdelpodio.com\/autos\/crespi-por-tulio-parte-2\/\" \/>\n<meta property=\"og:site_name\" content=\"Autos del Podio\" \/>\n<meta property=\"article:publisher\" content=\"https:\/\/www.facebook.com\/profile.php?id=100057192590976&amp;amp%3bamp%3bamp%3bamp%3bamp%3bamp%3bamp%3bamp%3bamp%3bamp%3bamp%3bamp%3bamp%3bamp%3bamp%3bamp%3bamp%3bamp%3bref=ts\" \/>\n<meta property=\"article:published_time\" content=\"2014-06-05T21:05:14+00:00\" \/>\n<meta property=\"og:image\" content=\"https:\/\/autosdelpodio.com\/autos\/wp-content\/uploads\/2014\/06\/tulio-crespi-parte-2.jpg\" \/>\n\t<meta property=\"og:image:width\" content=\"1280\" \/>\n\t<meta property=\"og:image:height\" content=\"960\" \/>\n\t<meta property=\"og:image:type\" content=\"image\/jpeg\" \/>\n<meta name=\"author\" content=\"wi022230\" \/>\n<meta name=\"twitter:card\" content=\"summary_large_image\" \/>\n<meta name=\"twitter:creator\" content=\"@autosdelpodio\" \/>\n<meta name=\"twitter:site\" content=\"@autosdelpodio\" \/>\n<meta name=\"twitter:label1\" content=\"Escrito por\" \/>\n\t<meta name=\"twitter:data1\" content=\"wi022230\" \/>\n\t<meta name=\"twitter:label2\" content=\"Tiempo de lectura\" \/>\n\t<meta name=\"twitter:data2\" content=\"2 minutos\" \/>\n<script type=\"application\/ld+json\" class=\"yoast-schema-graph\">{\"@context\":\"https:\\\/\\\/schema.org\",\"@graph\":[{\"@type\":\"Article\",\"@id\":\"https:\\\/\\\/autosdelpodio.com\\\/autos\\\/crespi-por-tulio-parte-2\\\/#article\",\"isPartOf\":{\"@id\":\"https:\\\/\\\/autosdelpodio.com\\\/autos\\\/crespi-por-tulio-parte-2\\\/\"},\"author\":{\"name\":\"wi022230\",\"@id\":\"http:\\\/\\\/autosdelpodio.com\\\/autos\\\/#\\\/schema\\\/person\\\/e88353cabf768863fdf874e30120f3ba\"},\"headline\":\"Crespi por Tulio \u2013 Parte 2\",\"datePublished\":\"2014-06-05T21:05:14+00:00\",\"mainEntityOfPage\":{\"@id\":\"https:\\\/\\\/autosdelpodio.com\\\/autos\\\/crespi-por-tulio-parte-2\\\/\"},\"wordCount\":313,\"commentCount\":0,\"publisher\":{\"@id\":\"http:\\\/\\\/autosdelpodio.com\\\/autos\\\/#organization\"},\"image\":{\"@id\":\"https:\\\/\\\/autosdelpodio.com\\\/autos\\\/crespi-por-tulio-parte-2\\\/#primaryimage\"},\"thumbnailUrl\":\"http:\\\/\\\/autosdelpodio.com\\\/autos\\\/wp-content\\\/uploads\\\/2014\\\/06\\\/tulio-crespi-parte-2.jpg\",\"articleSection\":[\"Entrevistas\"],\"inLanguage\":\"es\",\"potentialAction\":[{\"@type\":\"CommentAction\",\"name\":\"Comment\",\"target\":[\"https:\\\/\\\/autosdelpodio.com\\\/autos\\\/crespi-por-tulio-parte-2\\\/#respond\"]}]},{\"@type\":\"WebPage\",\"@id\":\"https:\\\/\\\/autosdelpodio.com\\\/autos\\\/crespi-por-tulio-parte-2\\\/\",\"url\":\"https:\\\/\\\/autosdelpodio.com\\\/autos\\\/crespi-por-tulio-parte-2\\\/\",\"name\":\"Autos del Podio | Crespi por Tulio \u2013 Parte 2\",\"isPartOf\":{\"@id\":\"http:\\\/\\\/autosdelpodio.com\\\/autos\\\/#website\"},\"primaryImageOfPage\":{\"@id\":\"https:\\\/\\\/autosdelpodio.com\\\/autos\\\/crespi-por-tulio-parte-2\\\/#primaryimage\"},\"image\":{\"@id\":\"https:\\\/\\\/autosdelpodio.com\\\/autos\\\/crespi-por-tulio-parte-2\\\/#primaryimage\"},\"thumbnailUrl\":\"http:\\\/\\\/autosdelpodio.com\\\/autos\\\/wp-content\\\/uploads\\\/2014\\\/06\\\/tulio-crespi-parte-2.jpg\",\"datePublished\":\"2014-06-05T21:05:14+00:00\",\"description\":\"Autos del Podio\",\"breadcrumb\":{\"@id\":\"https:\\\/\\\/autosdelpodio.com\\\/autos\\\/crespi-por-tulio-parte-2\\\/#breadcrumb\"},\"inLanguage\":\"es\",\"potentialAction\":[{\"@type\":\"ReadAction\",\"target\":[\"https:\\\/\\\/autosdelpodio.com\\\/autos\\\/crespi-por-tulio-parte-2\\\/\"]}]},{\"@type\":\"ImageObject\",\"inLanguage\":\"es\",\"@id\":\"https:\\\/\\\/autosdelpodio.com\\\/autos\\\/crespi-por-tulio-parte-2\\\/#primaryimage\",\"url\":\"http:\\\/\\\/autosdelpodio.com\\\/autos\\\/wp-content\\\/uploads\\\/2014\\\/06\\\/tulio-crespi-parte-2.jpg\",\"contentUrl\":\"http:\\\/\\\/autosdelpodio.com\\\/autos\\\/wp-content\\\/uploads\\\/2014\\\/06\\\/tulio-crespi-parte-2.jpg\",\"width\":1280,\"height\":960},{\"@type\":\"BreadcrumbList\",\"@id\":\"https:\\\/\\\/autosdelpodio.com\\\/autos\\\/crespi-por-tulio-parte-2\\\/#breadcrumb\",\"itemListElement\":[{\"@type\":\"ListItem\",\"position\":1,\"name\":\"Portada\",\"item\":\"http:\\\/\\\/autosdelpodio.com\\\/autos\\\/\"},{\"@type\":\"ListItem\",\"position\":2,\"name\":\"Crespi por Tulio \u2013 Parte 2\"}]},{\"@type\":\"WebSite\",\"@id\":\"http:\\\/\\\/autosdelpodio.com\\\/autos\\\/#website\",\"url\":\"http:\\\/\\\/autosdelpodio.com\\\/autos\\\/\",\"name\":\"Autos del Podio\",\"description\":\"La sexta del deporte motor\",\"publisher\":{\"@id\":\"http:\\\/\\\/autosdelpodio.com\\\/autos\\\/#organization\"},\"potentialAction\":[{\"@type\":\"SearchAction\",\"target\":{\"@type\":\"EntryPoint\",\"urlTemplate\":\"http:\\\/\\\/autosdelpodio.com\\\/autos\\\/?s={search_term_string}\"},\"query-input\":{\"@type\":\"PropertyValueSpecification\",\"valueRequired\":true,\"valueName\":\"search_term_string\"}}],\"inLanguage\":\"es\"},{\"@type\":\"Organization\",\"@id\":\"http:\\\/\\\/autosdelpodio.com\\\/autos\\\/#organization\",\"name\":\"Autos del Podio\",\"url\":\"http:\\\/\\\/autosdelpodio.com\\\/autos\\\/\",\"logo\":{\"@type\":\"ImageObject\",\"inLanguage\":\"es\",\"@id\":\"http:\\\/\\\/autosdelpodio.com\\\/autos\\\/#\\\/schema\\\/logo\\\/image\\\/\",\"url\":\"http:\\\/\\\/autosdelpodio.com\\\/autos\\\/wp-content\\\/uploads\\\/2020\\\/08\\\/Logo_AR.jpg\",\"contentUrl\":\"http:\\\/\\\/autosdelpodio.com\\\/autos\\\/wp-content\\\/uploads\\\/2020\\\/08\\\/Logo_AR.jpg\",\"width\":1038,\"height\":1044,\"caption\":\"Autos del Podio\"},\"image\":{\"@id\":\"http:\\\/\\\/autosdelpodio.com\\\/autos\\\/#\\\/schema\\\/logo\\\/image\\\/\"},\"sameAs\":[\"https:\\\/\\\/www.facebook.com\\\/profile.php?id=100057192590976&amp;amp;amp;amp;amp;amp;amp;amp;amp;amp;amp;amp;amp;amp;amp;amp;amp;amp;ref=ts\",\"https:\\\/\\\/x.com\\\/autosdelpodio\",\"https:\\\/\\\/www.youtube.com\\\/user\\\/AutosdelPodio\"]},{\"@type\":\"Person\",\"@id\":\"http:\\\/\\\/autosdelpodio.com\\\/autos\\\/#\\\/schema\\\/person\\\/e88353cabf768863fdf874e30120f3ba\",\"name\":\"wi022230\",\"image\":{\"@type\":\"ImageObject\",\"inLanguage\":\"es\",\"@id\":\"http:\\\/\\\/autosdelpodio.com\\\/autos\\\/wp-content\\\/litespeed\\\/avatar\\\/453fc9bdbb11d766ba4c7f14d0bd0aa9.jpg?ver=1777404874\",\"url\":\"http:\\\/\\\/autosdelpodio.com\\\/autos\\\/wp-content\\\/litespeed\\\/avatar\\\/453fc9bdbb11d766ba4c7f14d0bd0aa9.jpg?ver=1777404874\",\"contentUrl\":\"http:\\\/\\\/autosdelpodio.com\\\/autos\\\/wp-content\\\/litespeed\\\/avatar\\\/453fc9bdbb11d766ba4c7f14d0bd0aa9.jpg?ver=1777404874\",\"caption\":\"wi022230\"}}]}<\/script>\n<!-- \/ Yoast SEO plugin. -->","yoast_head_json":{"title":"Autos del Podio | Crespi por Tulio \u2013 Parte 2","description":"Autos del Podio","robots":{"index":"index","follow":"follow","max-snippet":"max-snippet:-1","max-image-preview":"max-image-preview:large","max-video-preview":"max-video-preview:-1"},"canonical":"https:\/\/autosdelpodio.com\/autos\/crespi-por-tulio-parte-2\/","og_locale":"es_ES","og_type":"article","og_title":"Autos del Podio | Crespi por Tulio \u2013 Parte 2","og_description":"Autos del Podio","og_url":"https:\/\/autosdelpodio.com\/autos\/crespi-por-tulio-parte-2\/","og_site_name":"Autos del Podio","article_publisher":"https:\/\/www.facebook.com\/profile.php?id=100057192590976&amp%3bamp%3bamp%3bamp%3bamp%3bamp%3bamp%3bamp%3bamp%3bamp%3bamp%3bamp%3bamp%3bamp%3bamp%3bamp%3bamp%3bamp%3bref=ts","article_published_time":"2014-06-05T21:05:14+00:00","og_image":[{"width":1280,"height":960,"url":"https:\/\/autosdelpodio.com\/autos\/wp-content\/uploads\/2014\/06\/tulio-crespi-parte-2.jpg","type":"image\/jpeg"}],"author":"wi022230","twitter_card":"summary_large_image","twitter_creator":"@autosdelpodio","twitter_site":"@autosdelpodio","twitter_misc":{"Escrito por":"wi022230","Tiempo de lectura":"2 minutos"},"schema":{"@context":"https:\/\/schema.org","@graph":[{"@type":"Article","@id":"https:\/\/autosdelpodio.com\/autos\/crespi-por-tulio-parte-2\/#article","isPartOf":{"@id":"https:\/\/autosdelpodio.com\/autos\/crespi-por-tulio-parte-2\/"},"author":{"name":"wi022230","@id":"http:\/\/autosdelpodio.com\/autos\/#\/schema\/person\/e88353cabf768863fdf874e30120f3ba"},"headline":"Crespi por Tulio \u2013 Parte 2","datePublished":"2014-06-05T21:05:14+00:00","mainEntityOfPage":{"@id":"https:\/\/autosdelpodio.com\/autos\/crespi-por-tulio-parte-2\/"},"wordCount":313,"commentCount":0,"publisher":{"@id":"http:\/\/autosdelpodio.com\/autos\/#organization"},"image":{"@id":"https:\/\/autosdelpodio.com\/autos\/crespi-por-tulio-parte-2\/#primaryimage"},"thumbnailUrl":"http:\/\/autosdelpodio.com\/autos\/wp-content\/uploads\/2014\/06\/tulio-crespi-parte-2.jpg","articleSection":["Entrevistas"],"inLanguage":"es","potentialAction":[{"@type":"CommentAction","name":"Comment","target":["https:\/\/autosdelpodio.com\/autos\/crespi-por-tulio-parte-2\/#respond"]}]},{"@type":"WebPage","@id":"https:\/\/autosdelpodio.com\/autos\/crespi-por-tulio-parte-2\/","url":"https:\/\/autosdelpodio.com\/autos\/crespi-por-tulio-parte-2\/","name":"Autos del Podio | Crespi por Tulio \u2013 Parte 2","isPartOf":{"@id":"http:\/\/autosdelpodio.com\/autos\/#website"},"primaryImageOfPage":{"@id":"https:\/\/autosdelpodio.com\/autos\/crespi-por-tulio-parte-2\/#primaryimage"},"image":{"@id":"https:\/\/autosdelpodio.com\/autos\/crespi-por-tulio-parte-2\/#primaryimage"},"thumbnailUrl":"http:\/\/autosdelpodio.com\/autos\/wp-content\/uploads\/2014\/06\/tulio-crespi-parte-2.jpg","datePublished":"2014-06-05T21:05:14+00:00","description":"Autos del Podio","breadcrumb":{"@id":"https:\/\/autosdelpodio.com\/autos\/crespi-por-tulio-parte-2\/#breadcrumb"},"inLanguage":"es","potentialAction":[{"@type":"ReadAction","target":["https:\/\/autosdelpodio.com\/autos\/crespi-por-tulio-parte-2\/"]}]},{"@type":"ImageObject","inLanguage":"es","@id":"https:\/\/autosdelpodio.com\/autos\/crespi-por-tulio-parte-2\/#primaryimage","url":"http:\/\/autosdelpodio.com\/autos\/wp-content\/uploads\/2014\/06\/tulio-crespi-parte-2.jpg","contentUrl":"http:\/\/autosdelpodio.com\/autos\/wp-content\/uploads\/2014\/06\/tulio-crespi-parte-2.jpg","width":1280,"height":960},{"@type":"BreadcrumbList","@id":"https:\/\/autosdelpodio.com\/autos\/crespi-por-tulio-parte-2\/#breadcrumb","itemListElement":[{"@type":"ListItem","position":1,"name":"Portada","item":"http:\/\/autosdelpodio.com\/autos\/"},{"@type":"ListItem","position":2,"name":"Crespi por Tulio \u2013 Parte 2"}]},{"@type":"WebSite","@id":"http:\/\/autosdelpodio.com\/autos\/#website","url":"http:\/\/autosdelpodio.com\/autos\/","name":"Autos del Podio","description":"La sexta del deporte motor","publisher":{"@id":"http:\/\/autosdelpodio.com\/autos\/#organization"},"potentialAction":[{"@type":"SearchAction","target":{"@type":"EntryPoint","urlTemplate":"http:\/\/autosdelpodio.com\/autos\/?s={search_term_string}"},"query-input":{"@type":"PropertyValueSpecification","valueRequired":true,"valueName":"search_term_string"}}],"inLanguage":"es"},{"@type":"Organization","@id":"http:\/\/autosdelpodio.com\/autos\/#organization","name":"Autos del Podio","url":"http:\/\/autosdelpodio.com\/autos\/","logo":{"@type":"ImageObject","inLanguage":"es","@id":"http:\/\/autosdelpodio.com\/autos\/#\/schema\/logo\/image\/","url":"http:\/\/autosdelpodio.com\/autos\/wp-content\/uploads\/2020\/08\/Logo_AR.jpg","contentUrl":"http:\/\/autosdelpodio.com\/autos\/wp-content\/uploads\/2020\/08\/Logo_AR.jpg","width":1038,"height":1044,"caption":"Autos del Podio"},"image":{"@id":"http:\/\/autosdelpodio.com\/autos\/#\/schema\/logo\/image\/"},"sameAs":["https:\/\/www.facebook.com\/profile.php?id=100057192590976&amp;amp;amp;amp;amp;amp;amp;amp;amp;amp;amp;amp;amp;amp;amp;amp;amp;amp;ref=ts","https:\/\/x.com\/autosdelpodio","https:\/\/www.youtube.com\/user\/AutosdelPodio"]},{"@type":"Person","@id":"http:\/\/autosdelpodio.com\/autos\/#\/schema\/person\/e88353cabf768863fdf874e30120f3ba","name":"wi022230","image":{"@type":"ImageObject","inLanguage":"es","@id":"http:\/\/autosdelpodio.com\/autos\/wp-content\/litespeed\/avatar\/453fc9bdbb11d766ba4c7f14d0bd0aa9.jpg?ver=1777404874","url":"http:\/\/autosdelpodio.com\/autos\/wp-content\/litespeed\/avatar\/453fc9bdbb11d766ba4c7f14d0bd0aa9.jpg?ver=1777404874","contentUrl":"http:\/\/autosdelpodio.com\/autos\/wp-content\/litespeed\/avatar\/453fc9bdbb11d766ba4c7f14d0bd0aa9.jpg?ver=1777404874","caption":"wi022230"}}]}},"views":486,"_links":{"self":[{"href":"http:\/\/autosdelpodio.com\/autos\/wp-json\/wp\/v2\/posts\/1014","targetHints":{"allow":["GET"]}}],"collection":[{"href":"http:\/\/autosdelpodio.com\/autos\/wp-json\/wp\/v2\/posts"}],"about":[{"href":"http:\/\/autosdelpodio.com\/autos\/wp-json\/wp\/v2\/types\/post"}],"author":[{"embeddable":true,"href":"http:\/\/autosdelpodio.com\/autos\/wp-json\/wp\/v2\/users\/1"}],"replies":[{"embeddable":true,"href":"http:\/\/autosdelpodio.com\/autos\/wp-json\/wp\/v2\/comments?post=1014"}],"version-history":[{"count":0,"href":"http:\/\/autosdelpodio.com\/autos\/wp-json\/wp\/v2\/posts\/1014\/revisions"}],"wp:featuredmedia":[{"embeddable":true,"href":"http:\/\/autosdelpodio.com\/autos\/wp-json\/wp\/v2\/media\/1013"}],"wp:attachment":[{"href":"http:\/\/autosdelpodio.com\/autos\/wp-json\/wp\/v2\/media?parent=1014"}],"wp:term":[{"taxonomy":"category","embeddable":true,"href":"http:\/\/autosdelpodio.com\/autos\/wp-json\/wp\/v2\/categories?post=1014"},{"taxonomy":"post_tag","embeddable":true,"href":"http:\/\/autosdelpodio.com\/autos\/wp-json\/wp\/v2\/tags?post=1014"}],"curies":[{"name":"wp","href":"https:\/\/api.w.org\/{rel}","templated":true}]}}