{"id":1018,"date":"2014-06-15T18:44:45","date_gmt":"2014-06-15T18:44:45","guid":{"rendered":"http:\/\/autosdelpodio.com\/autos\/2014\/06\/15\/siempre-existe-una-primera-vez\/"},"modified":"2014-06-15T18:44:45","modified_gmt":"2014-06-15T18:44:45","slug":"siempre-existe-una-primera-vez","status":"publish","type":"post","link":"http:\/\/autosdelpodio.com\/autos\/siempre-existe-una-primera-vez\/","title":{"rendered":"Siempre existe una primera vez"},"content":{"rendered":"<p style=\"text-align: justify;\">Tras lidiar con varios inconvenientes en los motores V8 en las carreras anteriores, finalmente Agust\u00edn Canapino gan\u00f3 su primera final del a\u00f1o y la primera con el Peugeot 408 en el Autodromo de Toay, en la provincia de La Pampa.Leonel Pern\u00eda (Renault Fluence) y Mat\u00edas Rossi (Toyota Corolla) completaron el podio.<\/p>\n<p>  <!--more-->  <\/p>\n<p><span style=\"text-align: justify; line-height: 1.3em;\">Tras su cuarto puesto, Norberto Fontana (Chevrolet Cruze) lidera el campeonato con 87 puntos, seguido por Canapino con 80 y Nestor Girolami con 71.<\/span><\/p>\n<p style=\"text-align: justify;\">La proxima fecha ser\u00e1 la correspondiente a la carrera especial de los 2OO Km de Buenos Aires, en el Autodromo Juan y Oscar Galvez los dias 19 y 20 de Julio.<\/p>\n<p style=\"text-align: justify;\"><strong>Final STC2000<\/strong><\/p>\n<p style=\"text-align: justify;\">1<span style=\"white-space: pre;\"> <\/span>CANAPINO AGUSTIN<span style=\"white-space: pre;\"> <\/span>408<span style=\"white-space: pre;\"> <\/span>30;28,280<\/p>\n<p style=\"text-align: justify;\">2<span style=\"white-space: pre;\"> <\/span>PERNIA LEONEL<span style=\"white-space: pre;\"> <\/span>FLUENCE<span style=\"white-space: pre;\"> <\/span>1,411<\/p>\n<p style=\"text-align: justify;\">3<span style=\"white-space: pre;\"> <\/span>ROSSI MATIAS<span style=\"white-space: pre;\"> <\/span>COROLLA<span style=\"white-space: pre;\"> <\/span>10,904<\/p>\n<p style=\"text-align: justify;\">4<span style=\"white-space: pre;\"> <\/span>FONTANA NORBERTO<span style=\"white-space: pre;\"> <\/span>CRUZE<span style=\"white-space: pre;\"> <\/span>11,224<\/p>\n<p style=\"text-align: justify;\">5<span style=\"white-space: pre;\"> <\/span>CHAPUR FACUNDO<span style=\"white-space: pre;\"> <\/span>408<span style=\"white-space: pre;\"> <\/span>13,811<\/p>\n<p style=\"text-align: justify;\">6<span style=\"white-space: pre;\"> <\/span>GUERRIERI ESTEBAN<span style=\"white-space: pre;\"> <\/span>COROLLA<span style=\"white-space: pre;\"> <\/span>14,467<\/p>\n<p style=\"text-align: justify;\">7<span style=\"white-space: pre;\"> <\/span>MUNOZ MARCHESI MATIAS<span style=\"white-space: pre;\"> <\/span>CRUZE<span style=\"white-space: pre;\"> <\/span>14,861<\/p>\n<p style=\"text-align: justify;\">8<span style=\"white-space: pre;\"> <\/span>GIROLAMI NESTOR<span style=\"white-space: pre;\"> <\/span>408<span style=\"white-space: pre;\"> <\/span>15,366<\/p>\n<p style=\"text-align: justify;\">9<span style=\"white-space: pre;\"> <\/span>SPATARO EMILIANO<span style=\"white-space: pre;\"> <\/span>FLUENCE<span style=\"white-space: pre;\"> <\/span>15,683<\/p>\n<p style=\"text-align: justify;\">10<span style=\"white-space: pre;\"> <\/span>VIVIAN FRANCO<span style=\"white-space: pre;\"> <\/span>CRUZE<span style=\"white-space: pre;\"> <\/span>17,348<\/p>\n<p style=\"text-align: justify;\">11<span style=\"white-space: pre;\"> <\/span>YANNANTUONI FABIAN<span style=\"white-space: pre;\"> <\/span>FLUENCE<span style=\"white-space: pre;\"> <\/span>18,091<\/p>\n<p style=\"text-align: justify;\">12<span style=\"white-space: pre;\"> <\/span>FINESCHI DAMIAN<span style=\"white-space: pre;\"> <\/span>408<span style=\"white-space: pre;\"> <\/span>24,364<\/p>\n<p style=\"text-align: justify;\">13<span style=\"white-space: pre;\"> <\/span>ORTELLI GUILLERMO<span style=\"white-space: pre;\"> <\/span>FLUENCE<span style=\"white-space: pre;\"> <\/span>36,596<\/p>\n<p style=\"text-align: justify;\">14<span style=\"white-space: pre;\"> <\/span>CALAMARI AGUSTIN<span style=\"white-space: pre;\"> <\/span>COROLLA<span style=\"white-space: pre;\"> <\/span>39,505<\/p>\n<p style=\"text-align: justify;\">15<span style=\"white-space: pre;\"> <\/span>LLAVER BERNARDO<span style=\"white-space: pre;\"> <\/span>COROLLA<span style=\"white-space: pre;\"> <\/span>51,438<\/p>\n<p style=\"text-align: justify;\">16<span style=\"white-space: pre;\"> <\/span>LEDESMA CHRISTIAN<span style=\"white-space: pre;\"> <\/span>LINEA<span style=\"white-space: pre;\"> <\/span>&#8211;<\/p>\n<p style=\"text-align: justify;\">17<span style=\"white-space: pre;\"> <\/span>JULIAN IGNACIO<span style=\"white-space: pre;\"> <\/span>LINEA<span style=\"white-space: pre;\"> <\/span>&#8211;<\/p>\n<p style=\"text-align: justify;\">18<span style=\"white-space: pre;\"> <\/span>SANTERO JULIAN<span style=\"white-space: pre;\"> <\/span>408<span style=\"white-space: pre;\"> <\/span>&#8211;<\/p>\n<p style=\"text-align: justify;\">19<span style=\"white-space: pre;\"> <\/span>BELLI DANIEL<span style=\"white-space: pre;\"> <\/span>CRUZE<span style=\"white-space: pre;\"> <\/span>&#8211;<\/p>\n<p style=\"text-align: justify;\">20<span style=\"white-space: pre;\"> <\/span>ARDUSSO FACUNDO<span style=\"white-space: pre;\"> <\/span>LINEA<span style=\"white-space: pre;\"> <\/span>&#8211;<\/p>\n<p style=\"text-align: justify;\">21<span style=\"white-space: pre;\"> <\/span>TRAUT NICOLAS<span style=\"white-space: pre;\"> <\/span>FOCUS<span style=\"white-space: pre;\"> <\/span>&#8211;<\/p>\n<p style=\"text-align: justify;\">22<span style=\"white-space: pre;\"> <\/span>FERNANDEZ GONZALO<span style=\"white-space: pre;\"> <\/span>CRUZE<span style=\"white-space: pre;\"> <\/span>&#8211;<\/p>\n<p style=\"text-align: justify;\">23<span style=\"white-space: pre;\"> <\/span>WERNER MARIANO<span style=\"white-space: pre;\"> <\/span>LINEA<span style=\"white-space: pre;\"> <\/span>&#8211;<\/p>\n<p style=\"text-align: justify;\">24<span style=\"white-space: pre;\"> <\/span>MILLA MATIAS<span style=\"white-space: pre;\"> <\/span>CRUZE<span style=\"white-space: pre;\"> <\/span>&#8211;<\/p>\n<p style=\"text-align: justify;\">25<span style=\"white-space: pre;\"> <\/span>MANTA JAVIER<span style=\"white-space: pre;\"> <\/span>408<span style=\"white-space: pre;\"> <\/span>&#8211;<\/p>\n","protected":false},"excerpt":{"rendered":"<p>Tras lidiar con varios inconvenientes en los motores V8 en las carreras anteriores, finalmente Agust\u00edn Canapino gan\u00f3 su primera final<\/p>\n","protected":false},"author":1,"featured_media":0,"comment_status":"open","ping_status":"open","sticky":false,"template":"","format":"standard","meta":{"colormag_page_container_layout":"default_layout","colormag_page_sidebar_layout":"default_layout","footnotes":""},"categories":[5],"tags":[],"class_list":["post-1018","post","type-post","status-publish","format-standard","hentry","category-latest-news"],"yoast_head":"<!-- This site is optimized with the Yoast SEO plugin v27.4 - https:\/\/yoast.com\/product\/yoast-seo-wordpress\/ -->\n<title>Autos del Podio | Siempre existe una primera vez<\/title>\n<meta name=\"description\" content=\"Autos del Podio\" \/>\n<meta name=\"robots\" content=\"index, follow, max-snippet:-1, max-image-preview:large, max-video-preview:-1\" \/>\n<link rel=\"canonical\" href=\"https:\/\/autosdelpodio.com\/autos\/siempre-existe-una-primera-vez\/\" \/>\n<meta property=\"og:locale\" content=\"es_ES\" \/>\n<meta property=\"og:type\" content=\"article\" \/>\n<meta property=\"og:title\" content=\"Autos del Podio | Siempre existe una primera vez\" \/>\n<meta property=\"og:description\" content=\"Autos del Podio\" \/>\n<meta property=\"og:url\" content=\"https:\/\/autosdelpodio.com\/autos\/siempre-existe-una-primera-vez\/\" \/>\n<meta property=\"og:site_name\" content=\"Autos del Podio\" \/>\n<meta property=\"article:publisher\" content=\"https:\/\/www.facebook.com\/profile.php?id=100057192590976&amp;amp%3bamp%3bamp%3bamp%3bamp%3bamp%3bamp%3bamp%3bamp%3bamp%3bamp%3bamp%3bamp%3bamp%3bamp%3bamp%3bamp%3bamp%3bref=ts\" \/>\n<meta property=\"article:published_time\" content=\"2014-06-15T18:44:45+00:00\" \/>\n<meta name=\"author\" content=\"wi022230\" \/>\n<meta name=\"twitter:card\" content=\"summary_large_image\" \/>\n<meta name=\"twitter:creator\" content=\"@autosdelpodio\" \/>\n<meta name=\"twitter:site\" content=\"@autosdelpodio\" \/>\n<meta name=\"twitter:label1\" content=\"Escrito por\" \/>\n\t<meta name=\"twitter:data1\" content=\"wi022230\" \/>\n\t<meta name=\"twitter:label2\" content=\"Tiempo de lectura\" \/>\n\t<meta name=\"twitter:data2\" content=\"1 minuto\" \/>\n<script type=\"application\/ld+json\" class=\"yoast-schema-graph\">{\"@context\":\"https:\\\/\\\/schema.org\",\"@graph\":[{\"@type\":\"Article\",\"@id\":\"https:\\\/\\\/autosdelpodio.com\\\/autos\\\/siempre-existe-una-primera-vez\\\/#article\",\"isPartOf\":{\"@id\":\"https:\\\/\\\/autosdelpodio.com\\\/autos\\\/siempre-existe-una-primera-vez\\\/\"},\"author\":{\"name\":\"wi022230\",\"@id\":\"http:\\\/\\\/autosdelpodio.com\\\/autos\\\/#\\\/schema\\\/person\\\/e88353cabf768863fdf874e30120f3ba\"},\"headline\":\"Siempre existe una primera vez\",\"datePublished\":\"2014-06-15T18:44:45+00:00\",\"mainEntityOfPage\":{\"@id\":\"https:\\\/\\\/autosdelpodio.com\\\/autos\\\/siempre-existe-una-primera-vez\\\/\"},\"wordCount\":191,\"commentCount\":0,\"publisher\":{\"@id\":\"http:\\\/\\\/autosdelpodio.com\\\/autos\\\/#organization\"},\"articleSection\":[\"\u00daltimas noticias\"],\"inLanguage\":\"es\",\"potentialAction\":[{\"@type\":\"CommentAction\",\"name\":\"Comment\",\"target\":[\"https:\\\/\\\/autosdelpodio.com\\\/autos\\\/siempre-existe-una-primera-vez\\\/#respond\"]}]},{\"@type\":\"WebPage\",\"@id\":\"https:\\\/\\\/autosdelpodio.com\\\/autos\\\/siempre-existe-una-primera-vez\\\/\",\"url\":\"https:\\\/\\\/autosdelpodio.com\\\/autos\\\/siempre-existe-una-primera-vez\\\/\",\"name\":\"Autos del Podio | Siempre existe una primera vez\",\"isPartOf\":{\"@id\":\"http:\\\/\\\/autosdelpodio.com\\\/autos\\\/#website\"},\"datePublished\":\"2014-06-15T18:44:45+00:00\",\"description\":\"Autos del Podio\",\"breadcrumb\":{\"@id\":\"https:\\\/\\\/autosdelpodio.com\\\/autos\\\/siempre-existe-una-primera-vez\\\/#breadcrumb\"},\"inLanguage\":\"es\",\"potentialAction\":[{\"@type\":\"ReadAction\",\"target\":[\"https:\\\/\\\/autosdelpodio.com\\\/autos\\\/siempre-existe-una-primera-vez\\\/\"]}]},{\"@type\":\"BreadcrumbList\",\"@id\":\"https:\\\/\\\/autosdelpodio.com\\\/autos\\\/siempre-existe-una-primera-vez\\\/#breadcrumb\",\"itemListElement\":[{\"@type\":\"ListItem\",\"position\":1,\"name\":\"Portada\",\"item\":\"http:\\\/\\\/autosdelpodio.com\\\/autos\\\/\"},{\"@type\":\"ListItem\",\"position\":2,\"name\":\"Siempre existe una primera vez\"}]},{\"@type\":\"WebSite\",\"@id\":\"http:\\\/\\\/autosdelpodio.com\\\/autos\\\/#website\",\"url\":\"http:\\\/\\\/autosdelpodio.com\\\/autos\\\/\",\"name\":\"Autos del Podio\",\"description\":\"La sexta del deporte motor\",\"publisher\":{\"@id\":\"http:\\\/\\\/autosdelpodio.com\\\/autos\\\/#organization\"},\"potentialAction\":[{\"@type\":\"SearchAction\",\"target\":{\"@type\":\"EntryPoint\",\"urlTemplate\":\"http:\\\/\\\/autosdelpodio.com\\\/autos\\\/?s={search_term_string}\"},\"query-input\":{\"@type\":\"PropertyValueSpecification\",\"valueRequired\":true,\"valueName\":\"search_term_string\"}}],\"inLanguage\":\"es\"},{\"@type\":\"Organization\",\"@id\":\"http:\\\/\\\/autosdelpodio.com\\\/autos\\\/#organization\",\"name\":\"Autos del Podio\",\"url\":\"http:\\\/\\\/autosdelpodio.com\\\/autos\\\/\",\"logo\":{\"@type\":\"ImageObject\",\"inLanguage\":\"es\",\"@id\":\"http:\\\/\\\/autosdelpodio.com\\\/autos\\\/#\\\/schema\\\/logo\\\/image\\\/\",\"url\":\"http:\\\/\\\/autosdelpodio.com\\\/autos\\\/wp-content\\\/uploads\\\/2020\\\/08\\\/Logo_AR.jpg\",\"contentUrl\":\"http:\\\/\\\/autosdelpodio.com\\\/autos\\\/wp-content\\\/uploads\\\/2020\\\/08\\\/Logo_AR.jpg\",\"width\":1038,\"height\":1044,\"caption\":\"Autos del Podio\"},\"image\":{\"@id\":\"http:\\\/\\\/autosdelpodio.com\\\/autos\\\/#\\\/schema\\\/logo\\\/image\\\/\"},\"sameAs\":[\"https:\\\/\\\/www.facebook.com\\\/profile.php?id=100057192590976&amp;amp;amp;amp;amp;amp;amp;amp;amp;amp;amp;amp;amp;amp;amp;amp;amp;amp;ref=ts\",\"https:\\\/\\\/x.com\\\/autosdelpodio\",\"https:\\\/\\\/www.youtube.com\\\/user\\\/AutosdelPodio\"]},{\"@type\":\"Person\",\"@id\":\"http:\\\/\\\/autosdelpodio.com\\\/autos\\\/#\\\/schema\\\/person\\\/e88353cabf768863fdf874e30120f3ba\",\"name\":\"wi022230\",\"image\":{\"@type\":\"ImageObject\",\"inLanguage\":\"es\",\"@id\":\"http:\\\/\\\/autosdelpodio.com\\\/autos\\\/wp-content\\\/litespeed\\\/avatar\\\/453fc9bdbb11d766ba4c7f14d0bd0aa9.jpg?ver=1776800006\",\"url\":\"http:\\\/\\\/autosdelpodio.com\\\/autos\\\/wp-content\\\/litespeed\\\/avatar\\\/453fc9bdbb11d766ba4c7f14d0bd0aa9.jpg?ver=1776800006\",\"contentUrl\":\"http:\\\/\\\/autosdelpodio.com\\\/autos\\\/wp-content\\\/litespeed\\\/avatar\\\/453fc9bdbb11d766ba4c7f14d0bd0aa9.jpg?ver=1776800006\",\"caption\":\"wi022230\"}}]}<\/script>\n<!-- \/ Yoast SEO plugin. -->","yoast_head_json":{"title":"Autos del Podio | Siempre existe una primera vez","description":"Autos del Podio","robots":{"index":"index","follow":"follow","max-snippet":"max-snippet:-1","max-image-preview":"max-image-preview:large","max-video-preview":"max-video-preview:-1"},"canonical":"https:\/\/autosdelpodio.com\/autos\/siempre-existe-una-primera-vez\/","og_locale":"es_ES","og_type":"article","og_title":"Autos del Podio | Siempre existe una primera vez","og_description":"Autos del Podio","og_url":"https:\/\/autosdelpodio.com\/autos\/siempre-existe-una-primera-vez\/","og_site_name":"Autos del Podio","article_publisher":"https:\/\/www.facebook.com\/profile.php?id=100057192590976&amp%3bamp%3bamp%3bamp%3bamp%3bamp%3bamp%3bamp%3bamp%3bamp%3bamp%3bamp%3bamp%3bamp%3bamp%3bamp%3bamp%3bamp%3bref=ts","article_published_time":"2014-06-15T18:44:45+00:00","author":"wi022230","twitter_card":"summary_large_image","twitter_creator":"@autosdelpodio","twitter_site":"@autosdelpodio","twitter_misc":{"Escrito por":"wi022230","Tiempo de lectura":"1 minuto"},"schema":{"@context":"https:\/\/schema.org","@graph":[{"@type":"Article","@id":"https:\/\/autosdelpodio.com\/autos\/siempre-existe-una-primera-vez\/#article","isPartOf":{"@id":"https:\/\/autosdelpodio.com\/autos\/siempre-existe-una-primera-vez\/"},"author":{"name":"wi022230","@id":"http:\/\/autosdelpodio.com\/autos\/#\/schema\/person\/e88353cabf768863fdf874e30120f3ba"},"headline":"Siempre existe una primera vez","datePublished":"2014-06-15T18:44:45+00:00","mainEntityOfPage":{"@id":"https:\/\/autosdelpodio.com\/autos\/siempre-existe-una-primera-vez\/"},"wordCount":191,"commentCount":0,"publisher":{"@id":"http:\/\/autosdelpodio.com\/autos\/#organization"},"articleSection":["\u00daltimas noticias"],"inLanguage":"es","potentialAction":[{"@type":"CommentAction","name":"Comment","target":["https:\/\/autosdelpodio.com\/autos\/siempre-existe-una-primera-vez\/#respond"]}]},{"@type":"WebPage","@id":"https:\/\/autosdelpodio.com\/autos\/siempre-existe-una-primera-vez\/","url":"https:\/\/autosdelpodio.com\/autos\/siempre-existe-una-primera-vez\/","name":"Autos del Podio | Siempre existe una primera vez","isPartOf":{"@id":"http:\/\/autosdelpodio.com\/autos\/#website"},"datePublished":"2014-06-15T18:44:45+00:00","description":"Autos del Podio","breadcrumb":{"@id":"https:\/\/autosdelpodio.com\/autos\/siempre-existe-una-primera-vez\/#breadcrumb"},"inLanguage":"es","potentialAction":[{"@type":"ReadAction","target":["https:\/\/autosdelpodio.com\/autos\/siempre-existe-una-primera-vez\/"]}]},{"@type":"BreadcrumbList","@id":"https:\/\/autosdelpodio.com\/autos\/siempre-existe-una-primera-vez\/#breadcrumb","itemListElement":[{"@type":"ListItem","position":1,"name":"Portada","item":"http:\/\/autosdelpodio.com\/autos\/"},{"@type":"ListItem","position":2,"name":"Siempre existe una primera vez"}]},{"@type":"WebSite","@id":"http:\/\/autosdelpodio.com\/autos\/#website","url":"http:\/\/autosdelpodio.com\/autos\/","name":"Autos del Podio","description":"La sexta del deporte motor","publisher":{"@id":"http:\/\/autosdelpodio.com\/autos\/#organization"},"potentialAction":[{"@type":"SearchAction","target":{"@type":"EntryPoint","urlTemplate":"http:\/\/autosdelpodio.com\/autos\/?s={search_term_string}"},"query-input":{"@type":"PropertyValueSpecification","valueRequired":true,"valueName":"search_term_string"}}],"inLanguage":"es"},{"@type":"Organization","@id":"http:\/\/autosdelpodio.com\/autos\/#organization","name":"Autos del Podio","url":"http:\/\/autosdelpodio.com\/autos\/","logo":{"@type":"ImageObject","inLanguage":"es","@id":"http:\/\/autosdelpodio.com\/autos\/#\/schema\/logo\/image\/","url":"http:\/\/autosdelpodio.com\/autos\/wp-content\/uploads\/2020\/08\/Logo_AR.jpg","contentUrl":"http:\/\/autosdelpodio.com\/autos\/wp-content\/uploads\/2020\/08\/Logo_AR.jpg","width":1038,"height":1044,"caption":"Autos del Podio"},"image":{"@id":"http:\/\/autosdelpodio.com\/autos\/#\/schema\/logo\/image\/"},"sameAs":["https:\/\/www.facebook.com\/profile.php?id=100057192590976&amp;amp;amp;amp;amp;amp;amp;amp;amp;amp;amp;amp;amp;amp;amp;amp;amp;amp;ref=ts","https:\/\/x.com\/autosdelpodio","https:\/\/www.youtube.com\/user\/AutosdelPodio"]},{"@type":"Person","@id":"http:\/\/autosdelpodio.com\/autos\/#\/schema\/person\/e88353cabf768863fdf874e30120f3ba","name":"wi022230","image":{"@type":"ImageObject","inLanguage":"es","@id":"http:\/\/autosdelpodio.com\/autos\/wp-content\/litespeed\/avatar\/453fc9bdbb11d766ba4c7f14d0bd0aa9.jpg?ver=1776800006","url":"http:\/\/autosdelpodio.com\/autos\/wp-content\/litespeed\/avatar\/453fc9bdbb11d766ba4c7f14d0bd0aa9.jpg?ver=1776800006","contentUrl":"http:\/\/autosdelpodio.com\/autos\/wp-content\/litespeed\/avatar\/453fc9bdbb11d766ba4c7f14d0bd0aa9.jpg?ver=1776800006","caption":"wi022230"}}]}},"views":489,"_links":{"self":[{"href":"http:\/\/autosdelpodio.com\/autos\/wp-json\/wp\/v2\/posts\/1018","targetHints":{"allow":["GET"]}}],"collection":[{"href":"http:\/\/autosdelpodio.com\/autos\/wp-json\/wp\/v2\/posts"}],"about":[{"href":"http:\/\/autosdelpodio.com\/autos\/wp-json\/wp\/v2\/types\/post"}],"author":[{"embeddable":true,"href":"http:\/\/autosdelpodio.com\/autos\/wp-json\/wp\/v2\/users\/1"}],"replies":[{"embeddable":true,"href":"http:\/\/autosdelpodio.com\/autos\/wp-json\/wp\/v2\/comments?post=1018"}],"version-history":[{"count":0,"href":"http:\/\/autosdelpodio.com\/autos\/wp-json\/wp\/v2\/posts\/1018\/revisions"}],"wp:attachment":[{"href":"http:\/\/autosdelpodio.com\/autos\/wp-json\/wp\/v2\/media?parent=1018"}],"wp:term":[{"taxonomy":"category","embeddable":true,"href":"http:\/\/autosdelpodio.com\/autos\/wp-json\/wp\/v2\/categories?post=1018"},{"taxonomy":"post_tag","embeddable":true,"href":"http:\/\/autosdelpodio.com\/autos\/wp-json\/wp\/v2\/tags?post=1018"}],"curies":[{"name":"wp","href":"https:\/\/api.w.org\/{rel}","templated":true}]}}