{"id":1032,"date":"2014-06-29T16:08:52","date_gmt":"2014-06-29T16:08:52","guid":{"rendered":"http:\/\/autosdelpodio.com\/autos\/2014\/06\/29\/el-ford-falcon-un-verdadero-icono-de-nuestra-industria-automotriz\/"},"modified":"2014-06-29T16:08:52","modified_gmt":"2014-06-29T16:08:52","slug":"el-ford-falcon-un-verdadero-icono-de-nuestra-industria-automotriz","status":"publish","type":"post","link":"http:\/\/autosdelpodio.com\/autos\/el-ford-falcon-un-verdadero-icono-de-nuestra-industria-automotriz\/","title":{"rendered":"El Ford Falcon: un verdadero icono de nuestra industria automotriz &#8211; Parte I"},"content":{"rendered":"<\/p>\n<p style=\"text-align: justify;\">Durante la charla organizada por el Club de Amigos del Museo del Automovil de la Ciudad de Buenos, Gustavo Feder, editor del sitio y revista digital Autohistoria y co-organizador de Expo Auto Argentino expuso al detalle la historia de un auto tan emblematico.<\/p>\n<p style=\"text-align: justify;\">En esta nota abarcaremos desde su inicio de producci\u00f3n a comienzos de la decada del 60 hasta el a\u00f1o 1972.<\/p>\n<p style=\"text-align: justify;\"><span style=\"line-height: 1.3em;\">El modelo Ford Falcon fue un verdadero icono de la argentina.El mismo estuvo muy arraigado a la historia de la Argentina ya que fue fabricado de 1962 a 1991.<\/span><\/p>\n<p style=\"text-align: justify;\">Su origen data de la d\u00e9cada del 50\u00b4 (periodo pos guerra mundial) en EEUU.<span style=\"line-height: 1.3em;\">Su creaci\u00f3n se deb\u00eda a la necesidad del mercado de aquel entonces.<\/span><\/p>\n<p style=\"text-align: justify;\">Se destacaba por su bajo costo inicial y de uso, capacidad para 6 pasajeros y estructura autoportante (la misma forma parte de la carrocer\u00eda).<\/p>\n<p style=\"text-align: justify;\"><span style=\"line-height: 1.3em;\">En Octubre de 1959 el Falcon se presenta al mercado norteamericano.Constaba de un motor de 6 cilindros en l\u00ednea y un largo de 4,7 m aprox. en sus versiones cl\u00e1sico, rural y ranchera.<\/span><span style=\"line-height: 1.3em;\">La versi\u00f3n inicial fue de 150 millones de d\u00f3lares.<\/span><\/p>\n<p style=\"text-align: justify;\">En su primer a\u00f1o de venta, en 1961 alcanza las 435.676 unidades.En Diciembre de 1971 llega al 1.000.000.<\/p>\n<p style=\"text-align: justify;\">El Ford Falcon se fabric\u00f3 tambi\u00e9n en Argentina, Australia, Canad\u00e1, Chile, M\u00e9xico y Venezuela.<\/p>\n<p style=\"text-align: justify;\"><span style=\"line-height: 1.3em;\">La inversi\u00f3n inicial para producir el Ford Falcon en Argentina fue de 67 millones de d\u00f3lares en la planta ubicada en Pacheco, en la zona norte de la provincia de Buenos Aires.<\/span><\/p>\n<p style=\"text-align: justify;\">El 27 de Enero de 1962 la compa\u00f1\u00eda realiza la presentaci\u00f3n formal en el Teatro Maipo de la Ciudad de Buenos Aires.<\/p>\n<p style=\"text-align: justify;\">En sus comienzos, el auto era pr\u00e1cticamente importado.Luego tenia que nacionalizar sus componentes en un plazo de 5 a\u00f1os debido a la pol\u00edtica de estado vigente.<\/p>\n<p style=\"text-align: justify;\">En el mercado sus rivales directos eran el Rambler, el Chevrolet 400 y el Valiant V200.<\/p>\n<p style=\"text-align: justify;\"><span style=\"line-height: 1.3em;\">30\/04\/1963: Sale la primera carrocer\u00eda nacional de la planta.<\/span><\/p>\n<p style=\"text-align: justify;\">15\/07\/1963: primer auto argentino.<\/p>\n<p style=\"text-align: justify;\">04\/12\/1964: irrumpe el Falcon Futura con Motor 187 de 3064 CC, 116 HP \u00a0&#8211; 146 Km. \/h.<\/p>\n<p style=\"text-align: justify;\"><span style=\"line-height: 1.3em;\"><strong>1966<\/strong>: Primer restilyng nacional. En principio el modelo Ford pensaba producirlo solo por 4 a\u00f1os. Ofrece una variedad de colores metalizados.<\/span><\/p>\n<p style=\"text-align: justify;\"><span style=\"line-height: 1.3em;\">15\/08\/1966: Se llega a la unidad N\u00ba 50.000<\/span><\/p>\n<p style=\"text-align: justify;\"><span style=\"line-height: 1.3em;\"><strong>1968:<\/strong> Aparece la Rural Falcon, desarrollada \u00edntegramente en la Argentina, tambi\u00e9n con Motor 187.<\/span><\/p>\n<p style=\"text-align: justify;\"><span style=\"line-height: 1.3em;\"><em><strong>Su irrupci\u00f3n en el automovilismo:<\/strong><\/em><\/span><\/p>\n<p style=\"text-align: justify;\"><span style=\"line-height: 1.3em;\">20\/09\/1964: El Falcon debuta en el TC en las denominadas 500 Millas merceditas, con Rodolfo de Alzaga como piloto, quien arriba octavo.<\/span><\/p>\n<p style=\"text-align: justify;\">En Marzo de 1965 logra el modelo logra su primer triunfo parcial, en el denominado Gran Premio 2 Oc\u00e9anos, de 6000 Km de extensi\u00f3n.<\/p>\n<p style=\"text-align: justify;\">En la temporada 1966, el 24 de Abril, Rodolfo de Alzaga se impone en la Vuelta Pan de Azucar.<\/p>\n<p style=\"text-align: justify;\">Tambi\u00e9n en el a\u00f1o 66, a modo promocional, se crea la monomarca Falcon, all\u00ed compiten las versiones Futura y Standar.Mario Julio Layus se consagra campe\u00f3n.<\/p>\n<p>En competencias deportivas, el Falcon adolec\u00eda la falta de carga aerodin\u00e1mica respecto al Torino.<\/p>\n<p><span style=\"line-height: 1.3em;\"><strong>1970<\/strong>: Segundo Restyling Nacional donde se destaca la incorporaci\u00f3n de los frenos a disco.<\/span><\/p>\n<p><span style=\"line-height: 1.3em;\"><strong>Durante el a\u00f1o 1971 fue el auto mas vendido del pa\u00eds.<\/strong><\/span><\/p>\n","protected":false},"excerpt":{"rendered":"<p>Durante la charla organizada por el Club de Amigos del Museo del Automovil de la Ciudad de Buenos, Gustavo Feder,<\/p>\n","protected":false},"author":1,"featured_media":1031,"comment_status":"open","ping_status":"open","sticky":false,"template":"","format":"standard","meta":{"colormag_page_container_layout":"default_layout","colormag_page_sidebar_layout":"default_layout","footnotes":""},"categories":[21],"tags":[],"class_list":["post-1032","post","type-post","status-publish","format-standard","has-post-thumbnail","hentry","category-autos-eternos"],"yoast_head":"<!-- This site is optimized with the Yoast SEO plugin v27.5 - https:\/\/yoast.com\/product\/yoast-seo-wordpress\/ -->\n<title>Autos del Podio | El Ford Falcon: un verdadero icono de nuestra industria automotriz - Parte I<\/title>\n<meta name=\"description\" content=\"Autos del Podio\" \/>\n<meta name=\"robots\" content=\"index, follow, max-snippet:-1, max-image-preview:large, max-video-preview:-1\" \/>\n<link rel=\"canonical\" href=\"http:\/\/autosdelpodio.com\/autos\/el-ford-falcon-un-verdadero-icono-de-nuestra-industria-automotriz\/\" \/>\n<meta property=\"og:locale\" content=\"es_ES\" \/>\n<meta property=\"og:type\" content=\"article\" \/>\n<meta property=\"og:title\" content=\"Autos del Podio | El Ford Falcon: un verdadero icono de nuestra industria automotriz - Parte I\" \/>\n<meta property=\"og:description\" content=\"Autos del Podio\" \/>\n<meta property=\"og:url\" content=\"http:\/\/autosdelpodio.com\/autos\/el-ford-falcon-un-verdadero-icono-de-nuestra-industria-automotriz\/\" \/>\n<meta property=\"og:site_name\" content=\"Autos del Podio\" \/>\n<meta property=\"article:publisher\" content=\"https:\/\/www.facebook.com\/profile.php?id=100057192590976&amp;amp%3bamp%3bamp%3bamp%3bamp%3bamp%3bamp%3bamp%3bamp%3bamp%3bamp%3bamp%3bamp%3bamp%3bamp%3bamp%3bamp%3bamp%3bref=ts\" \/>\n<meta property=\"article:published_time\" content=\"2014-06-29T16:08:52+00:00\" \/>\n<meta property=\"og:image\" content=\"http:\/\/autosdelpodio.com\/autos\/wp-content\/uploads\/2014\/06\/logo_ford.jpg\" \/>\n\t<meta property=\"og:image:width\" content=\"1753\" \/>\n\t<meta property=\"og:image:height\" content=\"845\" \/>\n\t<meta property=\"og:image:type\" content=\"image\/jpeg\" \/>\n<meta name=\"author\" content=\"wi022230\" \/>\n<meta name=\"twitter:card\" content=\"summary_large_image\" \/>\n<meta name=\"twitter:creator\" content=\"@autosdelpodio\" \/>\n<meta name=\"twitter:site\" content=\"@autosdelpodio\" \/>\n<meta name=\"twitter:label1\" content=\"Escrito por\" \/>\n\t<meta name=\"twitter:data1\" content=\"wi022230\" \/>\n\t<meta name=\"twitter:label2\" content=\"Tiempo de lectura\" \/>\n\t<meta name=\"twitter:data2\" content=\"3 minutos\" \/>\n<script type=\"application\/ld+json\" class=\"yoast-schema-graph\">{\"@context\":\"https:\\\/\\\/schema.org\",\"@graph\":[{\"@type\":\"Article\",\"@id\":\"http:\\\/\\\/autosdelpodio.com\\\/autos\\\/el-ford-falcon-un-verdadero-icono-de-nuestra-industria-automotriz\\\/#article\",\"isPartOf\":{\"@id\":\"http:\\\/\\\/autosdelpodio.com\\\/autos\\\/el-ford-falcon-un-verdadero-icono-de-nuestra-industria-automotriz\\\/\"},\"author\":{\"name\":\"wi022230\",\"@id\":\"http:\\\/\\\/autosdelpodio.com\\\/autos\\\/#\\\/schema\\\/person\\\/e88353cabf768863fdf874e30120f3ba\"},\"headline\":\"El Ford Falcon: un verdadero icono de nuestra industria automotriz &#8211; Parte I\",\"datePublished\":\"2014-06-29T16:08:52+00:00\",\"mainEntityOfPage\":{\"@id\":\"http:\\\/\\\/autosdelpodio.com\\\/autos\\\/el-ford-falcon-un-verdadero-icono-de-nuestra-industria-automotriz\\\/\"},\"wordCount\":529,\"commentCount\":1,\"publisher\":{\"@id\":\"http:\\\/\\\/autosdelpodio.com\\\/autos\\\/#organization\"},\"image\":{\"@id\":\"http:\\\/\\\/autosdelpodio.com\\\/autos\\\/el-ford-falcon-un-verdadero-icono-de-nuestra-industria-automotriz\\\/#primaryimage\"},\"thumbnailUrl\":\"http:\\\/\\\/autosdelpodio.com\\\/autos\\\/wp-content\\\/uploads\\\/2014\\\/06\\\/logo_ford.jpg\",\"articleSection\":[\"Autos Eternos\"],\"inLanguage\":\"es\",\"potentialAction\":[{\"@type\":\"CommentAction\",\"name\":\"Comment\",\"target\":[\"http:\\\/\\\/autosdelpodio.com\\\/autos\\\/el-ford-falcon-un-verdadero-icono-de-nuestra-industria-automotriz\\\/#respond\"]}]},{\"@type\":\"WebPage\",\"@id\":\"http:\\\/\\\/autosdelpodio.com\\\/autos\\\/el-ford-falcon-un-verdadero-icono-de-nuestra-industria-automotriz\\\/\",\"url\":\"http:\\\/\\\/autosdelpodio.com\\\/autos\\\/el-ford-falcon-un-verdadero-icono-de-nuestra-industria-automotriz\\\/\",\"name\":\"Autos del Podio | El Ford Falcon: un verdadero icono de nuestra industria automotriz - Parte I\",\"isPartOf\":{\"@id\":\"http:\\\/\\\/autosdelpodio.com\\\/autos\\\/#website\"},\"primaryImageOfPage\":{\"@id\":\"http:\\\/\\\/autosdelpodio.com\\\/autos\\\/el-ford-falcon-un-verdadero-icono-de-nuestra-industria-automotriz\\\/#primaryimage\"},\"image\":{\"@id\":\"http:\\\/\\\/autosdelpodio.com\\\/autos\\\/el-ford-falcon-un-verdadero-icono-de-nuestra-industria-automotriz\\\/#primaryimage\"},\"thumbnailUrl\":\"http:\\\/\\\/autosdelpodio.com\\\/autos\\\/wp-content\\\/uploads\\\/2014\\\/06\\\/logo_ford.jpg\",\"datePublished\":\"2014-06-29T16:08:52+00:00\",\"description\":\"Autos del Podio\",\"breadcrumb\":{\"@id\":\"http:\\\/\\\/autosdelpodio.com\\\/autos\\\/el-ford-falcon-un-verdadero-icono-de-nuestra-industria-automotriz\\\/#breadcrumb\"},\"inLanguage\":\"es\",\"potentialAction\":[{\"@type\":\"ReadAction\",\"target\":[\"http:\\\/\\\/autosdelpodio.com\\\/autos\\\/el-ford-falcon-un-verdadero-icono-de-nuestra-industria-automotriz\\\/\"]}]},{\"@type\":\"ImageObject\",\"inLanguage\":\"es\",\"@id\":\"http:\\\/\\\/autosdelpodio.com\\\/autos\\\/el-ford-falcon-un-verdadero-icono-de-nuestra-industria-automotriz\\\/#primaryimage\",\"url\":\"http:\\\/\\\/autosdelpodio.com\\\/autos\\\/wp-content\\\/uploads\\\/2014\\\/06\\\/logo_ford.jpg\",\"contentUrl\":\"http:\\\/\\\/autosdelpodio.com\\\/autos\\\/wp-content\\\/uploads\\\/2014\\\/06\\\/logo_ford.jpg\",\"width\":1753,\"height\":845},{\"@type\":\"BreadcrumbList\",\"@id\":\"http:\\\/\\\/autosdelpodio.com\\\/autos\\\/el-ford-falcon-un-verdadero-icono-de-nuestra-industria-automotriz\\\/#breadcrumb\",\"itemListElement\":[{\"@type\":\"ListItem\",\"position\":1,\"name\":\"Portada\",\"item\":\"http:\\\/\\\/autosdelpodio.com\\\/autos\\\/\"},{\"@type\":\"ListItem\",\"position\":2,\"name\":\"El Ford Falcon: un verdadero icono de nuestra industria automotriz &#8211; Parte I\"}]},{\"@type\":\"WebSite\",\"@id\":\"http:\\\/\\\/autosdelpodio.com\\\/autos\\\/#website\",\"url\":\"http:\\\/\\\/autosdelpodio.com\\\/autos\\\/\",\"name\":\"Autos del Podio\",\"description\":\"La sexta del deporte motor\",\"publisher\":{\"@id\":\"http:\\\/\\\/autosdelpodio.com\\\/autos\\\/#organization\"},\"potentialAction\":[{\"@type\":\"SearchAction\",\"target\":{\"@type\":\"EntryPoint\",\"urlTemplate\":\"http:\\\/\\\/autosdelpodio.com\\\/autos\\\/?s={search_term_string}\"},\"query-input\":{\"@type\":\"PropertyValueSpecification\",\"valueRequired\":true,\"valueName\":\"search_term_string\"}}],\"inLanguage\":\"es\"},{\"@type\":\"Organization\",\"@id\":\"http:\\\/\\\/autosdelpodio.com\\\/autos\\\/#organization\",\"name\":\"Autos del Podio\",\"url\":\"http:\\\/\\\/autosdelpodio.com\\\/autos\\\/\",\"logo\":{\"@type\":\"ImageObject\",\"inLanguage\":\"es\",\"@id\":\"http:\\\/\\\/autosdelpodio.com\\\/autos\\\/#\\\/schema\\\/logo\\\/image\\\/\",\"url\":\"http:\\\/\\\/autosdelpodio.com\\\/autos\\\/wp-content\\\/uploads\\\/2020\\\/08\\\/Logo_AR.jpg\",\"contentUrl\":\"http:\\\/\\\/autosdelpodio.com\\\/autos\\\/wp-content\\\/uploads\\\/2020\\\/08\\\/Logo_AR.jpg\",\"width\":1038,\"height\":1044,\"caption\":\"Autos del Podio\"},\"image\":{\"@id\":\"http:\\\/\\\/autosdelpodio.com\\\/autos\\\/#\\\/schema\\\/logo\\\/image\\\/\"},\"sameAs\":[\"https:\\\/\\\/www.facebook.com\\\/profile.php?id=100057192590976&amp;amp;amp;amp;amp;amp;amp;amp;amp;amp;amp;amp;amp;amp;amp;amp;amp;amp;ref=ts\",\"https:\\\/\\\/x.com\\\/autosdelpodio\",\"https:\\\/\\\/www.youtube.com\\\/user\\\/AutosdelPodio\"]},{\"@type\":\"Person\",\"@id\":\"http:\\\/\\\/autosdelpodio.com\\\/autos\\\/#\\\/schema\\\/person\\\/e88353cabf768863fdf874e30120f3ba\",\"name\":\"wi022230\",\"image\":{\"@type\":\"ImageObject\",\"inLanguage\":\"es\",\"@id\":\"http:\\\/\\\/autosdelpodio.com\\\/autos\\\/wp-content\\\/litespeed\\\/avatar\\\/453fc9bdbb11d766ba4c7f14d0bd0aa9.jpg?ver=1777404874\",\"url\":\"http:\\\/\\\/autosdelpodio.com\\\/autos\\\/wp-content\\\/litespeed\\\/avatar\\\/453fc9bdbb11d766ba4c7f14d0bd0aa9.jpg?ver=1777404874\",\"contentUrl\":\"http:\\\/\\\/autosdelpodio.com\\\/autos\\\/wp-content\\\/litespeed\\\/avatar\\\/453fc9bdbb11d766ba4c7f14d0bd0aa9.jpg?ver=1777404874\",\"caption\":\"wi022230\"}}]}<\/script>\n<!-- \/ Yoast SEO plugin. -->","yoast_head_json":{"title":"Autos del Podio | El Ford Falcon: un verdadero icono de nuestra industria automotriz - Parte I","description":"Autos del Podio","robots":{"index":"index","follow":"follow","max-snippet":"max-snippet:-1","max-image-preview":"max-image-preview:large","max-video-preview":"max-video-preview:-1"},"canonical":"http:\/\/autosdelpodio.com\/autos\/el-ford-falcon-un-verdadero-icono-de-nuestra-industria-automotriz\/","og_locale":"es_ES","og_type":"article","og_title":"Autos del Podio | El Ford Falcon: un verdadero icono de nuestra industria automotriz - Parte I","og_description":"Autos del Podio","og_url":"http:\/\/autosdelpodio.com\/autos\/el-ford-falcon-un-verdadero-icono-de-nuestra-industria-automotriz\/","og_site_name":"Autos del Podio","article_publisher":"https:\/\/www.facebook.com\/profile.php?id=100057192590976&amp%3bamp%3bamp%3bamp%3bamp%3bamp%3bamp%3bamp%3bamp%3bamp%3bamp%3bamp%3bamp%3bamp%3bamp%3bamp%3bamp%3bamp%3bref=ts","article_published_time":"2014-06-29T16:08:52+00:00","og_image":[{"width":1753,"height":845,"url":"http:\/\/autosdelpodio.com\/autos\/wp-content\/uploads\/2014\/06\/logo_ford.jpg","type":"image\/jpeg"}],"author":"wi022230","twitter_card":"summary_large_image","twitter_creator":"@autosdelpodio","twitter_site":"@autosdelpodio","twitter_misc":{"Escrito por":"wi022230","Tiempo de lectura":"3 minutos"},"schema":{"@context":"https:\/\/schema.org","@graph":[{"@type":"Article","@id":"http:\/\/autosdelpodio.com\/autos\/el-ford-falcon-un-verdadero-icono-de-nuestra-industria-automotriz\/#article","isPartOf":{"@id":"http:\/\/autosdelpodio.com\/autos\/el-ford-falcon-un-verdadero-icono-de-nuestra-industria-automotriz\/"},"author":{"name":"wi022230","@id":"http:\/\/autosdelpodio.com\/autos\/#\/schema\/person\/e88353cabf768863fdf874e30120f3ba"},"headline":"El Ford Falcon: un verdadero icono de nuestra industria automotriz &#8211; Parte I","datePublished":"2014-06-29T16:08:52+00:00","mainEntityOfPage":{"@id":"http:\/\/autosdelpodio.com\/autos\/el-ford-falcon-un-verdadero-icono-de-nuestra-industria-automotriz\/"},"wordCount":529,"commentCount":1,"publisher":{"@id":"http:\/\/autosdelpodio.com\/autos\/#organization"},"image":{"@id":"http:\/\/autosdelpodio.com\/autos\/el-ford-falcon-un-verdadero-icono-de-nuestra-industria-automotriz\/#primaryimage"},"thumbnailUrl":"http:\/\/autosdelpodio.com\/autos\/wp-content\/uploads\/2014\/06\/logo_ford.jpg","articleSection":["Autos Eternos"],"inLanguage":"es","potentialAction":[{"@type":"CommentAction","name":"Comment","target":["http:\/\/autosdelpodio.com\/autos\/el-ford-falcon-un-verdadero-icono-de-nuestra-industria-automotriz\/#respond"]}]},{"@type":"WebPage","@id":"http:\/\/autosdelpodio.com\/autos\/el-ford-falcon-un-verdadero-icono-de-nuestra-industria-automotriz\/","url":"http:\/\/autosdelpodio.com\/autos\/el-ford-falcon-un-verdadero-icono-de-nuestra-industria-automotriz\/","name":"Autos del Podio | El Ford Falcon: un verdadero icono de nuestra industria automotriz - Parte I","isPartOf":{"@id":"http:\/\/autosdelpodio.com\/autos\/#website"},"primaryImageOfPage":{"@id":"http:\/\/autosdelpodio.com\/autos\/el-ford-falcon-un-verdadero-icono-de-nuestra-industria-automotriz\/#primaryimage"},"image":{"@id":"http:\/\/autosdelpodio.com\/autos\/el-ford-falcon-un-verdadero-icono-de-nuestra-industria-automotriz\/#primaryimage"},"thumbnailUrl":"http:\/\/autosdelpodio.com\/autos\/wp-content\/uploads\/2014\/06\/logo_ford.jpg","datePublished":"2014-06-29T16:08:52+00:00","description":"Autos del Podio","breadcrumb":{"@id":"http:\/\/autosdelpodio.com\/autos\/el-ford-falcon-un-verdadero-icono-de-nuestra-industria-automotriz\/#breadcrumb"},"inLanguage":"es","potentialAction":[{"@type":"ReadAction","target":["http:\/\/autosdelpodio.com\/autos\/el-ford-falcon-un-verdadero-icono-de-nuestra-industria-automotriz\/"]}]},{"@type":"ImageObject","inLanguage":"es","@id":"http:\/\/autosdelpodio.com\/autos\/el-ford-falcon-un-verdadero-icono-de-nuestra-industria-automotriz\/#primaryimage","url":"http:\/\/autosdelpodio.com\/autos\/wp-content\/uploads\/2014\/06\/logo_ford.jpg","contentUrl":"http:\/\/autosdelpodio.com\/autos\/wp-content\/uploads\/2014\/06\/logo_ford.jpg","width":1753,"height":845},{"@type":"BreadcrumbList","@id":"http:\/\/autosdelpodio.com\/autos\/el-ford-falcon-un-verdadero-icono-de-nuestra-industria-automotriz\/#breadcrumb","itemListElement":[{"@type":"ListItem","position":1,"name":"Portada","item":"http:\/\/autosdelpodio.com\/autos\/"},{"@type":"ListItem","position":2,"name":"El Ford Falcon: un verdadero icono de nuestra industria automotriz &#8211; Parte I"}]},{"@type":"WebSite","@id":"http:\/\/autosdelpodio.com\/autos\/#website","url":"http:\/\/autosdelpodio.com\/autos\/","name":"Autos del Podio","description":"La sexta del deporte motor","publisher":{"@id":"http:\/\/autosdelpodio.com\/autos\/#organization"},"potentialAction":[{"@type":"SearchAction","target":{"@type":"EntryPoint","urlTemplate":"http:\/\/autosdelpodio.com\/autos\/?s={search_term_string}"},"query-input":{"@type":"PropertyValueSpecification","valueRequired":true,"valueName":"search_term_string"}}],"inLanguage":"es"},{"@type":"Organization","@id":"http:\/\/autosdelpodio.com\/autos\/#organization","name":"Autos del Podio","url":"http:\/\/autosdelpodio.com\/autos\/","logo":{"@type":"ImageObject","inLanguage":"es","@id":"http:\/\/autosdelpodio.com\/autos\/#\/schema\/logo\/image\/","url":"http:\/\/autosdelpodio.com\/autos\/wp-content\/uploads\/2020\/08\/Logo_AR.jpg","contentUrl":"http:\/\/autosdelpodio.com\/autos\/wp-content\/uploads\/2020\/08\/Logo_AR.jpg","width":1038,"height":1044,"caption":"Autos del Podio"},"image":{"@id":"http:\/\/autosdelpodio.com\/autos\/#\/schema\/logo\/image\/"},"sameAs":["https:\/\/www.facebook.com\/profile.php?id=100057192590976&amp;amp;amp;amp;amp;amp;amp;amp;amp;amp;amp;amp;amp;amp;amp;amp;amp;amp;ref=ts","https:\/\/x.com\/autosdelpodio","https:\/\/www.youtube.com\/user\/AutosdelPodio"]},{"@type":"Person","@id":"http:\/\/autosdelpodio.com\/autos\/#\/schema\/person\/e88353cabf768863fdf874e30120f3ba","name":"wi022230","image":{"@type":"ImageObject","inLanguage":"es","@id":"http:\/\/autosdelpodio.com\/autos\/wp-content\/litespeed\/avatar\/453fc9bdbb11d766ba4c7f14d0bd0aa9.jpg?ver=1777404874","url":"http:\/\/autosdelpodio.com\/autos\/wp-content\/litespeed\/avatar\/453fc9bdbb11d766ba4c7f14d0bd0aa9.jpg?ver=1777404874","contentUrl":"http:\/\/autosdelpodio.com\/autos\/wp-content\/litespeed\/avatar\/453fc9bdbb11d766ba4c7f14d0bd0aa9.jpg?ver=1777404874","caption":"wi022230"}}]}},"views":943,"_links":{"self":[{"href":"http:\/\/autosdelpodio.com\/autos\/wp-json\/wp\/v2\/posts\/1032","targetHints":{"allow":["GET"]}}],"collection":[{"href":"http:\/\/autosdelpodio.com\/autos\/wp-json\/wp\/v2\/posts"}],"about":[{"href":"http:\/\/autosdelpodio.com\/autos\/wp-json\/wp\/v2\/types\/post"}],"author":[{"embeddable":true,"href":"http:\/\/autosdelpodio.com\/autos\/wp-json\/wp\/v2\/users\/1"}],"replies":[{"embeddable":true,"href":"http:\/\/autosdelpodio.com\/autos\/wp-json\/wp\/v2\/comments?post=1032"}],"version-history":[{"count":1,"href":"http:\/\/autosdelpodio.com\/autos\/wp-json\/wp\/v2\/posts\/1032\/revisions"}],"predecessor-version":[{"id":1722,"href":"http:\/\/autosdelpodio.com\/autos\/wp-json\/wp\/v2\/posts\/1032\/revisions\/1722"}],"wp:featuredmedia":[{"embeddable":true,"href":"http:\/\/autosdelpodio.com\/autos\/wp-json\/wp\/v2\/media\/1031"}],"wp:attachment":[{"href":"http:\/\/autosdelpodio.com\/autos\/wp-json\/wp\/v2\/media?parent=1032"}],"wp:term":[{"taxonomy":"category","embeddable":true,"href":"http:\/\/autosdelpodio.com\/autos\/wp-json\/wp\/v2\/categories?post=1032"},{"taxonomy":"post_tag","embeddable":true,"href":"http:\/\/autosdelpodio.com\/autos\/wp-json\/wp\/v2\/tags?post=1032"}],"curies":[{"name":"wp","href":"https:\/\/api.w.org\/{rel}","templated":true}]}}