{"id":1041,"date":"2014-07-16T00:53:00","date_gmt":"2014-07-16T00:53:00","guid":{"rendered":"http:\/\/autosdelpodio.com\/autos\/2014\/07\/16\/el-torino-un-auto-novedoso-pionero-y-unico-en-el-mundo\/"},"modified":"2020-04-12T19:29:03","modified_gmt":"2020-04-12T19:29:03","slug":"el-torino-un-auto-novedoso-pionero-y-unico-en-el-mundo","status":"publish","type":"post","link":"http:\/\/autosdelpodio.com\/autos\/el-torino-un-auto-novedoso-pionero-y-unico-en-el-mundo\/","title":{"rendered":"El Torino: un auto novedoso, pionero y \u00fanico en el mundo"},"content":{"rendered":"<p style=\"text-align: justify;\">El Torino se desarroll\u00f3 entre 1964 y 1966.<\/p>\n<p style=\"text-align: justify;\">Aquella \u00e9poca de la Argentina demandaba un auto compacto, mediano y de dise\u00f1o deportivo con la menor inversi\u00f3n posible.<\/p>\n<p style=\"text-align: justify;\"><span style=\"line-height: 1.3em;\">En sus versiones 2 y 4 puertas, era un auto con dise\u00f1o europeo (aunque reformado y fabricado \u00edntegramente en el pais) que tenia previsto llegar \u00a0a los 200 Km. \/h (objetivo que finalmente logra).<\/span><span style=\"line-height: 1.3em;\">Un motor de 175 HP, 2500 y 3300 CC.<\/span><\/p>\n<p style=\"text-align: justify;\">El Torino versi\u00f3n Pininfarina, no tenia muchos detalles en cromo, mas bien los suficientes para resaltar las l\u00edneas del auto.<\/p>\n<p style=\"text-align: justify;\"><span style=\"line-height: 1.3em;\">El modelo introduce detalles en madera, los cuales le otorgan rasgos deportivos y calidez en su interior.Ademas fue el primer auto en incorporar de serie los faros con diodo.<\/span><\/p>\n<p style=\"text-align: justify;\"><em><strong>Dimensiones:<\/strong><\/em><\/p>\n<p style=\"text-align: justify;\"><span style=\"line-height: 1.3em;\"><em>Largo Total: 4,736 m.<\/em><\/span><\/p>\n<p style=\"text-align: justify;\"><em>Altura Total: 1,8 m.<\/em><\/p>\n<p style=\"text-align: justify;\"><em>Altura Coupe: 1,42 m.<\/em><\/p>\n<p style=\"text-align: justify;\"><em>Altura 4 puertas: 1,44 m.<\/em><\/p>\n<p style=\"text-align: justify;\"><span style=\"line-height: 1.3em;\">Caja velocidades ZF 4v. <\/span><\/p>\n<p style=\"text-align: justify;\">El sistema de suspensi\u00f3n independiente hubiera sido el ideal pero por entonces era inviable.<span style=\"line-height: 1.3em;\">La ingenier\u00eda fue argentina fue desarrollada en la provincia de C\u00f3rdoba.<\/span><\/p>\n<p style=\"text-align: justify;\"><span style=\"line-height: 1.3em;\">El lanzamiento comercial del Torino se produjo en Enero de 1967 .<\/span><\/p>\n<p style=\"text-align: justify;\">3V 4puertas 122 HP.<\/p>\n<p style=\"text-align: justify;\">2 Versiones de Coupe: 380 y 380 W<\/p>\n<p style=\"text-align: justify;\">3 Versiones 4 puertas, la m\u00e1s popular fue la 4L<\/p>\n<p style=\"text-align: justify;\"><span style=\"line-height: 1.3em;\">En su incursi\u00f3n dentro del \u00e1mbito deportivo debuta ganando en la Vuelta de San Pedro, cortando la hegemon\u00eda Ford.<\/span><\/p>\n<p style=\"text-align: justify;\">En poco tiempo logra convertirse en el auto aspiracional de los argentinos.<\/p>\n<p style=\"text-align: justify;\"><span style=\"line-height: 1.3em;\"><strong>1969\/1970<\/strong><\/span><\/p>\n<p style=\"text-align: justify;\"><span style=\"line-height: 1.3em;\">En su primer Restyling el Torino TS incorpora faros circulares en su parte trasera y se modifican levente los paragolpes.Posee una parrilla mas integrada.Su logo queda enmarcado en la parte central a modo de escudo.<\/span><\/p>\n<p style=\"text-align: justify;\">Se estilizan las luces de giro.La consola de la caja de cambios posee fuelle de cuero y una palanca en madera a tono con un tablero estilo aeronoautico.Se lo equipa con radio AM en forma seriada.<\/p>\n<p style=\"text-align: justify;\">Sus \u00faltimas versiones fueron el Torino GR y Zx.<\/p>\n<p style=\"text-align: justify;\"><span style=\"line-height: 1.3em;\">En <\/span><strong style=\"line-height: 1.3em;\">1975<\/strong><span style=\"line-height: 1.3em;\"> Renault adquiri\u00f3 el dominio mayoritario de IKA (Industrias Kaiser Argentina) y renombr\u00f3 al Torino como Renault Torino<\/span><\/p>\n<p style=\"text-align: justify;\"><strong style=\"line-height: 1.3em;\">1976:<\/strong><span style=\"line-height: 1.3em;\"> se discontin\u00faan los 3 carburadores Weber de doble boca. Adem\u00e1s se reemplazan los detalles en madera por material vinilo.<\/span><\/p>\n<p style=\"text-align: justify;\"><strong style=\"line-height: 1.3em;\">1978:<\/strong><span style=\"line-height: 1.3em;\"> el a\u00f1o del modelo Grand Routier, un sedan de turismo.<\/span><\/p>\n<p style=\"text-align: justify;\"><span style=\"line-height: 1.3em;\"><strong>1979: <\/strong>La vigente Ley de Reconversi\u00f3n automotriz flexibiliza las importaciones.Incorpora llantas de aleaci\u00f3n.<\/span><\/p>\n<p style=\"text-align: justify;\">El Renault Torino se vende con el Logo del Rombo.<\/p>\n<p style=\"text-align: justify;\">Su fabricaci\u00f3n se extiende hasta Diciembre de <strong>1981<\/strong>, y algunas unidades logran patentarse al a\u00f1o siguiente.<\/p>\n<p style=\"text-align: justify;\">En total se estima que se fabricaron algo mas de 99.000 unidades, de las cuales mas del 50% fueron en versi\u00f3n Coupe.<\/p>\n<p style=\"text-align: justify;\">\n<p style=\"text-align: justify;\"><em>Agradecemos a Gustavo Feder,\u00a0<span style=\"color: #666666; font-family: Helvetica, Arial, sans-serif; line-height: 17.454545974731445px;\">editor del sitio y revista digital Autohistoria<\/span><span style=\"color: #666666; font-family: Helvetica, Arial, sans-serif; line-height: 17.454545974731445px;\"> por los datos tecnicos.<\/span><\/em><\/p>\n","protected":false},"excerpt":{"rendered":"<p>El Torino se desarroll\u00f3 entre 1964 y 1966. Aquella \u00e9poca de la Argentina demandaba un auto compacto, mediano y de<\/p>\n","protected":false},"author":1,"featured_media":1720,"comment_status":"open","ping_status":"open","sticky":false,"template":"","format":"standard","meta":{"colormag_page_container_layout":"default_layout","colormag_page_sidebar_layout":"default_layout","footnotes":""},"categories":[21],"tags":[],"class_list":["post-1041","post","type-post","status-publish","format-standard","has-post-thumbnail","hentry","category-autos-eternos"],"yoast_head":"<!-- This site is optimized with the Yoast SEO plugin v27.5 - https:\/\/yoast.com\/product\/yoast-seo-wordpress\/ -->\n<title>Autos del Podio | El Torino: un auto novedoso, pionero y \u00fanico en el mundo<\/title>\n<meta name=\"description\" content=\"Autos del Podio\" \/>\n<meta name=\"robots\" content=\"index, follow, max-snippet:-1, max-image-preview:large, max-video-preview:-1\" \/>\n<link rel=\"canonical\" href=\"http:\/\/autosdelpodio.com\/autos\/el-torino-un-auto-novedoso-pionero-y-unico-en-el-mundo\/\" \/>\n<meta property=\"og:locale\" content=\"es_ES\" \/>\n<meta property=\"og:type\" content=\"article\" \/>\n<meta property=\"og:title\" content=\"Autos del Podio | El Torino: un auto novedoso, pionero y \u00fanico en el mundo\" \/>\n<meta property=\"og:description\" content=\"Autos del Podio\" \/>\n<meta property=\"og:url\" content=\"http:\/\/autosdelpodio.com\/autos\/el-torino-un-auto-novedoso-pionero-y-unico-en-el-mundo\/\" \/>\n<meta property=\"og:site_name\" content=\"Autos del Podio\" \/>\n<meta property=\"article:publisher\" content=\"https:\/\/www.facebook.com\/profile.php?id=100057192590976&amp;amp%3bamp%3bamp%3bamp%3bamp%3bamp%3bamp%3bamp%3bamp%3bamp%3bamp%3bamp%3bamp%3bamp%3bamp%3bamp%3bamp%3bamp%3bref=ts\" \/>\n<meta property=\"article:published_time\" content=\"2014-07-16T00:53:00+00:00\" \/>\n<meta property=\"article:modified_time\" content=\"2020-04-12T19:29:03+00:00\" \/>\n<meta property=\"og:image\" content=\"http:\/\/autosdelpodio.com\/autos\/wp-content\/uploads\/2014\/07\/Torino_NotaGen-scaled.jpg\" \/>\n\t<meta property=\"og:image:width\" content=\"2560\" \/>\n\t<meta property=\"og:image:height\" content=\"1655\" \/>\n\t<meta property=\"og:image:type\" content=\"image\/jpeg\" \/>\n<meta name=\"author\" content=\"wi022230\" \/>\n<meta name=\"twitter:card\" content=\"summary_large_image\" \/>\n<meta name=\"twitter:creator\" content=\"@autosdelpodio\" \/>\n<meta name=\"twitter:site\" content=\"@autosdelpodio\" \/>\n<meta name=\"twitter:label1\" content=\"Escrito por\" \/>\n\t<meta name=\"twitter:data1\" content=\"wi022230\" \/>\n\t<meta name=\"twitter:label2\" content=\"Tiempo de lectura\" \/>\n\t<meta name=\"twitter:data2\" content=\"2 minutos\" \/>\n<script type=\"application\/ld+json\" class=\"yoast-schema-graph\">{\"@context\":\"https:\\\/\\\/schema.org\",\"@graph\":[{\"@type\":\"Article\",\"@id\":\"http:\\\/\\\/autosdelpodio.com\\\/autos\\\/el-torino-un-auto-novedoso-pionero-y-unico-en-el-mundo\\\/#article\",\"isPartOf\":{\"@id\":\"http:\\\/\\\/autosdelpodio.com\\\/autos\\\/el-torino-un-auto-novedoso-pionero-y-unico-en-el-mundo\\\/\"},\"author\":{\"name\":\"wi022230\",\"@id\":\"http:\\\/\\\/autosdelpodio.com\\\/autos\\\/#\\\/schema\\\/person\\\/e88353cabf768863fdf874e30120f3ba\"},\"headline\":\"El Torino: un auto novedoso, pionero y \u00fanico en el mundo\",\"datePublished\":\"2014-07-16T00:53:00+00:00\",\"dateModified\":\"2020-04-12T19:29:03+00:00\",\"mainEntityOfPage\":{\"@id\":\"http:\\\/\\\/autosdelpodio.com\\\/autos\\\/el-torino-un-auto-novedoso-pionero-y-unico-en-el-mundo\\\/\"},\"wordCount\":444,\"commentCount\":4,\"publisher\":{\"@id\":\"http:\\\/\\\/autosdelpodio.com\\\/autos\\\/#organization\"},\"image\":{\"@id\":\"http:\\\/\\\/autosdelpodio.com\\\/autos\\\/el-torino-un-auto-novedoso-pionero-y-unico-en-el-mundo\\\/#primaryimage\"},\"thumbnailUrl\":\"http:\\\/\\\/autosdelpodio.com\\\/autos\\\/wp-content\\\/uploads\\\/2014\\\/07\\\/Torino_NotaGen-scaled.jpg\",\"articleSection\":[\"Autos Eternos\"],\"inLanguage\":\"es\",\"potentialAction\":[{\"@type\":\"CommentAction\",\"name\":\"Comment\",\"target\":[\"http:\\\/\\\/autosdelpodio.com\\\/autos\\\/el-torino-un-auto-novedoso-pionero-y-unico-en-el-mundo\\\/#respond\"]}]},{\"@type\":\"WebPage\",\"@id\":\"http:\\\/\\\/autosdelpodio.com\\\/autos\\\/el-torino-un-auto-novedoso-pionero-y-unico-en-el-mundo\\\/\",\"url\":\"http:\\\/\\\/autosdelpodio.com\\\/autos\\\/el-torino-un-auto-novedoso-pionero-y-unico-en-el-mundo\\\/\",\"name\":\"Autos del Podio | El Torino: un auto novedoso, pionero y \u00fanico en el mundo\",\"isPartOf\":{\"@id\":\"http:\\\/\\\/autosdelpodio.com\\\/autos\\\/#website\"},\"primaryImageOfPage\":{\"@id\":\"http:\\\/\\\/autosdelpodio.com\\\/autos\\\/el-torino-un-auto-novedoso-pionero-y-unico-en-el-mundo\\\/#primaryimage\"},\"image\":{\"@id\":\"http:\\\/\\\/autosdelpodio.com\\\/autos\\\/el-torino-un-auto-novedoso-pionero-y-unico-en-el-mundo\\\/#primaryimage\"},\"thumbnailUrl\":\"http:\\\/\\\/autosdelpodio.com\\\/autos\\\/wp-content\\\/uploads\\\/2014\\\/07\\\/Torino_NotaGen-scaled.jpg\",\"datePublished\":\"2014-07-16T00:53:00+00:00\",\"dateModified\":\"2020-04-12T19:29:03+00:00\",\"description\":\"Autos del Podio\",\"breadcrumb\":{\"@id\":\"http:\\\/\\\/autosdelpodio.com\\\/autos\\\/el-torino-un-auto-novedoso-pionero-y-unico-en-el-mundo\\\/#breadcrumb\"},\"inLanguage\":\"es\",\"potentialAction\":[{\"@type\":\"ReadAction\",\"target\":[\"http:\\\/\\\/autosdelpodio.com\\\/autos\\\/el-torino-un-auto-novedoso-pionero-y-unico-en-el-mundo\\\/\"]}]},{\"@type\":\"ImageObject\",\"inLanguage\":\"es\",\"@id\":\"http:\\\/\\\/autosdelpodio.com\\\/autos\\\/el-torino-un-auto-novedoso-pionero-y-unico-en-el-mundo\\\/#primaryimage\",\"url\":\"http:\\\/\\\/autosdelpodio.com\\\/autos\\\/wp-content\\\/uploads\\\/2014\\\/07\\\/Torino_NotaGen-scaled.jpg\",\"contentUrl\":\"http:\\\/\\\/autosdelpodio.com\\\/autos\\\/wp-content\\\/uploads\\\/2014\\\/07\\\/Torino_NotaGen-scaled.jpg\",\"width\":2560,\"height\":1655},{\"@type\":\"BreadcrumbList\",\"@id\":\"http:\\\/\\\/autosdelpodio.com\\\/autos\\\/el-torino-un-auto-novedoso-pionero-y-unico-en-el-mundo\\\/#breadcrumb\",\"itemListElement\":[{\"@type\":\"ListItem\",\"position\":1,\"name\":\"Portada\",\"item\":\"http:\\\/\\\/autosdelpodio.com\\\/autos\\\/\"},{\"@type\":\"ListItem\",\"position\":2,\"name\":\"El Torino: un auto novedoso, pionero y \u00fanico en el mundo\"}]},{\"@type\":\"WebSite\",\"@id\":\"http:\\\/\\\/autosdelpodio.com\\\/autos\\\/#website\",\"url\":\"http:\\\/\\\/autosdelpodio.com\\\/autos\\\/\",\"name\":\"Autos del Podio\",\"description\":\"La sexta del deporte motor\",\"publisher\":{\"@id\":\"http:\\\/\\\/autosdelpodio.com\\\/autos\\\/#organization\"},\"potentialAction\":[{\"@type\":\"SearchAction\",\"target\":{\"@type\":\"EntryPoint\",\"urlTemplate\":\"http:\\\/\\\/autosdelpodio.com\\\/autos\\\/?s={search_term_string}\"},\"query-input\":{\"@type\":\"PropertyValueSpecification\",\"valueRequired\":true,\"valueName\":\"search_term_string\"}}],\"inLanguage\":\"es\"},{\"@type\":\"Organization\",\"@id\":\"http:\\\/\\\/autosdelpodio.com\\\/autos\\\/#organization\",\"name\":\"Autos del Podio\",\"url\":\"http:\\\/\\\/autosdelpodio.com\\\/autos\\\/\",\"logo\":{\"@type\":\"ImageObject\",\"inLanguage\":\"es\",\"@id\":\"http:\\\/\\\/autosdelpodio.com\\\/autos\\\/#\\\/schema\\\/logo\\\/image\\\/\",\"url\":\"http:\\\/\\\/autosdelpodio.com\\\/autos\\\/wp-content\\\/uploads\\\/2020\\\/08\\\/Logo_AR.jpg\",\"contentUrl\":\"http:\\\/\\\/autosdelpodio.com\\\/autos\\\/wp-content\\\/uploads\\\/2020\\\/08\\\/Logo_AR.jpg\",\"width\":1038,\"height\":1044,\"caption\":\"Autos del Podio\"},\"image\":{\"@id\":\"http:\\\/\\\/autosdelpodio.com\\\/autos\\\/#\\\/schema\\\/logo\\\/image\\\/\"},\"sameAs\":[\"https:\\\/\\\/www.facebook.com\\\/profile.php?id=100057192590976&amp;amp;amp;amp;amp;amp;amp;amp;amp;amp;amp;amp;amp;amp;amp;amp;amp;amp;ref=ts\",\"https:\\\/\\\/x.com\\\/autosdelpodio\",\"https:\\\/\\\/www.youtube.com\\\/user\\\/AutosdelPodio\"]},{\"@type\":\"Person\",\"@id\":\"http:\\\/\\\/autosdelpodio.com\\\/autos\\\/#\\\/schema\\\/person\\\/e88353cabf768863fdf874e30120f3ba\",\"name\":\"wi022230\",\"image\":{\"@type\":\"ImageObject\",\"inLanguage\":\"es\",\"@id\":\"http:\\\/\\\/autosdelpodio.com\\\/autos\\\/wp-content\\\/litespeed\\\/avatar\\\/453fc9bdbb11d766ba4c7f14d0bd0aa9.jpg?ver=1777404874\",\"url\":\"http:\\\/\\\/autosdelpodio.com\\\/autos\\\/wp-content\\\/litespeed\\\/avatar\\\/453fc9bdbb11d766ba4c7f14d0bd0aa9.jpg?ver=1777404874\",\"contentUrl\":\"http:\\\/\\\/autosdelpodio.com\\\/autos\\\/wp-content\\\/litespeed\\\/avatar\\\/453fc9bdbb11d766ba4c7f14d0bd0aa9.jpg?ver=1777404874\",\"caption\":\"wi022230\"}}]}<\/script>\n<!-- \/ Yoast SEO plugin. -->","yoast_head_json":{"title":"Autos del Podio | El Torino: un auto novedoso, pionero y \u00fanico en el mundo","description":"Autos del Podio","robots":{"index":"index","follow":"follow","max-snippet":"max-snippet:-1","max-image-preview":"max-image-preview:large","max-video-preview":"max-video-preview:-1"},"canonical":"http:\/\/autosdelpodio.com\/autos\/el-torino-un-auto-novedoso-pionero-y-unico-en-el-mundo\/","og_locale":"es_ES","og_type":"article","og_title":"Autos del Podio | El Torino: un auto novedoso, pionero y \u00fanico en el mundo","og_description":"Autos del Podio","og_url":"http:\/\/autosdelpodio.com\/autos\/el-torino-un-auto-novedoso-pionero-y-unico-en-el-mundo\/","og_site_name":"Autos del Podio","article_publisher":"https:\/\/www.facebook.com\/profile.php?id=100057192590976&amp%3bamp%3bamp%3bamp%3bamp%3bamp%3bamp%3bamp%3bamp%3bamp%3bamp%3bamp%3bamp%3bamp%3bamp%3bamp%3bamp%3bamp%3bref=ts","article_published_time":"2014-07-16T00:53:00+00:00","article_modified_time":"2020-04-12T19:29:03+00:00","og_image":[{"width":2560,"height":1655,"url":"http:\/\/autosdelpodio.com\/autos\/wp-content\/uploads\/2014\/07\/Torino_NotaGen-scaled.jpg","type":"image\/jpeg"}],"author":"wi022230","twitter_card":"summary_large_image","twitter_creator":"@autosdelpodio","twitter_site":"@autosdelpodio","twitter_misc":{"Escrito por":"wi022230","Tiempo de lectura":"2 minutos"},"schema":{"@context":"https:\/\/schema.org","@graph":[{"@type":"Article","@id":"http:\/\/autosdelpodio.com\/autos\/el-torino-un-auto-novedoso-pionero-y-unico-en-el-mundo\/#article","isPartOf":{"@id":"http:\/\/autosdelpodio.com\/autos\/el-torino-un-auto-novedoso-pionero-y-unico-en-el-mundo\/"},"author":{"name":"wi022230","@id":"http:\/\/autosdelpodio.com\/autos\/#\/schema\/person\/e88353cabf768863fdf874e30120f3ba"},"headline":"El Torino: un auto novedoso, pionero y \u00fanico en el mundo","datePublished":"2014-07-16T00:53:00+00:00","dateModified":"2020-04-12T19:29:03+00:00","mainEntityOfPage":{"@id":"http:\/\/autosdelpodio.com\/autos\/el-torino-un-auto-novedoso-pionero-y-unico-en-el-mundo\/"},"wordCount":444,"commentCount":4,"publisher":{"@id":"http:\/\/autosdelpodio.com\/autos\/#organization"},"image":{"@id":"http:\/\/autosdelpodio.com\/autos\/el-torino-un-auto-novedoso-pionero-y-unico-en-el-mundo\/#primaryimage"},"thumbnailUrl":"http:\/\/autosdelpodio.com\/autos\/wp-content\/uploads\/2014\/07\/Torino_NotaGen-scaled.jpg","articleSection":["Autos Eternos"],"inLanguage":"es","potentialAction":[{"@type":"CommentAction","name":"Comment","target":["http:\/\/autosdelpodio.com\/autos\/el-torino-un-auto-novedoso-pionero-y-unico-en-el-mundo\/#respond"]}]},{"@type":"WebPage","@id":"http:\/\/autosdelpodio.com\/autos\/el-torino-un-auto-novedoso-pionero-y-unico-en-el-mundo\/","url":"http:\/\/autosdelpodio.com\/autos\/el-torino-un-auto-novedoso-pionero-y-unico-en-el-mundo\/","name":"Autos del Podio | El Torino: un auto novedoso, pionero y \u00fanico en el mundo","isPartOf":{"@id":"http:\/\/autosdelpodio.com\/autos\/#website"},"primaryImageOfPage":{"@id":"http:\/\/autosdelpodio.com\/autos\/el-torino-un-auto-novedoso-pionero-y-unico-en-el-mundo\/#primaryimage"},"image":{"@id":"http:\/\/autosdelpodio.com\/autos\/el-torino-un-auto-novedoso-pionero-y-unico-en-el-mundo\/#primaryimage"},"thumbnailUrl":"http:\/\/autosdelpodio.com\/autos\/wp-content\/uploads\/2014\/07\/Torino_NotaGen-scaled.jpg","datePublished":"2014-07-16T00:53:00+00:00","dateModified":"2020-04-12T19:29:03+00:00","description":"Autos del Podio","breadcrumb":{"@id":"http:\/\/autosdelpodio.com\/autos\/el-torino-un-auto-novedoso-pionero-y-unico-en-el-mundo\/#breadcrumb"},"inLanguage":"es","potentialAction":[{"@type":"ReadAction","target":["http:\/\/autosdelpodio.com\/autos\/el-torino-un-auto-novedoso-pionero-y-unico-en-el-mundo\/"]}]},{"@type":"ImageObject","inLanguage":"es","@id":"http:\/\/autosdelpodio.com\/autos\/el-torino-un-auto-novedoso-pionero-y-unico-en-el-mundo\/#primaryimage","url":"http:\/\/autosdelpodio.com\/autos\/wp-content\/uploads\/2014\/07\/Torino_NotaGen-scaled.jpg","contentUrl":"http:\/\/autosdelpodio.com\/autos\/wp-content\/uploads\/2014\/07\/Torino_NotaGen-scaled.jpg","width":2560,"height":1655},{"@type":"BreadcrumbList","@id":"http:\/\/autosdelpodio.com\/autos\/el-torino-un-auto-novedoso-pionero-y-unico-en-el-mundo\/#breadcrumb","itemListElement":[{"@type":"ListItem","position":1,"name":"Portada","item":"http:\/\/autosdelpodio.com\/autos\/"},{"@type":"ListItem","position":2,"name":"El Torino: un auto novedoso, pionero y \u00fanico en el mundo"}]},{"@type":"WebSite","@id":"http:\/\/autosdelpodio.com\/autos\/#website","url":"http:\/\/autosdelpodio.com\/autos\/","name":"Autos del Podio","description":"La sexta del deporte motor","publisher":{"@id":"http:\/\/autosdelpodio.com\/autos\/#organization"},"potentialAction":[{"@type":"SearchAction","target":{"@type":"EntryPoint","urlTemplate":"http:\/\/autosdelpodio.com\/autos\/?s={search_term_string}"},"query-input":{"@type":"PropertyValueSpecification","valueRequired":true,"valueName":"search_term_string"}}],"inLanguage":"es"},{"@type":"Organization","@id":"http:\/\/autosdelpodio.com\/autos\/#organization","name":"Autos del Podio","url":"http:\/\/autosdelpodio.com\/autos\/","logo":{"@type":"ImageObject","inLanguage":"es","@id":"http:\/\/autosdelpodio.com\/autos\/#\/schema\/logo\/image\/","url":"http:\/\/autosdelpodio.com\/autos\/wp-content\/uploads\/2020\/08\/Logo_AR.jpg","contentUrl":"http:\/\/autosdelpodio.com\/autos\/wp-content\/uploads\/2020\/08\/Logo_AR.jpg","width":1038,"height":1044,"caption":"Autos del Podio"},"image":{"@id":"http:\/\/autosdelpodio.com\/autos\/#\/schema\/logo\/image\/"},"sameAs":["https:\/\/www.facebook.com\/profile.php?id=100057192590976&amp;amp;amp;amp;amp;amp;amp;amp;amp;amp;amp;amp;amp;amp;amp;amp;amp;amp;ref=ts","https:\/\/x.com\/autosdelpodio","https:\/\/www.youtube.com\/user\/AutosdelPodio"]},{"@type":"Person","@id":"http:\/\/autosdelpodio.com\/autos\/#\/schema\/person\/e88353cabf768863fdf874e30120f3ba","name":"wi022230","image":{"@type":"ImageObject","inLanguage":"es","@id":"http:\/\/autosdelpodio.com\/autos\/wp-content\/litespeed\/avatar\/453fc9bdbb11d766ba4c7f14d0bd0aa9.jpg?ver=1777404874","url":"http:\/\/autosdelpodio.com\/autos\/wp-content\/litespeed\/avatar\/453fc9bdbb11d766ba4c7f14d0bd0aa9.jpg?ver=1777404874","contentUrl":"http:\/\/autosdelpodio.com\/autos\/wp-content\/litespeed\/avatar\/453fc9bdbb11d766ba4c7f14d0bd0aa9.jpg?ver=1777404874","caption":"wi022230"}}]}},"views":730,"_links":{"self":[{"href":"http:\/\/autosdelpodio.com\/autos\/wp-json\/wp\/v2\/posts\/1041","targetHints":{"allow":["GET"]}}],"collection":[{"href":"http:\/\/autosdelpodio.com\/autos\/wp-json\/wp\/v2\/posts"}],"about":[{"href":"http:\/\/autosdelpodio.com\/autos\/wp-json\/wp\/v2\/types\/post"}],"author":[{"embeddable":true,"href":"http:\/\/autosdelpodio.com\/autos\/wp-json\/wp\/v2\/users\/1"}],"replies":[{"embeddable":true,"href":"http:\/\/autosdelpodio.com\/autos\/wp-json\/wp\/v2\/comments?post=1041"}],"version-history":[{"count":1,"href":"http:\/\/autosdelpodio.com\/autos\/wp-json\/wp\/v2\/posts\/1041\/revisions"}],"predecessor-version":[{"id":1721,"href":"http:\/\/autosdelpodio.com\/autos\/wp-json\/wp\/v2\/posts\/1041\/revisions\/1721"}],"wp:featuredmedia":[{"embeddable":true,"href":"http:\/\/autosdelpodio.com\/autos\/wp-json\/wp\/v2\/media\/1720"}],"wp:attachment":[{"href":"http:\/\/autosdelpodio.com\/autos\/wp-json\/wp\/v2\/media?parent=1041"}],"wp:term":[{"taxonomy":"category","embeddable":true,"href":"http:\/\/autosdelpodio.com\/autos\/wp-json\/wp\/v2\/categories?post=1041"},{"taxonomy":"post_tag","embeddable":true,"href":"http:\/\/autosdelpodio.com\/autos\/wp-json\/wp\/v2\/tags?post=1041"}],"curies":[{"name":"wp","href":"https:\/\/api.w.org\/{rel}","templated":true}]}}