{"id":1049,"date":"2014-08-03T18:20:32","date_gmt":"2014-08-03T18:20:32","guid":{"rendered":"http:\/\/autosdelpodio.com\/autos\/2014\/08\/03\/agarralo-si-podes\/"},"modified":"2014-08-03T18:20:32","modified_gmt":"2014-08-03T18:20:32","slug":"agarralo-si-podes","status":"publish","type":"post","link":"http:\/\/autosdelpodio.com\/autos\/agarralo-si-podes\/","title":{"rendered":"Agarralo si pod\u00e9s"},"content":{"rendered":"<p style=\"text-align: justify;\">Agust\u00edn Canapino (Mercedes)gan\u00f3 de punta a punta la final de Top Race V6 en el Autodromo Eusebio Marcilla de Junin.El piloto de Arrecifes obtuvo as\u00ed su tercer triunfo de forma consecutiva escoltado por Rafael Morgensten (Mitsubishi Lancer) y Lucas Benamo (VW Passat).<\/p>\n<p>  <!--more-->  <\/p>\n<p><span style=\"text-align: justify; line-height: 1.3em;\">La pr\u00f3xima fecha se disputar\u00e1 el 24 de Agosto en el circuito semipermanente de Potrero de los Funes, en la provincia de San Luis.<\/span><\/p>\n<p style=\"text-align: justify;\"><em><strong>Final TRV6 &#8211; A 32 Vueltas<\/strong><\/em><\/p>\n<p style=\"text-align: justify;\">1<span style=\"white-space: pre;\"> <\/span>CANAPINO AGUSTIN<span style=\"white-space: pre;\"> <\/span>MERCEDES<span style=\"white-space: pre;\"> <\/span>46;46,948<\/p>\n<p style=\"text-align: justify;\">2<span style=\"white-space: pre;\"> <\/span>MORGENSTERN RAFAEL<span style=\"white-space: pre;\"> <\/span>LANCER<span style=\"white-space: pre;\"> <\/span>46;47,955<span style=\"white-space: pre;\"> <\/span>1,007<\/p>\n<p style=\"text-align: justify;\">3<span style=\"white-space: pre;\"> <\/span>BENAMO LUCAS<span style=\"white-space: pre;\"> <\/span>PASSAT<span style=\"white-space: pre;\"> <\/span>46;56,701<span style=\"white-space: pre;\"> <\/span>9,753<\/p>\n<p style=\"text-align: justify;\">4<span style=\"white-space: pre;\"> <\/span>COTIGNOLA NICOLAS<span style=\"white-space: pre;\"> <\/span>MONDEO<span style=\"white-space: pre;\"> <\/span>46;56,888<span style=\"white-space: pre;\"> <\/span>9,940<\/p>\n<p style=\"text-align: justify;\">5<span style=\"white-space: pre;\"> <\/span>AZAR DIEGO<span style=\"white-space: pre;\"> <\/span>MONDEO<span style=\"white-space: pre;\"> <\/span>47;08,096<span style=\"white-space: pre;\"> <\/span>21,148<\/p>\n<p style=\"text-align: justify;\">6<span style=\"white-space: pre;\"> <\/span>TADEI GUSTAVO<span style=\"white-space: pre;\"> <\/span>CRUZE<span style=\"white-space: pre;\"> <\/span>47;11,657<span style=\"white-space: pre;\"> <\/span>24,709<\/p>\n<p style=\"text-align: justify;\">7<span style=\"white-space: pre;\"> <\/span>RODRIGUEZ MATIAS<span style=\"white-space: pre;\"> <\/span>PASSAT<span style=\"white-space: pre;\"> <\/span>47;13,710<span style=\"white-space: pre;\"> <\/span>26,762<\/p>\n<p style=\"text-align: justify;\">8<span style=\"white-space: pre;\"> <\/span>MICHELOUD GUSTAVO<span style=\"white-space: pre;\"> <\/span>MONDEO<span style=\"white-space: pre;\"> <\/span>47;18,623<span style=\"white-space: pre;\"> <\/span>31,675<\/p>\n<p style=\"text-align: justify;\">9<span style=\"white-space: pre;\"> <\/span>AGRELO MARCELO<span style=\"white-space: pre;\"> <\/span>CRUZE<span style=\"white-space: pre;\"> <\/span>47;38,516<span style=\"white-space: pre;\"> <\/span>51,568<\/p>\n<p style=\"text-align: justify;\">10<span style=\"white-space: pre;\"> <\/span>RISSATI RICARDO<span style=\"white-space: pre;\"> <\/span>PASSAT<span style=\"white-space: pre;\"> <\/span>45;53,068<\/p>\n<p style=\"text-align: justify;\">11<span style=\"white-space: pre;\"> <\/span>SIRVENT GERMAN<span style=\"white-space: pre;\"> <\/span>CRUZE<span style=\"white-space: pre;\"> <\/span>47;17,145<span style=\"white-space: pre;\"> <\/span>30,197<\/p>\n<p style=\"text-align: justify;\">12<span style=\"white-space: pre;\"> <\/span>KRUJOSKI HUMBERTO<span style=\"white-space: pre;\"> <\/span>MERCEDES<span style=\"white-space: pre;\"> <\/span>47;17,624<span style=\"white-space: pre;\"> <\/span>30,676<\/p>\n<p style=\"text-align: justify;\">13<span style=\"white-space: pre;\"> <\/span>ALTUNA MARIANO<span style=\"white-space: pre;\"> <\/span>LANCER<span style=\"white-space: pre;\"> <\/span>48;41,638<span style=\"white-space: pre;\"> <\/span>1;54,690<\/p>\n<p style=\"text-align: justify;\">14<span style=\"white-space: pre;\"> <\/span>SGANGA ANTONINO<span style=\"white-space: pre;\"> <\/span>MERCEDES<span style=\"white-space: pre;\"> <\/span>43;00,566<span style=\"white-space: pre;\"> <\/span><\/p>\n<p style=\"text-align: justify;\">15<span style=\"white-space: pre;\"> <\/span>ALVAREZ JUAN CRUZ<span style=\"white-space: pre;\"> <\/span>MONDEO<span style=\"white-space: pre;\"> <\/span>20;21,254<span style=\"white-space: pre;\"> <\/span><\/p>\n<p style=\"text-align: justify;\">16<span style=\"white-space: pre;\"> <\/span>GIROLAMI NESTOR<span style=\"white-space: pre;\"> <\/span>LANCER<span style=\"white-space: pre;\"> <\/span>10;38,840<span style=\"white-space: pre;\"> <\/span><\/p>\n<p style=\"text-align: justify;\">17<span style=\"white-space: pre;\"> <\/span>MONTENEGRO GONZALO<span style=\"white-space: pre;\"> <\/span>MONDEO<span style=\"white-space: pre;\"> <\/span>7;16,672<span style=\"white-space: pre;\"> <\/span><\/p>\n<p style=\"text-align: justify;\">18<span style=\"white-space: pre;\"> <\/span>URRETAVIZCAYA TOMAS<span style=\"white-space: pre;\"> <\/span>MONDEO<span style=\"white-space: pre;\"> <\/span>1;26,599<span style=\"white-space: pre;\"> <\/span><\/p>\n","protected":false},"excerpt":{"rendered":"<p>Agust\u00edn Canapino (Mercedes)gan\u00f3 de punta a punta la final de Top Race V6 en el Autodromo Eusebio Marcilla de Junin.El<\/p>\n","protected":false},"author":1,"featured_media":0,"comment_status":"open","ping_status":"open","sticky":false,"template":"","format":"standard","meta":{"colormag_page_container_layout":"default_layout","colormag_page_sidebar_layout":"default_layout","footnotes":""},"categories":[5],"tags":[],"class_list":["post-1049","post","type-post","status-publish","format-standard","hentry","category-latest-news"],"yoast_head":"<!-- This site is optimized with the Yoast SEO plugin v27.5 - https:\/\/yoast.com\/product\/yoast-seo-wordpress\/ -->\n<title>Autos del Podio | Agarralo si pod\u00e9s<\/title>\n<meta name=\"description\" content=\"Autos del Podio\" \/>\n<meta name=\"robots\" content=\"index, follow, max-snippet:-1, max-image-preview:large, max-video-preview:-1\" \/>\n<link rel=\"canonical\" href=\"http:\/\/autosdelpodio.com\/autos\/agarralo-si-podes\/\" \/>\n<meta property=\"og:locale\" content=\"es_ES\" \/>\n<meta property=\"og:type\" content=\"article\" \/>\n<meta property=\"og:title\" content=\"Autos del Podio | Agarralo si pod\u00e9s\" \/>\n<meta property=\"og:description\" content=\"Autos del Podio\" \/>\n<meta property=\"og:url\" content=\"http:\/\/autosdelpodio.com\/autos\/agarralo-si-podes\/\" \/>\n<meta property=\"og:site_name\" content=\"Autos del Podio\" \/>\n<meta property=\"article:publisher\" content=\"https:\/\/www.facebook.com\/profile.php?id=100057192590976&amp;amp%3bamp%3bamp%3bamp%3bamp%3bamp%3bamp%3bamp%3bamp%3bamp%3bamp%3bamp%3bamp%3bamp%3bamp%3bamp%3bamp%3bamp%3bref=ts\" \/>\n<meta property=\"article:published_time\" content=\"2014-08-03T18:20:32+00:00\" \/>\n<meta name=\"author\" content=\"wi022230\" \/>\n<meta name=\"twitter:card\" content=\"summary_large_image\" \/>\n<meta name=\"twitter:creator\" content=\"@autosdelpodio\" \/>\n<meta name=\"twitter:site\" content=\"@autosdelpodio\" \/>\n<meta name=\"twitter:label1\" content=\"Escrito por\" \/>\n\t<meta name=\"twitter:data1\" content=\"wi022230\" \/>\n\t<meta name=\"twitter:label2\" content=\"Tiempo de lectura\" \/>\n\t<meta name=\"twitter:data2\" content=\"1 minuto\" \/>\n<script type=\"application\/ld+json\" class=\"yoast-schema-graph\">{\"@context\":\"https:\\\/\\\/schema.org\",\"@graph\":[{\"@type\":\"Article\",\"@id\":\"http:\\\/\\\/autosdelpodio.com\\\/autos\\\/agarralo-si-podes\\\/#article\",\"isPartOf\":{\"@id\":\"http:\\\/\\\/autosdelpodio.com\\\/autos\\\/agarralo-si-podes\\\/\"},\"author\":{\"name\":\"wi022230\",\"@id\":\"http:\\\/\\\/autosdelpodio.com\\\/autos\\\/#\\\/schema\\\/person\\\/e88353cabf768863fdf874e30120f3ba\"},\"headline\":\"Agarralo si pod\u00e9s\",\"datePublished\":\"2014-08-03T18:20:32+00:00\",\"mainEntityOfPage\":{\"@id\":\"http:\\\/\\\/autosdelpodio.com\\\/autos\\\/agarralo-si-podes\\\/\"},\"wordCount\":133,\"commentCount\":0,\"publisher\":{\"@id\":\"http:\\\/\\\/autosdelpodio.com\\\/autos\\\/#organization\"},\"articleSection\":[\"\u00daltimas noticias\"],\"inLanguage\":\"es\",\"potentialAction\":[{\"@type\":\"CommentAction\",\"name\":\"Comment\",\"target\":[\"http:\\\/\\\/autosdelpodio.com\\\/autos\\\/agarralo-si-podes\\\/#respond\"]}]},{\"@type\":\"WebPage\",\"@id\":\"http:\\\/\\\/autosdelpodio.com\\\/autos\\\/agarralo-si-podes\\\/\",\"url\":\"http:\\\/\\\/autosdelpodio.com\\\/autos\\\/agarralo-si-podes\\\/\",\"name\":\"Autos del Podio | Agarralo si pod\u00e9s\",\"isPartOf\":{\"@id\":\"http:\\\/\\\/autosdelpodio.com\\\/autos\\\/#website\"},\"datePublished\":\"2014-08-03T18:20:32+00:00\",\"description\":\"Autos del Podio\",\"breadcrumb\":{\"@id\":\"http:\\\/\\\/autosdelpodio.com\\\/autos\\\/agarralo-si-podes\\\/#breadcrumb\"},\"inLanguage\":\"es\",\"potentialAction\":[{\"@type\":\"ReadAction\",\"target\":[\"http:\\\/\\\/autosdelpodio.com\\\/autos\\\/agarralo-si-podes\\\/\"]}]},{\"@type\":\"BreadcrumbList\",\"@id\":\"http:\\\/\\\/autosdelpodio.com\\\/autos\\\/agarralo-si-podes\\\/#breadcrumb\",\"itemListElement\":[{\"@type\":\"ListItem\",\"position\":1,\"name\":\"Portada\",\"item\":\"http:\\\/\\\/autosdelpodio.com\\\/autos\\\/\"},{\"@type\":\"ListItem\",\"position\":2,\"name\":\"Agarralo si pod\u00e9s\"}]},{\"@type\":\"WebSite\",\"@id\":\"http:\\\/\\\/autosdelpodio.com\\\/autos\\\/#website\",\"url\":\"http:\\\/\\\/autosdelpodio.com\\\/autos\\\/\",\"name\":\"Autos del Podio\",\"description\":\"La sexta del deporte motor\",\"publisher\":{\"@id\":\"http:\\\/\\\/autosdelpodio.com\\\/autos\\\/#organization\"},\"potentialAction\":[{\"@type\":\"SearchAction\",\"target\":{\"@type\":\"EntryPoint\",\"urlTemplate\":\"http:\\\/\\\/autosdelpodio.com\\\/autos\\\/?s={search_term_string}\"},\"query-input\":{\"@type\":\"PropertyValueSpecification\",\"valueRequired\":true,\"valueName\":\"search_term_string\"}}],\"inLanguage\":\"es\"},{\"@type\":\"Organization\",\"@id\":\"http:\\\/\\\/autosdelpodio.com\\\/autos\\\/#organization\",\"name\":\"Autos del Podio\",\"url\":\"http:\\\/\\\/autosdelpodio.com\\\/autos\\\/\",\"logo\":{\"@type\":\"ImageObject\",\"inLanguage\":\"es\",\"@id\":\"http:\\\/\\\/autosdelpodio.com\\\/autos\\\/#\\\/schema\\\/logo\\\/image\\\/\",\"url\":\"http:\\\/\\\/autosdelpodio.com\\\/autos\\\/wp-content\\\/uploads\\\/2020\\\/08\\\/Logo_AR.jpg\",\"contentUrl\":\"http:\\\/\\\/autosdelpodio.com\\\/autos\\\/wp-content\\\/uploads\\\/2020\\\/08\\\/Logo_AR.jpg\",\"width\":1038,\"height\":1044,\"caption\":\"Autos del Podio\"},\"image\":{\"@id\":\"http:\\\/\\\/autosdelpodio.com\\\/autos\\\/#\\\/schema\\\/logo\\\/image\\\/\"},\"sameAs\":[\"https:\\\/\\\/www.facebook.com\\\/profile.php?id=100057192590976&amp;amp;amp;amp;amp;amp;amp;amp;amp;amp;amp;amp;amp;amp;amp;amp;amp;amp;ref=ts\",\"https:\\\/\\\/x.com\\\/autosdelpodio\",\"https:\\\/\\\/www.youtube.com\\\/user\\\/AutosdelPodio\"]},{\"@type\":\"Person\",\"@id\":\"http:\\\/\\\/autosdelpodio.com\\\/autos\\\/#\\\/schema\\\/person\\\/e88353cabf768863fdf874e30120f3ba\",\"name\":\"wi022230\",\"image\":{\"@type\":\"ImageObject\",\"inLanguage\":\"es\",\"@id\":\"http:\\\/\\\/autosdelpodio.com\\\/autos\\\/wp-content\\\/litespeed\\\/avatar\\\/453fc9bdbb11d766ba4c7f14d0bd0aa9.jpg?ver=1777404874\",\"url\":\"http:\\\/\\\/autosdelpodio.com\\\/autos\\\/wp-content\\\/litespeed\\\/avatar\\\/453fc9bdbb11d766ba4c7f14d0bd0aa9.jpg?ver=1777404874\",\"contentUrl\":\"http:\\\/\\\/autosdelpodio.com\\\/autos\\\/wp-content\\\/litespeed\\\/avatar\\\/453fc9bdbb11d766ba4c7f14d0bd0aa9.jpg?ver=1777404874\",\"caption\":\"wi022230\"}}]}<\/script>\n<!-- \/ Yoast SEO plugin. -->","yoast_head_json":{"title":"Autos del Podio | Agarralo si pod\u00e9s","description":"Autos del Podio","robots":{"index":"index","follow":"follow","max-snippet":"max-snippet:-1","max-image-preview":"max-image-preview:large","max-video-preview":"max-video-preview:-1"},"canonical":"http:\/\/autosdelpodio.com\/autos\/agarralo-si-podes\/","og_locale":"es_ES","og_type":"article","og_title":"Autos del Podio | Agarralo si pod\u00e9s","og_description":"Autos del Podio","og_url":"http:\/\/autosdelpodio.com\/autos\/agarralo-si-podes\/","og_site_name":"Autos del Podio","article_publisher":"https:\/\/www.facebook.com\/profile.php?id=100057192590976&amp%3bamp%3bamp%3bamp%3bamp%3bamp%3bamp%3bamp%3bamp%3bamp%3bamp%3bamp%3bamp%3bamp%3bamp%3bamp%3bamp%3bamp%3bref=ts","article_published_time":"2014-08-03T18:20:32+00:00","author":"wi022230","twitter_card":"summary_large_image","twitter_creator":"@autosdelpodio","twitter_site":"@autosdelpodio","twitter_misc":{"Escrito por":"wi022230","Tiempo de lectura":"1 minuto"},"schema":{"@context":"https:\/\/schema.org","@graph":[{"@type":"Article","@id":"http:\/\/autosdelpodio.com\/autos\/agarralo-si-podes\/#article","isPartOf":{"@id":"http:\/\/autosdelpodio.com\/autos\/agarralo-si-podes\/"},"author":{"name":"wi022230","@id":"http:\/\/autosdelpodio.com\/autos\/#\/schema\/person\/e88353cabf768863fdf874e30120f3ba"},"headline":"Agarralo si pod\u00e9s","datePublished":"2014-08-03T18:20:32+00:00","mainEntityOfPage":{"@id":"http:\/\/autosdelpodio.com\/autos\/agarralo-si-podes\/"},"wordCount":133,"commentCount":0,"publisher":{"@id":"http:\/\/autosdelpodio.com\/autos\/#organization"},"articleSection":["\u00daltimas noticias"],"inLanguage":"es","potentialAction":[{"@type":"CommentAction","name":"Comment","target":["http:\/\/autosdelpodio.com\/autos\/agarralo-si-podes\/#respond"]}]},{"@type":"WebPage","@id":"http:\/\/autosdelpodio.com\/autos\/agarralo-si-podes\/","url":"http:\/\/autosdelpodio.com\/autos\/agarralo-si-podes\/","name":"Autos del Podio | Agarralo si pod\u00e9s","isPartOf":{"@id":"http:\/\/autosdelpodio.com\/autos\/#website"},"datePublished":"2014-08-03T18:20:32+00:00","description":"Autos del Podio","breadcrumb":{"@id":"http:\/\/autosdelpodio.com\/autos\/agarralo-si-podes\/#breadcrumb"},"inLanguage":"es","potentialAction":[{"@type":"ReadAction","target":["http:\/\/autosdelpodio.com\/autos\/agarralo-si-podes\/"]}]},{"@type":"BreadcrumbList","@id":"http:\/\/autosdelpodio.com\/autos\/agarralo-si-podes\/#breadcrumb","itemListElement":[{"@type":"ListItem","position":1,"name":"Portada","item":"http:\/\/autosdelpodio.com\/autos\/"},{"@type":"ListItem","position":2,"name":"Agarralo si pod\u00e9s"}]},{"@type":"WebSite","@id":"http:\/\/autosdelpodio.com\/autos\/#website","url":"http:\/\/autosdelpodio.com\/autos\/","name":"Autos del Podio","description":"La sexta del deporte motor","publisher":{"@id":"http:\/\/autosdelpodio.com\/autos\/#organization"},"potentialAction":[{"@type":"SearchAction","target":{"@type":"EntryPoint","urlTemplate":"http:\/\/autosdelpodio.com\/autos\/?s={search_term_string}"},"query-input":{"@type":"PropertyValueSpecification","valueRequired":true,"valueName":"search_term_string"}}],"inLanguage":"es"},{"@type":"Organization","@id":"http:\/\/autosdelpodio.com\/autos\/#organization","name":"Autos del Podio","url":"http:\/\/autosdelpodio.com\/autos\/","logo":{"@type":"ImageObject","inLanguage":"es","@id":"http:\/\/autosdelpodio.com\/autos\/#\/schema\/logo\/image\/","url":"http:\/\/autosdelpodio.com\/autos\/wp-content\/uploads\/2020\/08\/Logo_AR.jpg","contentUrl":"http:\/\/autosdelpodio.com\/autos\/wp-content\/uploads\/2020\/08\/Logo_AR.jpg","width":1038,"height":1044,"caption":"Autos del Podio"},"image":{"@id":"http:\/\/autosdelpodio.com\/autos\/#\/schema\/logo\/image\/"},"sameAs":["https:\/\/www.facebook.com\/profile.php?id=100057192590976&amp;amp;amp;amp;amp;amp;amp;amp;amp;amp;amp;amp;amp;amp;amp;amp;amp;amp;ref=ts","https:\/\/x.com\/autosdelpodio","https:\/\/www.youtube.com\/user\/AutosdelPodio"]},{"@type":"Person","@id":"http:\/\/autosdelpodio.com\/autos\/#\/schema\/person\/e88353cabf768863fdf874e30120f3ba","name":"wi022230","image":{"@type":"ImageObject","inLanguage":"es","@id":"http:\/\/autosdelpodio.com\/autos\/wp-content\/litespeed\/avatar\/453fc9bdbb11d766ba4c7f14d0bd0aa9.jpg?ver=1777404874","url":"http:\/\/autosdelpodio.com\/autos\/wp-content\/litespeed\/avatar\/453fc9bdbb11d766ba4c7f14d0bd0aa9.jpg?ver=1777404874","contentUrl":"http:\/\/autosdelpodio.com\/autos\/wp-content\/litespeed\/avatar\/453fc9bdbb11d766ba4c7f14d0bd0aa9.jpg?ver=1777404874","caption":"wi022230"}}]}},"views":478,"_links":{"self":[{"href":"http:\/\/autosdelpodio.com\/autos\/wp-json\/wp\/v2\/posts\/1049","targetHints":{"allow":["GET"]}}],"collection":[{"href":"http:\/\/autosdelpodio.com\/autos\/wp-json\/wp\/v2\/posts"}],"about":[{"href":"http:\/\/autosdelpodio.com\/autos\/wp-json\/wp\/v2\/types\/post"}],"author":[{"embeddable":true,"href":"http:\/\/autosdelpodio.com\/autos\/wp-json\/wp\/v2\/users\/1"}],"replies":[{"embeddable":true,"href":"http:\/\/autosdelpodio.com\/autos\/wp-json\/wp\/v2\/comments?post=1049"}],"version-history":[{"count":0,"href":"http:\/\/autosdelpodio.com\/autos\/wp-json\/wp\/v2\/posts\/1049\/revisions"}],"wp:attachment":[{"href":"http:\/\/autosdelpodio.com\/autos\/wp-json\/wp\/v2\/media?parent=1049"}],"wp:term":[{"taxonomy":"category","embeddable":true,"href":"http:\/\/autosdelpodio.com\/autos\/wp-json\/wp\/v2\/categories?post=1049"},{"taxonomy":"post_tag","embeddable":true,"href":"http:\/\/autosdelpodio.com\/autos\/wp-json\/wp\/v2\/tags?post=1049"}],"curies":[{"name":"wp","href":"https:\/\/api.w.org\/{rel}","templated":true}]}}