{"id":1060,"date":"2014-08-19T00:34:19","date_gmt":"2014-08-19T00:34:19","guid":{"rendered":"http:\/\/autosdelpodio.com\/autos\/2014\/08\/19\/el-auto-economico-un-debate-abierto-vigente-e-interminable\/"},"modified":"2014-08-19T00:34:19","modified_gmt":"2014-08-19T00:34:19","slug":"el-auto-economico-un-debate-abierto-vigente-e-interminable","status":"publish","type":"post","link":"http:\/\/autosdelpodio.com\/autos\/el-auto-economico-un-debate-abierto-vigente-e-interminable\/","title":{"rendered":"El auto econ\u00f3mico: un debate abierto, vigente e interminable"},"content":{"rendered":"<\/p>\n<p style=\"text-align: justify;\">Pr\u00e1cticamente desde los or\u00edgenes de la historia automotriz, los distintos fabricantes y\/o emprendedores idearon e intentaron llevar a la pr\u00e1ctica diferentes propuestas de autos econ\u00f3micos.Tambien algunos pa\u00edses, sobre todo los denominados emergentes, a trav\u00e9s de pol\u00edticas de estado lo han intentado con poco \u00e9xito.<\/p>\n<p style=\"text-align: justify;\">Un auto no deja de ser un producto, que como tal para ser exitoso requiere una buena pol\u00edtica comercial de posicionamiento.<\/p>\n<p style=\"text-align: justify;\">El autom\u00f3vil, al menos en la Argentina es por un lado, sin\u00f3nimo de estatus, y por otro, sin\u00f3nimo de pertenencia.<\/p>\n<p style=\"text-align: justify;\">El argentino tiene arraigada una gran pasi\u00f3n por los autos.De hecho hay exposiciones casi \u00fanicas en Sudam\u00e9rica como Autoclasica donde se exponen alrededor de \u00a0800 veh\u00edculos cl\u00e1sicos e hist\u00f3ricos de categor\u00eda internacional -todos de m\u00e1s de 30 a\u00f1os de antig\u00fcedad-, en estado original y perfecto funcionamiento para revivir la historia de la industria automotriz.<\/p>\n<p style=\"text-align: justify;\">No caben dudas que un auto econ\u00f3mico seria una gran soluci\u00f3n para achicar la brecha entre los diferentes modelos y marcas. Adem\u00e1s obligar\u00eda a las otras marcas \u00a0(mucho mejor encumbradas) en el mercado a bajar o re pensar los precios finales de venta, escenario dif\u00edcil de imaginar en tiempos modernos.<\/p>\n<p style=\"text-align: justify;\">Pero tambi\u00e9n seria una gran soluci\u00f3n si los usuarios no tuviesen al auto como un elemento de status, sino como un medio de transporte.<\/p>\n<p style=\"text-align: justify;\">Lo que se le objeta a los denominados \u201cautos econ\u00f3micos\u201d primeramente es los standards b\u00e1sicos de seguridad, y segundo la calidad de los materiales que lo componen, su baja cilindra (motores chicos, poco potentes y\/o poco tecnol\u00f3gicos) y el probable bajo precio al momento de la reventa.<\/p>\n<p style=\"text-align: justify;\">En una sociedad de consumo, es Incre\u00edble como el marketing impone productos y tendencias.<\/p>\n<p style=\"text-align: justify;\">El mercado propone y muchas veces el cliente dispone.En la Argentina fueron furor o denominados autos populares tal vez sin propon\u00e9rselos la VW Kombi de Volkswagen, el Fiat 600, el Citroen 2cv y 3CV durante la d\u00e9cada del 60 y 70.<\/p>\n<p style=\"text-align: justify;\">Mas ac\u00e1 en el tiempo el Fiat Duna, el Fiat 147 lograron triunfar en el mercado producto de la infalible ecuaci\u00f3n costo beneficio situados m\u00e1s ac\u00e1 en el tiempo, el Chevrolet Corsa (hoy denominado Classic) es considerado un auto popular (quiz\u00e1 no tan econ\u00f3mico) pero con buenas prestaciones, facilidad al momento de conseguir repuestos, teniendo en cuenta que mantener un auto tiene un costo importante (patente, seguro, combustible, controles periodicos, etc, etc).<\/p>\n<p style=\"text-align: justify;\">Otro ejemplo de auto exitoso y popular que fue un \u00e9xito de ventas a trav\u00e9s del tiempo en todas sus versiones y modelos fue el VW Gol.<\/p>\n<p style=\"text-align: justify;\"><strong><em>Foto : Rastrojero Argentino &#8211; Archivo Autos del Podio web<\/em><\/strong><\/p>\n","protected":false},"excerpt":{"rendered":"<p>Pr\u00e1cticamente desde los or\u00edgenes de la historia automotriz, los distintos fabricantes y\/o emprendedores idearon e intentaron llevar a la pr\u00e1ctica<\/p>\n","protected":false},"author":1,"featured_media":1059,"comment_status":"open","ping_status":"open","sticky":false,"template":"","format":"standard","meta":{"colormag_page_container_layout":"default_layout","colormag_page_sidebar_layout":"default_layout","footnotes":""},"categories":[15],"tags":[],"class_list":["post-1060","post","type-post","status-publish","format-standard","has-post-thumbnail","hentry","category-opinion"],"yoast_head":"<!-- This site is optimized with the Yoast SEO plugin v27.5 - https:\/\/yoast.com\/product\/yoast-seo-wordpress\/ -->\n<title>Autos del Podio | El auto econ\u00f3mico: un debate abierto, vigente e interminable<\/title>\n<meta name=\"description\" content=\"Autos del Podio\" \/>\n<meta name=\"robots\" content=\"index, follow, max-snippet:-1, max-image-preview:large, max-video-preview:-1\" \/>\n<link rel=\"canonical\" href=\"https:\/\/autosdelpodio.com\/autos\/el-auto-economico-un-debate-abierto-vigente-e-interminable\/\" \/>\n<meta property=\"og:locale\" content=\"es_ES\" \/>\n<meta property=\"og:type\" content=\"article\" \/>\n<meta property=\"og:title\" content=\"Autos del Podio | El auto econ\u00f3mico: un debate abierto, vigente e interminable\" \/>\n<meta property=\"og:description\" content=\"Autos del Podio\" \/>\n<meta property=\"og:url\" content=\"https:\/\/autosdelpodio.com\/autos\/el-auto-economico-un-debate-abierto-vigente-e-interminable\/\" \/>\n<meta property=\"og:site_name\" content=\"Autos del Podio\" \/>\n<meta property=\"article:publisher\" content=\"https:\/\/www.facebook.com\/profile.php?id=100057192590976&amp;amp%3bamp%3bamp%3bamp%3bamp%3bamp%3bamp%3bamp%3bamp%3bamp%3bamp%3bamp%3bamp%3bamp%3bamp%3bamp%3bamp%3bamp%3bref=ts\" \/>\n<meta property=\"article:published_time\" content=\"2014-08-19T00:34:19+00:00\" \/>\n<meta property=\"og:image\" content=\"https:\/\/autosdelpodio.com\/autos\/wp-content\/uploads\/2014\/08\/rastrojero.jpg\" \/>\n\t<meta property=\"og:image:width\" content=\"653\" \/>\n\t<meta property=\"og:image:height\" content=\"419\" \/>\n\t<meta property=\"og:image:type\" content=\"image\/jpeg\" \/>\n<meta name=\"author\" content=\"wi022230\" \/>\n<meta name=\"twitter:card\" content=\"summary_large_image\" \/>\n<meta name=\"twitter:creator\" content=\"@autosdelpodio\" \/>\n<meta name=\"twitter:site\" content=\"@autosdelpodio\" \/>\n<meta name=\"twitter:label1\" content=\"Escrito por\" \/>\n\t<meta name=\"twitter:data1\" content=\"wi022230\" \/>\n\t<meta name=\"twitter:label2\" content=\"Tiempo de lectura\" \/>\n\t<meta name=\"twitter:data2\" content=\"2 minutos\" \/>\n<script type=\"application\/ld+json\" class=\"yoast-schema-graph\">{\"@context\":\"https:\\\/\\\/schema.org\",\"@graph\":[{\"@type\":\"Article\",\"@id\":\"https:\\\/\\\/autosdelpodio.com\\\/autos\\\/el-auto-economico-un-debate-abierto-vigente-e-interminable\\\/#article\",\"isPartOf\":{\"@id\":\"https:\\\/\\\/autosdelpodio.com\\\/autos\\\/el-auto-economico-un-debate-abierto-vigente-e-interminable\\\/\"},\"author\":{\"name\":\"wi022230\",\"@id\":\"http:\\\/\\\/autosdelpodio.com\\\/autos\\\/#\\\/schema\\\/person\\\/e88353cabf768863fdf874e30120f3ba\"},\"headline\":\"El auto econ\u00f3mico: un debate abierto, vigente e interminable\",\"datePublished\":\"2014-08-19T00:34:19+00:00\",\"mainEntityOfPage\":{\"@id\":\"https:\\\/\\\/autosdelpodio.com\\\/autos\\\/el-auto-economico-un-debate-abierto-vigente-e-interminable\\\/\"},\"wordCount\":469,\"commentCount\":1,\"publisher\":{\"@id\":\"http:\\\/\\\/autosdelpodio.com\\\/autos\\\/#organization\"},\"image\":{\"@id\":\"https:\\\/\\\/autosdelpodio.com\\\/autos\\\/el-auto-economico-un-debate-abierto-vigente-e-interminable\\\/#primaryimage\"},\"thumbnailUrl\":\"http:\\\/\\\/autosdelpodio.com\\\/autos\\\/wp-content\\\/uploads\\\/2014\\\/08\\\/rastrojero.jpg\",\"articleSection\":[\"Opini\u00f3n\"],\"inLanguage\":\"es\",\"potentialAction\":[{\"@type\":\"CommentAction\",\"name\":\"Comment\",\"target\":[\"https:\\\/\\\/autosdelpodio.com\\\/autos\\\/el-auto-economico-un-debate-abierto-vigente-e-interminable\\\/#respond\"]}]},{\"@type\":\"WebPage\",\"@id\":\"https:\\\/\\\/autosdelpodio.com\\\/autos\\\/el-auto-economico-un-debate-abierto-vigente-e-interminable\\\/\",\"url\":\"https:\\\/\\\/autosdelpodio.com\\\/autos\\\/el-auto-economico-un-debate-abierto-vigente-e-interminable\\\/\",\"name\":\"Autos del Podio | El auto econ\u00f3mico: un debate abierto, vigente e interminable\",\"isPartOf\":{\"@id\":\"http:\\\/\\\/autosdelpodio.com\\\/autos\\\/#website\"},\"primaryImageOfPage\":{\"@id\":\"https:\\\/\\\/autosdelpodio.com\\\/autos\\\/el-auto-economico-un-debate-abierto-vigente-e-interminable\\\/#primaryimage\"},\"image\":{\"@id\":\"https:\\\/\\\/autosdelpodio.com\\\/autos\\\/el-auto-economico-un-debate-abierto-vigente-e-interminable\\\/#primaryimage\"},\"thumbnailUrl\":\"http:\\\/\\\/autosdelpodio.com\\\/autos\\\/wp-content\\\/uploads\\\/2014\\\/08\\\/rastrojero.jpg\",\"datePublished\":\"2014-08-19T00:34:19+00:00\",\"description\":\"Autos del Podio\",\"breadcrumb\":{\"@id\":\"https:\\\/\\\/autosdelpodio.com\\\/autos\\\/el-auto-economico-un-debate-abierto-vigente-e-interminable\\\/#breadcrumb\"},\"inLanguage\":\"es\",\"potentialAction\":[{\"@type\":\"ReadAction\",\"target\":[\"https:\\\/\\\/autosdelpodio.com\\\/autos\\\/el-auto-economico-un-debate-abierto-vigente-e-interminable\\\/\"]}]},{\"@type\":\"ImageObject\",\"inLanguage\":\"es\",\"@id\":\"https:\\\/\\\/autosdelpodio.com\\\/autos\\\/el-auto-economico-un-debate-abierto-vigente-e-interminable\\\/#primaryimage\",\"url\":\"http:\\\/\\\/autosdelpodio.com\\\/autos\\\/wp-content\\\/uploads\\\/2014\\\/08\\\/rastrojero.jpg\",\"contentUrl\":\"http:\\\/\\\/autosdelpodio.com\\\/autos\\\/wp-content\\\/uploads\\\/2014\\\/08\\\/rastrojero.jpg\",\"width\":653,\"height\":419},{\"@type\":\"BreadcrumbList\",\"@id\":\"https:\\\/\\\/autosdelpodio.com\\\/autos\\\/el-auto-economico-un-debate-abierto-vigente-e-interminable\\\/#breadcrumb\",\"itemListElement\":[{\"@type\":\"ListItem\",\"position\":1,\"name\":\"Portada\",\"item\":\"http:\\\/\\\/autosdelpodio.com\\\/autos\\\/\"},{\"@type\":\"ListItem\",\"position\":2,\"name\":\"El auto econ\u00f3mico: un debate abierto, vigente e interminable\"}]},{\"@type\":\"WebSite\",\"@id\":\"http:\\\/\\\/autosdelpodio.com\\\/autos\\\/#website\",\"url\":\"http:\\\/\\\/autosdelpodio.com\\\/autos\\\/\",\"name\":\"Autos del Podio\",\"description\":\"La sexta del deporte motor\",\"publisher\":{\"@id\":\"http:\\\/\\\/autosdelpodio.com\\\/autos\\\/#organization\"},\"potentialAction\":[{\"@type\":\"SearchAction\",\"target\":{\"@type\":\"EntryPoint\",\"urlTemplate\":\"http:\\\/\\\/autosdelpodio.com\\\/autos\\\/?s={search_term_string}\"},\"query-input\":{\"@type\":\"PropertyValueSpecification\",\"valueRequired\":true,\"valueName\":\"search_term_string\"}}],\"inLanguage\":\"es\"},{\"@type\":\"Organization\",\"@id\":\"http:\\\/\\\/autosdelpodio.com\\\/autos\\\/#organization\",\"name\":\"Autos del Podio\",\"url\":\"http:\\\/\\\/autosdelpodio.com\\\/autos\\\/\",\"logo\":{\"@type\":\"ImageObject\",\"inLanguage\":\"es\",\"@id\":\"http:\\\/\\\/autosdelpodio.com\\\/autos\\\/#\\\/schema\\\/logo\\\/image\\\/\",\"url\":\"http:\\\/\\\/autosdelpodio.com\\\/autos\\\/wp-content\\\/uploads\\\/2020\\\/08\\\/Logo_AR.jpg\",\"contentUrl\":\"http:\\\/\\\/autosdelpodio.com\\\/autos\\\/wp-content\\\/uploads\\\/2020\\\/08\\\/Logo_AR.jpg\",\"width\":1038,\"height\":1044,\"caption\":\"Autos del Podio\"},\"image\":{\"@id\":\"http:\\\/\\\/autosdelpodio.com\\\/autos\\\/#\\\/schema\\\/logo\\\/image\\\/\"},\"sameAs\":[\"https:\\\/\\\/www.facebook.com\\\/profile.php?id=100057192590976&amp;amp;amp;amp;amp;amp;amp;amp;amp;amp;amp;amp;amp;amp;amp;amp;amp;amp;ref=ts\",\"https:\\\/\\\/x.com\\\/autosdelpodio\",\"https:\\\/\\\/www.youtube.com\\\/user\\\/AutosdelPodio\"]},{\"@type\":\"Person\",\"@id\":\"http:\\\/\\\/autosdelpodio.com\\\/autos\\\/#\\\/schema\\\/person\\\/e88353cabf768863fdf874e30120f3ba\",\"name\":\"wi022230\",\"image\":{\"@type\":\"ImageObject\",\"inLanguage\":\"es\",\"@id\":\"http:\\\/\\\/autosdelpodio.com\\\/autos\\\/wp-content\\\/litespeed\\\/avatar\\\/453fc9bdbb11d766ba4c7f14d0bd0aa9.jpg?ver=1777404874\",\"url\":\"http:\\\/\\\/autosdelpodio.com\\\/autos\\\/wp-content\\\/litespeed\\\/avatar\\\/453fc9bdbb11d766ba4c7f14d0bd0aa9.jpg?ver=1777404874\",\"contentUrl\":\"http:\\\/\\\/autosdelpodio.com\\\/autos\\\/wp-content\\\/litespeed\\\/avatar\\\/453fc9bdbb11d766ba4c7f14d0bd0aa9.jpg?ver=1777404874\",\"caption\":\"wi022230\"}}]}<\/script>\n<!-- \/ Yoast SEO plugin. -->","yoast_head_json":{"title":"Autos del Podio | El auto econ\u00f3mico: un debate abierto, vigente e interminable","description":"Autos del Podio","robots":{"index":"index","follow":"follow","max-snippet":"max-snippet:-1","max-image-preview":"max-image-preview:large","max-video-preview":"max-video-preview:-1"},"canonical":"https:\/\/autosdelpodio.com\/autos\/el-auto-economico-un-debate-abierto-vigente-e-interminable\/","og_locale":"es_ES","og_type":"article","og_title":"Autos del Podio | El auto econ\u00f3mico: un debate abierto, vigente e interminable","og_description":"Autos del Podio","og_url":"https:\/\/autosdelpodio.com\/autos\/el-auto-economico-un-debate-abierto-vigente-e-interminable\/","og_site_name":"Autos del Podio","article_publisher":"https:\/\/www.facebook.com\/profile.php?id=100057192590976&amp%3bamp%3bamp%3bamp%3bamp%3bamp%3bamp%3bamp%3bamp%3bamp%3bamp%3bamp%3bamp%3bamp%3bamp%3bamp%3bamp%3bamp%3bref=ts","article_published_time":"2014-08-19T00:34:19+00:00","og_image":[{"width":653,"height":419,"url":"https:\/\/autosdelpodio.com\/autos\/wp-content\/uploads\/2014\/08\/rastrojero.jpg","type":"image\/jpeg"}],"author":"wi022230","twitter_card":"summary_large_image","twitter_creator":"@autosdelpodio","twitter_site":"@autosdelpodio","twitter_misc":{"Escrito por":"wi022230","Tiempo de lectura":"2 minutos"},"schema":{"@context":"https:\/\/schema.org","@graph":[{"@type":"Article","@id":"https:\/\/autosdelpodio.com\/autos\/el-auto-economico-un-debate-abierto-vigente-e-interminable\/#article","isPartOf":{"@id":"https:\/\/autosdelpodio.com\/autos\/el-auto-economico-un-debate-abierto-vigente-e-interminable\/"},"author":{"name":"wi022230","@id":"http:\/\/autosdelpodio.com\/autos\/#\/schema\/person\/e88353cabf768863fdf874e30120f3ba"},"headline":"El auto econ\u00f3mico: un debate abierto, vigente e interminable","datePublished":"2014-08-19T00:34:19+00:00","mainEntityOfPage":{"@id":"https:\/\/autosdelpodio.com\/autos\/el-auto-economico-un-debate-abierto-vigente-e-interminable\/"},"wordCount":469,"commentCount":1,"publisher":{"@id":"http:\/\/autosdelpodio.com\/autos\/#organization"},"image":{"@id":"https:\/\/autosdelpodio.com\/autos\/el-auto-economico-un-debate-abierto-vigente-e-interminable\/#primaryimage"},"thumbnailUrl":"http:\/\/autosdelpodio.com\/autos\/wp-content\/uploads\/2014\/08\/rastrojero.jpg","articleSection":["Opini\u00f3n"],"inLanguage":"es","potentialAction":[{"@type":"CommentAction","name":"Comment","target":["https:\/\/autosdelpodio.com\/autos\/el-auto-economico-un-debate-abierto-vigente-e-interminable\/#respond"]}]},{"@type":"WebPage","@id":"https:\/\/autosdelpodio.com\/autos\/el-auto-economico-un-debate-abierto-vigente-e-interminable\/","url":"https:\/\/autosdelpodio.com\/autos\/el-auto-economico-un-debate-abierto-vigente-e-interminable\/","name":"Autos del Podio | El auto econ\u00f3mico: un debate abierto, vigente e interminable","isPartOf":{"@id":"http:\/\/autosdelpodio.com\/autos\/#website"},"primaryImageOfPage":{"@id":"https:\/\/autosdelpodio.com\/autos\/el-auto-economico-un-debate-abierto-vigente-e-interminable\/#primaryimage"},"image":{"@id":"https:\/\/autosdelpodio.com\/autos\/el-auto-economico-un-debate-abierto-vigente-e-interminable\/#primaryimage"},"thumbnailUrl":"http:\/\/autosdelpodio.com\/autos\/wp-content\/uploads\/2014\/08\/rastrojero.jpg","datePublished":"2014-08-19T00:34:19+00:00","description":"Autos del Podio","breadcrumb":{"@id":"https:\/\/autosdelpodio.com\/autos\/el-auto-economico-un-debate-abierto-vigente-e-interminable\/#breadcrumb"},"inLanguage":"es","potentialAction":[{"@type":"ReadAction","target":["https:\/\/autosdelpodio.com\/autos\/el-auto-economico-un-debate-abierto-vigente-e-interminable\/"]}]},{"@type":"ImageObject","inLanguage":"es","@id":"https:\/\/autosdelpodio.com\/autos\/el-auto-economico-un-debate-abierto-vigente-e-interminable\/#primaryimage","url":"http:\/\/autosdelpodio.com\/autos\/wp-content\/uploads\/2014\/08\/rastrojero.jpg","contentUrl":"http:\/\/autosdelpodio.com\/autos\/wp-content\/uploads\/2014\/08\/rastrojero.jpg","width":653,"height":419},{"@type":"BreadcrumbList","@id":"https:\/\/autosdelpodio.com\/autos\/el-auto-economico-un-debate-abierto-vigente-e-interminable\/#breadcrumb","itemListElement":[{"@type":"ListItem","position":1,"name":"Portada","item":"http:\/\/autosdelpodio.com\/autos\/"},{"@type":"ListItem","position":2,"name":"El auto econ\u00f3mico: un debate abierto, vigente e interminable"}]},{"@type":"WebSite","@id":"http:\/\/autosdelpodio.com\/autos\/#website","url":"http:\/\/autosdelpodio.com\/autos\/","name":"Autos del Podio","description":"La sexta del deporte motor","publisher":{"@id":"http:\/\/autosdelpodio.com\/autos\/#organization"},"potentialAction":[{"@type":"SearchAction","target":{"@type":"EntryPoint","urlTemplate":"http:\/\/autosdelpodio.com\/autos\/?s={search_term_string}"},"query-input":{"@type":"PropertyValueSpecification","valueRequired":true,"valueName":"search_term_string"}}],"inLanguage":"es"},{"@type":"Organization","@id":"http:\/\/autosdelpodio.com\/autos\/#organization","name":"Autos del Podio","url":"http:\/\/autosdelpodio.com\/autos\/","logo":{"@type":"ImageObject","inLanguage":"es","@id":"http:\/\/autosdelpodio.com\/autos\/#\/schema\/logo\/image\/","url":"http:\/\/autosdelpodio.com\/autos\/wp-content\/uploads\/2020\/08\/Logo_AR.jpg","contentUrl":"http:\/\/autosdelpodio.com\/autos\/wp-content\/uploads\/2020\/08\/Logo_AR.jpg","width":1038,"height":1044,"caption":"Autos del Podio"},"image":{"@id":"http:\/\/autosdelpodio.com\/autos\/#\/schema\/logo\/image\/"},"sameAs":["https:\/\/www.facebook.com\/profile.php?id=100057192590976&amp;amp;amp;amp;amp;amp;amp;amp;amp;amp;amp;amp;amp;amp;amp;amp;amp;amp;ref=ts","https:\/\/x.com\/autosdelpodio","https:\/\/www.youtube.com\/user\/AutosdelPodio"]},{"@type":"Person","@id":"http:\/\/autosdelpodio.com\/autos\/#\/schema\/person\/e88353cabf768863fdf874e30120f3ba","name":"wi022230","image":{"@type":"ImageObject","inLanguage":"es","@id":"http:\/\/autosdelpodio.com\/autos\/wp-content\/litespeed\/avatar\/453fc9bdbb11d766ba4c7f14d0bd0aa9.jpg?ver=1777404874","url":"http:\/\/autosdelpodio.com\/autos\/wp-content\/litespeed\/avatar\/453fc9bdbb11d766ba4c7f14d0bd0aa9.jpg?ver=1777404874","contentUrl":"http:\/\/autosdelpodio.com\/autos\/wp-content\/litespeed\/avatar\/453fc9bdbb11d766ba4c7f14d0bd0aa9.jpg?ver=1777404874","caption":"wi022230"}}]}},"views":843,"_links":{"self":[{"href":"http:\/\/autosdelpodio.com\/autos\/wp-json\/wp\/v2\/posts\/1060","targetHints":{"allow":["GET"]}}],"collection":[{"href":"http:\/\/autosdelpodio.com\/autos\/wp-json\/wp\/v2\/posts"}],"about":[{"href":"http:\/\/autosdelpodio.com\/autos\/wp-json\/wp\/v2\/types\/post"}],"author":[{"embeddable":true,"href":"http:\/\/autosdelpodio.com\/autos\/wp-json\/wp\/v2\/users\/1"}],"replies":[{"embeddable":true,"href":"http:\/\/autosdelpodio.com\/autos\/wp-json\/wp\/v2\/comments?post=1060"}],"version-history":[{"count":0,"href":"http:\/\/autosdelpodio.com\/autos\/wp-json\/wp\/v2\/posts\/1060\/revisions"}],"wp:featuredmedia":[{"embeddable":true,"href":"http:\/\/autosdelpodio.com\/autos\/wp-json\/wp\/v2\/media\/1059"}],"wp:attachment":[{"href":"http:\/\/autosdelpodio.com\/autos\/wp-json\/wp\/v2\/media?parent=1060"}],"wp:term":[{"taxonomy":"category","embeddable":true,"href":"http:\/\/autosdelpodio.com\/autos\/wp-json\/wp\/v2\/categories?post=1060"},{"taxonomy":"post_tag","embeddable":true,"href":"http:\/\/autosdelpodio.com\/autos\/wp-json\/wp\/v2\/tags?post=1060"}],"curies":[{"name":"wp","href":"https:\/\/api.w.org\/{rel}","templated":true}]}}