{"id":1069,"date":"2014-09-07T14:39:22","date_gmt":"2014-09-07T14:39:22","guid":{"rendered":"http:\/\/autosdelpodio.com\/autos\/2014\/09\/07\/algo-mas-cerca\/"},"modified":"2014-09-07T14:39:22","modified_gmt":"2014-09-07T14:39:22","slug":"algo-mas-cerca","status":"publish","type":"post","link":"http:\/\/autosdelpodio.com\/autos\/algo-mas-cerca\/","title":{"rendered":"Algo mas cerca"},"content":{"rendered":"<p style=\"text-align: justify;\"><span style=\"line-height: 1.3em;\">Lewis Hamilton se llev\u00f3 el Gran Premio de Monza de Formula 1 reduciendo as\u00ed a 22 puntos la distancia sobre su compa\u00f1ero de equipo de en Mercedes Nico Rosberg quien arrib\u00f3 segundo.Felipe Massa (Williams),de destacada actuaci\u00f3n complet\u00f2 el podio.<\/span><\/p>\n<p style=\"text-align: justify;\">La proxima fecha ser\u00e1 el 21 de septiembre en lo que ser\u00e1 el GP de Singapur.<\/p>\n<p style=\"text-align: justify;\"><strong>Final GP de Italia<\/strong><\/p>\n<p><span style=\"line-height: 1.3em;\">1.<\/span><span style=\"line-height: 1.3em; white-space: pre;\"> <\/span><span style=\"line-height: 1.3em;\"> L. Hamilton<\/span><span style=\"line-height: 1.3em; white-space: pre;\"> <\/span><span style=\"line-height: 1.3em;\">Mercedes<\/span><span style=\"line-height: 1.3em; white-space: pre;\"> <\/span><span style=\"line-height: 1.3em;\">1:19:10.236<\/span><\/p>\n<p>2.<span style=\"white-space: pre;\"> <\/span> N. Rosberg<span style=\"white-space: pre;\"> <\/span>Mercedes<span style=\"white-space: pre;\"> <\/span>+3.175<\/p>\n<p>3.<span style=\"white-space: pre;\"> <\/span> F. Massa<span style=\"white-space: pre;\"> <\/span>Williams<span style=\"white-space: pre;\"> <\/span>+25.026<\/p>\n<p>4.<span style=\"white-space: pre;\"> <\/span> V. Bottas<span style=\"white-space: pre;\"> <\/span>Williams<span style=\"white-space: pre;\"> <\/span>+40.786<\/p>\n<p>5.<span style=\"white-space: pre;\"> <\/span> D. Ricciardo<span style=\"white-space: pre;\"> <\/span>Red Bull<span style=\"white-space: pre;\"> <\/span>+50.309<\/p>\n<p>6.<span style=\"white-space: pre;\"> <\/span> S. Vettel<span style=\"white-space: pre;\"> <\/span>Red Bull<span style=\"white-space: pre;\"> <\/span>+59.965<\/p>\n<p>7.<span style=\"white-space: pre;\"> <\/span> S. Perez<span style=\"white-space: pre;\"> <\/span>Force India<span style=\"white-space: pre;\"> <\/span>+1:02.518<\/p>\n<p>8.<span style=\"white-space: pre;\"> <\/span> J. Button<span style=\"white-space: pre;\"> <\/span>McLaren<span style=\"white-space: pre;\"> <\/span>+1:03.063<\/p>\n<p>9.<span style=\"white-space: pre;\"> <\/span> K. Raikkonen<span style=\"white-space: pre;\"> <\/span>Ferrari<span style=\"white-space: pre;\"> <\/span>+1:03.535<\/p>\n<p>10.<span style=\"white-space: pre;\"> <\/span> K. Magnussen<span style=\"white-space: pre;\"> <\/span>McLaren<span style=\"white-space: pre;\"> <\/span>+1:06.171<\/p>\n<p>11.<span style=\"white-space: pre;\"> <\/span> D. Kvyat<span style=\"white-space: pre;\"> <\/span>Toro Rosso<span style=\"white-space: pre;\"> <\/span>+1:11.184<\/p>\n<p>12.<span style=\"white-space: pre;\"> <\/span> N. Hulkenberg<span style=\"white-space: pre;\"> <\/span>Force India<span style=\"white-space: pre;\"> <\/span>+1:12.606<\/p>\n<p>13.<span style=\"white-space: pre;\"> <\/span> J. Vergne<span style=\"white-space: pre;\"> <\/span>Toro Rosso<span style=\"white-space: pre;\"> <\/span>+1:13.093<\/p>\n<p>14.<span style=\"white-space: pre;\"> <\/span> P. Maldonado<span style=\"white-space: pre;\"> <\/span>Lotus<span style=\"white-space: pre;\"> <\/span>+1 Vuelta<\/p>\n<p>15.<span style=\"white-space: pre;\"> <\/span> A. Sutil<span style=\"white-space: pre;\"> <\/span>Sauber<span style=\"white-space: pre;\"> <\/span>+1 Vuelta<\/p>\n<p>16.<span style=\"white-space: pre;\"> <\/span> R. Grosjean<span style=\"white-space: pre;\"> <\/span>Lotus<span style=\"white-space: pre;\"> <\/span>+1 Vuelta<\/p>\n<p>17.<span style=\"white-space: pre;\"> <\/span> K. Kobayashi<span style=\"white-space: pre;\"> <\/span>Caterham<span style=\"white-space: pre;\"> <\/span>+1 Vuelta<\/p>\n<p>18.<span style=\"white-space: pre;\"> <\/span> J. Bianchi<span style=\"white-space: pre;\"> <\/span>Marussia<span style=\"white-space: pre;\"> <\/span>+1 Vuelta<\/p>\n<p>19.<span style=\"white-space: pre;\"> <\/span> E. Guti\u00e9rrez<span style=\"white-space: pre;\"> <\/span>Sauber<span style=\"white-space: pre;\"> <\/span>+2 Vueltas<\/p>\n<p>20.<span style=\"white-space: pre;\"> <\/span> M. Ericsson<span style=\"white-space: pre;\"> <\/span>Caterham<span style=\"white-space: pre;\"> <\/span>+2 Vueltas<\/p>\n<p>21.<span style=\"white-space: pre;\"> <\/span> F. Alonso<span style=\"white-space: pre;\"> <\/span>Ferrari<span style=\"white-space: pre;\"> <\/span>+25 Vueltas<\/p>\n<p>22.<span style=\"white-space: pre;\"> <\/span> M. Chilton<span style=\"white-space: pre;\"> <\/span>Marussia<span style=\"white-space: pre;\"> <\/span>+48 Vueltas<\/p>\n","protected":false},"excerpt":{"rendered":"<p>Lewis Hamilton se llev\u00f3 el Gran Premio de Monza de Formula 1 reduciendo as\u00ed a 22 puntos la distancia sobre<\/p>\n","protected":false},"author":1,"featured_media":0,"comment_status":"open","ping_status":"open","sticky":false,"template":"","format":"standard","meta":{"colormag_page_container_layout":"default_layout","colormag_page_sidebar_layout":"default_layout","footnotes":""},"categories":[5],"tags":[],"class_list":["post-1069","post","type-post","status-publish","format-standard","hentry","category-latest-news"],"yoast_head":"<!-- This site is optimized with the Yoast SEO plugin v27.4 - https:\/\/yoast.com\/product\/yoast-seo-wordpress\/ -->\n<title>Autos del Podio | Algo mas cerca<\/title>\n<meta name=\"description\" content=\"Autos del Podio\" \/>\n<meta name=\"robots\" content=\"index, follow, max-snippet:-1, max-image-preview:large, max-video-preview:-1\" \/>\n<link rel=\"canonical\" href=\"https:\/\/autosdelpodio.com\/autos\/algo-mas-cerca\/\" \/>\n<meta property=\"og:locale\" content=\"es_ES\" \/>\n<meta property=\"og:type\" content=\"article\" \/>\n<meta property=\"og:title\" content=\"Autos del Podio | Algo mas cerca\" \/>\n<meta property=\"og:description\" content=\"Autos del Podio\" \/>\n<meta property=\"og:url\" content=\"https:\/\/autosdelpodio.com\/autos\/algo-mas-cerca\/\" \/>\n<meta property=\"og:site_name\" content=\"Autos del Podio\" \/>\n<meta property=\"article:publisher\" content=\"https:\/\/www.facebook.com\/profile.php?id=100057192590976&amp;amp%3bamp%3bamp%3bamp%3bamp%3bamp%3bamp%3bamp%3bamp%3bamp%3bamp%3bamp%3bamp%3bamp%3bamp%3bamp%3bamp%3bamp%3bref=ts\" \/>\n<meta property=\"article:published_time\" content=\"2014-09-07T14:39:22+00:00\" \/>\n<meta name=\"author\" content=\"wi022230\" \/>\n<meta name=\"twitter:card\" content=\"summary_large_image\" \/>\n<meta name=\"twitter:creator\" content=\"@autosdelpodio\" \/>\n<meta name=\"twitter:site\" content=\"@autosdelpodio\" \/>\n<meta name=\"twitter:label1\" content=\"Escrito por\" \/>\n\t<meta name=\"twitter:data1\" content=\"wi022230\" \/>\n\t<meta name=\"twitter:label2\" content=\"Tiempo de lectura\" \/>\n\t<meta name=\"twitter:data2\" content=\"1 minuto\" \/>\n<script type=\"application\/ld+json\" class=\"yoast-schema-graph\">{\"@context\":\"https:\\\/\\\/schema.org\",\"@graph\":[{\"@type\":\"Article\",\"@id\":\"https:\\\/\\\/autosdelpodio.com\\\/autos\\\/algo-mas-cerca\\\/#article\",\"isPartOf\":{\"@id\":\"https:\\\/\\\/autosdelpodio.com\\\/autos\\\/algo-mas-cerca\\\/\"},\"author\":{\"name\":\"wi022230\",\"@id\":\"http:\\\/\\\/autosdelpodio.com\\\/autos\\\/#\\\/schema\\\/person\\\/e88353cabf768863fdf874e30120f3ba\"},\"headline\":\"Algo mas cerca\",\"datePublished\":\"2014-09-07T14:39:22+00:00\",\"mainEntityOfPage\":{\"@id\":\"https:\\\/\\\/autosdelpodio.com\\\/autos\\\/algo-mas-cerca\\\/\"},\"wordCount\":145,\"commentCount\":0,\"publisher\":{\"@id\":\"http:\\\/\\\/autosdelpodio.com\\\/autos\\\/#organization\"},\"articleSection\":[\"\u00daltimas noticias\"],\"inLanguage\":\"es\",\"potentialAction\":[{\"@type\":\"CommentAction\",\"name\":\"Comment\",\"target\":[\"https:\\\/\\\/autosdelpodio.com\\\/autos\\\/algo-mas-cerca\\\/#respond\"]}]},{\"@type\":\"WebPage\",\"@id\":\"https:\\\/\\\/autosdelpodio.com\\\/autos\\\/algo-mas-cerca\\\/\",\"url\":\"https:\\\/\\\/autosdelpodio.com\\\/autos\\\/algo-mas-cerca\\\/\",\"name\":\"Autos del Podio | Algo mas cerca\",\"isPartOf\":{\"@id\":\"http:\\\/\\\/autosdelpodio.com\\\/autos\\\/#website\"},\"datePublished\":\"2014-09-07T14:39:22+00:00\",\"description\":\"Autos del Podio\",\"breadcrumb\":{\"@id\":\"https:\\\/\\\/autosdelpodio.com\\\/autos\\\/algo-mas-cerca\\\/#breadcrumb\"},\"inLanguage\":\"es\",\"potentialAction\":[{\"@type\":\"ReadAction\",\"target\":[\"https:\\\/\\\/autosdelpodio.com\\\/autos\\\/algo-mas-cerca\\\/\"]}]},{\"@type\":\"BreadcrumbList\",\"@id\":\"https:\\\/\\\/autosdelpodio.com\\\/autos\\\/algo-mas-cerca\\\/#breadcrumb\",\"itemListElement\":[{\"@type\":\"ListItem\",\"position\":1,\"name\":\"Portada\",\"item\":\"http:\\\/\\\/autosdelpodio.com\\\/autos\\\/\"},{\"@type\":\"ListItem\",\"position\":2,\"name\":\"Algo mas cerca\"}]},{\"@type\":\"WebSite\",\"@id\":\"http:\\\/\\\/autosdelpodio.com\\\/autos\\\/#website\",\"url\":\"http:\\\/\\\/autosdelpodio.com\\\/autos\\\/\",\"name\":\"Autos del Podio\",\"description\":\"La sexta del deporte motor\",\"publisher\":{\"@id\":\"http:\\\/\\\/autosdelpodio.com\\\/autos\\\/#organization\"},\"potentialAction\":[{\"@type\":\"SearchAction\",\"target\":{\"@type\":\"EntryPoint\",\"urlTemplate\":\"http:\\\/\\\/autosdelpodio.com\\\/autos\\\/?s={search_term_string}\"},\"query-input\":{\"@type\":\"PropertyValueSpecification\",\"valueRequired\":true,\"valueName\":\"search_term_string\"}}],\"inLanguage\":\"es\"},{\"@type\":\"Organization\",\"@id\":\"http:\\\/\\\/autosdelpodio.com\\\/autos\\\/#organization\",\"name\":\"Autos del Podio\",\"url\":\"http:\\\/\\\/autosdelpodio.com\\\/autos\\\/\",\"logo\":{\"@type\":\"ImageObject\",\"inLanguage\":\"es\",\"@id\":\"http:\\\/\\\/autosdelpodio.com\\\/autos\\\/#\\\/schema\\\/logo\\\/image\\\/\",\"url\":\"http:\\\/\\\/autosdelpodio.com\\\/autos\\\/wp-content\\\/uploads\\\/2020\\\/08\\\/Logo_AR.jpg\",\"contentUrl\":\"http:\\\/\\\/autosdelpodio.com\\\/autos\\\/wp-content\\\/uploads\\\/2020\\\/08\\\/Logo_AR.jpg\",\"width\":1038,\"height\":1044,\"caption\":\"Autos del Podio\"},\"image\":{\"@id\":\"http:\\\/\\\/autosdelpodio.com\\\/autos\\\/#\\\/schema\\\/logo\\\/image\\\/\"},\"sameAs\":[\"https:\\\/\\\/www.facebook.com\\\/profile.php?id=100057192590976&amp;amp;amp;amp;amp;amp;amp;amp;amp;amp;amp;amp;amp;amp;amp;amp;amp;amp;ref=ts\",\"https:\\\/\\\/x.com\\\/autosdelpodio\",\"https:\\\/\\\/www.youtube.com\\\/user\\\/AutosdelPodio\"]},{\"@type\":\"Person\",\"@id\":\"http:\\\/\\\/autosdelpodio.com\\\/autos\\\/#\\\/schema\\\/person\\\/e88353cabf768863fdf874e30120f3ba\",\"name\":\"wi022230\",\"image\":{\"@type\":\"ImageObject\",\"inLanguage\":\"es\",\"@id\":\"http:\\\/\\\/autosdelpodio.com\\\/autos\\\/wp-content\\\/litespeed\\\/avatar\\\/453fc9bdbb11d766ba4c7f14d0bd0aa9.jpg?ver=1776800006\",\"url\":\"http:\\\/\\\/autosdelpodio.com\\\/autos\\\/wp-content\\\/litespeed\\\/avatar\\\/453fc9bdbb11d766ba4c7f14d0bd0aa9.jpg?ver=1776800006\",\"contentUrl\":\"http:\\\/\\\/autosdelpodio.com\\\/autos\\\/wp-content\\\/litespeed\\\/avatar\\\/453fc9bdbb11d766ba4c7f14d0bd0aa9.jpg?ver=1776800006\",\"caption\":\"wi022230\"}}]}<\/script>\n<!-- \/ Yoast SEO plugin. -->","yoast_head_json":{"title":"Autos del Podio | Algo mas cerca","description":"Autos del Podio","robots":{"index":"index","follow":"follow","max-snippet":"max-snippet:-1","max-image-preview":"max-image-preview:large","max-video-preview":"max-video-preview:-1"},"canonical":"https:\/\/autosdelpodio.com\/autos\/algo-mas-cerca\/","og_locale":"es_ES","og_type":"article","og_title":"Autos del Podio | Algo mas cerca","og_description":"Autos del Podio","og_url":"https:\/\/autosdelpodio.com\/autos\/algo-mas-cerca\/","og_site_name":"Autos del Podio","article_publisher":"https:\/\/www.facebook.com\/profile.php?id=100057192590976&amp%3bamp%3bamp%3bamp%3bamp%3bamp%3bamp%3bamp%3bamp%3bamp%3bamp%3bamp%3bamp%3bamp%3bamp%3bamp%3bamp%3bamp%3bref=ts","article_published_time":"2014-09-07T14:39:22+00:00","author":"wi022230","twitter_card":"summary_large_image","twitter_creator":"@autosdelpodio","twitter_site":"@autosdelpodio","twitter_misc":{"Escrito por":"wi022230","Tiempo de lectura":"1 minuto"},"schema":{"@context":"https:\/\/schema.org","@graph":[{"@type":"Article","@id":"https:\/\/autosdelpodio.com\/autos\/algo-mas-cerca\/#article","isPartOf":{"@id":"https:\/\/autosdelpodio.com\/autos\/algo-mas-cerca\/"},"author":{"name":"wi022230","@id":"http:\/\/autosdelpodio.com\/autos\/#\/schema\/person\/e88353cabf768863fdf874e30120f3ba"},"headline":"Algo mas cerca","datePublished":"2014-09-07T14:39:22+00:00","mainEntityOfPage":{"@id":"https:\/\/autosdelpodio.com\/autos\/algo-mas-cerca\/"},"wordCount":145,"commentCount":0,"publisher":{"@id":"http:\/\/autosdelpodio.com\/autos\/#organization"},"articleSection":["\u00daltimas noticias"],"inLanguage":"es","potentialAction":[{"@type":"CommentAction","name":"Comment","target":["https:\/\/autosdelpodio.com\/autos\/algo-mas-cerca\/#respond"]}]},{"@type":"WebPage","@id":"https:\/\/autosdelpodio.com\/autos\/algo-mas-cerca\/","url":"https:\/\/autosdelpodio.com\/autos\/algo-mas-cerca\/","name":"Autos del Podio | Algo mas cerca","isPartOf":{"@id":"http:\/\/autosdelpodio.com\/autos\/#website"},"datePublished":"2014-09-07T14:39:22+00:00","description":"Autos del Podio","breadcrumb":{"@id":"https:\/\/autosdelpodio.com\/autos\/algo-mas-cerca\/#breadcrumb"},"inLanguage":"es","potentialAction":[{"@type":"ReadAction","target":["https:\/\/autosdelpodio.com\/autos\/algo-mas-cerca\/"]}]},{"@type":"BreadcrumbList","@id":"https:\/\/autosdelpodio.com\/autos\/algo-mas-cerca\/#breadcrumb","itemListElement":[{"@type":"ListItem","position":1,"name":"Portada","item":"http:\/\/autosdelpodio.com\/autos\/"},{"@type":"ListItem","position":2,"name":"Algo mas cerca"}]},{"@type":"WebSite","@id":"http:\/\/autosdelpodio.com\/autos\/#website","url":"http:\/\/autosdelpodio.com\/autos\/","name":"Autos del Podio","description":"La sexta del deporte motor","publisher":{"@id":"http:\/\/autosdelpodio.com\/autos\/#organization"},"potentialAction":[{"@type":"SearchAction","target":{"@type":"EntryPoint","urlTemplate":"http:\/\/autosdelpodio.com\/autos\/?s={search_term_string}"},"query-input":{"@type":"PropertyValueSpecification","valueRequired":true,"valueName":"search_term_string"}}],"inLanguage":"es"},{"@type":"Organization","@id":"http:\/\/autosdelpodio.com\/autos\/#organization","name":"Autos del Podio","url":"http:\/\/autosdelpodio.com\/autos\/","logo":{"@type":"ImageObject","inLanguage":"es","@id":"http:\/\/autosdelpodio.com\/autos\/#\/schema\/logo\/image\/","url":"http:\/\/autosdelpodio.com\/autos\/wp-content\/uploads\/2020\/08\/Logo_AR.jpg","contentUrl":"http:\/\/autosdelpodio.com\/autos\/wp-content\/uploads\/2020\/08\/Logo_AR.jpg","width":1038,"height":1044,"caption":"Autos del Podio"},"image":{"@id":"http:\/\/autosdelpodio.com\/autos\/#\/schema\/logo\/image\/"},"sameAs":["https:\/\/www.facebook.com\/profile.php?id=100057192590976&amp;amp;amp;amp;amp;amp;amp;amp;amp;amp;amp;amp;amp;amp;amp;amp;amp;amp;ref=ts","https:\/\/x.com\/autosdelpodio","https:\/\/www.youtube.com\/user\/AutosdelPodio"]},{"@type":"Person","@id":"http:\/\/autosdelpodio.com\/autos\/#\/schema\/person\/e88353cabf768863fdf874e30120f3ba","name":"wi022230","image":{"@type":"ImageObject","inLanguage":"es","@id":"http:\/\/autosdelpodio.com\/autos\/wp-content\/litespeed\/avatar\/453fc9bdbb11d766ba4c7f14d0bd0aa9.jpg?ver=1776800006","url":"http:\/\/autosdelpodio.com\/autos\/wp-content\/litespeed\/avatar\/453fc9bdbb11d766ba4c7f14d0bd0aa9.jpg?ver=1776800006","contentUrl":"http:\/\/autosdelpodio.com\/autos\/wp-content\/litespeed\/avatar\/453fc9bdbb11d766ba4c7f14d0bd0aa9.jpg?ver=1776800006","caption":"wi022230"}}]}},"views":587,"_links":{"self":[{"href":"http:\/\/autosdelpodio.com\/autos\/wp-json\/wp\/v2\/posts\/1069","targetHints":{"allow":["GET"]}}],"collection":[{"href":"http:\/\/autosdelpodio.com\/autos\/wp-json\/wp\/v2\/posts"}],"about":[{"href":"http:\/\/autosdelpodio.com\/autos\/wp-json\/wp\/v2\/types\/post"}],"author":[{"embeddable":true,"href":"http:\/\/autosdelpodio.com\/autos\/wp-json\/wp\/v2\/users\/1"}],"replies":[{"embeddable":true,"href":"http:\/\/autosdelpodio.com\/autos\/wp-json\/wp\/v2\/comments?post=1069"}],"version-history":[{"count":0,"href":"http:\/\/autosdelpodio.com\/autos\/wp-json\/wp\/v2\/posts\/1069\/revisions"}],"wp:attachment":[{"href":"http:\/\/autosdelpodio.com\/autos\/wp-json\/wp\/v2\/media?parent=1069"}],"wp:term":[{"taxonomy":"category","embeddable":true,"href":"http:\/\/autosdelpodio.com\/autos\/wp-json\/wp\/v2\/categories?post=1069"},{"taxonomy":"post_tag","embeddable":true,"href":"http:\/\/autosdelpodio.com\/autos\/wp-json\/wp\/v2\/tags?post=1069"}],"curies":[{"name":"wp","href":"https:\/\/api.w.org\/{rel}","templated":true}]}}