{"id":1129,"date":"2014-12-30T22:44:47","date_gmt":"2014-12-30T22:44:47","guid":{"rendered":"http:\/\/autosdelpodio.com\/autos\/2014\/12\/30\/las-carreras-en-caida-libre\/"},"modified":"2014-12-30T22:44:47","modified_gmt":"2014-12-30T22:44:47","slug":"las-carreras-en-caida-libre","status":"publish","type":"post","link":"http:\/\/autosdelpodio.com\/autos\/las-carreras-en-caida-libre\/","title":{"rendered":"Las carreras en ca\u00edda libre"},"content":{"rendered":"<\/p>\n<p style=\"text-align: justify;\">Los n\u00fameros hablan por si solos: los aut\u00f3dromos argentinos tuvieron menos de 700.000 visitas a lo largo del a\u00f1o automovil\u00edstico. El n\u00famero oficial de espectadores fue de 691.000 durante todo el 2014, seg\u00fan publica Campeones donde el 55% del total asisti\u00f3 a ver al Turismo carretera.Mas atr\u00e1s se ubican el Super TC2000 con un 24%, el Turismo Nacional 16 % y cierra el Top Race V6 con un preocupante 5%.<\/p>\n<p style=\"text-align: justify;\">Razones hay muchas y excusas muchas mas.Lo concreto es que aun nadie le encontr\u00f3 la manija a la pelota.<\/p>\n<p style=\"text-align: justify;\">Empezando por el TC la categor\u00eda mas popular (fen\u00f3meno sociol\u00f3gico si los hay), cerr\u00f3 una etapa hist\u00f3rica de los motores varilleros de manera casi inadvertida para incorporar a partir del 2015 los motores multiv\u00e1lvulas desarrollados en principio por Jorge Peder sol\u00ed y finalizados por el Mago Oreste Berta.No solo eso sino que adem\u00e1s las estructuras tambi\u00e9n las construye un solo proveedor, el Dole Racing, lo cual la inversi\u00f3n para equipos y pilotos ser\u00e1 mas millonaria que antes.<\/p>\n<p style=\"text-align: justify;\">\u00bfQue ameritaba el cambio? Seg\u00fan la dirigencia para \u201cterminar con el negocio de los preparadores y para bajar costos\u201d negando que dicho camino termine en el temido \u201cmonomotor\u201d y autos iguales.<\/p>\n<p style=\"text-align: justify;\">La cuesti\u00f3n es que los costos seguir\u00e1n altos y muchos pilotos ser\u00e1n baja.Historia conocida.La ACTC se maneja como una empresa y por ende maneja el negocio, donde vale decir tambi\u00e9n que muchos pilotos y equipos tambi\u00e9n hacen lo imposible por estar y correr bajo las reglas del juego.<\/p>\n<p style=\"text-align: justify;\">El Super TC2000 de la mano de su presidente tampoco hace mejor las cosas ya que Pablo Pe\u00f3n logra superarse a si mismo.De un 2013 con un costoso callejero de Buenos Aires y una carrera (pong\u00e1mosle dicho mote solo por el hecho de que fue puntuable y parte del calendario) en el Estadio \u00danico de La Plata con los autos al ritmo de la primera y segunda velocidad, pas\u00f3 a reflotar los 200Km de Buenos Aires sin el brillo de las primeras ediciones y a exportar la categor\u00eda a un Autodromo chileno como el de Codegua que desnud\u00f3 grandes falencias.<\/p>\n<p style=\"text-align: justify;\">En el primero de los casos, los 200 Km. en el Galvez dej\u00f3 tal vez la mejor carrera en pista del calendario pero pas\u00f3 por la aun inexplicable clausura del autodromo porte\u00f1o con momentos de zozobra e incertidumbre donde nos consta que al menos Pe\u00f3n dio la cara en todo momento.<\/p>\n<p style=\"text-align: justify;\">La incursi\u00f3n del STC2000 en Chile fue apenas una buena intenci\u00f3n de mostrar la categor\u00eda puertas afuera con un autodromo que nunca estuvo a la altura de las circunstancias, que desde el viernes mostr\u00f3 sus falencias con el golpazo de Facundo Ardusso en el primer entrenamiento donde su Fiat Linea termin\u00f3 tirado a la basura.<\/p>\n<p style=\"text-align: justify;\">Lejos de una inteligente lectura de los hechos, Pablo Pe\u00f3n carg\u00f3 contra el piloto (aunque luego pidi\u00f3 disculpas por decir: \u201cSi yo fuera Ardusso estar\u00eda preocupado porque mi equipo no me eche\u201d).Como si el hubiese sido un virtuoso piloto.En el mejor de los casos con esta declaraci\u00f3n intent\u00f3 desviar la atenci\u00f3n de una olvidable excursi\u00f3n chilena.<\/p>\n<p style=\"text-align: justify;\">El Top Race seg\u00fan sus propia dirigencia sali\u00f3 de su peor momento y busca hacer pie.Y asi parece ser.En un a\u00f1o que fue de menor a mayor, supo dar buenas carreras, incrementar su magro parque automotor, e incorporar no solo algunos pilotos de mayo renombre sino que algo mas interesante para los verdaderos protagonistas: la escala de premios en efectivo.Una idea saludable en tiempos de malaria de repartir dinero en efectivo a los pilotos que lleguen en los primeros lugares.Lo han podido sostener a lo largo del 2014 y ojala perdure mucho tiempo mas.<\/p>\n<p style=\"text-align: justify;\">Y para cerrar el Top 4 de las principales categor\u00edas nacionales, nuevamente el Turismo Nacional se lleva mas elogios que criticas.Real lucha de marcas y paridad, autos poco cargados en cuesti\u00f3n \u00a0de aerodin\u00e1mica, pilotos de renombre y mayor concurrencia de publico en sus presentaciones.<\/p>\n<p style=\"text-align: justify;\">Lo que se le cuestion\u00f3 en su momento desde este espacio es la intenci\u00f3n de reflotar la Clase 4 (el reglamento de APAT lo contempla seg\u00fan su titular Hugo Paoletti) con autos mas potentes y de alta gama.<\/p>\n<p style=\"text-align: justify;\">Si el TN implementa esto, a mi modo de ver estar\u00eda compitiendo contra si mismo, desfasando las clases menores y con una inversi\u00f3n importante que nadie sabe a ciencia exacta quien lo afrontar\u00e1 y quien lo padecer\u00e1.<\/p>\n<p style=\"text-align: justify;\">El automovilismo argentino est\u00e1 sobredimensionado en oferta.Fin de semana tras fin de semana se ven autos parecidos (TC, TC Pista, TC Mouras y TCPM).Super TC2000) TN con su clase 2 y 3, Top Race V6 y TRSeries (en su momento lleg\u00f3 a tener tambi\u00e9n TR Junior y as\u00ed hasta los zonales.<\/p>\n<p style=\"text-align: justify;\">Mismos apellidos, coches similares, carreras lineales generaron el desinter\u00e9s o alejamiento del publico.Los monopostos hace rato que perdieron su espacio y la Formula Renault lo sufre cuando apenas presenta 18 autos cuando supo tener hasta 60 un d\u00eda s\u00e1bado y solo quedaban algo mas de 45 para correr el domingo en lo que funcionaba como una verdadera escuela de volantes.<\/p>\n<p style=\"text-align: justify;\">Hace tiempo se perdi\u00f3 representaci\u00f3n en la Formula 1 y no es casual ya que se perdi\u00f3 la famosa escalera que fomentaba al piloto argentino para poder emigrar joven y crecer en Europa.<\/p>\n<p style=\"text-align: justify;\">Y no vale citar el caso de Pechito Lopez.Un hecho tan unico como excepcional que merece una editorial aparte.<\/p>\n<p style=\"text-align: justify;\">Ser\u00e1 momento de balance, de autocr\u00edtica y de proyectar el futuro al menos a mediano plazo para no volver a reescribir la historia de siempre.Y como se dice el periodismo es la primera versi\u00f3n de la historia y celebro que as\u00ed sea.Lo que nunca deber\u00e1 ser como tal es c\u00f3mplice de la misma.<\/p>\n","protected":false},"excerpt":{"rendered":"<p>Los n\u00fameros hablan por si solos: los aut\u00f3dromos argentinos tuvieron menos de 700.000 visitas a lo largo del a\u00f1o automovil\u00edstico.<\/p>\n","protected":false},"author":1,"featured_media":1128,"comment_status":"open","ping_status":"open","sticky":false,"template":"","format":"standard","meta":{"colormag_page_container_layout":"default_layout","colormag_page_sidebar_layout":"default_layout","footnotes":""},"categories":[15],"tags":[],"class_list":["post-1129","post","type-post","status-publish","format-standard","has-post-thumbnail","hentry","category-opinion"],"yoast_head":"<!-- This site is optimized with the Yoast SEO plugin v27.5 - https:\/\/yoast.com\/product\/yoast-seo-wordpress\/ -->\n<title>Autos del Podio | Las carreras en ca\u00edda libre<\/title>\n<meta name=\"description\" content=\"Autos del Podio\" \/>\n<meta name=\"robots\" content=\"index, follow, max-snippet:-1, max-image-preview:large, max-video-preview:-1\" \/>\n<link rel=\"canonical\" href=\"http:\/\/autosdelpodio.com\/autos\/las-carreras-en-caida-libre\/\" \/>\n<meta property=\"og:locale\" content=\"es_ES\" \/>\n<meta property=\"og:type\" content=\"article\" \/>\n<meta property=\"og:title\" content=\"Autos del Podio | Las carreras en ca\u00edda libre\" \/>\n<meta property=\"og:description\" content=\"Autos del Podio\" \/>\n<meta property=\"og:url\" content=\"http:\/\/autosdelpodio.com\/autos\/las-carreras-en-caida-libre\/\" \/>\n<meta property=\"og:site_name\" content=\"Autos del Podio\" \/>\n<meta property=\"article:publisher\" content=\"https:\/\/www.facebook.com\/profile.php?id=100057192590976&amp;amp%3bamp%3bamp%3bamp%3bamp%3bamp%3bamp%3bamp%3bamp%3bamp%3bamp%3bamp%3bamp%3bamp%3bamp%3bamp%3bamp%3bamp%3bref=ts\" \/>\n<meta property=\"article:published_time\" content=\"2014-12-30T22:44:47+00:00\" \/>\n<meta property=\"og:image\" content=\"http:\/\/autosdelpodio.com\/autos\/wp-content\/uploads\/2014\/12\/casco_pilotonf.jpg\" \/>\n\t<meta property=\"og:image:width\" content=\"1381\" \/>\n\t<meta property=\"og:image:height\" content=\"1033\" \/>\n\t<meta property=\"og:image:type\" content=\"image\/jpeg\" \/>\n<meta name=\"author\" content=\"wi022230\" \/>\n<meta name=\"twitter:card\" content=\"summary_large_image\" \/>\n<meta name=\"twitter:creator\" content=\"@autosdelpodio\" \/>\n<meta name=\"twitter:site\" content=\"@autosdelpodio\" \/>\n<meta name=\"twitter:label1\" content=\"Escrito por\" \/>\n\t<meta name=\"twitter:data1\" content=\"wi022230\" \/>\n\t<meta name=\"twitter:label2\" content=\"Tiempo de lectura\" \/>\n\t<meta name=\"twitter:data2\" content=\"5 minutos\" \/>\n<script type=\"application\/ld+json\" class=\"yoast-schema-graph\">{\"@context\":\"https:\\\/\\\/schema.org\",\"@graph\":[{\"@type\":\"Article\",\"@id\":\"http:\\\/\\\/autosdelpodio.com\\\/autos\\\/las-carreras-en-caida-libre\\\/#article\",\"isPartOf\":{\"@id\":\"http:\\\/\\\/autosdelpodio.com\\\/autos\\\/las-carreras-en-caida-libre\\\/\"},\"author\":{\"name\":\"wi022230\",\"@id\":\"http:\\\/\\\/autosdelpodio.com\\\/autos\\\/#\\\/schema\\\/person\\\/e88353cabf768863fdf874e30120f3ba\"},\"headline\":\"Las carreras en ca\u00edda libre\",\"datePublished\":\"2014-12-30T22:44:47+00:00\",\"mainEntityOfPage\":{\"@id\":\"http:\\\/\\\/autosdelpodio.com\\\/autos\\\/las-carreras-en-caida-libre\\\/\"},\"wordCount\":992,\"commentCount\":0,\"publisher\":{\"@id\":\"http:\\\/\\\/autosdelpodio.com\\\/autos\\\/#organization\"},\"image\":{\"@id\":\"http:\\\/\\\/autosdelpodio.com\\\/autos\\\/las-carreras-en-caida-libre\\\/#primaryimage\"},\"thumbnailUrl\":\"http:\\\/\\\/autosdelpodio.com\\\/autos\\\/wp-content\\\/uploads\\\/2014\\\/12\\\/casco_pilotonf.jpg\",\"articleSection\":[\"Opini\u00f3n\"],\"inLanguage\":\"es\",\"potentialAction\":[{\"@type\":\"CommentAction\",\"name\":\"Comment\",\"target\":[\"http:\\\/\\\/autosdelpodio.com\\\/autos\\\/las-carreras-en-caida-libre\\\/#respond\"]}]},{\"@type\":\"WebPage\",\"@id\":\"http:\\\/\\\/autosdelpodio.com\\\/autos\\\/las-carreras-en-caida-libre\\\/\",\"url\":\"http:\\\/\\\/autosdelpodio.com\\\/autos\\\/las-carreras-en-caida-libre\\\/\",\"name\":\"Autos del Podio | Las carreras en ca\u00edda libre\",\"isPartOf\":{\"@id\":\"http:\\\/\\\/autosdelpodio.com\\\/autos\\\/#website\"},\"primaryImageOfPage\":{\"@id\":\"http:\\\/\\\/autosdelpodio.com\\\/autos\\\/las-carreras-en-caida-libre\\\/#primaryimage\"},\"image\":{\"@id\":\"http:\\\/\\\/autosdelpodio.com\\\/autos\\\/las-carreras-en-caida-libre\\\/#primaryimage\"},\"thumbnailUrl\":\"http:\\\/\\\/autosdelpodio.com\\\/autos\\\/wp-content\\\/uploads\\\/2014\\\/12\\\/casco_pilotonf.jpg\",\"datePublished\":\"2014-12-30T22:44:47+00:00\",\"description\":\"Autos del Podio\",\"breadcrumb\":{\"@id\":\"http:\\\/\\\/autosdelpodio.com\\\/autos\\\/las-carreras-en-caida-libre\\\/#breadcrumb\"},\"inLanguage\":\"es\",\"potentialAction\":[{\"@type\":\"ReadAction\",\"target\":[\"http:\\\/\\\/autosdelpodio.com\\\/autos\\\/las-carreras-en-caida-libre\\\/\"]}]},{\"@type\":\"ImageObject\",\"inLanguage\":\"es\",\"@id\":\"http:\\\/\\\/autosdelpodio.com\\\/autos\\\/las-carreras-en-caida-libre\\\/#primaryimage\",\"url\":\"http:\\\/\\\/autosdelpodio.com\\\/autos\\\/wp-content\\\/uploads\\\/2014\\\/12\\\/casco_pilotonf.jpg\",\"contentUrl\":\"http:\\\/\\\/autosdelpodio.com\\\/autos\\\/wp-content\\\/uploads\\\/2014\\\/12\\\/casco_pilotonf.jpg\",\"width\":1381,\"height\":1033},{\"@type\":\"BreadcrumbList\",\"@id\":\"http:\\\/\\\/autosdelpodio.com\\\/autos\\\/las-carreras-en-caida-libre\\\/#breadcrumb\",\"itemListElement\":[{\"@type\":\"ListItem\",\"position\":1,\"name\":\"Portada\",\"item\":\"http:\\\/\\\/autosdelpodio.com\\\/autos\\\/\"},{\"@type\":\"ListItem\",\"position\":2,\"name\":\"Las carreras en ca\u00edda libre\"}]},{\"@type\":\"WebSite\",\"@id\":\"http:\\\/\\\/autosdelpodio.com\\\/autos\\\/#website\",\"url\":\"http:\\\/\\\/autosdelpodio.com\\\/autos\\\/\",\"name\":\"Autos del Podio\",\"description\":\"La sexta del deporte motor\",\"publisher\":{\"@id\":\"http:\\\/\\\/autosdelpodio.com\\\/autos\\\/#organization\"},\"potentialAction\":[{\"@type\":\"SearchAction\",\"target\":{\"@type\":\"EntryPoint\",\"urlTemplate\":\"http:\\\/\\\/autosdelpodio.com\\\/autos\\\/?s={search_term_string}\"},\"query-input\":{\"@type\":\"PropertyValueSpecification\",\"valueRequired\":true,\"valueName\":\"search_term_string\"}}],\"inLanguage\":\"es\"},{\"@type\":\"Organization\",\"@id\":\"http:\\\/\\\/autosdelpodio.com\\\/autos\\\/#organization\",\"name\":\"Autos del Podio\",\"url\":\"http:\\\/\\\/autosdelpodio.com\\\/autos\\\/\",\"logo\":{\"@type\":\"ImageObject\",\"inLanguage\":\"es\",\"@id\":\"http:\\\/\\\/autosdelpodio.com\\\/autos\\\/#\\\/schema\\\/logo\\\/image\\\/\",\"url\":\"http:\\\/\\\/autosdelpodio.com\\\/autos\\\/wp-content\\\/uploads\\\/2020\\\/08\\\/Logo_AR.jpg\",\"contentUrl\":\"http:\\\/\\\/autosdelpodio.com\\\/autos\\\/wp-content\\\/uploads\\\/2020\\\/08\\\/Logo_AR.jpg\",\"width\":1038,\"height\":1044,\"caption\":\"Autos del Podio\"},\"image\":{\"@id\":\"http:\\\/\\\/autosdelpodio.com\\\/autos\\\/#\\\/schema\\\/logo\\\/image\\\/\"},\"sameAs\":[\"https:\\\/\\\/www.facebook.com\\\/profile.php?id=100057192590976&amp;amp;amp;amp;amp;amp;amp;amp;amp;amp;amp;amp;amp;amp;amp;amp;amp;amp;ref=ts\",\"https:\\\/\\\/x.com\\\/autosdelpodio\",\"https:\\\/\\\/www.youtube.com\\\/user\\\/AutosdelPodio\"]},{\"@type\":\"Person\",\"@id\":\"http:\\\/\\\/autosdelpodio.com\\\/autos\\\/#\\\/schema\\\/person\\\/e88353cabf768863fdf874e30120f3ba\",\"name\":\"wi022230\",\"image\":{\"@type\":\"ImageObject\",\"inLanguage\":\"es\",\"@id\":\"http:\\\/\\\/autosdelpodio.com\\\/autos\\\/wp-content\\\/litespeed\\\/avatar\\\/453fc9bdbb11d766ba4c7f14d0bd0aa9.jpg?ver=1777404874\",\"url\":\"http:\\\/\\\/autosdelpodio.com\\\/autos\\\/wp-content\\\/litespeed\\\/avatar\\\/453fc9bdbb11d766ba4c7f14d0bd0aa9.jpg?ver=1777404874\",\"contentUrl\":\"http:\\\/\\\/autosdelpodio.com\\\/autos\\\/wp-content\\\/litespeed\\\/avatar\\\/453fc9bdbb11d766ba4c7f14d0bd0aa9.jpg?ver=1777404874\",\"caption\":\"wi022230\"}}]}<\/script>\n<!-- \/ Yoast SEO plugin. -->","yoast_head_json":{"title":"Autos del Podio | Las carreras en ca\u00edda libre","description":"Autos del Podio","robots":{"index":"index","follow":"follow","max-snippet":"max-snippet:-1","max-image-preview":"max-image-preview:large","max-video-preview":"max-video-preview:-1"},"canonical":"http:\/\/autosdelpodio.com\/autos\/las-carreras-en-caida-libre\/","og_locale":"es_ES","og_type":"article","og_title":"Autos del Podio | Las carreras en ca\u00edda libre","og_description":"Autos del Podio","og_url":"http:\/\/autosdelpodio.com\/autos\/las-carreras-en-caida-libre\/","og_site_name":"Autos del Podio","article_publisher":"https:\/\/www.facebook.com\/profile.php?id=100057192590976&amp%3bamp%3bamp%3bamp%3bamp%3bamp%3bamp%3bamp%3bamp%3bamp%3bamp%3bamp%3bamp%3bamp%3bamp%3bamp%3bamp%3bamp%3bref=ts","article_published_time":"2014-12-30T22:44:47+00:00","og_image":[{"width":1381,"height":1033,"url":"http:\/\/autosdelpodio.com\/autos\/wp-content\/uploads\/2014\/12\/casco_pilotonf.jpg","type":"image\/jpeg"}],"author":"wi022230","twitter_card":"summary_large_image","twitter_creator":"@autosdelpodio","twitter_site":"@autosdelpodio","twitter_misc":{"Escrito por":"wi022230","Tiempo de lectura":"5 minutos"},"schema":{"@context":"https:\/\/schema.org","@graph":[{"@type":"Article","@id":"http:\/\/autosdelpodio.com\/autos\/las-carreras-en-caida-libre\/#article","isPartOf":{"@id":"http:\/\/autosdelpodio.com\/autos\/las-carreras-en-caida-libre\/"},"author":{"name":"wi022230","@id":"http:\/\/autosdelpodio.com\/autos\/#\/schema\/person\/e88353cabf768863fdf874e30120f3ba"},"headline":"Las carreras en ca\u00edda libre","datePublished":"2014-12-30T22:44:47+00:00","mainEntityOfPage":{"@id":"http:\/\/autosdelpodio.com\/autos\/las-carreras-en-caida-libre\/"},"wordCount":992,"commentCount":0,"publisher":{"@id":"http:\/\/autosdelpodio.com\/autos\/#organization"},"image":{"@id":"http:\/\/autosdelpodio.com\/autos\/las-carreras-en-caida-libre\/#primaryimage"},"thumbnailUrl":"http:\/\/autosdelpodio.com\/autos\/wp-content\/uploads\/2014\/12\/casco_pilotonf.jpg","articleSection":["Opini\u00f3n"],"inLanguage":"es","potentialAction":[{"@type":"CommentAction","name":"Comment","target":["http:\/\/autosdelpodio.com\/autos\/las-carreras-en-caida-libre\/#respond"]}]},{"@type":"WebPage","@id":"http:\/\/autosdelpodio.com\/autos\/las-carreras-en-caida-libre\/","url":"http:\/\/autosdelpodio.com\/autos\/las-carreras-en-caida-libre\/","name":"Autos del Podio | Las carreras en ca\u00edda libre","isPartOf":{"@id":"http:\/\/autosdelpodio.com\/autos\/#website"},"primaryImageOfPage":{"@id":"http:\/\/autosdelpodio.com\/autos\/las-carreras-en-caida-libre\/#primaryimage"},"image":{"@id":"http:\/\/autosdelpodio.com\/autos\/las-carreras-en-caida-libre\/#primaryimage"},"thumbnailUrl":"http:\/\/autosdelpodio.com\/autos\/wp-content\/uploads\/2014\/12\/casco_pilotonf.jpg","datePublished":"2014-12-30T22:44:47+00:00","description":"Autos del Podio","breadcrumb":{"@id":"http:\/\/autosdelpodio.com\/autos\/las-carreras-en-caida-libre\/#breadcrumb"},"inLanguage":"es","potentialAction":[{"@type":"ReadAction","target":["http:\/\/autosdelpodio.com\/autos\/las-carreras-en-caida-libre\/"]}]},{"@type":"ImageObject","inLanguage":"es","@id":"http:\/\/autosdelpodio.com\/autos\/las-carreras-en-caida-libre\/#primaryimage","url":"http:\/\/autosdelpodio.com\/autos\/wp-content\/uploads\/2014\/12\/casco_pilotonf.jpg","contentUrl":"http:\/\/autosdelpodio.com\/autos\/wp-content\/uploads\/2014\/12\/casco_pilotonf.jpg","width":1381,"height":1033},{"@type":"BreadcrumbList","@id":"http:\/\/autosdelpodio.com\/autos\/las-carreras-en-caida-libre\/#breadcrumb","itemListElement":[{"@type":"ListItem","position":1,"name":"Portada","item":"http:\/\/autosdelpodio.com\/autos\/"},{"@type":"ListItem","position":2,"name":"Las carreras en ca\u00edda libre"}]},{"@type":"WebSite","@id":"http:\/\/autosdelpodio.com\/autos\/#website","url":"http:\/\/autosdelpodio.com\/autos\/","name":"Autos del Podio","description":"La sexta del deporte motor","publisher":{"@id":"http:\/\/autosdelpodio.com\/autos\/#organization"},"potentialAction":[{"@type":"SearchAction","target":{"@type":"EntryPoint","urlTemplate":"http:\/\/autosdelpodio.com\/autos\/?s={search_term_string}"},"query-input":{"@type":"PropertyValueSpecification","valueRequired":true,"valueName":"search_term_string"}}],"inLanguage":"es"},{"@type":"Organization","@id":"http:\/\/autosdelpodio.com\/autos\/#organization","name":"Autos del Podio","url":"http:\/\/autosdelpodio.com\/autos\/","logo":{"@type":"ImageObject","inLanguage":"es","@id":"http:\/\/autosdelpodio.com\/autos\/#\/schema\/logo\/image\/","url":"http:\/\/autosdelpodio.com\/autos\/wp-content\/uploads\/2020\/08\/Logo_AR.jpg","contentUrl":"http:\/\/autosdelpodio.com\/autos\/wp-content\/uploads\/2020\/08\/Logo_AR.jpg","width":1038,"height":1044,"caption":"Autos del Podio"},"image":{"@id":"http:\/\/autosdelpodio.com\/autos\/#\/schema\/logo\/image\/"},"sameAs":["https:\/\/www.facebook.com\/profile.php?id=100057192590976&amp;amp;amp;amp;amp;amp;amp;amp;amp;amp;amp;amp;amp;amp;amp;amp;amp;amp;ref=ts","https:\/\/x.com\/autosdelpodio","https:\/\/www.youtube.com\/user\/AutosdelPodio"]},{"@type":"Person","@id":"http:\/\/autosdelpodio.com\/autos\/#\/schema\/person\/e88353cabf768863fdf874e30120f3ba","name":"wi022230","image":{"@type":"ImageObject","inLanguage":"es","@id":"http:\/\/autosdelpodio.com\/autos\/wp-content\/litespeed\/avatar\/453fc9bdbb11d766ba4c7f14d0bd0aa9.jpg?ver=1777404874","url":"http:\/\/autosdelpodio.com\/autos\/wp-content\/litespeed\/avatar\/453fc9bdbb11d766ba4c7f14d0bd0aa9.jpg?ver=1777404874","contentUrl":"http:\/\/autosdelpodio.com\/autos\/wp-content\/litespeed\/avatar\/453fc9bdbb11d766ba4c7f14d0bd0aa9.jpg?ver=1777404874","caption":"wi022230"}}]}},"views":436,"_links":{"self":[{"href":"http:\/\/autosdelpodio.com\/autos\/wp-json\/wp\/v2\/posts\/1129","targetHints":{"allow":["GET"]}}],"collection":[{"href":"http:\/\/autosdelpodio.com\/autos\/wp-json\/wp\/v2\/posts"}],"about":[{"href":"http:\/\/autosdelpodio.com\/autos\/wp-json\/wp\/v2\/types\/post"}],"author":[{"embeddable":true,"href":"http:\/\/autosdelpodio.com\/autos\/wp-json\/wp\/v2\/users\/1"}],"replies":[{"embeddable":true,"href":"http:\/\/autosdelpodio.com\/autos\/wp-json\/wp\/v2\/comments?post=1129"}],"version-history":[{"count":0,"href":"http:\/\/autosdelpodio.com\/autos\/wp-json\/wp\/v2\/posts\/1129\/revisions"}],"wp:featuredmedia":[{"embeddable":true,"href":"http:\/\/autosdelpodio.com\/autos\/wp-json\/wp\/v2\/media\/1128"}],"wp:attachment":[{"href":"http:\/\/autosdelpodio.com\/autos\/wp-json\/wp\/v2\/media?parent=1129"}],"wp:term":[{"taxonomy":"category","embeddable":true,"href":"http:\/\/autosdelpodio.com\/autos\/wp-json\/wp\/v2\/categories?post=1129"},{"taxonomy":"post_tag","embeddable":true,"href":"http:\/\/autosdelpodio.com\/autos\/wp-json\/wp\/v2\/tags?post=1129"}],"curies":[{"name":"wp","href":"https:\/\/api.w.org\/{rel}","templated":true}]}}