{"id":1138,"date":"2015-01-29T00:13:54","date_gmt":"2015-01-29T00:13:54","guid":{"rendered":"http:\/\/autosdelpodio.com\/autos\/2015\/01\/29\/luz-verde-para-la-23d-edicion-de-la-fiesta-nacional-del-automovilismo-en-balcarce\/"},"modified":"2015-01-29T00:13:54","modified_gmt":"2015-01-29T00:13:54","slug":"luz-verde-para-la-23d-edicion-de-la-fiesta-nacional-del-automovilismo-en-balcarce","status":"publish","type":"post","link":"http:\/\/autosdelpodio.com\/autos\/luz-verde-para-la-23d-edicion-de-la-fiesta-nacional-del-automovilismo-en-balcarce\/","title":{"rendered":"Luz verde para la 23\u00b0 edici\u00f3n de la fiesta nacional del automovilismo en Balcarce"},"content":{"rendered":"<p>El evento se desarrollar\u00e1 en la ciudad bonaerense entre el 29 de Enero y el 1 de Febrero nutrida de autos antiguos, homenaje a pilotos y numeros musicales.A continuaci\u00f3n el cronograma de actividades en detalle de la muestra:<\/p>\n<p style=\"text-align: justify;\"><strong>Jueves 29 de enero<\/strong><\/p>\n<p style=\"text-align: justify;\">11:00 Apertura Feria de Artesanos<\/p>\n<p style=\"text-align: justify;\">13:00 Exposici\u00f3n de autos en explanada Museo MAR (Mar del Plata)<\/p>\n<p style=\"text-align: justify;\">17:30 Carrera de los Museos Juan M. Bordeu &#8211; Salida rumbo a Balcarce<\/p>\n<p style=\"text-align: justify;\">19:30 Arribo al Museo Fangio &#8211; Agasajo a destacadas mujeres tripulantes<\/p>\n<p style=\"text-align: justify;\">Apertura de la FNA23<\/p>\n<p style=\"text-align: justify;\">Apertura Carpa del Automovilismo Argentino<\/p>\n<p style=\"text-align: justify;\">21:00 Entrega de los premios Juan Manuel Bordeu (Fundaci\u00f3n Fangio)<\/p>\n<p style=\"text-align: justify;\">Agasajo a pilotos: Jos\u00e9 M. L\u00f3pez (Campe\u00f3n del WTCC) y Norberto Fontana (ex F1)<\/p>\n<p style=\"text-align: justify;\"><strong>Viernes 30 de enero<\/strong><\/p>\n<p style=\"text-align: justify;\">11:00 Apertura Feria de Artesanos<\/p>\n<p style=\"text-align: justify;\">Plaza de juegos tem\u00e1ticos y stands en Plaza Libertad<\/p>\n<p style=\"text-align: justify;\">Inauguraci\u00f3n Circuito callejero de Kart<\/p>\n<p style=\"text-align: justify;\">19:00 Exhibici\u00f3n Showcars y karts \/ Simuladores F1 Pirelli (Frente al Museo)<\/p>\n<p style=\"text-align: justify;\">Presentaci\u00f3n del auto de la F\u00f3rmula Metropolitana de Diego Ciantini<\/p>\n<p style=\"text-align: justify;\">Competencia en Simuladores<\/p>\n<p style=\"text-align: justify;\">21:00 Proyecci\u00f3n de La Misi\u00f3n Argentina sobre Las 84 Hs. de N\u00fcrburgring (Microcine Museo)<\/p>\n<p style=\"text-align: justify;\">Show con la actuaci\u00f3n de Sideral \/ Presentaci\u00f3n de las Postulantes a Reina<\/p>\n<p style=\"text-align: justify;\"><strong>S\u00e1bado 31 de enero<\/strong><\/p>\n<p style=\"text-align: justify;\">11:00 Feria de Artesanos<\/p>\n<p style=\"text-align: justify;\">Plaza de juegos tem\u00e1ticos y stands en Plaza Libertad<\/p>\n<p style=\"text-align: justify;\">15:00 Arribo de Clubes Multimarcas, de autos cl\u00e1sicos y antiguos<\/p>\n<p style=\"text-align: justify;\">16:00 Exhibici\u00f3n de karts con pilotos locales (titulares e invitados)<\/p>\n<p style=\"text-align: justify;\">19:00 Reconocimiento a Pilotos Dakar bajo el lema \u201cel mismo esp\u00edritu, la misma pasi\u00f3n\u201d<\/p>\n<p style=\"text-align: justify;\">21:00 Espect\u00e1culo Musical en Anfiteatro del Cerro con Genuine Trust (ganador de Balcarce Rockea) \/ Elecci\u00f3n de la Reina<\/p>\n<p style=\"text-align: justify;\">Show de Baglietto-Vitale<\/p>\n<p style=\"text-align: justify;\"><strong>Domingo 1 de febrero<\/strong><\/p>\n<p style=\"text-align: justify;\">11:00 Feria de Artesanos<\/p>\n<p style=\"text-align: justify;\">Plaza de juegos tem\u00e1ticos y stands en Plaza Libertad<\/p>\n<p style=\"text-align: justify;\">11:00 Clubes Multimarcas, de autos cl\u00e1sicos y antiguos<\/p>\n<p style=\"text-align: justify;\">16:00 Exhibici\u00f3n de karts con pilotos locales e invitados especiales<\/p>\n<p style=\"text-align: justify;\">Entrega de reconocimientos<\/p>\n<p style=\"text-align: justify;\">Paseo de la Reina y princesas<\/p>\n<p style=\"text-align: justify;\">20:00 Inicio Show Musical en Parque Cerro el Triunfo<\/p>\n<p style=\"text-align: justify;\">Saludo de Reina y princesas<\/p>\n<p style=\"text-align: justify;\">21:00 Show de Abel Pintos<\/p>\n","protected":false},"excerpt":{"rendered":"<p>El evento se desarrollar\u00e1 en la ciudad bonaerense entre el 29 de Enero y el 1 de Febrero nutrida de<\/p>\n","protected":false},"author":1,"featured_media":0,"comment_status":"open","ping_status":"open","sticky":false,"template":"","format":"standard","meta":{"colormag_page_container_layout":"default_layout","colormag_page_sidebar_layout":"default_layout","footnotes":""},"categories":[5],"tags":[],"class_list":["post-1138","post","type-post","status-publish","format-standard","hentry","category-latest-news"],"yoast_head":"<!-- This site is optimized with the Yoast SEO plugin v27.5 - https:\/\/yoast.com\/product\/yoast-seo-wordpress\/ -->\n<title>Autos del Podio | Luz verde para la 23\u00b0 edici\u00f3n de la fiesta nacional del automovilismo en Balcarce<\/title>\n<meta name=\"description\" content=\"Autos del Podio\" \/>\n<meta name=\"robots\" content=\"index, follow, max-snippet:-1, max-image-preview:large, max-video-preview:-1\" \/>\n<link rel=\"canonical\" href=\"http:\/\/autosdelpodio.com\/autos\/luz-verde-para-la-23d-edicion-de-la-fiesta-nacional-del-automovilismo-en-balcarce\/\" \/>\n<meta property=\"og:locale\" content=\"es_ES\" \/>\n<meta property=\"og:type\" content=\"article\" \/>\n<meta property=\"og:title\" content=\"Autos del Podio | Luz verde para la 23\u00b0 edici\u00f3n de la fiesta nacional del automovilismo en Balcarce\" \/>\n<meta property=\"og:description\" content=\"Autos del Podio\" \/>\n<meta property=\"og:url\" content=\"http:\/\/autosdelpodio.com\/autos\/luz-verde-para-la-23d-edicion-de-la-fiesta-nacional-del-automovilismo-en-balcarce\/\" \/>\n<meta property=\"og:site_name\" content=\"Autos del Podio\" \/>\n<meta property=\"article:publisher\" content=\"https:\/\/www.facebook.com\/profile.php?id=100057192590976&amp;amp%3bamp%3bamp%3bamp%3bamp%3bamp%3bamp%3bamp%3bamp%3bamp%3bamp%3bamp%3bamp%3bamp%3bamp%3bamp%3bamp%3bamp%3bref=ts\" \/>\n<meta property=\"article:published_time\" content=\"2015-01-29T00:13:54+00:00\" \/>\n<meta name=\"author\" content=\"wi022230\" \/>\n<meta name=\"twitter:card\" content=\"summary_large_image\" \/>\n<meta name=\"twitter:creator\" content=\"@autosdelpodio\" \/>\n<meta name=\"twitter:site\" content=\"@autosdelpodio\" \/>\n<meta name=\"twitter:label1\" content=\"Escrito por\" \/>\n\t<meta name=\"twitter:data1\" content=\"wi022230\" \/>\n\t<meta name=\"twitter:label2\" content=\"Tiempo de lectura\" \/>\n\t<meta name=\"twitter:data2\" content=\"2 minutos\" \/>\n<script type=\"application\/ld+json\" class=\"yoast-schema-graph\">{\"@context\":\"https:\\\/\\\/schema.org\",\"@graph\":[{\"@type\":\"Article\",\"@id\":\"http:\\\/\\\/autosdelpodio.com\\\/autos\\\/luz-verde-para-la-23d-edicion-de-la-fiesta-nacional-del-automovilismo-en-balcarce\\\/#article\",\"isPartOf\":{\"@id\":\"http:\\\/\\\/autosdelpodio.com\\\/autos\\\/luz-verde-para-la-23d-edicion-de-la-fiesta-nacional-del-automovilismo-en-balcarce\\\/\"},\"author\":{\"name\":\"wi022230\",\"@id\":\"http:\\\/\\\/autosdelpodio.com\\\/autos\\\/#\\\/schema\\\/person\\\/e88353cabf768863fdf874e30120f3ba\"},\"headline\":\"Luz verde para la 23\u00b0 edici\u00f3n de la fiesta nacional del automovilismo en Balcarce\",\"datePublished\":\"2015-01-29T00:13:54+00:00\",\"mainEntityOfPage\":{\"@id\":\"http:\\\/\\\/autosdelpodio.com\\\/autos\\\/luz-verde-para-la-23d-edicion-de-la-fiesta-nacional-del-automovilismo-en-balcarce\\\/\"},\"wordCount\":339,\"commentCount\":0,\"publisher\":{\"@id\":\"http:\\\/\\\/autosdelpodio.com\\\/autos\\\/#organization\"},\"articleSection\":[\"\u00daltimas noticias\"],\"inLanguage\":\"es\",\"potentialAction\":[{\"@type\":\"CommentAction\",\"name\":\"Comment\",\"target\":[\"http:\\\/\\\/autosdelpodio.com\\\/autos\\\/luz-verde-para-la-23d-edicion-de-la-fiesta-nacional-del-automovilismo-en-balcarce\\\/#respond\"]}]},{\"@type\":\"WebPage\",\"@id\":\"http:\\\/\\\/autosdelpodio.com\\\/autos\\\/luz-verde-para-la-23d-edicion-de-la-fiesta-nacional-del-automovilismo-en-balcarce\\\/\",\"url\":\"http:\\\/\\\/autosdelpodio.com\\\/autos\\\/luz-verde-para-la-23d-edicion-de-la-fiesta-nacional-del-automovilismo-en-balcarce\\\/\",\"name\":\"Autos del Podio | Luz verde para la 23\u00b0 edici\u00f3n de la fiesta nacional del automovilismo en Balcarce\",\"isPartOf\":{\"@id\":\"http:\\\/\\\/autosdelpodio.com\\\/autos\\\/#website\"},\"datePublished\":\"2015-01-29T00:13:54+00:00\",\"description\":\"Autos del Podio\",\"breadcrumb\":{\"@id\":\"http:\\\/\\\/autosdelpodio.com\\\/autos\\\/luz-verde-para-la-23d-edicion-de-la-fiesta-nacional-del-automovilismo-en-balcarce\\\/#breadcrumb\"},\"inLanguage\":\"es\",\"potentialAction\":[{\"@type\":\"ReadAction\",\"target\":[\"http:\\\/\\\/autosdelpodio.com\\\/autos\\\/luz-verde-para-la-23d-edicion-de-la-fiesta-nacional-del-automovilismo-en-balcarce\\\/\"]}]},{\"@type\":\"BreadcrumbList\",\"@id\":\"http:\\\/\\\/autosdelpodio.com\\\/autos\\\/luz-verde-para-la-23d-edicion-de-la-fiesta-nacional-del-automovilismo-en-balcarce\\\/#breadcrumb\",\"itemListElement\":[{\"@type\":\"ListItem\",\"position\":1,\"name\":\"Portada\",\"item\":\"http:\\\/\\\/autosdelpodio.com\\\/autos\\\/\"},{\"@type\":\"ListItem\",\"position\":2,\"name\":\"Luz verde para la 23\u00b0 edici\u00f3n de la fiesta nacional del automovilismo en Balcarce\"}]},{\"@type\":\"WebSite\",\"@id\":\"http:\\\/\\\/autosdelpodio.com\\\/autos\\\/#website\",\"url\":\"http:\\\/\\\/autosdelpodio.com\\\/autos\\\/\",\"name\":\"Autos del Podio\",\"description\":\"La sexta del deporte motor\",\"publisher\":{\"@id\":\"http:\\\/\\\/autosdelpodio.com\\\/autos\\\/#organization\"},\"potentialAction\":[{\"@type\":\"SearchAction\",\"target\":{\"@type\":\"EntryPoint\",\"urlTemplate\":\"http:\\\/\\\/autosdelpodio.com\\\/autos\\\/?s={search_term_string}\"},\"query-input\":{\"@type\":\"PropertyValueSpecification\",\"valueRequired\":true,\"valueName\":\"search_term_string\"}}],\"inLanguage\":\"es\"},{\"@type\":\"Organization\",\"@id\":\"http:\\\/\\\/autosdelpodio.com\\\/autos\\\/#organization\",\"name\":\"Autos del Podio\",\"url\":\"http:\\\/\\\/autosdelpodio.com\\\/autos\\\/\",\"logo\":{\"@type\":\"ImageObject\",\"inLanguage\":\"es\",\"@id\":\"http:\\\/\\\/autosdelpodio.com\\\/autos\\\/#\\\/schema\\\/logo\\\/image\\\/\",\"url\":\"http:\\\/\\\/autosdelpodio.com\\\/autos\\\/wp-content\\\/uploads\\\/2020\\\/08\\\/Logo_AR.jpg\",\"contentUrl\":\"http:\\\/\\\/autosdelpodio.com\\\/autos\\\/wp-content\\\/uploads\\\/2020\\\/08\\\/Logo_AR.jpg\",\"width\":1038,\"height\":1044,\"caption\":\"Autos del Podio\"},\"image\":{\"@id\":\"http:\\\/\\\/autosdelpodio.com\\\/autos\\\/#\\\/schema\\\/logo\\\/image\\\/\"},\"sameAs\":[\"https:\\\/\\\/www.facebook.com\\\/profile.php?id=100057192590976&amp;amp;amp;amp;amp;amp;amp;amp;amp;amp;amp;amp;amp;amp;amp;amp;amp;amp;ref=ts\",\"https:\\\/\\\/x.com\\\/autosdelpodio\",\"https:\\\/\\\/www.youtube.com\\\/user\\\/AutosdelPodio\"]},{\"@type\":\"Person\",\"@id\":\"http:\\\/\\\/autosdelpodio.com\\\/autos\\\/#\\\/schema\\\/person\\\/e88353cabf768863fdf874e30120f3ba\",\"name\":\"wi022230\",\"image\":{\"@type\":\"ImageObject\",\"inLanguage\":\"es\",\"@id\":\"http:\\\/\\\/autosdelpodio.com\\\/autos\\\/wp-content\\\/litespeed\\\/avatar\\\/453fc9bdbb11d766ba4c7f14d0bd0aa9.jpg?ver=1777404874\",\"url\":\"http:\\\/\\\/autosdelpodio.com\\\/autos\\\/wp-content\\\/litespeed\\\/avatar\\\/453fc9bdbb11d766ba4c7f14d0bd0aa9.jpg?ver=1777404874\",\"contentUrl\":\"http:\\\/\\\/autosdelpodio.com\\\/autos\\\/wp-content\\\/litespeed\\\/avatar\\\/453fc9bdbb11d766ba4c7f14d0bd0aa9.jpg?ver=1777404874\",\"caption\":\"wi022230\"}}]}<\/script>\n<!-- \/ Yoast SEO plugin. -->","yoast_head_json":{"title":"Autos del Podio | Luz verde para la 23\u00b0 edici\u00f3n de la fiesta nacional del automovilismo en Balcarce","description":"Autos del Podio","robots":{"index":"index","follow":"follow","max-snippet":"max-snippet:-1","max-image-preview":"max-image-preview:large","max-video-preview":"max-video-preview:-1"},"canonical":"http:\/\/autosdelpodio.com\/autos\/luz-verde-para-la-23d-edicion-de-la-fiesta-nacional-del-automovilismo-en-balcarce\/","og_locale":"es_ES","og_type":"article","og_title":"Autos del Podio | Luz verde para la 23\u00b0 edici\u00f3n de la fiesta nacional del automovilismo en Balcarce","og_description":"Autos del Podio","og_url":"http:\/\/autosdelpodio.com\/autos\/luz-verde-para-la-23d-edicion-de-la-fiesta-nacional-del-automovilismo-en-balcarce\/","og_site_name":"Autos del Podio","article_publisher":"https:\/\/www.facebook.com\/profile.php?id=100057192590976&amp%3bamp%3bamp%3bamp%3bamp%3bamp%3bamp%3bamp%3bamp%3bamp%3bamp%3bamp%3bamp%3bamp%3bamp%3bamp%3bamp%3bamp%3bref=ts","article_published_time":"2015-01-29T00:13:54+00:00","author":"wi022230","twitter_card":"summary_large_image","twitter_creator":"@autosdelpodio","twitter_site":"@autosdelpodio","twitter_misc":{"Escrito por":"wi022230","Tiempo de lectura":"2 minutos"},"schema":{"@context":"https:\/\/schema.org","@graph":[{"@type":"Article","@id":"http:\/\/autosdelpodio.com\/autos\/luz-verde-para-la-23d-edicion-de-la-fiesta-nacional-del-automovilismo-en-balcarce\/#article","isPartOf":{"@id":"http:\/\/autosdelpodio.com\/autos\/luz-verde-para-la-23d-edicion-de-la-fiesta-nacional-del-automovilismo-en-balcarce\/"},"author":{"name":"wi022230","@id":"http:\/\/autosdelpodio.com\/autos\/#\/schema\/person\/e88353cabf768863fdf874e30120f3ba"},"headline":"Luz verde para la 23\u00b0 edici\u00f3n de la fiesta nacional del automovilismo en Balcarce","datePublished":"2015-01-29T00:13:54+00:00","mainEntityOfPage":{"@id":"http:\/\/autosdelpodio.com\/autos\/luz-verde-para-la-23d-edicion-de-la-fiesta-nacional-del-automovilismo-en-balcarce\/"},"wordCount":339,"commentCount":0,"publisher":{"@id":"http:\/\/autosdelpodio.com\/autos\/#organization"},"articleSection":["\u00daltimas noticias"],"inLanguage":"es","potentialAction":[{"@type":"CommentAction","name":"Comment","target":["http:\/\/autosdelpodio.com\/autos\/luz-verde-para-la-23d-edicion-de-la-fiesta-nacional-del-automovilismo-en-balcarce\/#respond"]}]},{"@type":"WebPage","@id":"http:\/\/autosdelpodio.com\/autos\/luz-verde-para-la-23d-edicion-de-la-fiesta-nacional-del-automovilismo-en-balcarce\/","url":"http:\/\/autosdelpodio.com\/autos\/luz-verde-para-la-23d-edicion-de-la-fiesta-nacional-del-automovilismo-en-balcarce\/","name":"Autos del Podio | Luz verde para la 23\u00b0 edici\u00f3n de la fiesta nacional del automovilismo en Balcarce","isPartOf":{"@id":"http:\/\/autosdelpodio.com\/autos\/#website"},"datePublished":"2015-01-29T00:13:54+00:00","description":"Autos del Podio","breadcrumb":{"@id":"http:\/\/autosdelpodio.com\/autos\/luz-verde-para-la-23d-edicion-de-la-fiesta-nacional-del-automovilismo-en-balcarce\/#breadcrumb"},"inLanguage":"es","potentialAction":[{"@type":"ReadAction","target":["http:\/\/autosdelpodio.com\/autos\/luz-verde-para-la-23d-edicion-de-la-fiesta-nacional-del-automovilismo-en-balcarce\/"]}]},{"@type":"BreadcrumbList","@id":"http:\/\/autosdelpodio.com\/autos\/luz-verde-para-la-23d-edicion-de-la-fiesta-nacional-del-automovilismo-en-balcarce\/#breadcrumb","itemListElement":[{"@type":"ListItem","position":1,"name":"Portada","item":"http:\/\/autosdelpodio.com\/autos\/"},{"@type":"ListItem","position":2,"name":"Luz verde para la 23\u00b0 edici\u00f3n de la fiesta nacional del automovilismo en Balcarce"}]},{"@type":"WebSite","@id":"http:\/\/autosdelpodio.com\/autos\/#website","url":"http:\/\/autosdelpodio.com\/autos\/","name":"Autos del Podio","description":"La sexta del deporte motor","publisher":{"@id":"http:\/\/autosdelpodio.com\/autos\/#organization"},"potentialAction":[{"@type":"SearchAction","target":{"@type":"EntryPoint","urlTemplate":"http:\/\/autosdelpodio.com\/autos\/?s={search_term_string}"},"query-input":{"@type":"PropertyValueSpecification","valueRequired":true,"valueName":"search_term_string"}}],"inLanguage":"es"},{"@type":"Organization","@id":"http:\/\/autosdelpodio.com\/autos\/#organization","name":"Autos del Podio","url":"http:\/\/autosdelpodio.com\/autos\/","logo":{"@type":"ImageObject","inLanguage":"es","@id":"http:\/\/autosdelpodio.com\/autos\/#\/schema\/logo\/image\/","url":"http:\/\/autosdelpodio.com\/autos\/wp-content\/uploads\/2020\/08\/Logo_AR.jpg","contentUrl":"http:\/\/autosdelpodio.com\/autos\/wp-content\/uploads\/2020\/08\/Logo_AR.jpg","width":1038,"height":1044,"caption":"Autos del Podio"},"image":{"@id":"http:\/\/autosdelpodio.com\/autos\/#\/schema\/logo\/image\/"},"sameAs":["https:\/\/www.facebook.com\/profile.php?id=100057192590976&amp;amp;amp;amp;amp;amp;amp;amp;amp;amp;amp;amp;amp;amp;amp;amp;amp;amp;ref=ts","https:\/\/x.com\/autosdelpodio","https:\/\/www.youtube.com\/user\/AutosdelPodio"]},{"@type":"Person","@id":"http:\/\/autosdelpodio.com\/autos\/#\/schema\/person\/e88353cabf768863fdf874e30120f3ba","name":"wi022230","image":{"@type":"ImageObject","inLanguage":"es","@id":"http:\/\/autosdelpodio.com\/autos\/wp-content\/litespeed\/avatar\/453fc9bdbb11d766ba4c7f14d0bd0aa9.jpg?ver=1777404874","url":"http:\/\/autosdelpodio.com\/autos\/wp-content\/litespeed\/avatar\/453fc9bdbb11d766ba4c7f14d0bd0aa9.jpg?ver=1777404874","contentUrl":"http:\/\/autosdelpodio.com\/autos\/wp-content\/litespeed\/avatar\/453fc9bdbb11d766ba4c7f14d0bd0aa9.jpg?ver=1777404874","caption":"wi022230"}}]}},"views":521,"_links":{"self":[{"href":"http:\/\/autosdelpodio.com\/autos\/wp-json\/wp\/v2\/posts\/1138","targetHints":{"allow":["GET"]}}],"collection":[{"href":"http:\/\/autosdelpodio.com\/autos\/wp-json\/wp\/v2\/posts"}],"about":[{"href":"http:\/\/autosdelpodio.com\/autos\/wp-json\/wp\/v2\/types\/post"}],"author":[{"embeddable":true,"href":"http:\/\/autosdelpodio.com\/autos\/wp-json\/wp\/v2\/users\/1"}],"replies":[{"embeddable":true,"href":"http:\/\/autosdelpodio.com\/autos\/wp-json\/wp\/v2\/comments?post=1138"}],"version-history":[{"count":0,"href":"http:\/\/autosdelpodio.com\/autos\/wp-json\/wp\/v2\/posts\/1138\/revisions"}],"wp:attachment":[{"href":"http:\/\/autosdelpodio.com\/autos\/wp-json\/wp\/v2\/media?parent=1138"}],"wp:term":[{"taxonomy":"category","embeddable":true,"href":"http:\/\/autosdelpodio.com\/autos\/wp-json\/wp\/v2\/categories?post=1138"},{"taxonomy":"post_tag","embeddable":true,"href":"http:\/\/autosdelpodio.com\/autos\/wp-json\/wp\/v2\/tags?post=1138"}],"curies":[{"name":"wp","href":"https:\/\/api.w.org\/{rel}","templated":true}]}}