{"id":1141,"date":"2015-02-08T22:13:29","date_gmt":"2015-02-08T22:13:29","guid":{"rendered":"http:\/\/autosdelpodio.com\/autos\/2015\/02\/08\/mar-de-canapa\/"},"modified":"2015-02-08T22:13:29","modified_gmt":"2015-02-08T22:13:29","slug":"mar-de-canapa","status":"publish","type":"post","link":"http:\/\/autosdelpodio.com\/autos\/mar-de-canapa\/","title":{"rendered":"Mar de Canapa"},"content":{"rendered":"<p style=\"text-align: justify;\">Agustin Canapino a bordo del Chevrolet de Valentin Aguirre se llev\u00f3 la primera final del a\u00f1o del TC Mouras con pilotos invitados en el Autodromo Rotonda de Mar de Aj\u00f3 donde siempre se destac\u00f3 dentro del Turismo Carretera.Sergio Alauz (Chevrolet) y Juan Bautista De Benedictis completaron el podio.<\/p>\n<p style=\"text-align: justify;\">En tanto que en la final de los pilotos titulares fue victoria de Augusto Carinelli tambien con Chevrolet escoltado por las Dodge de Sebatian Peluso y Alvaro Perlo.<\/p>\n<p style=\"text-align: justify;\">La proxima fecha ser\u00e1 el proximo 22 de Febrero en el Autodromo Roberto Mouras de La Plata.<\/p>\n<p><strong><em>Final Invitados &#8211; TC MOURAS &#8211; a 16 Vueltas o 30 min<\/em><\/strong><\/p>\n<p><span style=\"font-size: 12.1599998474121px; line-height: 1.3em;\">1 \u00a0133 CANAPINO AGUSTIN \u00a0 \u00a0 \u00a0 \u00a0 CHEVROLET \u00a0 \u00a0 \u00a0 15 \u00a0 \u00a0 30;27,820 <\/span><\/p>\n<p><span style=\"font-size: 12.1599998474121px; line-height: 1.3em;\">2 \u00a077 \u00a0ALAUX SERGIO \u00a0 \u00a0 \u00a0 \u00a0 \u00a0 \u00a0 CHEVROLET \u00a0 \u00a0 \u00a0 15 \u00a0 \u00a0 30;31,558 \u00a0 \u00a0 \u00a0 \u00a03,738<\/span><\/p>\n<p><span style=\"font-size: 12.1599998474121px; line-height: 1.3em;\">3 \u00a069 \u00a0DE BENEDICTIS JUAN \u00a0 \u00a0 \u00a0 FORD \u00a0 \u00a0 \u00a0 \u00a0 \u00a0 \u00a015 \u00a0 \u00a0 30;33,406 \u00a0 \u00a0 \u00a0 \u00a05,586<\/span><\/p>\n<p><span style=\"font-size: 12.1599998474121px; line-height: 1.3em;\">4 \u00a088 \u00a0URCERA JUAN MANUEL \u00a0 \u00a0 \u00a0 CHEVROLET \u00a0 \u00a0 \u00a0 15 \u00a0 \u00a0 30;34,030 \u00a0 \u00a0 \u00a0 \u00a06,210<\/span><\/p>\n<p><span style=\"font-size: 12.1599998474121px; line-height: 1.3em;\">5 \u00a016 \u00a0UGALDE LEONEL \u00a0 \u00a0 \u00a0 \u00a0 \u00a0 \u00a0FORD \u00a0 \u00a0 \u00a0 \u00a0 \u00a0 \u00a015 \u00a0 \u00a0 30;34,738 \u00a0 \u00a0 \u00a0 \u00a06,918<\/span><\/p>\n<p><span style=\"font-size: 12.1599998474121px; line-height: 1.3em;\">6 \u00a011 \u00a0PERLO GONZALO \u00a0 \u00a0 \u00a0 \u00a0 \u00a0 \u00a0DODGE \u00a0 \u00a0 \u00a0 \u00a0 \u00a0 15 \u00a0 \u00a0 30;37,937 \u00a0 \u00a0 \u00a0 10,117<\/span><\/p>\n<p><span style=\"font-size: 12.1599998474121px; line-height: 1.3em;\">7 \u00a0121 VIVIAN FRANCO \u00a0 \u00a0 \u00a0 \u00a0 \u00a0 \u00a0CHEVROLET \u00a0 \u00a0 \u00a0 15 \u00a0 \u00a0 30;38,802 \u00a0 \u00a0 \u00a0 10,982<\/span><\/p>\n<p><span style=\"font-size: 12.1599998474121px; line-height: 1.3em;\">8 \u00a098 \u00a0CAMPANERA LAUREANO \u00a0 \u00a0 \u00a0 CHEVROLET \u00a0 \u00a0 \u00a0 15 \u00a0 \u00a0 30;39,144 \u00a0 \u00a0 \u00a0 11,324<\/span><\/p>\n<p><span style=\"font-size: 12.1599998474121px; line-height: 1.3em;\">9 \u00a020 \u00a0COSTANZO PABLO \u00a0 \u00a0 \u00a0 \u00a0 \u00a0 FORD \u00a0 \u00a0 \u00a0 \u00a0 \u00a0 \u00a015 \u00a0 \u00a0 30;46,284 \u00a0 \u00a0 \u00a0 18,464<\/span><\/p>\n<p><span style=\"font-size: 12.1599998474121px; line-height: 1.3em;\">10 84 \u00a0GENTILE PEDRO \u00a0 \u00a0 \u00a0 \u00a0 \u00a0 \u00a0CHEVROLET \u00a0 \u00a0 \u00a0 15 \u00a0 \u00a0 30;53,830 \u00a0 \u00a0 \u00a0 26,010<\/span><\/p>\n<p><span style=\"font-size: 12.1599998474121px; line-height: 1.3em;\">11 51 \u00a0GINI ESTEBAN \u00a0 \u00a0 \u00a0 \u00a0 \u00a0 \u00a0 DODGE \u00a0 \u00a0 \u00a0 \u00a0 \u00a0 15 \u00a0 \u00a0 30;54,301 \u00a0 \u00a0 \u00a0 26,481<\/span><\/p>\n<p><span style=\"font-size: 12.1599998474121px; line-height: 1.3em;\">12 110 PISANDELLI FABIAN \u00a0 \u00a0 \u00a0 \u00a0FORD \u00a0 \u00a0 \u00a0 \u00a0 \u00a0 \u00a015 \u00a0 \u00a0 30;55,316 \u00a0 \u00a0 \u00a0 27,496<\/span><\/p>\n<p><span style=\"font-size: 12.1599998474121px; line-height: 1.3em;\">13 49 \u00a0CORONAS WALDEMAR \u00a0 \u00a0 \u00a0 \u00a0 CHEVROLET \u00a0 \u00a0 \u00a0 15 \u00a0 \u00a0 30;56,667 \u00a0 \u00a0 \u00a0 28,847<\/span><\/p>\n<p><span style=\"font-size: 12.1599998474121px; line-height: 1.3em;\">14 12 \u00a0ALIFRACO EMANUEL \u00a0 \u00a0 \u00a0 \u00a0 CHEVROLET \u00a0 \u00a0 \u00a0 15 \u00a0 \u00a0 30;59,064 \u00a0 \u00a0 \u00a0 31,244<\/span><\/p>\n<p><span style=\"font-size: 12.1599998474121px; line-height: 1.3em;\">15 105 ECHEVARRIA CAMILO \u00a0 \u00a0 \u00a0 \u00a0CHEVROLET \u00a0 \u00a0 \u00a0 14 \u00a0 \u00a0 29;47,281 \u00a0 \u00a029;47,281<\/span><\/p>\n<p><span style=\"font-size: 12.1599998474121px; line-height: 1.3em;\">16 18 \u00a0GIANINI JUAN PABLO \u00a0 \u00a0 \u00a0 FORD \u00a0 \u00a0 \u00a0 \u00a0 \u00a0 \u00a014 \u00a0 \u00a0 30;36,253 \u00a0 \u00a030;36,253<\/span><\/p>\n<p><span style=\"font-size: 12.1599998474121px; line-height: 1.3em;\">17 101 PERNIA LEONEL \u00a0 \u00a0 \u00a0 \u00a0 \u00a0 \u00a0CHEVROLET \u00a0 \u00a0 \u00a0 12 \u00a0 \u00a0 25;15,153 \u00a0 \u00a025;15,153<\/span><\/p>\n<p><span style=\"font-size: 12.1599998474121px; line-height: 1.3em;\">18 116 DE BENEDICTIS FRANCO \u00a0 \u00a0 FORD \u00a0 \u00a0 \u00a0 \u00a0 \u00a0 \u00a012 \u00a0 \u00a0 25;19,925 \u00a0 \u00a025;19,925<\/span><\/p>\n<p><span style=\"font-size: 12.1599998474121px; line-height: 1.3em;\">19 100 VIANO ARMEL \u00a0 \u00a0 \u00a0 \u00a0 \u00a0 \u00a0 \u00a0DODGE \u00a0 \u00a0 \u00a0 \u00a0 \u00a0 7 \u00a0 \u00a0 \u00a016;20,235 \u00a0 \u00a016;20,235<\/span><\/p>\n<p><span style=\"font-size: 12.1599998474121px; line-height: 1.3em;\">20 75 \u00a0RUGGIERO ALAN \u00a0 \u00a0 \u00a0 \u00a0 \u00a0 \u00a0FORD \u00a0 \u00a0 \u00a0 \u00a0 \u00a0 \u00a06 \u00a0 \u00a0 \u00a012;34,623 \u00a0 \u00a012;34,623<\/span><\/p>\n<p><span style=\"font-size: 12.1599998474121px; line-height: 1.3em;\">21 114 FUNES MATIAS \u00a0 \u00a0 \u00a0 \u00a0 \u00a0 \u00a0 CHEVROLET \u00a0 \u00a0 \u00a0 5 \u00a0 \u00a0 \u00a012;26,163 \u00a0 \u00a012;26,163<\/span><\/p>\n<p><span style=\"font-size: 12.1599998474121px; line-height: 1.3em;\">22 89 \u00a0CHAPUR FACUNDO \u00a0 \u00a0 \u00a0 \u00a0 \u00a0 FORD \u00a0 \u00a0 \u00a0 \u00a0 \u00a0 \u00a04 \u00a0 \u00a0 \u00a0 7;14,779 \u00a0 \u00a0 7;14,779<\/span><\/p>\n<p><span style=\"font-size: 12.1599998474121px; line-height: 1.3em;\">23 26 \u00a0WERNER MARIANO \u00a0 \u00a0 \u00a0 \u00a0 \u00a0 FORD \u00a0 \u00a0 \u00a0 \u00a0 \u00a0 \u00a04 \u00a0 \u00a0 \u00a0 7;20,607 \u00a0 \u00a0 7;20,607<\/span><\/p>\n<p><span style=\"font-size: 12.1599998474121px; line-height: 1.3em;\">24 36 \u00a0PERNIA LEONEL \u00a0 \u00a0 \u00a0 \u00a0 \u00a0 \u00a0CHEVROLET \u00a0 \u00a0 \u00a0 NL<\/span><\/p>\n<p>\u00a0<\/p>\n","protected":false},"excerpt":{"rendered":"<p>Agustin Canapino a bordo del Chevrolet de Valentin Aguirre se llev\u00f3 la primera final del a\u00f1o del TC Mouras con<\/p>\n","protected":false},"author":1,"featured_media":0,"comment_status":"open","ping_status":"open","sticky":false,"template":"","format":"standard","meta":{"colormag_page_container_layout":"default_layout","colormag_page_sidebar_layout":"default_layout","footnotes":""},"categories":[5],"tags":[],"class_list":["post-1141","post","type-post","status-publish","format-standard","hentry","category-latest-news"],"yoast_head":"<!-- This site is optimized with the Yoast SEO plugin v27.5 - https:\/\/yoast.com\/product\/yoast-seo-wordpress\/ -->\n<title>Autos del Podio | Mar de Canapa<\/title>\n<meta name=\"description\" content=\"Autos del Podio\" \/>\n<meta name=\"robots\" content=\"index, follow, max-snippet:-1, max-image-preview:large, max-video-preview:-1\" \/>\n<link rel=\"canonical\" href=\"http:\/\/autosdelpodio.com\/autos\/mar-de-canapa\/\" \/>\n<meta property=\"og:locale\" content=\"es_ES\" \/>\n<meta property=\"og:type\" content=\"article\" \/>\n<meta property=\"og:title\" content=\"Autos del Podio | Mar de Canapa\" \/>\n<meta property=\"og:description\" content=\"Autos del Podio\" \/>\n<meta property=\"og:url\" content=\"http:\/\/autosdelpodio.com\/autos\/mar-de-canapa\/\" \/>\n<meta property=\"og:site_name\" content=\"Autos del Podio\" \/>\n<meta property=\"article:publisher\" content=\"https:\/\/www.facebook.com\/profile.php?id=100057192590976&amp;amp%3bamp%3bamp%3bamp%3bamp%3bamp%3bamp%3bamp%3bamp%3bamp%3bamp%3bamp%3bamp%3bamp%3bamp%3bamp%3bamp%3bamp%3bref=ts\" \/>\n<meta property=\"article:published_time\" content=\"2015-02-08T22:13:29+00:00\" \/>\n<meta name=\"author\" content=\"wi022230\" \/>\n<meta name=\"twitter:card\" content=\"summary_large_image\" \/>\n<meta name=\"twitter:creator\" content=\"@autosdelpodio\" \/>\n<meta name=\"twitter:site\" content=\"@autosdelpodio\" \/>\n<meta name=\"twitter:label1\" content=\"Escrito por\" \/>\n\t<meta name=\"twitter:data1\" content=\"wi022230\" \/>\n\t<meta name=\"twitter:label2\" content=\"Tiempo de lectura\" \/>\n\t<meta name=\"twitter:data2\" content=\"1 minuto\" \/>\n<script type=\"application\/ld+json\" class=\"yoast-schema-graph\">{\"@context\":\"https:\\\/\\\/schema.org\",\"@graph\":[{\"@type\":\"Article\",\"@id\":\"http:\\\/\\\/autosdelpodio.com\\\/autos\\\/mar-de-canapa\\\/#article\",\"isPartOf\":{\"@id\":\"http:\\\/\\\/autosdelpodio.com\\\/autos\\\/mar-de-canapa\\\/\"},\"author\":{\"name\":\"wi022230\",\"@id\":\"http:\\\/\\\/autosdelpodio.com\\\/autos\\\/#\\\/schema\\\/person\\\/e88353cabf768863fdf874e30120f3ba\"},\"headline\":\"Mar de Canapa\",\"datePublished\":\"2015-02-08T22:13:29+00:00\",\"mainEntityOfPage\":{\"@id\":\"http:\\\/\\\/autosdelpodio.com\\\/autos\\\/mar-de-canapa\\\/\"},\"wordCount\":184,\"commentCount\":0,\"publisher\":{\"@id\":\"http:\\\/\\\/autosdelpodio.com\\\/autos\\\/#organization\"},\"articleSection\":[\"\u00daltimas noticias\"],\"inLanguage\":\"es\",\"potentialAction\":[{\"@type\":\"CommentAction\",\"name\":\"Comment\",\"target\":[\"http:\\\/\\\/autosdelpodio.com\\\/autos\\\/mar-de-canapa\\\/#respond\"]}]},{\"@type\":\"WebPage\",\"@id\":\"http:\\\/\\\/autosdelpodio.com\\\/autos\\\/mar-de-canapa\\\/\",\"url\":\"http:\\\/\\\/autosdelpodio.com\\\/autos\\\/mar-de-canapa\\\/\",\"name\":\"Autos del Podio | Mar de Canapa\",\"isPartOf\":{\"@id\":\"http:\\\/\\\/autosdelpodio.com\\\/autos\\\/#website\"},\"datePublished\":\"2015-02-08T22:13:29+00:00\",\"description\":\"Autos del Podio\",\"breadcrumb\":{\"@id\":\"http:\\\/\\\/autosdelpodio.com\\\/autos\\\/mar-de-canapa\\\/#breadcrumb\"},\"inLanguage\":\"es\",\"potentialAction\":[{\"@type\":\"ReadAction\",\"target\":[\"http:\\\/\\\/autosdelpodio.com\\\/autos\\\/mar-de-canapa\\\/\"]}]},{\"@type\":\"BreadcrumbList\",\"@id\":\"http:\\\/\\\/autosdelpodio.com\\\/autos\\\/mar-de-canapa\\\/#breadcrumb\",\"itemListElement\":[{\"@type\":\"ListItem\",\"position\":1,\"name\":\"Portada\",\"item\":\"http:\\\/\\\/autosdelpodio.com\\\/autos\\\/\"},{\"@type\":\"ListItem\",\"position\":2,\"name\":\"Mar de Canapa\"}]},{\"@type\":\"WebSite\",\"@id\":\"http:\\\/\\\/autosdelpodio.com\\\/autos\\\/#website\",\"url\":\"http:\\\/\\\/autosdelpodio.com\\\/autos\\\/\",\"name\":\"Autos del Podio\",\"description\":\"La sexta del deporte motor\",\"publisher\":{\"@id\":\"http:\\\/\\\/autosdelpodio.com\\\/autos\\\/#organization\"},\"potentialAction\":[{\"@type\":\"SearchAction\",\"target\":{\"@type\":\"EntryPoint\",\"urlTemplate\":\"http:\\\/\\\/autosdelpodio.com\\\/autos\\\/?s={search_term_string}\"},\"query-input\":{\"@type\":\"PropertyValueSpecification\",\"valueRequired\":true,\"valueName\":\"search_term_string\"}}],\"inLanguage\":\"es\"},{\"@type\":\"Organization\",\"@id\":\"http:\\\/\\\/autosdelpodio.com\\\/autos\\\/#organization\",\"name\":\"Autos del Podio\",\"url\":\"http:\\\/\\\/autosdelpodio.com\\\/autos\\\/\",\"logo\":{\"@type\":\"ImageObject\",\"inLanguage\":\"es\",\"@id\":\"http:\\\/\\\/autosdelpodio.com\\\/autos\\\/#\\\/schema\\\/logo\\\/image\\\/\",\"url\":\"http:\\\/\\\/autosdelpodio.com\\\/autos\\\/wp-content\\\/uploads\\\/2020\\\/08\\\/Logo_AR.jpg\",\"contentUrl\":\"http:\\\/\\\/autosdelpodio.com\\\/autos\\\/wp-content\\\/uploads\\\/2020\\\/08\\\/Logo_AR.jpg\",\"width\":1038,\"height\":1044,\"caption\":\"Autos del Podio\"},\"image\":{\"@id\":\"http:\\\/\\\/autosdelpodio.com\\\/autos\\\/#\\\/schema\\\/logo\\\/image\\\/\"},\"sameAs\":[\"https:\\\/\\\/www.facebook.com\\\/profile.php?id=100057192590976&amp;amp;amp;amp;amp;amp;amp;amp;amp;amp;amp;amp;amp;amp;amp;amp;amp;amp;ref=ts\",\"https:\\\/\\\/x.com\\\/autosdelpodio\",\"https:\\\/\\\/www.youtube.com\\\/user\\\/AutosdelPodio\"]},{\"@type\":\"Person\",\"@id\":\"http:\\\/\\\/autosdelpodio.com\\\/autos\\\/#\\\/schema\\\/person\\\/e88353cabf768863fdf874e30120f3ba\",\"name\":\"wi022230\",\"image\":{\"@type\":\"ImageObject\",\"inLanguage\":\"es\",\"@id\":\"http:\\\/\\\/autosdelpodio.com\\\/autos\\\/wp-content\\\/litespeed\\\/avatar\\\/453fc9bdbb11d766ba4c7f14d0bd0aa9.jpg?ver=1777404874\",\"url\":\"http:\\\/\\\/autosdelpodio.com\\\/autos\\\/wp-content\\\/litespeed\\\/avatar\\\/453fc9bdbb11d766ba4c7f14d0bd0aa9.jpg?ver=1777404874\",\"contentUrl\":\"http:\\\/\\\/autosdelpodio.com\\\/autos\\\/wp-content\\\/litespeed\\\/avatar\\\/453fc9bdbb11d766ba4c7f14d0bd0aa9.jpg?ver=1777404874\",\"caption\":\"wi022230\"}}]}<\/script>\n<!-- \/ Yoast SEO plugin. -->","yoast_head_json":{"title":"Autos del Podio | Mar de Canapa","description":"Autos del Podio","robots":{"index":"index","follow":"follow","max-snippet":"max-snippet:-1","max-image-preview":"max-image-preview:large","max-video-preview":"max-video-preview:-1"},"canonical":"http:\/\/autosdelpodio.com\/autos\/mar-de-canapa\/","og_locale":"es_ES","og_type":"article","og_title":"Autos del Podio | Mar de Canapa","og_description":"Autos del Podio","og_url":"http:\/\/autosdelpodio.com\/autos\/mar-de-canapa\/","og_site_name":"Autos del Podio","article_publisher":"https:\/\/www.facebook.com\/profile.php?id=100057192590976&amp%3bamp%3bamp%3bamp%3bamp%3bamp%3bamp%3bamp%3bamp%3bamp%3bamp%3bamp%3bamp%3bamp%3bamp%3bamp%3bamp%3bamp%3bref=ts","article_published_time":"2015-02-08T22:13:29+00:00","author":"wi022230","twitter_card":"summary_large_image","twitter_creator":"@autosdelpodio","twitter_site":"@autosdelpodio","twitter_misc":{"Escrito por":"wi022230","Tiempo de lectura":"1 minuto"},"schema":{"@context":"https:\/\/schema.org","@graph":[{"@type":"Article","@id":"http:\/\/autosdelpodio.com\/autos\/mar-de-canapa\/#article","isPartOf":{"@id":"http:\/\/autosdelpodio.com\/autos\/mar-de-canapa\/"},"author":{"name":"wi022230","@id":"http:\/\/autosdelpodio.com\/autos\/#\/schema\/person\/e88353cabf768863fdf874e30120f3ba"},"headline":"Mar de Canapa","datePublished":"2015-02-08T22:13:29+00:00","mainEntityOfPage":{"@id":"http:\/\/autosdelpodio.com\/autos\/mar-de-canapa\/"},"wordCount":184,"commentCount":0,"publisher":{"@id":"http:\/\/autosdelpodio.com\/autos\/#organization"},"articleSection":["\u00daltimas noticias"],"inLanguage":"es","potentialAction":[{"@type":"CommentAction","name":"Comment","target":["http:\/\/autosdelpodio.com\/autos\/mar-de-canapa\/#respond"]}]},{"@type":"WebPage","@id":"http:\/\/autosdelpodio.com\/autos\/mar-de-canapa\/","url":"http:\/\/autosdelpodio.com\/autos\/mar-de-canapa\/","name":"Autos del Podio | Mar de Canapa","isPartOf":{"@id":"http:\/\/autosdelpodio.com\/autos\/#website"},"datePublished":"2015-02-08T22:13:29+00:00","description":"Autos del Podio","breadcrumb":{"@id":"http:\/\/autosdelpodio.com\/autos\/mar-de-canapa\/#breadcrumb"},"inLanguage":"es","potentialAction":[{"@type":"ReadAction","target":["http:\/\/autosdelpodio.com\/autos\/mar-de-canapa\/"]}]},{"@type":"BreadcrumbList","@id":"http:\/\/autosdelpodio.com\/autos\/mar-de-canapa\/#breadcrumb","itemListElement":[{"@type":"ListItem","position":1,"name":"Portada","item":"http:\/\/autosdelpodio.com\/autos\/"},{"@type":"ListItem","position":2,"name":"Mar de Canapa"}]},{"@type":"WebSite","@id":"http:\/\/autosdelpodio.com\/autos\/#website","url":"http:\/\/autosdelpodio.com\/autos\/","name":"Autos del Podio","description":"La sexta del deporte motor","publisher":{"@id":"http:\/\/autosdelpodio.com\/autos\/#organization"},"potentialAction":[{"@type":"SearchAction","target":{"@type":"EntryPoint","urlTemplate":"http:\/\/autosdelpodio.com\/autos\/?s={search_term_string}"},"query-input":{"@type":"PropertyValueSpecification","valueRequired":true,"valueName":"search_term_string"}}],"inLanguage":"es"},{"@type":"Organization","@id":"http:\/\/autosdelpodio.com\/autos\/#organization","name":"Autos del Podio","url":"http:\/\/autosdelpodio.com\/autos\/","logo":{"@type":"ImageObject","inLanguage":"es","@id":"http:\/\/autosdelpodio.com\/autos\/#\/schema\/logo\/image\/","url":"http:\/\/autosdelpodio.com\/autos\/wp-content\/uploads\/2020\/08\/Logo_AR.jpg","contentUrl":"http:\/\/autosdelpodio.com\/autos\/wp-content\/uploads\/2020\/08\/Logo_AR.jpg","width":1038,"height":1044,"caption":"Autos del Podio"},"image":{"@id":"http:\/\/autosdelpodio.com\/autos\/#\/schema\/logo\/image\/"},"sameAs":["https:\/\/www.facebook.com\/profile.php?id=100057192590976&amp;amp;amp;amp;amp;amp;amp;amp;amp;amp;amp;amp;amp;amp;amp;amp;amp;amp;ref=ts","https:\/\/x.com\/autosdelpodio","https:\/\/www.youtube.com\/user\/AutosdelPodio"]},{"@type":"Person","@id":"http:\/\/autosdelpodio.com\/autos\/#\/schema\/person\/e88353cabf768863fdf874e30120f3ba","name":"wi022230","image":{"@type":"ImageObject","inLanguage":"es","@id":"http:\/\/autosdelpodio.com\/autos\/wp-content\/litespeed\/avatar\/453fc9bdbb11d766ba4c7f14d0bd0aa9.jpg?ver=1777404874","url":"http:\/\/autosdelpodio.com\/autos\/wp-content\/litespeed\/avatar\/453fc9bdbb11d766ba4c7f14d0bd0aa9.jpg?ver=1777404874","contentUrl":"http:\/\/autosdelpodio.com\/autos\/wp-content\/litespeed\/avatar\/453fc9bdbb11d766ba4c7f14d0bd0aa9.jpg?ver=1777404874","caption":"wi022230"}}]}},"views":473,"_links":{"self":[{"href":"http:\/\/autosdelpodio.com\/autos\/wp-json\/wp\/v2\/posts\/1141","targetHints":{"allow":["GET"]}}],"collection":[{"href":"http:\/\/autosdelpodio.com\/autos\/wp-json\/wp\/v2\/posts"}],"about":[{"href":"http:\/\/autosdelpodio.com\/autos\/wp-json\/wp\/v2\/types\/post"}],"author":[{"embeddable":true,"href":"http:\/\/autosdelpodio.com\/autos\/wp-json\/wp\/v2\/users\/1"}],"replies":[{"embeddable":true,"href":"http:\/\/autosdelpodio.com\/autos\/wp-json\/wp\/v2\/comments?post=1141"}],"version-history":[{"count":0,"href":"http:\/\/autosdelpodio.com\/autos\/wp-json\/wp\/v2\/posts\/1141\/revisions"}],"wp:attachment":[{"href":"http:\/\/autosdelpodio.com\/autos\/wp-json\/wp\/v2\/media?parent=1141"}],"wp:term":[{"taxonomy":"category","embeddable":true,"href":"http:\/\/autosdelpodio.com\/autos\/wp-json\/wp\/v2\/categories?post=1141"},{"taxonomy":"post_tag","embeddable":true,"href":"http:\/\/autosdelpodio.com\/autos\/wp-json\/wp\/v2\/tags?post=1141"}],"curies":[{"name":"wp","href":"https:\/\/api.w.org\/{rel}","templated":true}]}}