{"id":1153,"date":"2015-03-08T22:02:19","date_gmt":"2015-03-08T22:02:19","guid":{"rendered":"http:\/\/autosdelpodio.com\/autos\/2015\/03\/08\/garra-y-frialdad\/"},"modified":"2015-03-08T22:02:19","modified_gmt":"2015-03-08T22:02:19","slug":"garra-y-frialdad","status":"publish","type":"post","link":"http:\/\/autosdelpodio.com\/autos\/garra-y-frialdad\/","title":{"rendered":"Garra y frialdad"},"content":{"rendered":"<p style=\"text-align: justify;\">Jos\u00e9 Maria Lopez volvi\u00f3 a triunfar ante su gente al ganar la primera carrera del WTCC en Termas de Rio Hondo.<\/p>\n<p style=\"text-align: justify;\">La segunda carrera fue ganada por Sebastien Loeb y Pechito fue segundo.Negocio redondo para el actual campeon del mundo.<\/p>\n<p style=\"text-align: justify;\">Al no sumar puntos en la segunda carrera su otro compa\u00f1ero de equipo Yvan Muller, L\u00f3pez deja Argentina puntero con 48 puntos, escoltado por Loeb con 43 y Thiago Monteiro con 28.<\/p>\n<p style=\"text-align: justify;\">La segunda fecha doble del WTCC ser\u00e1 el 19 de abril en Marrakech, Marruecos.<\/p>\n<p><strong><em>Carrera 1 A 15 giros <\/em><\/strong><\/p>\n<p>1<span style=\"white-space: pre;\"> <\/span>Jos\u00e9 Mar\u00eda L\u00f3pez<span style=\"white-space: pre;\"> <\/span>CITROEN<span style=\"white-space: pre;\"> <\/span>13 vtas<\/p>\n<p>2<span style=\"white-space: pre;\"> <\/span>Yvan Muller<span style=\"white-space: pre;\"> <\/span>CITROEN<span style=\"white-space: pre;\"> <\/span>3.170<\/p>\n<p>3<span style=\"white-space: pre;\"> <\/span>S\u00e9bastien Loeb<span style=\"white-space: pre;\"> <\/span>CITROEN<span style=\"white-space: pre;\"> <\/span>7.500<\/p>\n<p>4<span style=\"white-space: pre;\"> <\/span>Tiago Monteiro<span style=\"white-space: pre;\"> <\/span>HONDA<span style=\"white-space: pre;\"> <\/span>14.168<\/p>\n<p>5<span style=\"white-space: pre;\"> <\/span>Gabriele Tarquini<span style=\"white-space: pre;\"> <\/span>HONDA<span style=\"white-space: pre;\"> <\/span>16.322<\/p>\n<p>6<span style=\"white-space: pre;\"> <\/span>Norbert Michelisz<span style=\"white-space: pre;\"> <\/span>HONDA<span style=\"white-space: pre;\"> <\/span>18.470<\/p>\n<p>7<span style=\"white-space: pre;\"> <\/span>Ma Qing Hua<span style=\"white-space: pre;\"> <\/span>CITROEN<span style=\"white-space: pre;\"> <\/span>20.164<\/p>\n<p>8<span style=\"white-space: pre;\"> <\/span>Tom Chilton<span style=\"white-space: pre;\"> <\/span>CHEVROLET<span style=\"white-space: pre;\"> <\/span>23.499<\/p>\n<p>9<span style=\"white-space: pre;\"> <\/span>Stefano D&#8217;Aste<span style=\"white-space: pre;\"> <\/span>CHEVROLET<span style=\"white-space: pre;\"> <\/span>27.306<\/p>\n<p>10<span style=\"white-space: pre;\"> <\/span>Rikard Rydell<span style=\"white-space: pre;\"> <\/span>HONDA<span style=\"white-space: pre;\"> <\/span>30.266<\/p>\n<p>11<span style=\"white-space: pre;\"> <\/span>Du\u0161an Borkovic<span style=\"white-space: pre;\"> <\/span>HONDA<span style=\"white-space: pre;\"> <\/span>34.387<\/p>\n<p>12<span style=\"white-space: pre;\"> <\/span>Gr\u00e9goire Demoustier<span style=\"white-space: pre;\"> <\/span>CHEVROLET<span style=\"white-space: pre;\"> <\/span>36.213<\/p>\n<p>13<span style=\"white-space: pre;\"> <\/span>Mehdi Bennani<span style=\"white-space: pre;\"> <\/span>CITROEN<span style=\"white-space: pre;\"> <\/span>37.906<\/p>\n<p>14<span style=\"white-space: pre;\"> <\/span>Tom Coronel<span style=\"white-space: pre;\"> <\/span>CHEVROLET<span style=\"white-space: pre;\"> <\/span>4 Lp.<\/p>\n<p>15<span style=\"white-space: pre;\"> <\/span>Hugo Valente<span style=\"white-space: pre;\"> <\/span>CHEVROLET<span style=\"white-space: pre;\"> <\/span>9 Lp.<\/p>\n<p>16<span style=\"white-space: pre;\"> <\/span>Rob Huff<span style=\"white-space: pre;\"> <\/span>LADA<span style=\"white-space: pre;\"> <\/span>9 Lp.<\/p>\n<p>17<span style=\"white-space: pre;\"> <\/span>James Thompson<span style=\"white-space: pre;\"> <\/span>LADA<span style=\"white-space: pre;\"> <\/span>11 Lp.<\/p>\n<p>18<span style=\"white-space: pre;\"> <\/span>John Filippi<span style=\"white-space: pre;\"> <\/span>CHEVROLET<span style=\"white-space: pre;\"> <\/span>12 Lp.<\/p>\n","protected":false},"excerpt":{"rendered":"<p>Jos\u00e9 Maria Lopez volvi\u00f3 a triunfar ante su gente al ganar la primera carrera del WTCC en Termas de Rio<\/p>\n","protected":false},"author":1,"featured_media":0,"comment_status":"open","ping_status":"open","sticky":false,"template":"","format":"standard","meta":{"colormag_page_container_layout":"default_layout","colormag_page_sidebar_layout":"default_layout","footnotes":""},"categories":[5],"tags":[],"class_list":["post-1153","post","type-post","status-publish","format-standard","hentry","category-latest-news"],"yoast_head":"<!-- This site is optimized with the Yoast SEO plugin v27.4 - https:\/\/yoast.com\/product\/yoast-seo-wordpress\/ -->\n<title>Autos del Podio | Garra y frialdad<\/title>\n<meta name=\"description\" content=\"Autos del Podio\" \/>\n<meta name=\"robots\" content=\"index, follow, max-snippet:-1, max-image-preview:large, max-video-preview:-1\" \/>\n<link rel=\"canonical\" href=\"http:\/\/autosdelpodio.com\/autos\/garra-y-frialdad\/\" \/>\n<meta property=\"og:locale\" content=\"es_ES\" \/>\n<meta property=\"og:type\" content=\"article\" \/>\n<meta property=\"og:title\" content=\"Autos del Podio | Garra y frialdad\" \/>\n<meta property=\"og:description\" content=\"Autos del Podio\" \/>\n<meta property=\"og:url\" content=\"http:\/\/autosdelpodio.com\/autos\/garra-y-frialdad\/\" \/>\n<meta property=\"og:site_name\" content=\"Autos del Podio\" \/>\n<meta property=\"article:publisher\" content=\"https:\/\/www.facebook.com\/profile.php?id=100057192590976&amp;amp%3bamp%3bamp%3bamp%3bamp%3bamp%3bamp%3bamp%3bamp%3bamp%3bamp%3bamp%3bamp%3bamp%3bamp%3bamp%3bamp%3bamp%3bref=ts\" \/>\n<meta property=\"article:published_time\" content=\"2015-03-08T22:02:19+00:00\" \/>\n<meta name=\"author\" content=\"wi022230\" \/>\n<meta name=\"twitter:card\" content=\"summary_large_image\" \/>\n<meta name=\"twitter:creator\" content=\"@autosdelpodio\" \/>\n<meta name=\"twitter:site\" content=\"@autosdelpodio\" \/>\n<meta name=\"twitter:label1\" content=\"Escrito por\" \/>\n\t<meta name=\"twitter:data1\" content=\"wi022230\" \/>\n\t<meta name=\"twitter:label2\" content=\"Tiempo de lectura\" \/>\n\t<meta name=\"twitter:data2\" content=\"1 minuto\" \/>\n<script type=\"application\/ld+json\" class=\"yoast-schema-graph\">{\"@context\":\"https:\\\/\\\/schema.org\",\"@graph\":[{\"@type\":\"Article\",\"@id\":\"http:\\\/\\\/autosdelpodio.com\\\/autos\\\/garra-y-frialdad\\\/#article\",\"isPartOf\":{\"@id\":\"http:\\\/\\\/autosdelpodio.com\\\/autos\\\/garra-y-frialdad\\\/\"},\"author\":{\"name\":\"wi022230\",\"@id\":\"http:\\\/\\\/autosdelpodio.com\\\/autos\\\/#\\\/schema\\\/person\\\/e88353cabf768863fdf874e30120f3ba\"},\"headline\":\"Garra y frialdad\",\"datePublished\":\"2015-03-08T22:02:19+00:00\",\"mainEntityOfPage\":{\"@id\":\"http:\\\/\\\/autosdelpodio.com\\\/autos\\\/garra-y-frialdad\\\/\"},\"wordCount\":158,\"commentCount\":0,\"publisher\":{\"@id\":\"http:\\\/\\\/autosdelpodio.com\\\/autos\\\/#organization\"},\"articleSection\":[\"\u00daltimas noticias\"],\"inLanguage\":\"es\",\"potentialAction\":[{\"@type\":\"CommentAction\",\"name\":\"Comment\",\"target\":[\"http:\\\/\\\/autosdelpodio.com\\\/autos\\\/garra-y-frialdad\\\/#respond\"]}]},{\"@type\":\"WebPage\",\"@id\":\"http:\\\/\\\/autosdelpodio.com\\\/autos\\\/garra-y-frialdad\\\/\",\"url\":\"http:\\\/\\\/autosdelpodio.com\\\/autos\\\/garra-y-frialdad\\\/\",\"name\":\"Autos del Podio | Garra y frialdad\",\"isPartOf\":{\"@id\":\"http:\\\/\\\/autosdelpodio.com\\\/autos\\\/#website\"},\"datePublished\":\"2015-03-08T22:02:19+00:00\",\"description\":\"Autos del Podio\",\"breadcrumb\":{\"@id\":\"http:\\\/\\\/autosdelpodio.com\\\/autos\\\/garra-y-frialdad\\\/#breadcrumb\"},\"inLanguage\":\"es\",\"potentialAction\":[{\"@type\":\"ReadAction\",\"target\":[\"http:\\\/\\\/autosdelpodio.com\\\/autos\\\/garra-y-frialdad\\\/\"]}]},{\"@type\":\"BreadcrumbList\",\"@id\":\"http:\\\/\\\/autosdelpodio.com\\\/autos\\\/garra-y-frialdad\\\/#breadcrumb\",\"itemListElement\":[{\"@type\":\"ListItem\",\"position\":1,\"name\":\"Portada\",\"item\":\"http:\\\/\\\/autosdelpodio.com\\\/autos\\\/\"},{\"@type\":\"ListItem\",\"position\":2,\"name\":\"Garra y frialdad\"}]},{\"@type\":\"WebSite\",\"@id\":\"http:\\\/\\\/autosdelpodio.com\\\/autos\\\/#website\",\"url\":\"http:\\\/\\\/autosdelpodio.com\\\/autos\\\/\",\"name\":\"Autos del Podio\",\"description\":\"La sexta del deporte motor\",\"publisher\":{\"@id\":\"http:\\\/\\\/autosdelpodio.com\\\/autos\\\/#organization\"},\"potentialAction\":[{\"@type\":\"SearchAction\",\"target\":{\"@type\":\"EntryPoint\",\"urlTemplate\":\"http:\\\/\\\/autosdelpodio.com\\\/autos\\\/?s={search_term_string}\"},\"query-input\":{\"@type\":\"PropertyValueSpecification\",\"valueRequired\":true,\"valueName\":\"search_term_string\"}}],\"inLanguage\":\"es\"},{\"@type\":\"Organization\",\"@id\":\"http:\\\/\\\/autosdelpodio.com\\\/autos\\\/#organization\",\"name\":\"Autos del Podio\",\"url\":\"http:\\\/\\\/autosdelpodio.com\\\/autos\\\/\",\"logo\":{\"@type\":\"ImageObject\",\"inLanguage\":\"es\",\"@id\":\"http:\\\/\\\/autosdelpodio.com\\\/autos\\\/#\\\/schema\\\/logo\\\/image\\\/\",\"url\":\"http:\\\/\\\/autosdelpodio.com\\\/autos\\\/wp-content\\\/uploads\\\/2020\\\/08\\\/Logo_AR.jpg\",\"contentUrl\":\"http:\\\/\\\/autosdelpodio.com\\\/autos\\\/wp-content\\\/uploads\\\/2020\\\/08\\\/Logo_AR.jpg\",\"width\":1038,\"height\":1044,\"caption\":\"Autos del Podio\"},\"image\":{\"@id\":\"http:\\\/\\\/autosdelpodio.com\\\/autos\\\/#\\\/schema\\\/logo\\\/image\\\/\"},\"sameAs\":[\"https:\\\/\\\/www.facebook.com\\\/profile.php?id=100057192590976&amp;amp;amp;amp;amp;amp;amp;amp;amp;amp;amp;amp;amp;amp;amp;amp;amp;amp;ref=ts\",\"https:\\\/\\\/x.com\\\/autosdelpodio\",\"https:\\\/\\\/www.youtube.com\\\/user\\\/AutosdelPodio\"]},{\"@type\":\"Person\",\"@id\":\"http:\\\/\\\/autosdelpodio.com\\\/autos\\\/#\\\/schema\\\/person\\\/e88353cabf768863fdf874e30120f3ba\",\"name\":\"wi022230\",\"image\":{\"@type\":\"ImageObject\",\"inLanguage\":\"es\",\"@id\":\"http:\\\/\\\/autosdelpodio.com\\\/autos\\\/wp-content\\\/litespeed\\\/avatar\\\/453fc9bdbb11d766ba4c7f14d0bd0aa9.jpg?ver=1776800006\",\"url\":\"http:\\\/\\\/autosdelpodio.com\\\/autos\\\/wp-content\\\/litespeed\\\/avatar\\\/453fc9bdbb11d766ba4c7f14d0bd0aa9.jpg?ver=1776800006\",\"contentUrl\":\"http:\\\/\\\/autosdelpodio.com\\\/autos\\\/wp-content\\\/litespeed\\\/avatar\\\/453fc9bdbb11d766ba4c7f14d0bd0aa9.jpg?ver=1776800006\",\"caption\":\"wi022230\"}}]}<\/script>\n<!-- \/ Yoast SEO plugin. -->","yoast_head_json":{"title":"Autos del Podio | Garra y frialdad","description":"Autos del Podio","robots":{"index":"index","follow":"follow","max-snippet":"max-snippet:-1","max-image-preview":"max-image-preview:large","max-video-preview":"max-video-preview:-1"},"canonical":"http:\/\/autosdelpodio.com\/autos\/garra-y-frialdad\/","og_locale":"es_ES","og_type":"article","og_title":"Autos del Podio | Garra y frialdad","og_description":"Autos del Podio","og_url":"http:\/\/autosdelpodio.com\/autos\/garra-y-frialdad\/","og_site_name":"Autos del Podio","article_publisher":"https:\/\/www.facebook.com\/profile.php?id=100057192590976&amp%3bamp%3bamp%3bamp%3bamp%3bamp%3bamp%3bamp%3bamp%3bamp%3bamp%3bamp%3bamp%3bamp%3bamp%3bamp%3bamp%3bamp%3bref=ts","article_published_time":"2015-03-08T22:02:19+00:00","author":"wi022230","twitter_card":"summary_large_image","twitter_creator":"@autosdelpodio","twitter_site":"@autosdelpodio","twitter_misc":{"Escrito por":"wi022230","Tiempo de lectura":"1 minuto"},"schema":{"@context":"https:\/\/schema.org","@graph":[{"@type":"Article","@id":"http:\/\/autosdelpodio.com\/autos\/garra-y-frialdad\/#article","isPartOf":{"@id":"http:\/\/autosdelpodio.com\/autos\/garra-y-frialdad\/"},"author":{"name":"wi022230","@id":"http:\/\/autosdelpodio.com\/autos\/#\/schema\/person\/e88353cabf768863fdf874e30120f3ba"},"headline":"Garra y frialdad","datePublished":"2015-03-08T22:02:19+00:00","mainEntityOfPage":{"@id":"http:\/\/autosdelpodio.com\/autos\/garra-y-frialdad\/"},"wordCount":158,"commentCount":0,"publisher":{"@id":"http:\/\/autosdelpodio.com\/autos\/#organization"},"articleSection":["\u00daltimas noticias"],"inLanguage":"es","potentialAction":[{"@type":"CommentAction","name":"Comment","target":["http:\/\/autosdelpodio.com\/autos\/garra-y-frialdad\/#respond"]}]},{"@type":"WebPage","@id":"http:\/\/autosdelpodio.com\/autos\/garra-y-frialdad\/","url":"http:\/\/autosdelpodio.com\/autos\/garra-y-frialdad\/","name":"Autos del Podio | Garra y frialdad","isPartOf":{"@id":"http:\/\/autosdelpodio.com\/autos\/#website"},"datePublished":"2015-03-08T22:02:19+00:00","description":"Autos del Podio","breadcrumb":{"@id":"http:\/\/autosdelpodio.com\/autos\/garra-y-frialdad\/#breadcrumb"},"inLanguage":"es","potentialAction":[{"@type":"ReadAction","target":["http:\/\/autosdelpodio.com\/autos\/garra-y-frialdad\/"]}]},{"@type":"BreadcrumbList","@id":"http:\/\/autosdelpodio.com\/autos\/garra-y-frialdad\/#breadcrumb","itemListElement":[{"@type":"ListItem","position":1,"name":"Portada","item":"http:\/\/autosdelpodio.com\/autos\/"},{"@type":"ListItem","position":2,"name":"Garra y frialdad"}]},{"@type":"WebSite","@id":"http:\/\/autosdelpodio.com\/autos\/#website","url":"http:\/\/autosdelpodio.com\/autos\/","name":"Autos del Podio","description":"La sexta del deporte motor","publisher":{"@id":"http:\/\/autosdelpodio.com\/autos\/#organization"},"potentialAction":[{"@type":"SearchAction","target":{"@type":"EntryPoint","urlTemplate":"http:\/\/autosdelpodio.com\/autos\/?s={search_term_string}"},"query-input":{"@type":"PropertyValueSpecification","valueRequired":true,"valueName":"search_term_string"}}],"inLanguage":"es"},{"@type":"Organization","@id":"http:\/\/autosdelpodio.com\/autos\/#organization","name":"Autos del Podio","url":"http:\/\/autosdelpodio.com\/autos\/","logo":{"@type":"ImageObject","inLanguage":"es","@id":"http:\/\/autosdelpodio.com\/autos\/#\/schema\/logo\/image\/","url":"http:\/\/autosdelpodio.com\/autos\/wp-content\/uploads\/2020\/08\/Logo_AR.jpg","contentUrl":"http:\/\/autosdelpodio.com\/autos\/wp-content\/uploads\/2020\/08\/Logo_AR.jpg","width":1038,"height":1044,"caption":"Autos del Podio"},"image":{"@id":"http:\/\/autosdelpodio.com\/autos\/#\/schema\/logo\/image\/"},"sameAs":["https:\/\/www.facebook.com\/profile.php?id=100057192590976&amp;amp;amp;amp;amp;amp;amp;amp;amp;amp;amp;amp;amp;amp;amp;amp;amp;amp;ref=ts","https:\/\/x.com\/autosdelpodio","https:\/\/www.youtube.com\/user\/AutosdelPodio"]},{"@type":"Person","@id":"http:\/\/autosdelpodio.com\/autos\/#\/schema\/person\/e88353cabf768863fdf874e30120f3ba","name":"wi022230","image":{"@type":"ImageObject","inLanguage":"es","@id":"http:\/\/autosdelpodio.com\/autos\/wp-content\/litespeed\/avatar\/453fc9bdbb11d766ba4c7f14d0bd0aa9.jpg?ver=1776800006","url":"http:\/\/autosdelpodio.com\/autos\/wp-content\/litespeed\/avatar\/453fc9bdbb11d766ba4c7f14d0bd0aa9.jpg?ver=1776800006","contentUrl":"http:\/\/autosdelpodio.com\/autos\/wp-content\/litespeed\/avatar\/453fc9bdbb11d766ba4c7f14d0bd0aa9.jpg?ver=1776800006","caption":"wi022230"}}]}},"views":699,"_links":{"self":[{"href":"http:\/\/autosdelpodio.com\/autos\/wp-json\/wp\/v2\/posts\/1153","targetHints":{"allow":["GET"]}}],"collection":[{"href":"http:\/\/autosdelpodio.com\/autos\/wp-json\/wp\/v2\/posts"}],"about":[{"href":"http:\/\/autosdelpodio.com\/autos\/wp-json\/wp\/v2\/types\/post"}],"author":[{"embeddable":true,"href":"http:\/\/autosdelpodio.com\/autos\/wp-json\/wp\/v2\/users\/1"}],"replies":[{"embeddable":true,"href":"http:\/\/autosdelpodio.com\/autos\/wp-json\/wp\/v2\/comments?post=1153"}],"version-history":[{"count":0,"href":"http:\/\/autosdelpodio.com\/autos\/wp-json\/wp\/v2\/posts\/1153\/revisions"}],"wp:attachment":[{"href":"http:\/\/autosdelpodio.com\/autos\/wp-json\/wp\/v2\/media?parent=1153"}],"wp:term":[{"taxonomy":"category","embeddable":true,"href":"http:\/\/autosdelpodio.com\/autos\/wp-json\/wp\/v2\/categories?post=1153"},{"taxonomy":"post_tag","embeddable":true,"href":"http:\/\/autosdelpodio.com\/autos\/wp-json\/wp\/v2\/tags?post=1153"}],"curies":[{"name":"wp","href":"https:\/\/api.w.org\/{rel}","templated":true}]}}