{"id":1181,"date":"2015-04-26T17:46:58","date_gmt":"2015-04-26T17:46:58","guid":{"rendered":"http:\/\/autosdelpodio.com\/autos\/2015\/04\/26\/ahora-si\/"},"modified":"2015-04-26T17:46:58","modified_gmt":"2015-04-26T17:46:58","slug":"ahora-si","status":"publish","type":"post","link":"http:\/\/autosdelpodio.com\/autos\/ahora-si\/","title":{"rendered":"Ahora s\u00ed"},"content":{"rendered":"<p style=\"text-align: justify;\">El actual campe\u00f3n Nestor Girolami a bordo del Peugeot 408 se llev\u00f3 la segunda carrera del a\u00f1o de Super TC2000 en el Autodromo Juan Manuel Fangio de la ciudad de Rosario.Facundo Ardusso \u00a0y Agustin Canapino, el nuevo lider del torneo, completaron el podio.<\/p>\n<p style=\"text-align: justify;\">La proxima fecha del campeonato ser\u00e1 el 17 de Mayo en Ober\u00e1, provincia de Misiones.<\/p>\n<p style=\"text-align: justify;\"><span style=\"font-size: 12.1599998474121px; line-height: 1.3em;\"><em><strong>Final STC2000 a 39 Vueltas<\/strong><\/em><\/span><\/p>\n<p>1<span style=\"white-space: pre;\"> <\/span>NESTOR GIROLAMI<span style=\"white-space: pre;\"> <\/span>PEUGEOT<span style=\"white-space: pre;\"> <\/span>43:10.103<\/p>\n<p>2<span style=\"white-space: pre;\"> <\/span>FACUNDO ARDUSSO<span style=\"white-space: pre;\"> <\/span>FIAT<span style=\"white-space: pre;\"> <\/span>1.186<\/p>\n<p>3<span style=\"white-space: pre;\"> <\/span>AGUSTIN CANAPINO<span style=\"white-space: pre;\"> <\/span>PEUGEOT<span style=\"white-space: pre;\"> <\/span>5.144<\/p>\n<p>4<span style=\"white-space: pre;\"> <\/span>ESTEBAN GUERRIERI<span style=\"white-space: pre;\"> <\/span>TOYOTA<span style=\"white-space: pre;\"> <\/span>5.726<\/p>\n<p>5<span style=\"white-space: pre;\"> <\/span>MATIAS ROSSI<span style=\"white-space: pre;\"> <\/span>TOYOTA<span style=\"white-space: pre;\"> <\/span>10.170<\/p>\n<p>6<span style=\"white-space: pre;\"> <\/span>FACUNDO CHAPUR<span style=\"white-space: pre;\"> <\/span>FIAT<span style=\"white-space: pre;\"> <\/span>10.882<\/p>\n<p>7<span style=\"white-space: pre;\"> <\/span>LEONEL PERNIA<span style=\"white-space: pre;\"> <\/span>RENAULT<span style=\"white-space: pre;\"> <\/span>14.236<\/p>\n<p>8<span style=\"white-space: pre;\"> <\/span>NORBERTO FONTANA<span style=\"white-space: pre;\"> <\/span>CHEVROLET<span style=\"white-space: pre;\"> <\/span>14.869<\/p>\n<p>9<span style=\"white-space: pre;\"> <\/span>FABIAN YANNANTUONI<span style=\"white-space: pre;\"> <\/span>PEUGEOT<span style=\"white-space: pre;\"> <\/span>20.812<\/p>\n<p>10<span style=\"white-space: pre;\"> <\/span>LUCAS COLOMBO RUSSELL<span style=\"white-space: pre;\"> <\/span>CHEVROLET<span style=\"white-space: pre;\"> <\/span>22.584<\/p>\n<p>11<span style=\"white-space: pre;\"> <\/span>MATIAS MU\u00d1OS MARCHESI<span style=\"white-space: pre;\"> <\/span>CHEVROLET<span style=\"white-space: pre;\"> <\/span>30.686<\/p>\n<p>12<span style=\"white-space: pre;\"> <\/span>RAFAEL MORGENSTERN<span style=\"white-space: pre;\"> <\/span>TOYOTA<span style=\"white-space: pre;\"> <\/span>34.988<\/p>\n<p>13<span style=\"white-space: pre;\"> <\/span>EMILIANO SPATARO<span style=\"white-space: pre;\"> <\/span>RENAULT<span style=\"white-space: pre;\"> <\/span>35.343<\/p>\n<p>14<span style=\"white-space: pre;\"> <\/span>CHIRSTIAN LEDESMA<span style=\"white-space: pre;\"> <\/span>FIAT<span style=\"white-space: pre;\"> <\/span>35.636<\/p>\n<p>15<span style=\"white-space: pre;\"> <\/span>LUCAS BENAMO<span style=\"white-space: pre;\"> <\/span>PEUGEOT<span style=\"white-space: pre;\"> <\/span>43.376<\/p>\n<p>16<span style=\"white-space: pre;\"> <\/span>AGUSTIN CALAMARI<span style=\"white-space: pre;\"> <\/span>RENAULT<span style=\"white-space: pre;\"> <\/span>49.405<\/p>\n<p>17<span style=\"white-space: pre;\"> <\/span>MANUEL MALLO<span style=\"white-space: pre;\"> <\/span>FORD<span style=\"white-space: pre;\"> <\/span>56.044<\/p>\n<p>18<span style=\"white-space: pre;\"> <\/span>BRUNO ETMAN<span style=\"white-space: pre;\"> <\/span>FIAT<span style=\"white-space: pre;\"> <\/span>2 laps<\/p>\n<p>19<span style=\"white-space: pre;\"> <\/span>FRANCO RIVA<span style=\"white-space: pre;\"> <\/span>PEUGEOT<span style=\"white-space: pre;\"> <\/span>10 laps<\/p>\n<p>20<span style=\"white-space: pre;\"> <\/span>JOSE MANUEL URCERA<span style=\"white-space: pre;\"> <\/span>FIAT<span style=\"white-space: pre;\"> <\/span>12 laps<\/p>\n<p>21<span style=\"white-space: pre;\"> <\/span>FRANCO VIVIAN<span style=\"white-space: pre;\"> <\/span>CHEVROLET<span style=\"white-space: pre;\"> <\/span>15 laps<\/p>\n<p>22<span style=\"white-space: pre;\"> <\/span>DAMIAN FINESCHI<span style=\"white-space: pre;\"> <\/span>PEUGEOT<span style=\"white-space: pre;\"> <\/span>16 laps<\/p>\n<p>23<span style=\"white-space: pre;\"> <\/span>MATIAS MILLA<span style=\"white-space: pre;\"> <\/span>TOYOTA<span style=\"white-space: pre;\"> <\/span>21 laps<\/p>\n<p>24<span style=\"white-space: pre;\"> <\/span>DANIEL BELLI<span style=\"white-space: pre;\"> <\/span>CHEVROLET<span style=\"white-space: pre;\"> <\/span>27 laps<\/p>\n<p>25<span style=\"white-space: pre;\"> <\/span>JAVIER MANTA<span style=\"white-space: pre;\"> <\/span>CHEVROLET<span style=\"white-space: pre;\"> <\/span>28 laps<\/p>\n<p>26<span style=\"white-space: pre;\"> <\/span>CARLOS JAVIER MERLO<span style=\"white-space: pre;\"> <\/span>FIAT<span style=\"white-space: pre;\"> <\/span>31 laps<\/p>\n<p>27<span style=\"white-space: pre;\"> <\/span>MARIANO WERNER<span style=\"white-space: pre;\"> <\/span>FORD<span style=\"white-space: pre;\"> <\/span>32 laps<\/p>\n<p>28<span style=\"white-space: pre;\"> <\/span>FACUNDO DELLA MOTTA<span style=\"white-space: pre;\"> <\/span>RENAULT<span style=\"white-space: pre;\"> <\/span>34 laps<\/p>\n","protected":false},"excerpt":{"rendered":"<p>El actual campe\u00f3n Nestor Girolami a bordo del Peugeot 408 se llev\u00f3 la segunda carrera del a\u00f1o de Super TC2000<\/p>\n","protected":false},"author":1,"featured_media":0,"comment_status":"open","ping_status":"open","sticky":false,"template":"","format":"standard","meta":{"colormag_page_container_layout":"default_layout","colormag_page_sidebar_layout":"default_layout","footnotes":""},"categories":[5],"tags":[],"class_list":["post-1181","post","type-post","status-publish","format-standard","hentry","category-latest-news"],"yoast_head":"<!-- This site is optimized with the Yoast SEO plugin v27.5 - https:\/\/yoast.com\/product\/yoast-seo-wordpress\/ -->\n<title>Autos del Podio | Ahora s\u00ed<\/title>\n<meta name=\"description\" content=\"Autos del Podio\" \/>\n<meta name=\"robots\" content=\"index, follow, max-snippet:-1, max-image-preview:large, max-video-preview:-1\" \/>\n<link rel=\"canonical\" href=\"http:\/\/autosdelpodio.com\/autos\/ahora-si\/\" \/>\n<meta property=\"og:locale\" content=\"es_ES\" \/>\n<meta property=\"og:type\" content=\"article\" \/>\n<meta property=\"og:title\" content=\"Autos del Podio | Ahora s\u00ed\" \/>\n<meta property=\"og:description\" content=\"Autos del Podio\" \/>\n<meta property=\"og:url\" content=\"http:\/\/autosdelpodio.com\/autos\/ahora-si\/\" \/>\n<meta property=\"og:site_name\" content=\"Autos del Podio\" \/>\n<meta property=\"article:publisher\" content=\"https:\/\/www.facebook.com\/profile.php?id=100057192590976&amp;amp%3bamp%3bamp%3bamp%3bamp%3bamp%3bamp%3bamp%3bamp%3bamp%3bamp%3bamp%3bamp%3bamp%3bamp%3bamp%3bamp%3bamp%3bref=ts\" \/>\n<meta property=\"article:published_time\" content=\"2015-04-26T17:46:58+00:00\" \/>\n<meta name=\"author\" content=\"wi022230\" \/>\n<meta name=\"twitter:card\" content=\"summary_large_image\" \/>\n<meta name=\"twitter:creator\" content=\"@autosdelpodio\" \/>\n<meta name=\"twitter:site\" content=\"@autosdelpodio\" \/>\n<meta name=\"twitter:label1\" content=\"Escrito por\" \/>\n\t<meta name=\"twitter:data1\" content=\"wi022230\" \/>\n\t<meta name=\"twitter:label2\" content=\"Tiempo de lectura\" \/>\n\t<meta name=\"twitter:data2\" content=\"1 minuto\" \/>\n<script type=\"application\/ld+json\" class=\"yoast-schema-graph\">{\"@context\":\"https:\\\/\\\/schema.org\",\"@graph\":[{\"@type\":\"Article\",\"@id\":\"http:\\\/\\\/autosdelpodio.com\\\/autos\\\/ahora-si\\\/#article\",\"isPartOf\":{\"@id\":\"http:\\\/\\\/autosdelpodio.com\\\/autos\\\/ahora-si\\\/\"},\"author\":{\"name\":\"wi022230\",\"@id\":\"http:\\\/\\\/autosdelpodio.com\\\/autos\\\/#\\\/schema\\\/person\\\/e88353cabf768863fdf874e30120f3ba\"},\"headline\":\"Ahora s\u00ed\",\"datePublished\":\"2015-04-26T17:46:58+00:00\",\"mainEntityOfPage\":{\"@id\":\"http:\\\/\\\/autosdelpodio.com\\\/autos\\\/ahora-si\\\/\"},\"wordCount\":166,\"commentCount\":0,\"publisher\":{\"@id\":\"http:\\\/\\\/autosdelpodio.com\\\/autos\\\/#organization\"},\"articleSection\":[\"\u00daltimas noticias\"],\"inLanguage\":\"es\",\"potentialAction\":[{\"@type\":\"CommentAction\",\"name\":\"Comment\",\"target\":[\"http:\\\/\\\/autosdelpodio.com\\\/autos\\\/ahora-si\\\/#respond\"]}]},{\"@type\":\"WebPage\",\"@id\":\"http:\\\/\\\/autosdelpodio.com\\\/autos\\\/ahora-si\\\/\",\"url\":\"http:\\\/\\\/autosdelpodio.com\\\/autos\\\/ahora-si\\\/\",\"name\":\"Autos del Podio | Ahora s\u00ed\",\"isPartOf\":{\"@id\":\"http:\\\/\\\/autosdelpodio.com\\\/autos\\\/#website\"},\"datePublished\":\"2015-04-26T17:46:58+00:00\",\"description\":\"Autos del Podio\",\"breadcrumb\":{\"@id\":\"http:\\\/\\\/autosdelpodio.com\\\/autos\\\/ahora-si\\\/#breadcrumb\"},\"inLanguage\":\"es\",\"potentialAction\":[{\"@type\":\"ReadAction\",\"target\":[\"http:\\\/\\\/autosdelpodio.com\\\/autos\\\/ahora-si\\\/\"]}]},{\"@type\":\"BreadcrumbList\",\"@id\":\"http:\\\/\\\/autosdelpodio.com\\\/autos\\\/ahora-si\\\/#breadcrumb\",\"itemListElement\":[{\"@type\":\"ListItem\",\"position\":1,\"name\":\"Portada\",\"item\":\"http:\\\/\\\/autosdelpodio.com\\\/autos\\\/\"},{\"@type\":\"ListItem\",\"position\":2,\"name\":\"Ahora s\u00ed\"}]},{\"@type\":\"WebSite\",\"@id\":\"http:\\\/\\\/autosdelpodio.com\\\/autos\\\/#website\",\"url\":\"http:\\\/\\\/autosdelpodio.com\\\/autos\\\/\",\"name\":\"Autos del Podio\",\"description\":\"La sexta del deporte motor\",\"publisher\":{\"@id\":\"http:\\\/\\\/autosdelpodio.com\\\/autos\\\/#organization\"},\"potentialAction\":[{\"@type\":\"SearchAction\",\"target\":{\"@type\":\"EntryPoint\",\"urlTemplate\":\"http:\\\/\\\/autosdelpodio.com\\\/autos\\\/?s={search_term_string}\"},\"query-input\":{\"@type\":\"PropertyValueSpecification\",\"valueRequired\":true,\"valueName\":\"search_term_string\"}}],\"inLanguage\":\"es\"},{\"@type\":\"Organization\",\"@id\":\"http:\\\/\\\/autosdelpodio.com\\\/autos\\\/#organization\",\"name\":\"Autos del Podio\",\"url\":\"http:\\\/\\\/autosdelpodio.com\\\/autos\\\/\",\"logo\":{\"@type\":\"ImageObject\",\"inLanguage\":\"es\",\"@id\":\"http:\\\/\\\/autosdelpodio.com\\\/autos\\\/#\\\/schema\\\/logo\\\/image\\\/\",\"url\":\"http:\\\/\\\/autosdelpodio.com\\\/autos\\\/wp-content\\\/uploads\\\/2020\\\/08\\\/Logo_AR.jpg\",\"contentUrl\":\"http:\\\/\\\/autosdelpodio.com\\\/autos\\\/wp-content\\\/uploads\\\/2020\\\/08\\\/Logo_AR.jpg\",\"width\":1038,\"height\":1044,\"caption\":\"Autos del Podio\"},\"image\":{\"@id\":\"http:\\\/\\\/autosdelpodio.com\\\/autos\\\/#\\\/schema\\\/logo\\\/image\\\/\"},\"sameAs\":[\"https:\\\/\\\/www.facebook.com\\\/profile.php?id=100057192590976&amp;amp;amp;amp;amp;amp;amp;amp;amp;amp;amp;amp;amp;amp;amp;amp;amp;amp;ref=ts\",\"https:\\\/\\\/x.com\\\/autosdelpodio\",\"https:\\\/\\\/www.youtube.com\\\/user\\\/AutosdelPodio\"]},{\"@type\":\"Person\",\"@id\":\"http:\\\/\\\/autosdelpodio.com\\\/autos\\\/#\\\/schema\\\/person\\\/e88353cabf768863fdf874e30120f3ba\",\"name\":\"wi022230\",\"image\":{\"@type\":\"ImageObject\",\"inLanguage\":\"es\",\"@id\":\"http:\\\/\\\/autosdelpodio.com\\\/autos\\\/wp-content\\\/litespeed\\\/avatar\\\/453fc9bdbb11d766ba4c7f14d0bd0aa9.jpg?ver=1777404874\",\"url\":\"http:\\\/\\\/autosdelpodio.com\\\/autos\\\/wp-content\\\/litespeed\\\/avatar\\\/453fc9bdbb11d766ba4c7f14d0bd0aa9.jpg?ver=1777404874\",\"contentUrl\":\"http:\\\/\\\/autosdelpodio.com\\\/autos\\\/wp-content\\\/litespeed\\\/avatar\\\/453fc9bdbb11d766ba4c7f14d0bd0aa9.jpg?ver=1777404874\",\"caption\":\"wi022230\"}}]}<\/script>\n<!-- \/ Yoast SEO plugin. -->","yoast_head_json":{"title":"Autos del Podio | Ahora s\u00ed","description":"Autos del Podio","robots":{"index":"index","follow":"follow","max-snippet":"max-snippet:-1","max-image-preview":"max-image-preview:large","max-video-preview":"max-video-preview:-1"},"canonical":"http:\/\/autosdelpodio.com\/autos\/ahora-si\/","og_locale":"es_ES","og_type":"article","og_title":"Autos del Podio | Ahora s\u00ed","og_description":"Autos del Podio","og_url":"http:\/\/autosdelpodio.com\/autos\/ahora-si\/","og_site_name":"Autos del Podio","article_publisher":"https:\/\/www.facebook.com\/profile.php?id=100057192590976&amp%3bamp%3bamp%3bamp%3bamp%3bamp%3bamp%3bamp%3bamp%3bamp%3bamp%3bamp%3bamp%3bamp%3bamp%3bamp%3bamp%3bamp%3bref=ts","article_published_time":"2015-04-26T17:46:58+00:00","author":"wi022230","twitter_card":"summary_large_image","twitter_creator":"@autosdelpodio","twitter_site":"@autosdelpodio","twitter_misc":{"Escrito por":"wi022230","Tiempo de lectura":"1 minuto"},"schema":{"@context":"https:\/\/schema.org","@graph":[{"@type":"Article","@id":"http:\/\/autosdelpodio.com\/autos\/ahora-si\/#article","isPartOf":{"@id":"http:\/\/autosdelpodio.com\/autos\/ahora-si\/"},"author":{"name":"wi022230","@id":"http:\/\/autosdelpodio.com\/autos\/#\/schema\/person\/e88353cabf768863fdf874e30120f3ba"},"headline":"Ahora s\u00ed","datePublished":"2015-04-26T17:46:58+00:00","mainEntityOfPage":{"@id":"http:\/\/autosdelpodio.com\/autos\/ahora-si\/"},"wordCount":166,"commentCount":0,"publisher":{"@id":"http:\/\/autosdelpodio.com\/autos\/#organization"},"articleSection":["\u00daltimas noticias"],"inLanguage":"es","potentialAction":[{"@type":"CommentAction","name":"Comment","target":["http:\/\/autosdelpodio.com\/autos\/ahora-si\/#respond"]}]},{"@type":"WebPage","@id":"http:\/\/autosdelpodio.com\/autos\/ahora-si\/","url":"http:\/\/autosdelpodio.com\/autos\/ahora-si\/","name":"Autos del Podio | Ahora s\u00ed","isPartOf":{"@id":"http:\/\/autosdelpodio.com\/autos\/#website"},"datePublished":"2015-04-26T17:46:58+00:00","description":"Autos del Podio","breadcrumb":{"@id":"http:\/\/autosdelpodio.com\/autos\/ahora-si\/#breadcrumb"},"inLanguage":"es","potentialAction":[{"@type":"ReadAction","target":["http:\/\/autosdelpodio.com\/autos\/ahora-si\/"]}]},{"@type":"BreadcrumbList","@id":"http:\/\/autosdelpodio.com\/autos\/ahora-si\/#breadcrumb","itemListElement":[{"@type":"ListItem","position":1,"name":"Portada","item":"http:\/\/autosdelpodio.com\/autos\/"},{"@type":"ListItem","position":2,"name":"Ahora s\u00ed"}]},{"@type":"WebSite","@id":"http:\/\/autosdelpodio.com\/autos\/#website","url":"http:\/\/autosdelpodio.com\/autos\/","name":"Autos del Podio","description":"La sexta del deporte motor","publisher":{"@id":"http:\/\/autosdelpodio.com\/autos\/#organization"},"potentialAction":[{"@type":"SearchAction","target":{"@type":"EntryPoint","urlTemplate":"http:\/\/autosdelpodio.com\/autos\/?s={search_term_string}"},"query-input":{"@type":"PropertyValueSpecification","valueRequired":true,"valueName":"search_term_string"}}],"inLanguage":"es"},{"@type":"Organization","@id":"http:\/\/autosdelpodio.com\/autos\/#organization","name":"Autos del Podio","url":"http:\/\/autosdelpodio.com\/autos\/","logo":{"@type":"ImageObject","inLanguage":"es","@id":"http:\/\/autosdelpodio.com\/autos\/#\/schema\/logo\/image\/","url":"http:\/\/autosdelpodio.com\/autos\/wp-content\/uploads\/2020\/08\/Logo_AR.jpg","contentUrl":"http:\/\/autosdelpodio.com\/autos\/wp-content\/uploads\/2020\/08\/Logo_AR.jpg","width":1038,"height":1044,"caption":"Autos del Podio"},"image":{"@id":"http:\/\/autosdelpodio.com\/autos\/#\/schema\/logo\/image\/"},"sameAs":["https:\/\/www.facebook.com\/profile.php?id=100057192590976&amp;amp;amp;amp;amp;amp;amp;amp;amp;amp;amp;amp;amp;amp;amp;amp;amp;amp;ref=ts","https:\/\/x.com\/autosdelpodio","https:\/\/www.youtube.com\/user\/AutosdelPodio"]},{"@type":"Person","@id":"http:\/\/autosdelpodio.com\/autos\/#\/schema\/person\/e88353cabf768863fdf874e30120f3ba","name":"wi022230","image":{"@type":"ImageObject","inLanguage":"es","@id":"http:\/\/autosdelpodio.com\/autos\/wp-content\/litespeed\/avatar\/453fc9bdbb11d766ba4c7f14d0bd0aa9.jpg?ver=1777404874","url":"http:\/\/autosdelpodio.com\/autos\/wp-content\/litespeed\/avatar\/453fc9bdbb11d766ba4c7f14d0bd0aa9.jpg?ver=1777404874","contentUrl":"http:\/\/autosdelpodio.com\/autos\/wp-content\/litespeed\/avatar\/453fc9bdbb11d766ba4c7f14d0bd0aa9.jpg?ver=1777404874","caption":"wi022230"}}]}},"views":421,"_links":{"self":[{"href":"http:\/\/autosdelpodio.com\/autos\/wp-json\/wp\/v2\/posts\/1181","targetHints":{"allow":["GET"]}}],"collection":[{"href":"http:\/\/autosdelpodio.com\/autos\/wp-json\/wp\/v2\/posts"}],"about":[{"href":"http:\/\/autosdelpodio.com\/autos\/wp-json\/wp\/v2\/types\/post"}],"author":[{"embeddable":true,"href":"http:\/\/autosdelpodio.com\/autos\/wp-json\/wp\/v2\/users\/1"}],"replies":[{"embeddable":true,"href":"http:\/\/autosdelpodio.com\/autos\/wp-json\/wp\/v2\/comments?post=1181"}],"version-history":[{"count":0,"href":"http:\/\/autosdelpodio.com\/autos\/wp-json\/wp\/v2\/posts\/1181\/revisions"}],"wp:attachment":[{"href":"http:\/\/autosdelpodio.com\/autos\/wp-json\/wp\/v2\/media?parent=1181"}],"wp:term":[{"taxonomy":"category","embeddable":true,"href":"http:\/\/autosdelpodio.com\/autos\/wp-json\/wp\/v2\/categories?post=1181"},{"taxonomy":"post_tag","embeddable":true,"href":"http:\/\/autosdelpodio.com\/autos\/wp-json\/wp\/v2\/tags?post=1181"}],"curies":[{"name":"wp","href":"https:\/\/api.w.org\/{rel}","templated":true}]}}