{"id":1188,"date":"2015-05-03T18:21:34","date_gmt":"2015-05-03T18:21:34","guid":{"rendered":"http:\/\/autosdelpodio.com\/autos\/2015\/05\/03\/titan-x-2\/"},"modified":"2015-05-03T18:21:34","modified_gmt":"2015-05-03T18:21:34","slug":"titan-x-2","status":"publish","type":"post","link":"http:\/\/autosdelpodio.com\/autos\/titan-x-2\/","title":{"rendered":"Titan x 2"},"content":{"rendered":"<p>Agustin Canapino se llev\u00f3 las dos carreras finales del Top Race V6 en su paso por el Autodromo de Rio Cuarto en la provincia de Cordoba.El piloto del equipo Midas a bordo del Mercedes E es mas puntero que nunca en la divisional.<\/p>\n<p>La cuarta fecha del campeonato ser\u00e1 el pr\u00f3ximo 24 de mayo en el aut\u00f3dromo Juan Manuel Fangio de Rosario.<\/p>\n<p><strong><em>Carrera 1 TRV6<\/em><\/strong><\/p>\n<p>1 1 CANAPINO AGUSTIN MERCEDES 23 27;02,624<\/p>\n<p>2 157 DE BENEDICTIS JUAN MONDEO 23 27;03,841 1,217<\/p>\n<p>3 93 RODRIGUEZ MATIAS MERCEDES 23 27;06,792 4,168<\/p>\n<p>4 27 ALTUNA MARIANO LANCER 23 27;07,067 4,443<\/p>\n<p>5 2 TADEI GUSTAVO CRUZE 23 27;07,703 5,079<\/p>\n<p>6 214 TROSSET NICOLAS LANCER 23 27;12,573 9,949<\/p>\n<p>7 77 COTIGNOLA NICOLAS MONDEO 23 27;17,424 14,800<\/p>\n<p>8 8 PONTE MARTIN PASSAT 23 27;23,387 20,763<\/p>\n<p>9 29 RISATTI RICARDO MONDEO 23 27;26,299 23,675<\/p>\n<p>10 10 AZAR DIEGO MERCEDES 23 27;26,592 23,968<\/p>\n<p>11 6 GIROLAMI FRANCO LANCER 23 27;26,805 24,181<\/p>\n<p>12 333 MICHELOUD GUSTAVO PASSAT 23 27;27,042 24,418<\/p>\n<p>13 19 KRUJOSKI HUMBERTO MERCEDES 23 27;29,367 26,743<\/p>\n<p>14 33 COULLERI MARTIN MONDEO 23 27;29,440 26,816<\/p>\n<p>15 30 CONTA OSCAR MONDEO 23 27;34,474 31,850<\/p>\n<p>16 107 SOTRO LEONEL PASSAT 23 27;37,197 34,573<\/p>\n<p>17 88 CASTELLANO ALAN LANCER 23 27;37,732 35,108<\/p>\n<p>18 12 MOISES FEDERICO MERCEDES 23 27;38,711 36,087<\/p>\n<p>19 11 SANCHEZ OSCAR PASSAT 22 27;39,744 27;39,744<\/p>\n<p>20 129 GIALLOMBARDO MAURO MERCEDES 21 27;51,478 27;51,478<\/p>\n<p>21 7 SGANGA ANTONINO MERCEDES 16 19;22,578 19;22,578<\/p>\n<p>22 61 FONTANA NORBERTO MERCEDES 3 3;26,285 3;26,285<\/p>\n<p><strong><em>Carrera 2 TRV6<\/em><\/strong><\/p>\n<p>1<span style=\"white-space: pre;\"> <\/span>CANAPINO AGUSTIN<span style=\"white-space: pre;\"> <\/span>MERCEDES<span style=\"white-space: pre;\"> <\/span>37;13,383<span style=\"white-space: pre;\"> <\/span><\/p>\n<p>2<span style=\"white-space: pre;\"> <\/span>RODRIGUEZ MATIAS<span style=\"white-space: pre;\"> <\/span>MERCEDES<span style=\"white-space: pre;\"> <\/span>37;13,820<span style=\"white-space: pre;\"> <\/span>0,437<\/p>\n<p>3<span style=\"white-space: pre;\"> <\/span>RISATTI RICARDO<span style=\"white-space: pre;\"> <\/span>MONDEO<span style=\"white-space: pre;\"> <\/span>37;17,961<span style=\"white-space: pre;\"> <\/span>4,578<\/p>\n<p>4<span style=\"white-space: pre;\"> <\/span>TADEI GUSTAVO<span style=\"white-space: pre;\"> <\/span>CRUZE<span style=\"white-space: pre;\"> <\/span>37;19,111<span style=\"white-space: pre;\"> <\/span>5,728<\/p>\n<p>5<span style=\"white-space: pre;\"> <\/span>FONTANA NORBERTO<span style=\"white-space: pre;\"> <\/span>MERCEDES<span style=\"white-space: pre;\"> <\/span>37;19,446<span style=\"white-space: pre;\"> <\/span>6,063<\/p>\n<p>6<span style=\"white-space: pre;\"> <\/span>AZAR DIEGO<span style=\"white-space: pre;\"> <\/span>MERCEDES<span style=\"white-space: pre;\"> <\/span>37;20,621<span style=\"white-space: pre;\"> <\/span>7,238<\/p>\n<p>7<span style=\"white-space: pre;\"> <\/span>PONTE MARTIN<span style=\"white-space: pre;\"> <\/span>PASSAT<span style=\"white-space: pre;\"> <\/span>37;21,020<span style=\"white-space: pre;\"> <\/span>7,637<\/p>\n<p>8<span style=\"white-space: pre;\"> <\/span>ALTUNA MARIANO<span style=\"white-space: pre;\"> <\/span>LANCER<span style=\"white-space: pre;\"> <\/span>37;23,171<span style=\"white-space: pre;\"> <\/span>9,788<\/p>\n<p>9<span style=\"white-space: pre;\"> <\/span>MICHELOUD GUSTAVO<span style=\"white-space: pre;\"> <\/span>PASSAT<span style=\"white-space: pre;\"> <\/span>37;23,346<span style=\"white-space: pre;\"> <\/span>9,963<\/p>\n<p>10<span style=\"white-space: pre;\"> <\/span>KRUJOSKI HUMBERTO<span style=\"white-space: pre;\"> <\/span>MERCEDES<span style=\"white-space: pre;\"> <\/span>37;32,093<span style=\"white-space: pre;\"> <\/span>18,710<\/p>\n<p>11<span style=\"white-space: pre;\"> <\/span>DE BENEDICTIS JUAN<span style=\"white-space: pre;\"> <\/span>MONDEO<span style=\"white-space: pre;\"> <\/span>37;33,721<span style=\"white-space: pre;\"> <\/span>20,338<\/p>\n<p>12<span style=\"white-space: pre;\"> <\/span>SANCHEZ OSCAR<span style=\"white-space: pre;\"> <\/span>PASSAT<span style=\"white-space: pre;\"> <\/span>37;33,914<span style=\"white-space: pre;\"> <\/span>20,531<\/p>\n<p>13<span style=\"white-space: pre;\"> <\/span>SGANGA ANTONINO<span style=\"white-space: pre;\"> <\/span>MERCEDES<span style=\"white-space: pre;\"> <\/span>37;35,799<span style=\"white-space: pre;\"> <\/span>22,416<\/p>\n<p>14<span style=\"white-space: pre;\"> <\/span>MOISES FEDERICO<span style=\"white-space: pre;\"> <\/span>MERCEDES<span style=\"white-space: pre;\"> <\/span>37;41,208<span style=\"white-space: pre;\"> <\/span>27,825<\/p>\n<p>15<span style=\"white-space: pre;\"> <\/span>COULLERI MARTIN<span style=\"white-space: pre;\"> <\/span>MONDEO<span style=\"white-space: pre;\"> <\/span>37;42,597<span style=\"white-space: pre;\"> <\/span>29,214<\/p>\n<p>16<span style=\"white-space: pre;\"> <\/span>CONTA OSCAR<span style=\"white-space: pre;\"> <\/span>MONDEO<span style=\"white-space: pre;\"> <\/span>37;44,910<span style=\"white-space: pre;\"> <\/span>31,527<\/p>\n<p>17<span style=\"white-space: pre;\"> <\/span>SOTRO LEONEL<span style=\"white-space: pre;\"> <\/span>PASSAT<span style=\"white-space: pre;\"> <\/span>37;45,981<span style=\"white-space: pre;\"> <\/span>32,598<\/p>\n<p>18<span style=\"white-space: pre;\"> <\/span>GIROLAMI FRANCO<span style=\"white-space: pre;\"> <\/span>LANCER<span style=\"white-space: pre;\"> <\/span>32;39,885<span style=\"white-space: pre;\"> <\/span><\/p>\n<p>19<span style=\"white-space: pre;\"> <\/span>COTIGNOLA NICOLAS<span style=\"white-space: pre;\"> <\/span>MONDEO<span style=\"white-space: pre;\"> <\/span>17;39,136<span style=\"white-space: pre;\"> <\/span><\/p>\n<p>20<span style=\"white-space: pre;\"> <\/span>CASTELLANO ALAN<span style=\"white-space: pre;\"> <\/span>LANCER<span style=\"white-space: pre;\"> <\/span>18;26,941<span style=\"white-space: pre;\"> <\/span><\/p>\n<p>21<span style=\"white-space: pre;\"> <\/span>TROSSET NICOLAS<span style=\"white-space: pre;\"> <\/span>LANCER<span style=\"white-space: pre;\"> <\/span>12;34,543<span style=\"white-space: pre;\"> <\/span><\/p>\n<p>22<span style=\"white-space: pre;\"> <\/span>GIALLOMBARDO MAURO<span style=\"white-space: pre;\"> <\/span>MERCEDES<span style=\"white-space: pre;\"> <\/span>4;43,161<\/p>\n","protected":false},"excerpt":{"rendered":"<p>Agustin Canapino se llev\u00f3 las dos carreras finales del Top Race V6 en su paso por el Autodromo de Rio<\/p>\n","protected":false},"author":1,"featured_media":0,"comment_status":"open","ping_status":"open","sticky":false,"template":"","format":"standard","meta":{"colormag_page_container_layout":"default_layout","colormag_page_sidebar_layout":"default_layout","footnotes":""},"categories":[5],"tags":[],"class_list":["post-1188","post","type-post","status-publish","format-standard","hentry","category-latest-news"],"yoast_head":"<!-- This site is optimized with the Yoast SEO plugin v27.4 - https:\/\/yoast.com\/product\/yoast-seo-wordpress\/ -->\n<title>Autos del Podio | Titan x 2<\/title>\n<meta name=\"description\" content=\"Autos del Podio\" \/>\n<meta name=\"robots\" content=\"index, follow, max-snippet:-1, max-image-preview:large, max-video-preview:-1\" \/>\n<link rel=\"canonical\" href=\"http:\/\/autosdelpodio.com\/autos\/titan-x-2\/\" \/>\n<meta property=\"og:locale\" content=\"es_ES\" \/>\n<meta property=\"og:type\" content=\"article\" \/>\n<meta property=\"og:title\" content=\"Autos del Podio | Titan x 2\" \/>\n<meta property=\"og:description\" content=\"Autos del Podio\" \/>\n<meta property=\"og:url\" content=\"http:\/\/autosdelpodio.com\/autos\/titan-x-2\/\" \/>\n<meta property=\"og:site_name\" content=\"Autos del Podio\" \/>\n<meta property=\"article:publisher\" content=\"https:\/\/www.facebook.com\/profile.php?id=100057192590976&amp;amp%3bamp%3bamp%3bamp%3bamp%3bamp%3bamp%3bamp%3bamp%3bamp%3bamp%3bamp%3bamp%3bamp%3bamp%3bamp%3bamp%3bamp%3bref=ts\" \/>\n<meta property=\"article:published_time\" content=\"2015-05-03T18:21:34+00:00\" \/>\n<meta name=\"author\" content=\"wi022230\" \/>\n<meta name=\"twitter:card\" content=\"summary_large_image\" \/>\n<meta name=\"twitter:creator\" content=\"@autosdelpodio\" \/>\n<meta name=\"twitter:site\" content=\"@autosdelpodio\" \/>\n<meta name=\"twitter:label1\" content=\"Escrito por\" \/>\n\t<meta name=\"twitter:data1\" content=\"wi022230\" \/>\n\t<meta name=\"twitter:label2\" content=\"Tiempo de lectura\" \/>\n\t<meta name=\"twitter:data2\" content=\"1 minuto\" \/>\n<script type=\"application\/ld+json\" class=\"yoast-schema-graph\">{\"@context\":\"https:\\\/\\\/schema.org\",\"@graph\":[{\"@type\":\"Article\",\"@id\":\"http:\\\/\\\/autosdelpodio.com\\\/autos\\\/titan-x-2\\\/#article\",\"isPartOf\":{\"@id\":\"http:\\\/\\\/autosdelpodio.com\\\/autos\\\/titan-x-2\\\/\"},\"author\":{\"name\":\"wi022230\",\"@id\":\"http:\\\/\\\/autosdelpodio.com\\\/autos\\\/#\\\/schema\\\/person\\\/e88353cabf768863fdf874e30120f3ba\"},\"headline\":\"Titan x 2\",\"datePublished\":\"2015-05-03T18:21:34+00:00\",\"mainEntityOfPage\":{\"@id\":\"http:\\\/\\\/autosdelpodio.com\\\/autos\\\/titan-x-2\\\/\"},\"wordCount\":204,\"commentCount\":0,\"publisher\":{\"@id\":\"http:\\\/\\\/autosdelpodio.com\\\/autos\\\/#organization\"},\"articleSection\":[\"\u00daltimas noticias\"],\"inLanguage\":\"es\",\"potentialAction\":[{\"@type\":\"CommentAction\",\"name\":\"Comment\",\"target\":[\"http:\\\/\\\/autosdelpodio.com\\\/autos\\\/titan-x-2\\\/#respond\"]}]},{\"@type\":\"WebPage\",\"@id\":\"http:\\\/\\\/autosdelpodio.com\\\/autos\\\/titan-x-2\\\/\",\"url\":\"http:\\\/\\\/autosdelpodio.com\\\/autos\\\/titan-x-2\\\/\",\"name\":\"Autos del Podio | Titan x 2\",\"isPartOf\":{\"@id\":\"http:\\\/\\\/autosdelpodio.com\\\/autos\\\/#website\"},\"datePublished\":\"2015-05-03T18:21:34+00:00\",\"description\":\"Autos del Podio\",\"breadcrumb\":{\"@id\":\"http:\\\/\\\/autosdelpodio.com\\\/autos\\\/titan-x-2\\\/#breadcrumb\"},\"inLanguage\":\"es\",\"potentialAction\":[{\"@type\":\"ReadAction\",\"target\":[\"http:\\\/\\\/autosdelpodio.com\\\/autos\\\/titan-x-2\\\/\"]}]},{\"@type\":\"BreadcrumbList\",\"@id\":\"http:\\\/\\\/autosdelpodio.com\\\/autos\\\/titan-x-2\\\/#breadcrumb\",\"itemListElement\":[{\"@type\":\"ListItem\",\"position\":1,\"name\":\"Portada\",\"item\":\"http:\\\/\\\/autosdelpodio.com\\\/autos\\\/\"},{\"@type\":\"ListItem\",\"position\":2,\"name\":\"Titan x 2\"}]},{\"@type\":\"WebSite\",\"@id\":\"http:\\\/\\\/autosdelpodio.com\\\/autos\\\/#website\",\"url\":\"http:\\\/\\\/autosdelpodio.com\\\/autos\\\/\",\"name\":\"Autos del Podio\",\"description\":\"La sexta del deporte motor\",\"publisher\":{\"@id\":\"http:\\\/\\\/autosdelpodio.com\\\/autos\\\/#organization\"},\"potentialAction\":[{\"@type\":\"SearchAction\",\"target\":{\"@type\":\"EntryPoint\",\"urlTemplate\":\"http:\\\/\\\/autosdelpodio.com\\\/autos\\\/?s={search_term_string}\"},\"query-input\":{\"@type\":\"PropertyValueSpecification\",\"valueRequired\":true,\"valueName\":\"search_term_string\"}}],\"inLanguage\":\"es\"},{\"@type\":\"Organization\",\"@id\":\"http:\\\/\\\/autosdelpodio.com\\\/autos\\\/#organization\",\"name\":\"Autos del Podio\",\"url\":\"http:\\\/\\\/autosdelpodio.com\\\/autos\\\/\",\"logo\":{\"@type\":\"ImageObject\",\"inLanguage\":\"es\",\"@id\":\"http:\\\/\\\/autosdelpodio.com\\\/autos\\\/#\\\/schema\\\/logo\\\/image\\\/\",\"url\":\"http:\\\/\\\/autosdelpodio.com\\\/autos\\\/wp-content\\\/uploads\\\/2020\\\/08\\\/Logo_AR.jpg\",\"contentUrl\":\"http:\\\/\\\/autosdelpodio.com\\\/autos\\\/wp-content\\\/uploads\\\/2020\\\/08\\\/Logo_AR.jpg\",\"width\":1038,\"height\":1044,\"caption\":\"Autos del Podio\"},\"image\":{\"@id\":\"http:\\\/\\\/autosdelpodio.com\\\/autos\\\/#\\\/schema\\\/logo\\\/image\\\/\"},\"sameAs\":[\"https:\\\/\\\/www.facebook.com\\\/profile.php?id=100057192590976&amp;amp;amp;amp;amp;amp;amp;amp;amp;amp;amp;amp;amp;amp;amp;amp;amp;amp;ref=ts\",\"https:\\\/\\\/x.com\\\/autosdelpodio\",\"https:\\\/\\\/www.youtube.com\\\/user\\\/AutosdelPodio\"]},{\"@type\":\"Person\",\"@id\":\"http:\\\/\\\/autosdelpodio.com\\\/autos\\\/#\\\/schema\\\/person\\\/e88353cabf768863fdf874e30120f3ba\",\"name\":\"wi022230\",\"image\":{\"@type\":\"ImageObject\",\"inLanguage\":\"es\",\"@id\":\"http:\\\/\\\/autosdelpodio.com\\\/autos\\\/wp-content\\\/litespeed\\\/avatar\\\/453fc9bdbb11d766ba4c7f14d0bd0aa9.jpg?ver=1776800006\",\"url\":\"http:\\\/\\\/autosdelpodio.com\\\/autos\\\/wp-content\\\/litespeed\\\/avatar\\\/453fc9bdbb11d766ba4c7f14d0bd0aa9.jpg?ver=1776800006\",\"contentUrl\":\"http:\\\/\\\/autosdelpodio.com\\\/autos\\\/wp-content\\\/litespeed\\\/avatar\\\/453fc9bdbb11d766ba4c7f14d0bd0aa9.jpg?ver=1776800006\",\"caption\":\"wi022230\"}}]}<\/script>\n<!-- \/ Yoast SEO plugin. -->","yoast_head_json":{"title":"Autos del Podio | Titan x 2","description":"Autos del Podio","robots":{"index":"index","follow":"follow","max-snippet":"max-snippet:-1","max-image-preview":"max-image-preview:large","max-video-preview":"max-video-preview:-1"},"canonical":"http:\/\/autosdelpodio.com\/autos\/titan-x-2\/","og_locale":"es_ES","og_type":"article","og_title":"Autos del Podio | Titan x 2","og_description":"Autos del Podio","og_url":"http:\/\/autosdelpodio.com\/autos\/titan-x-2\/","og_site_name":"Autos del Podio","article_publisher":"https:\/\/www.facebook.com\/profile.php?id=100057192590976&amp%3bamp%3bamp%3bamp%3bamp%3bamp%3bamp%3bamp%3bamp%3bamp%3bamp%3bamp%3bamp%3bamp%3bamp%3bamp%3bamp%3bamp%3bref=ts","article_published_time":"2015-05-03T18:21:34+00:00","author":"wi022230","twitter_card":"summary_large_image","twitter_creator":"@autosdelpodio","twitter_site":"@autosdelpodio","twitter_misc":{"Escrito por":"wi022230","Tiempo de lectura":"1 minuto"},"schema":{"@context":"https:\/\/schema.org","@graph":[{"@type":"Article","@id":"http:\/\/autosdelpodio.com\/autos\/titan-x-2\/#article","isPartOf":{"@id":"http:\/\/autosdelpodio.com\/autos\/titan-x-2\/"},"author":{"name":"wi022230","@id":"http:\/\/autosdelpodio.com\/autos\/#\/schema\/person\/e88353cabf768863fdf874e30120f3ba"},"headline":"Titan x 2","datePublished":"2015-05-03T18:21:34+00:00","mainEntityOfPage":{"@id":"http:\/\/autosdelpodio.com\/autos\/titan-x-2\/"},"wordCount":204,"commentCount":0,"publisher":{"@id":"http:\/\/autosdelpodio.com\/autos\/#organization"},"articleSection":["\u00daltimas noticias"],"inLanguage":"es","potentialAction":[{"@type":"CommentAction","name":"Comment","target":["http:\/\/autosdelpodio.com\/autos\/titan-x-2\/#respond"]}]},{"@type":"WebPage","@id":"http:\/\/autosdelpodio.com\/autos\/titan-x-2\/","url":"http:\/\/autosdelpodio.com\/autos\/titan-x-2\/","name":"Autos del Podio | Titan x 2","isPartOf":{"@id":"http:\/\/autosdelpodio.com\/autos\/#website"},"datePublished":"2015-05-03T18:21:34+00:00","description":"Autos del Podio","breadcrumb":{"@id":"http:\/\/autosdelpodio.com\/autos\/titan-x-2\/#breadcrumb"},"inLanguage":"es","potentialAction":[{"@type":"ReadAction","target":["http:\/\/autosdelpodio.com\/autos\/titan-x-2\/"]}]},{"@type":"BreadcrumbList","@id":"http:\/\/autosdelpodio.com\/autos\/titan-x-2\/#breadcrumb","itemListElement":[{"@type":"ListItem","position":1,"name":"Portada","item":"http:\/\/autosdelpodio.com\/autos\/"},{"@type":"ListItem","position":2,"name":"Titan x 2"}]},{"@type":"WebSite","@id":"http:\/\/autosdelpodio.com\/autos\/#website","url":"http:\/\/autosdelpodio.com\/autos\/","name":"Autos del Podio","description":"La sexta del deporte motor","publisher":{"@id":"http:\/\/autosdelpodio.com\/autos\/#organization"},"potentialAction":[{"@type":"SearchAction","target":{"@type":"EntryPoint","urlTemplate":"http:\/\/autosdelpodio.com\/autos\/?s={search_term_string}"},"query-input":{"@type":"PropertyValueSpecification","valueRequired":true,"valueName":"search_term_string"}}],"inLanguage":"es"},{"@type":"Organization","@id":"http:\/\/autosdelpodio.com\/autos\/#organization","name":"Autos del Podio","url":"http:\/\/autosdelpodio.com\/autos\/","logo":{"@type":"ImageObject","inLanguage":"es","@id":"http:\/\/autosdelpodio.com\/autos\/#\/schema\/logo\/image\/","url":"http:\/\/autosdelpodio.com\/autos\/wp-content\/uploads\/2020\/08\/Logo_AR.jpg","contentUrl":"http:\/\/autosdelpodio.com\/autos\/wp-content\/uploads\/2020\/08\/Logo_AR.jpg","width":1038,"height":1044,"caption":"Autos del Podio"},"image":{"@id":"http:\/\/autosdelpodio.com\/autos\/#\/schema\/logo\/image\/"},"sameAs":["https:\/\/www.facebook.com\/profile.php?id=100057192590976&amp;amp;amp;amp;amp;amp;amp;amp;amp;amp;amp;amp;amp;amp;amp;amp;amp;amp;ref=ts","https:\/\/x.com\/autosdelpodio","https:\/\/www.youtube.com\/user\/AutosdelPodio"]},{"@type":"Person","@id":"http:\/\/autosdelpodio.com\/autos\/#\/schema\/person\/e88353cabf768863fdf874e30120f3ba","name":"wi022230","image":{"@type":"ImageObject","inLanguage":"es","@id":"http:\/\/autosdelpodio.com\/autos\/wp-content\/litespeed\/avatar\/453fc9bdbb11d766ba4c7f14d0bd0aa9.jpg?ver=1776800006","url":"http:\/\/autosdelpodio.com\/autos\/wp-content\/litespeed\/avatar\/453fc9bdbb11d766ba4c7f14d0bd0aa9.jpg?ver=1776800006","contentUrl":"http:\/\/autosdelpodio.com\/autos\/wp-content\/litespeed\/avatar\/453fc9bdbb11d766ba4c7f14d0bd0aa9.jpg?ver=1776800006","caption":"wi022230"}}]}},"views":493,"_links":{"self":[{"href":"http:\/\/autosdelpodio.com\/autos\/wp-json\/wp\/v2\/posts\/1188","targetHints":{"allow":["GET"]}}],"collection":[{"href":"http:\/\/autosdelpodio.com\/autos\/wp-json\/wp\/v2\/posts"}],"about":[{"href":"http:\/\/autosdelpodio.com\/autos\/wp-json\/wp\/v2\/types\/post"}],"author":[{"embeddable":true,"href":"http:\/\/autosdelpodio.com\/autos\/wp-json\/wp\/v2\/users\/1"}],"replies":[{"embeddable":true,"href":"http:\/\/autosdelpodio.com\/autos\/wp-json\/wp\/v2\/comments?post=1188"}],"version-history":[{"count":0,"href":"http:\/\/autosdelpodio.com\/autos\/wp-json\/wp\/v2\/posts\/1188\/revisions"}],"wp:attachment":[{"href":"http:\/\/autosdelpodio.com\/autos\/wp-json\/wp\/v2\/media?parent=1188"}],"wp:term":[{"taxonomy":"category","embeddable":true,"href":"http:\/\/autosdelpodio.com\/autos\/wp-json\/wp\/v2\/categories?post=1188"},{"taxonomy":"post_tag","embeddable":true,"href":"http:\/\/autosdelpodio.com\/autos\/wp-json\/wp\/v2\/tags?post=1188"}],"curies":[{"name":"wp","href":"https:\/\/api.w.org\/{rel}","templated":true}]}}