{"id":1190,"date":"2015-05-10T18:12:53","date_gmt":"2015-05-10T18:12:53","guid":{"rendered":"http:\/\/autosdelpodio.com\/autos\/2015\/05\/10\/tiempista-y-oportunista\/"},"modified":"2015-05-10T18:12:53","modified_gmt":"2015-05-10T18:12:53","slug":"tiempista-y-oportunista","status":"publish","type":"post","link":"http:\/\/autosdelpodio.com\/autos\/tiempista-y-oportunista\/","title":{"rendered":"Tiempista y oportunista"},"content":{"rendered":"<p style=\"text-align: justify;\">Facundo Ardusso aprovech\u00f3 su momento en la final de TC y asi pudo llevarse la primera victoria para Dodge y tambien la primera del Trotta Racing como equipo.Agustin Canapino (Chevrolet) y Omar Martinez (Ford) completaron el podio.<\/p>\n<p style=\"text-align: justify;\">El piloto de Las Parejas aprovech\u00f3 que Christian Ledesma, quien ven\u00eda puntero, entr\u00f3 en semi trompo en un frenaje donde perdi\u00f2 la cola del Chevrolet y de ahi en mas Pace Car mediante supo aguantar y controlar las acciones hasta el final pese a los intentos de Canapino.<\/p>\n<p style=\"text-align: justify;\">Matias Rossi se llev\u00f3 puntos sin sumar kilos y ahora es el nuevo lider del campeonato.<\/p>\n<p style=\"text-align: justify;\">La proxima fecha ser\u00e1 el 31 de Mayo, cuando el TC visite la localidad entrerriana de Concepci\u00f3n del Uruguay.<\/p>\n<p><strong><em>Final TC en Viedma a 25 Vueltas<\/em><\/strong><\/p>\n<p>1<span style=\"white-space: pre;\"> <\/span>ARDUSSO, FACUNDO<span style=\"white-space: pre;\"> <\/span>DODGE<span style=\"white-space: pre;\"> <\/span>40:06.797<span style=\"white-space: pre;\"> <\/span><\/p>\n<p>2<span style=\"white-space: pre;\"> <\/span>CANAPINO, AGUST\u00cdN <span style=\"white-space: pre;\"> <\/span>CHEVROLET<span style=\"white-space: pre;\"> <\/span>40:07.458<span style=\"white-space: pre;\"> <\/span>0.661<\/p>\n<p>3<span style=\"white-space: pre;\"> <\/span>MART\u00cdNEZ, OMAR <span style=\"white-space: pre;\"> <\/span>FORD<span style=\"white-space: pre;\"> <\/span>40:07.927<span style=\"white-space: pre;\"> <\/span>1.130<\/p>\n<p>4<span style=\"white-space: pre;\"> <\/span>ROSSI, MAT\u00cdAS <span style=\"white-space: pre;\"> <\/span>CHEVROLET<span style=\"white-space: pre;\"> <\/span>40:09.701<span style=\"white-space: pre;\"> <\/span>2.904<\/p>\n<p>5<span style=\"white-space: pre;\"> <\/span>LEDESMA, CHRISTIAN <span style=\"white-space: pre;\"> <\/span>CHEVROLET<span style=\"white-space: pre;\"> <\/span>40:11.741<span style=\"white-space: pre;\"> <\/span>4.944<\/p>\n<p>6<span style=\"white-space: pre;\"> <\/span>GIALLOMBARDO, MAURO<span style=\"white-space: pre;\"> <\/span>FORD<span style=\"white-space: pre;\"> <\/span>40:12.372<span style=\"white-space: pre;\"> <\/span>5.575<\/p>\n<p>7<span style=\"white-space: pre;\"> <\/span>SILVA, JUAN MANUEL<span style=\"white-space: pre;\"> <\/span>FORD<span style=\"white-space: pre;\"> <\/span>40:12.811<span style=\"white-space: pre;\"> <\/span>6.014<\/p>\n<p>8<span style=\"white-space: pre;\"> <\/span>URCERA, JOS\u00c9 MANUEL<span style=\"white-space: pre;\"> <\/span>TORINO<span style=\"white-space: pre;\"> <\/span>40:13.221<span style=\"white-space: pre;\"> <\/span>6.424<\/p>\n<p>9<span style=\"white-space: pre;\"> <\/span>ALTUNA, MARIANO <span style=\"white-space: pre;\"> <\/span>CHEVROLET<span style=\"white-space: pre;\"> <\/span>40:14.026<span style=\"white-space: pre;\"> <\/span>7.229<\/p>\n<p>10<span style=\"white-space: pre;\"> <\/span>ECHEVARR\u00cdA, CAMILO<span style=\"white-space: pre;\"> <\/span>TORINO<span style=\"white-space: pre;\"> <\/span>40:15.989<span style=\"white-space: pre;\"> <\/span>9.192<\/p>\n<p>11<span style=\"white-space: pre;\"> <\/span>PONCE DE LE\u00d3N, GABRIEL <span style=\"white-space: pre;\"> <\/span>FORD<span style=\"white-space: pre;\"> <\/span>40:16.608<span style=\"white-space: pre;\"> <\/span>9.811<\/p>\n<p>12<span style=\"white-space: pre;\"> <\/span>SOTRO, LEONEL<span style=\"white-space: pre;\"> <\/span>FORD<span style=\"white-space: pre;\"> <\/span>40:17.095<span style=\"white-space: pre;\"> <\/span>10.298<\/p>\n<p>13<span style=\"white-space: pre;\"> <\/span>SERRANO, MART\u00cdN<span style=\"white-space: pre;\"> <\/span>DODGE<span style=\"white-space: pre;\"> <\/span>40:17.787<span style=\"white-space: pre;\"> <\/span>10.990<\/p>\n<p>14<span style=\"white-space: pre;\"> <\/span>LAMBIRIS, MAURICIO<span style=\"white-space: pre;\"> <\/span>TORINO<span style=\"white-space: pre;\"> <\/span>40:18.203<span style=\"white-space: pre;\"> <\/span>11.406<\/p>\n<p>15<span style=\"white-space: pre;\"> <\/span>DE BENEDICTIS, JUAN BAUTISTA<span style=\"white-space: pre;\"> <\/span>FORD<span style=\"white-space: pre;\"> <\/span>40:18.747<span style=\"white-space: pre;\"> <\/span>11.950<\/p>\n<p>16<span style=\"white-space: pre;\"> <\/span>GENTILE, PEDRO<span style=\"white-space: pre;\"> <\/span>CHEVROLET<span style=\"white-space: pre;\"> <\/span>40:19.491<span style=\"white-space: pre;\"> <\/span>12.694<\/p>\n<p>17<span style=\"white-space: pre;\"> <\/span>DI PALMA, LU\u00cdS JOS\u00c9 (H)<span style=\"white-space: pre;\"> <\/span>TORINO<span style=\"white-space: pre;\"> <\/span>40:19.795<span style=\"white-space: pre;\"> <\/span>12.998<\/p>\n<p>18<span style=\"white-space: pre;\"> <\/span>UGALDE, LIONEL <span style=\"white-space: pre;\"> <\/span>FORD<span style=\"white-space: pre;\"> <\/span>40:20.206<span style=\"white-space: pre;\"> <\/span>13.409<\/p>\n<p>19<span style=\"white-space: pre;\"> <\/span>ANGELINI, JUAN MARCOS<span style=\"white-space: pre;\"> <\/span>DODGE<span style=\"white-space: pre;\"> <\/span>40:21.460<span style=\"white-space: pre;\"> <\/span>14.663<\/p>\n<p>20<span style=\"white-space: pre;\"> <\/span>MORIATIS, EMANUEL <span style=\"white-space: pre;\"> <\/span>FORD<span style=\"white-space: pre;\"> <\/span>40:22.794<span style=\"white-space: pre;\"> <\/span>15.997<\/p>\n<p>21<span style=\"white-space: pre;\"> <\/span>RODR\u00cdGUEZ, MAT\u00cdAS<span style=\"white-space: pre;\"> <\/span>DODGE<span style=\"white-space: pre;\"> <\/span>40:24.052<span style=\"white-space: pre;\"> <\/span>17.255<\/p>\n<p>22<span style=\"white-space: pre;\"> <\/span>PERN\u00cdA, LEONEL<span style=\"white-space: pre;\"> <\/span>CHEVROLET<span style=\"white-space: pre;\"> <\/span>40:24.898<span style=\"white-space: pre;\"> <\/span>18.101<\/p>\n<p>23<span style=\"white-space: pre;\"> <\/span>CASTELLANO, JONATAN <span style=\"white-space: pre;\"> <\/span>DODGE<span style=\"white-space: pre;\"> <\/span>40:25.788<span style=\"white-space: pre;\"> <\/span>18.991<\/p>\n<p>24<span style=\"white-space: pre;\"> <\/span>CAMPANERA, LAUREANO<span style=\"white-space: pre;\"> <\/span>CHEVROLET<span style=\"white-space: pre;\"> <\/span>40:26.546<span style=\"white-space: pre;\"> <\/span>19.749<\/p>\n<p>25<span style=\"white-space: pre;\"> <\/span>NOLESI, MATH\u00cdAS<span style=\"white-space: pre;\"> <\/span>FORD<span style=\"white-space: pre;\"> <\/span>40:26.921<span style=\"white-space: pre;\"> <\/span>20.124<\/p>\n<p>26<span style=\"white-space: pre;\"> <\/span>TRUCCO, JUAN MART\u00cdN<span style=\"white-space: pre;\"> <\/span>DODGE<span style=\"white-space: pre;\"> <\/span>40:27.392<span style=\"white-space: pre;\"> <\/span>20.595<\/p>\n<p>27<span style=\"white-space: pre;\"> <\/span>SAVINO, JOS\u00c9<span style=\"white-space: pre;\"> <\/span>FORD<span style=\"white-space: pre;\"> <\/span>40:28.448<span style=\"white-space: pre;\"> <\/span>21.651<\/p>\n<p>28<span style=\"white-space: pre;\"> <\/span>DOSE, CHRISTIAN<span style=\"white-space: pre;\"> <\/span>CHEVROLET<span style=\"white-space: pre;\"> <\/span>40:29.744<span style=\"white-space: pre;\"> <\/span>22.947<\/p>\n<p>29<span style=\"white-space: pre;\"> <\/span>WERNER, MARIANO <span style=\"white-space: pre;\"> <\/span>FORD<span style=\"white-space: pre;\"> <\/span>40:29.844<span style=\"white-space: pre;\"> <\/span>23.047<\/p>\n<p>30<span style=\"white-space: pre;\"> <\/span>MAZZACANE, GAST\u00d3N<span style=\"white-space: pre;\"> <\/span>CHEVROLET<span style=\"white-space: pre;\"> <\/span>40:39.287<span style=\"white-space: pre;\"> <\/span>32.490<\/p>\n<p>31<span style=\"white-space: pre;\"> <\/span>JALAF, MAT\u00cdAS<span style=\"white-space: pre;\"> <\/span>FORD<span style=\"white-space: pre;\"> <\/span>40:40.584<span style=\"white-space: pre;\"> <\/span>33.787<\/p>\n<p>32<span style=\"white-space: pre;\"> <\/span>DE CARLO, DIEGO<span style=\"white-space: pre;\"> <\/span>CHEVROLET<span style=\"white-space: pre;\"> <\/span>40:42.715<span style=\"white-space: pre;\"> <\/span>35.918<\/p>\n<p>33<span style=\"white-space: pre;\"> <\/span>ORTELLI, GUILLERMO<span style=\"white-space: pre;\"> <\/span>CHEVROLET<span style=\"white-space: pre;\"> <\/span>40:49.191<span style=\"white-space: pre;\"> <\/span>42.394<\/p>\n<p>34<span style=\"white-space: pre;\"> <\/span>BONELLI, NICOL\u00c1S<span style=\"white-space: pre;\"> <\/span>FORD<span style=\"white-space: pre;\"> <\/span>40:14.023<\/p>\n","protected":false},"excerpt":{"rendered":"<p>Facundo Ardusso aprovech\u00f3 su momento en la final de TC y asi pudo llevarse la primera victoria para Dodge y<\/p>\n","protected":false},"author":1,"featured_media":0,"comment_status":"open","ping_status":"open","sticky":false,"template":"","format":"standard","meta":{"colormag_page_container_layout":"default_layout","colormag_page_sidebar_layout":"default_layout","footnotes":""},"categories":[5],"tags":[],"class_list":["post-1190","post","type-post","status-publish","format-standard","hentry","category-latest-news"],"yoast_head":"<!-- This site is optimized with the Yoast SEO plugin v27.5 - https:\/\/yoast.com\/product\/yoast-seo-wordpress\/ -->\n<title>Autos del Podio | Tiempista y oportunista<\/title>\n<meta name=\"description\" content=\"Autos del Podio\" \/>\n<meta name=\"robots\" content=\"index, follow, max-snippet:-1, max-image-preview:large, max-video-preview:-1\" \/>\n<link rel=\"canonical\" href=\"http:\/\/autosdelpodio.com\/autos\/tiempista-y-oportunista\/\" \/>\n<meta property=\"og:locale\" content=\"es_ES\" \/>\n<meta property=\"og:type\" content=\"article\" \/>\n<meta property=\"og:title\" content=\"Autos del Podio | Tiempista y oportunista\" \/>\n<meta property=\"og:description\" content=\"Autos del Podio\" \/>\n<meta property=\"og:url\" content=\"http:\/\/autosdelpodio.com\/autos\/tiempista-y-oportunista\/\" \/>\n<meta property=\"og:site_name\" content=\"Autos del Podio\" \/>\n<meta property=\"article:publisher\" content=\"https:\/\/www.facebook.com\/profile.php?id=100057192590976&amp;amp%3bamp%3bamp%3bamp%3bamp%3bamp%3bamp%3bamp%3bamp%3bamp%3bamp%3bamp%3bamp%3bamp%3bamp%3bamp%3bamp%3bamp%3bref=ts\" \/>\n<meta property=\"article:published_time\" content=\"2015-05-10T18:12:53+00:00\" \/>\n<meta name=\"author\" content=\"wi022230\" \/>\n<meta name=\"twitter:card\" content=\"summary_large_image\" \/>\n<meta name=\"twitter:creator\" content=\"@autosdelpodio\" \/>\n<meta name=\"twitter:site\" content=\"@autosdelpodio\" \/>\n<meta name=\"twitter:label1\" content=\"Escrito por\" \/>\n\t<meta name=\"twitter:data1\" content=\"wi022230\" \/>\n\t<meta name=\"twitter:label2\" content=\"Tiempo de lectura\" \/>\n\t<meta name=\"twitter:data2\" content=\"1 minuto\" \/>\n<script type=\"application\/ld+json\" class=\"yoast-schema-graph\">{\"@context\":\"https:\\\/\\\/schema.org\",\"@graph\":[{\"@type\":\"Article\",\"@id\":\"http:\\\/\\\/autosdelpodio.com\\\/autos\\\/tiempista-y-oportunista\\\/#article\",\"isPartOf\":{\"@id\":\"http:\\\/\\\/autosdelpodio.com\\\/autos\\\/tiempista-y-oportunista\\\/\"},\"author\":{\"name\":\"wi022230\",\"@id\":\"http:\\\/\\\/autosdelpodio.com\\\/autos\\\/#\\\/schema\\\/person\\\/e88353cabf768863fdf874e30120f3ba\"},\"headline\":\"Tiempista y oportunista\",\"datePublished\":\"2015-05-10T18:12:53+00:00\",\"mainEntityOfPage\":{\"@id\":\"http:\\\/\\\/autosdelpodio.com\\\/autos\\\/tiempista-y-oportunista\\\/\"},\"wordCount\":260,\"commentCount\":0,\"publisher\":{\"@id\":\"http:\\\/\\\/autosdelpodio.com\\\/autos\\\/#organization\"},\"articleSection\":[\"\u00daltimas noticias\"],\"inLanguage\":\"es\",\"potentialAction\":[{\"@type\":\"CommentAction\",\"name\":\"Comment\",\"target\":[\"http:\\\/\\\/autosdelpodio.com\\\/autos\\\/tiempista-y-oportunista\\\/#respond\"]}]},{\"@type\":\"WebPage\",\"@id\":\"http:\\\/\\\/autosdelpodio.com\\\/autos\\\/tiempista-y-oportunista\\\/\",\"url\":\"http:\\\/\\\/autosdelpodio.com\\\/autos\\\/tiempista-y-oportunista\\\/\",\"name\":\"Autos del Podio | Tiempista y oportunista\",\"isPartOf\":{\"@id\":\"http:\\\/\\\/autosdelpodio.com\\\/autos\\\/#website\"},\"datePublished\":\"2015-05-10T18:12:53+00:00\",\"description\":\"Autos del Podio\",\"breadcrumb\":{\"@id\":\"http:\\\/\\\/autosdelpodio.com\\\/autos\\\/tiempista-y-oportunista\\\/#breadcrumb\"},\"inLanguage\":\"es\",\"potentialAction\":[{\"@type\":\"ReadAction\",\"target\":[\"http:\\\/\\\/autosdelpodio.com\\\/autos\\\/tiempista-y-oportunista\\\/\"]}]},{\"@type\":\"BreadcrumbList\",\"@id\":\"http:\\\/\\\/autosdelpodio.com\\\/autos\\\/tiempista-y-oportunista\\\/#breadcrumb\",\"itemListElement\":[{\"@type\":\"ListItem\",\"position\":1,\"name\":\"Portada\",\"item\":\"http:\\\/\\\/autosdelpodio.com\\\/autos\\\/\"},{\"@type\":\"ListItem\",\"position\":2,\"name\":\"Tiempista y oportunista\"}]},{\"@type\":\"WebSite\",\"@id\":\"http:\\\/\\\/autosdelpodio.com\\\/autos\\\/#website\",\"url\":\"http:\\\/\\\/autosdelpodio.com\\\/autos\\\/\",\"name\":\"Autos del Podio\",\"description\":\"La sexta del deporte motor\",\"publisher\":{\"@id\":\"http:\\\/\\\/autosdelpodio.com\\\/autos\\\/#organization\"},\"potentialAction\":[{\"@type\":\"SearchAction\",\"target\":{\"@type\":\"EntryPoint\",\"urlTemplate\":\"http:\\\/\\\/autosdelpodio.com\\\/autos\\\/?s={search_term_string}\"},\"query-input\":{\"@type\":\"PropertyValueSpecification\",\"valueRequired\":true,\"valueName\":\"search_term_string\"}}],\"inLanguage\":\"es\"},{\"@type\":\"Organization\",\"@id\":\"http:\\\/\\\/autosdelpodio.com\\\/autos\\\/#organization\",\"name\":\"Autos del Podio\",\"url\":\"http:\\\/\\\/autosdelpodio.com\\\/autos\\\/\",\"logo\":{\"@type\":\"ImageObject\",\"inLanguage\":\"es\",\"@id\":\"http:\\\/\\\/autosdelpodio.com\\\/autos\\\/#\\\/schema\\\/logo\\\/image\\\/\",\"url\":\"http:\\\/\\\/autosdelpodio.com\\\/autos\\\/wp-content\\\/uploads\\\/2020\\\/08\\\/Logo_AR.jpg\",\"contentUrl\":\"http:\\\/\\\/autosdelpodio.com\\\/autos\\\/wp-content\\\/uploads\\\/2020\\\/08\\\/Logo_AR.jpg\",\"width\":1038,\"height\":1044,\"caption\":\"Autos del Podio\"},\"image\":{\"@id\":\"http:\\\/\\\/autosdelpodio.com\\\/autos\\\/#\\\/schema\\\/logo\\\/image\\\/\"},\"sameAs\":[\"https:\\\/\\\/www.facebook.com\\\/profile.php?id=100057192590976&amp;amp;amp;amp;amp;amp;amp;amp;amp;amp;amp;amp;amp;amp;amp;amp;amp;amp;ref=ts\",\"https:\\\/\\\/x.com\\\/autosdelpodio\",\"https:\\\/\\\/www.youtube.com\\\/user\\\/AutosdelPodio\"]},{\"@type\":\"Person\",\"@id\":\"http:\\\/\\\/autosdelpodio.com\\\/autos\\\/#\\\/schema\\\/person\\\/e88353cabf768863fdf874e30120f3ba\",\"name\":\"wi022230\",\"image\":{\"@type\":\"ImageObject\",\"inLanguage\":\"es\",\"@id\":\"http:\\\/\\\/autosdelpodio.com\\\/autos\\\/wp-content\\\/litespeed\\\/avatar\\\/453fc9bdbb11d766ba4c7f14d0bd0aa9.jpg?ver=1777404874\",\"url\":\"http:\\\/\\\/autosdelpodio.com\\\/autos\\\/wp-content\\\/litespeed\\\/avatar\\\/453fc9bdbb11d766ba4c7f14d0bd0aa9.jpg?ver=1777404874\",\"contentUrl\":\"http:\\\/\\\/autosdelpodio.com\\\/autos\\\/wp-content\\\/litespeed\\\/avatar\\\/453fc9bdbb11d766ba4c7f14d0bd0aa9.jpg?ver=1777404874\",\"caption\":\"wi022230\"}}]}<\/script>\n<!-- \/ Yoast SEO plugin. -->","yoast_head_json":{"title":"Autos del Podio | Tiempista y oportunista","description":"Autos del Podio","robots":{"index":"index","follow":"follow","max-snippet":"max-snippet:-1","max-image-preview":"max-image-preview:large","max-video-preview":"max-video-preview:-1"},"canonical":"http:\/\/autosdelpodio.com\/autos\/tiempista-y-oportunista\/","og_locale":"es_ES","og_type":"article","og_title":"Autos del Podio | Tiempista y oportunista","og_description":"Autos del Podio","og_url":"http:\/\/autosdelpodio.com\/autos\/tiempista-y-oportunista\/","og_site_name":"Autos del Podio","article_publisher":"https:\/\/www.facebook.com\/profile.php?id=100057192590976&amp%3bamp%3bamp%3bamp%3bamp%3bamp%3bamp%3bamp%3bamp%3bamp%3bamp%3bamp%3bamp%3bamp%3bamp%3bamp%3bamp%3bamp%3bref=ts","article_published_time":"2015-05-10T18:12:53+00:00","author":"wi022230","twitter_card":"summary_large_image","twitter_creator":"@autosdelpodio","twitter_site":"@autosdelpodio","twitter_misc":{"Escrito por":"wi022230","Tiempo de lectura":"1 minuto"},"schema":{"@context":"https:\/\/schema.org","@graph":[{"@type":"Article","@id":"http:\/\/autosdelpodio.com\/autos\/tiempista-y-oportunista\/#article","isPartOf":{"@id":"http:\/\/autosdelpodio.com\/autos\/tiempista-y-oportunista\/"},"author":{"name":"wi022230","@id":"http:\/\/autosdelpodio.com\/autos\/#\/schema\/person\/e88353cabf768863fdf874e30120f3ba"},"headline":"Tiempista y oportunista","datePublished":"2015-05-10T18:12:53+00:00","mainEntityOfPage":{"@id":"http:\/\/autosdelpodio.com\/autos\/tiempista-y-oportunista\/"},"wordCount":260,"commentCount":0,"publisher":{"@id":"http:\/\/autosdelpodio.com\/autos\/#organization"},"articleSection":["\u00daltimas noticias"],"inLanguage":"es","potentialAction":[{"@type":"CommentAction","name":"Comment","target":["http:\/\/autosdelpodio.com\/autos\/tiempista-y-oportunista\/#respond"]}]},{"@type":"WebPage","@id":"http:\/\/autosdelpodio.com\/autos\/tiempista-y-oportunista\/","url":"http:\/\/autosdelpodio.com\/autos\/tiempista-y-oportunista\/","name":"Autos del Podio | Tiempista y oportunista","isPartOf":{"@id":"http:\/\/autosdelpodio.com\/autos\/#website"},"datePublished":"2015-05-10T18:12:53+00:00","description":"Autos del Podio","breadcrumb":{"@id":"http:\/\/autosdelpodio.com\/autos\/tiempista-y-oportunista\/#breadcrumb"},"inLanguage":"es","potentialAction":[{"@type":"ReadAction","target":["http:\/\/autosdelpodio.com\/autos\/tiempista-y-oportunista\/"]}]},{"@type":"BreadcrumbList","@id":"http:\/\/autosdelpodio.com\/autos\/tiempista-y-oportunista\/#breadcrumb","itemListElement":[{"@type":"ListItem","position":1,"name":"Portada","item":"http:\/\/autosdelpodio.com\/autos\/"},{"@type":"ListItem","position":2,"name":"Tiempista y oportunista"}]},{"@type":"WebSite","@id":"http:\/\/autosdelpodio.com\/autos\/#website","url":"http:\/\/autosdelpodio.com\/autos\/","name":"Autos del Podio","description":"La sexta del deporte motor","publisher":{"@id":"http:\/\/autosdelpodio.com\/autos\/#organization"},"potentialAction":[{"@type":"SearchAction","target":{"@type":"EntryPoint","urlTemplate":"http:\/\/autosdelpodio.com\/autos\/?s={search_term_string}"},"query-input":{"@type":"PropertyValueSpecification","valueRequired":true,"valueName":"search_term_string"}}],"inLanguage":"es"},{"@type":"Organization","@id":"http:\/\/autosdelpodio.com\/autos\/#organization","name":"Autos del Podio","url":"http:\/\/autosdelpodio.com\/autos\/","logo":{"@type":"ImageObject","inLanguage":"es","@id":"http:\/\/autosdelpodio.com\/autos\/#\/schema\/logo\/image\/","url":"http:\/\/autosdelpodio.com\/autos\/wp-content\/uploads\/2020\/08\/Logo_AR.jpg","contentUrl":"http:\/\/autosdelpodio.com\/autos\/wp-content\/uploads\/2020\/08\/Logo_AR.jpg","width":1038,"height":1044,"caption":"Autos del Podio"},"image":{"@id":"http:\/\/autosdelpodio.com\/autos\/#\/schema\/logo\/image\/"},"sameAs":["https:\/\/www.facebook.com\/profile.php?id=100057192590976&amp;amp;amp;amp;amp;amp;amp;amp;amp;amp;amp;amp;amp;amp;amp;amp;amp;amp;ref=ts","https:\/\/x.com\/autosdelpodio","https:\/\/www.youtube.com\/user\/AutosdelPodio"]},{"@type":"Person","@id":"http:\/\/autosdelpodio.com\/autos\/#\/schema\/person\/e88353cabf768863fdf874e30120f3ba","name":"wi022230","image":{"@type":"ImageObject","inLanguage":"es","@id":"http:\/\/autosdelpodio.com\/autos\/wp-content\/litespeed\/avatar\/453fc9bdbb11d766ba4c7f14d0bd0aa9.jpg?ver=1777404874","url":"http:\/\/autosdelpodio.com\/autos\/wp-content\/litespeed\/avatar\/453fc9bdbb11d766ba4c7f14d0bd0aa9.jpg?ver=1777404874","contentUrl":"http:\/\/autosdelpodio.com\/autos\/wp-content\/litespeed\/avatar\/453fc9bdbb11d766ba4c7f14d0bd0aa9.jpg?ver=1777404874","caption":"wi022230"}}]}},"views":857,"_links":{"self":[{"href":"http:\/\/autosdelpodio.com\/autos\/wp-json\/wp\/v2\/posts\/1190","targetHints":{"allow":["GET"]}}],"collection":[{"href":"http:\/\/autosdelpodio.com\/autos\/wp-json\/wp\/v2\/posts"}],"about":[{"href":"http:\/\/autosdelpodio.com\/autos\/wp-json\/wp\/v2\/types\/post"}],"author":[{"embeddable":true,"href":"http:\/\/autosdelpodio.com\/autos\/wp-json\/wp\/v2\/users\/1"}],"replies":[{"embeddable":true,"href":"http:\/\/autosdelpodio.com\/autos\/wp-json\/wp\/v2\/comments?post=1190"}],"version-history":[{"count":0,"href":"http:\/\/autosdelpodio.com\/autos\/wp-json\/wp\/v2\/posts\/1190\/revisions"}],"wp:attachment":[{"href":"http:\/\/autosdelpodio.com\/autos\/wp-json\/wp\/v2\/media?parent=1190"}],"wp:term":[{"taxonomy":"category","embeddable":true,"href":"http:\/\/autosdelpodio.com\/autos\/wp-json\/wp\/v2\/categories?post=1190"},{"taxonomy":"post_tag","embeddable":true,"href":"http:\/\/autosdelpodio.com\/autos\/wp-json\/wp\/v2\/tags?post=1190"}],"curies":[{"name":"wp","href":"https:\/\/api.w.org\/{rel}","templated":true}]}}