{"id":1209,"date":"2015-06-11T23:47:47","date_gmt":"2015-06-11T23:47:47","guid":{"rendered":"http:\/\/autosdelpodio.com\/autos\/2015\/06\/11\/fecha-y-recorrido-del-xii-gran-premio-argentino-historico\/"},"modified":"2015-06-11T23:47:47","modified_gmt":"2015-06-11T23:47:47","slug":"fecha-y-recorrido-del-xii-gran-premio-argentino-historico","status":"publish","type":"post","link":"http:\/\/autosdelpodio.com\/autos\/fecha-y-recorrido-del-xii-gran-premio-argentino-historico\/","title":{"rendered":"Fecha y recorrido del XII Gran Premio Argentino Hist\u00f3rico"},"content":{"rendered":"<\/p>\n<p style=\"text-align: justify;\">El XIII Gran Premio Argentino Hist\u00f3rico que se llevar\u00e1 a cabo del 26 de septiembre al 3 de octubre \u00a0tendr\u00e1 un recorrido aproximado de 3.500 kil\u00f3metros \u00a0de acuerdo al siguiente cronograma:<\/p>\n<p>\u2022<span style=\"white-space: pre;\"> <\/span>26 de septiembre 18 hs. \u00a0Largada simb\u00f3lica desde la Sede Central del Autom\u00f3vil Club Argentino<\/p>\n<p>\u2022<span style=\"white-space: pre;\"> <\/span>27 de septiembre \u00a01\u00b0 Etapa : Baradero (Buenos Aires) \u2013 Villa Carlos Paz (C\u00f3rdoba) (750 kms.)<\/p>\n<p>\u2022<span style=\"white-space: pre;\"> <\/span>28 de septiembre \u00a02\u00ba Etapa: Villa Carlos Paz (C\u00f3rdoba) \u2013 Villa de Merlo (San Luis) (401 kms.)<\/p>\n<p>\u2022<span style=\"white-space: pre;\"> <\/span>29 de septiembre \u00a03\u00ba Etapa: Villa de Merlo (San Luis) \u2013 San Juan (615 kms.)<\/p>\n<p>\u2022<span style=\"white-space: pre;\"> <\/span>30 de septiembre \u00a0Descanso en San Juan<\/p>\n<p>\u2022<span style=\"white-space: pre;\"> <\/span>1 de octubre \u00a04\u00ba Etapa: San Juan \u2013 San Rafael (Mendoza) (616 kms.)<\/p>\n<p>\u2022<span style=\"white-space: pre;\"> <\/span>2 de octubre \u00a05\u00ba Etapa: San Rafael (Mendoza) \u2013 R\u00edo Cuarto (C\u00f3rdoba) (498 kms.)<\/p>\n<p>\u2022<span style=\"white-space: pre;\"> <\/span>3 de octubre \u00a06\u00ba Etapa: R\u00edo Cuarto (C\u00f3rdoba) \u2013 Baradero (Buenos Aires) (655 kms.)<\/p>\n<p>\u2022<span style=\"white-space: pre;\"> <\/span>Entrega oficial de premios. (A definir)<\/p>\n<p style=\"text-align: justify;\">Al igual que en las \u00faltimas tres ediciones, para los que retornen a la \u00a0Ciudad de Buenos Aires se dispondr\u00e1 un regreso controlado con los mismos veh\u00edculos de \u00a0la organizaci\u00f3n, \u00a0rescate y sanitarios que se desempe\u00f1aron durante todo el recorrido.<\/p>\n<p style=\"text-align: justify;\">La Federaci\u00f3n Internacional del Autom\u00f3vil ha confirmado al Autom\u00f3vil Club Argentino que la decimo tercera edici\u00f3n del Gran Premio Argentino Hist\u00f3rico ha sido incorporada como evento dentro de los calendarios de la misma.<\/p>\n<p style=\"text-align: justify;\"><strong><em> INSCRIPCIONES<\/em><\/strong><\/p>\n<p style=\"text-align: justify;\">Se ha determinado un cupo de 325 autos y al igual que el a\u00f1o pasado, los participantes deber\u00e1n realizar obligatoriamente una preinscripci\u00f3n v\u00eda Internet, para lo cual resultar\u00e1 imprescindible \u00a0tener el veh\u00edculo homologado (carn\u00e9 GPA) y completar la ficha de la misma en su totalidad. En caso contrario no se tomar\u00e1 como v\u00e1lida la misma.<\/p>\n<p style=\"text-align: justify;\">La conferencia de prensa de lanzamiento del XIII Gran Premio Argentino Hist\u00f3rico se llevar\u00e1 a cabo el 25 de junio a las 18,30 hs. en la Sede Central del Autom\u00f3vil Club Argentino.<\/p>\n<p style=\"text-align: justify;\">Comit\u00e9 Organizador<\/p>\n<p style=\"text-align: justify;\">\u00a0<\/p>\n","protected":false},"excerpt":{"rendered":"<p>El XIII Gran Premio Argentino Hist\u00f3rico que se llevar\u00e1 a cabo del 26 de septiembre al 3 de octubre \u00a0tendr\u00e1<\/p>\n","protected":false},"author":1,"featured_media":428,"comment_status":"open","ping_status":"open","sticky":false,"template":"","format":"standard","meta":{"colormag_page_container_layout":"default_layout","colormag_page_sidebar_layout":"default_layout","footnotes":""},"categories":[5],"tags":[],"class_list":["post-1209","post","type-post","status-publish","format-standard","has-post-thumbnail","hentry","category-latest-news"],"yoast_head":"<!-- This site is optimized with the Yoast SEO plugin v27.5 - https:\/\/yoast.com\/product\/yoast-seo-wordpress\/ -->\n<title>Autos del Podio | Fecha y recorrido del XII Gran Premio Argentino Hist\u00f3rico<\/title>\n<meta name=\"description\" content=\"Autos del Podio\" \/>\n<meta name=\"robots\" content=\"index, follow, max-snippet:-1, max-image-preview:large, max-video-preview:-1\" \/>\n<link rel=\"canonical\" href=\"http:\/\/autosdelpodio.com\/autos\/fecha-y-recorrido-del-xii-gran-premio-argentino-historico\/\" \/>\n<meta property=\"og:locale\" content=\"es_ES\" \/>\n<meta property=\"og:type\" content=\"article\" \/>\n<meta property=\"og:title\" content=\"Autos del Podio | Fecha y recorrido del XII Gran Premio Argentino Hist\u00f3rico\" \/>\n<meta property=\"og:description\" content=\"Autos del Podio\" \/>\n<meta property=\"og:url\" content=\"http:\/\/autosdelpodio.com\/autos\/fecha-y-recorrido-del-xii-gran-premio-argentino-historico\/\" \/>\n<meta property=\"og:site_name\" content=\"Autos del Podio\" \/>\n<meta property=\"article:publisher\" content=\"https:\/\/www.facebook.com\/profile.php?id=100057192590976&amp;amp%3bamp%3bamp%3bamp%3bamp%3bamp%3bamp%3bamp%3bamp%3bamp%3bamp%3bamp%3bamp%3bamp%3bamp%3bamp%3bamp%3bamp%3bref=ts\" \/>\n<meta property=\"article:published_time\" content=\"2015-06-11T23:47:47+00:00\" \/>\n<meta property=\"og:image\" content=\"http:\/\/autosdelpodio.com\/autos\/wp-content\/uploads\/2012\/05\/x-gran-premio-argentino-histrico-2012-e1658183945616.jpg\" \/>\n\t<meta property=\"og:image:width\" content=\"500\" \/>\n\t<meta property=\"og:image:height\" content=\"207\" \/>\n\t<meta property=\"og:image:type\" content=\"image\/jpeg\" \/>\n<meta name=\"author\" content=\"wi022230\" \/>\n<meta name=\"twitter:card\" content=\"summary_large_image\" \/>\n<meta name=\"twitter:creator\" content=\"@autosdelpodio\" \/>\n<meta name=\"twitter:site\" content=\"@autosdelpodio\" \/>\n<meta name=\"twitter:label1\" content=\"Escrito por\" \/>\n\t<meta name=\"twitter:data1\" content=\"wi022230\" \/>\n\t<meta name=\"twitter:label2\" content=\"Tiempo de lectura\" \/>\n\t<meta name=\"twitter:data2\" content=\"2 minutos\" \/>\n<script type=\"application\/ld+json\" class=\"yoast-schema-graph\">{\"@context\":\"https:\\\/\\\/schema.org\",\"@graph\":[{\"@type\":\"Article\",\"@id\":\"http:\\\/\\\/autosdelpodio.com\\\/autos\\\/fecha-y-recorrido-del-xii-gran-premio-argentino-historico\\\/#article\",\"isPartOf\":{\"@id\":\"http:\\\/\\\/autosdelpodio.com\\\/autos\\\/fecha-y-recorrido-del-xii-gran-premio-argentino-historico\\\/\"},\"author\":{\"name\":\"wi022230\",\"@id\":\"http:\\\/\\\/autosdelpodio.com\\\/autos\\\/#\\\/schema\\\/person\\\/e88353cabf768863fdf874e30120f3ba\"},\"headline\":\"Fecha y recorrido del XII Gran Premio Argentino Hist\u00f3rico\",\"datePublished\":\"2015-06-11T23:47:47+00:00\",\"mainEntityOfPage\":{\"@id\":\"http:\\\/\\\/autosdelpodio.com\\\/autos\\\/fecha-y-recorrido-del-xii-gran-premio-argentino-historico\\\/\"},\"wordCount\":313,\"commentCount\":0,\"publisher\":{\"@id\":\"http:\\\/\\\/autosdelpodio.com\\\/autos\\\/#organization\"},\"image\":{\"@id\":\"http:\\\/\\\/autosdelpodio.com\\\/autos\\\/fecha-y-recorrido-del-xii-gran-premio-argentino-historico\\\/#primaryimage\"},\"thumbnailUrl\":\"http:\\\/\\\/autosdelpodio.com\\\/autos\\\/wp-content\\\/uploads\\\/2012\\\/05\\\/x-gran-premio-argentino-histrico-2012-e1658183945616.jpg\",\"articleSection\":[\"\u00daltimas noticias\"],\"inLanguage\":\"es\",\"potentialAction\":[{\"@type\":\"CommentAction\",\"name\":\"Comment\",\"target\":[\"http:\\\/\\\/autosdelpodio.com\\\/autos\\\/fecha-y-recorrido-del-xii-gran-premio-argentino-historico\\\/#respond\"]}]},{\"@type\":\"WebPage\",\"@id\":\"http:\\\/\\\/autosdelpodio.com\\\/autos\\\/fecha-y-recorrido-del-xii-gran-premio-argentino-historico\\\/\",\"url\":\"http:\\\/\\\/autosdelpodio.com\\\/autos\\\/fecha-y-recorrido-del-xii-gran-premio-argentino-historico\\\/\",\"name\":\"Autos del Podio | Fecha y recorrido del XII Gran Premio Argentino Hist\u00f3rico\",\"isPartOf\":{\"@id\":\"http:\\\/\\\/autosdelpodio.com\\\/autos\\\/#website\"},\"primaryImageOfPage\":{\"@id\":\"http:\\\/\\\/autosdelpodio.com\\\/autos\\\/fecha-y-recorrido-del-xii-gran-premio-argentino-historico\\\/#primaryimage\"},\"image\":{\"@id\":\"http:\\\/\\\/autosdelpodio.com\\\/autos\\\/fecha-y-recorrido-del-xii-gran-premio-argentino-historico\\\/#primaryimage\"},\"thumbnailUrl\":\"http:\\\/\\\/autosdelpodio.com\\\/autos\\\/wp-content\\\/uploads\\\/2012\\\/05\\\/x-gran-premio-argentino-histrico-2012-e1658183945616.jpg\",\"datePublished\":\"2015-06-11T23:47:47+00:00\",\"description\":\"Autos del Podio\",\"breadcrumb\":{\"@id\":\"http:\\\/\\\/autosdelpodio.com\\\/autos\\\/fecha-y-recorrido-del-xii-gran-premio-argentino-historico\\\/#breadcrumb\"},\"inLanguage\":\"es\",\"potentialAction\":[{\"@type\":\"ReadAction\",\"target\":[\"http:\\\/\\\/autosdelpodio.com\\\/autos\\\/fecha-y-recorrido-del-xii-gran-premio-argentino-historico\\\/\"]}]},{\"@type\":\"ImageObject\",\"inLanguage\":\"es\",\"@id\":\"http:\\\/\\\/autosdelpodio.com\\\/autos\\\/fecha-y-recorrido-del-xii-gran-premio-argentino-historico\\\/#primaryimage\",\"url\":\"http:\\\/\\\/autosdelpodio.com\\\/autos\\\/wp-content\\\/uploads\\\/2012\\\/05\\\/x-gran-premio-argentino-histrico-2012-e1658183945616.jpg\",\"contentUrl\":\"http:\\\/\\\/autosdelpodio.com\\\/autos\\\/wp-content\\\/uploads\\\/2012\\\/05\\\/x-gran-premio-argentino-histrico-2012-e1658183945616.jpg\",\"width\":500,\"height\":207},{\"@type\":\"BreadcrumbList\",\"@id\":\"http:\\\/\\\/autosdelpodio.com\\\/autos\\\/fecha-y-recorrido-del-xii-gran-premio-argentino-historico\\\/#breadcrumb\",\"itemListElement\":[{\"@type\":\"ListItem\",\"position\":1,\"name\":\"Portada\",\"item\":\"http:\\\/\\\/autosdelpodio.com\\\/autos\\\/\"},{\"@type\":\"ListItem\",\"position\":2,\"name\":\"Fecha y recorrido del XII Gran Premio Argentino Hist\u00f3rico\"}]},{\"@type\":\"WebSite\",\"@id\":\"http:\\\/\\\/autosdelpodio.com\\\/autos\\\/#website\",\"url\":\"http:\\\/\\\/autosdelpodio.com\\\/autos\\\/\",\"name\":\"Autos del Podio\",\"description\":\"La sexta del deporte motor\",\"publisher\":{\"@id\":\"http:\\\/\\\/autosdelpodio.com\\\/autos\\\/#organization\"},\"potentialAction\":[{\"@type\":\"SearchAction\",\"target\":{\"@type\":\"EntryPoint\",\"urlTemplate\":\"http:\\\/\\\/autosdelpodio.com\\\/autos\\\/?s={search_term_string}\"},\"query-input\":{\"@type\":\"PropertyValueSpecification\",\"valueRequired\":true,\"valueName\":\"search_term_string\"}}],\"inLanguage\":\"es\"},{\"@type\":\"Organization\",\"@id\":\"http:\\\/\\\/autosdelpodio.com\\\/autos\\\/#organization\",\"name\":\"Autos del Podio\",\"url\":\"http:\\\/\\\/autosdelpodio.com\\\/autos\\\/\",\"logo\":{\"@type\":\"ImageObject\",\"inLanguage\":\"es\",\"@id\":\"http:\\\/\\\/autosdelpodio.com\\\/autos\\\/#\\\/schema\\\/logo\\\/image\\\/\",\"url\":\"http:\\\/\\\/autosdelpodio.com\\\/autos\\\/wp-content\\\/uploads\\\/2020\\\/08\\\/Logo_AR.jpg\",\"contentUrl\":\"http:\\\/\\\/autosdelpodio.com\\\/autos\\\/wp-content\\\/uploads\\\/2020\\\/08\\\/Logo_AR.jpg\",\"width\":1038,\"height\":1044,\"caption\":\"Autos del Podio\"},\"image\":{\"@id\":\"http:\\\/\\\/autosdelpodio.com\\\/autos\\\/#\\\/schema\\\/logo\\\/image\\\/\"},\"sameAs\":[\"https:\\\/\\\/www.facebook.com\\\/profile.php?id=100057192590976&amp;amp;amp;amp;amp;amp;amp;amp;amp;amp;amp;amp;amp;amp;amp;amp;amp;amp;ref=ts\",\"https:\\\/\\\/x.com\\\/autosdelpodio\",\"https:\\\/\\\/www.youtube.com\\\/user\\\/AutosdelPodio\"]},{\"@type\":\"Person\",\"@id\":\"http:\\\/\\\/autosdelpodio.com\\\/autos\\\/#\\\/schema\\\/person\\\/e88353cabf768863fdf874e30120f3ba\",\"name\":\"wi022230\",\"image\":{\"@type\":\"ImageObject\",\"inLanguage\":\"es\",\"@id\":\"http:\\\/\\\/autosdelpodio.com\\\/autos\\\/wp-content\\\/litespeed\\\/avatar\\\/453fc9bdbb11d766ba4c7f14d0bd0aa9.jpg?ver=1777404874\",\"url\":\"http:\\\/\\\/autosdelpodio.com\\\/autos\\\/wp-content\\\/litespeed\\\/avatar\\\/453fc9bdbb11d766ba4c7f14d0bd0aa9.jpg?ver=1777404874\",\"contentUrl\":\"http:\\\/\\\/autosdelpodio.com\\\/autos\\\/wp-content\\\/litespeed\\\/avatar\\\/453fc9bdbb11d766ba4c7f14d0bd0aa9.jpg?ver=1777404874\",\"caption\":\"wi022230\"}}]}<\/script>\n<!-- \/ Yoast SEO plugin. -->","yoast_head_json":{"title":"Autos del Podio | Fecha y recorrido del XII Gran Premio Argentino Hist\u00f3rico","description":"Autos del Podio","robots":{"index":"index","follow":"follow","max-snippet":"max-snippet:-1","max-image-preview":"max-image-preview:large","max-video-preview":"max-video-preview:-1"},"canonical":"http:\/\/autosdelpodio.com\/autos\/fecha-y-recorrido-del-xii-gran-premio-argentino-historico\/","og_locale":"es_ES","og_type":"article","og_title":"Autos del Podio | Fecha y recorrido del XII Gran Premio Argentino Hist\u00f3rico","og_description":"Autos del Podio","og_url":"http:\/\/autosdelpodio.com\/autos\/fecha-y-recorrido-del-xii-gran-premio-argentino-historico\/","og_site_name":"Autos del Podio","article_publisher":"https:\/\/www.facebook.com\/profile.php?id=100057192590976&amp%3bamp%3bamp%3bamp%3bamp%3bamp%3bamp%3bamp%3bamp%3bamp%3bamp%3bamp%3bamp%3bamp%3bamp%3bamp%3bamp%3bamp%3bref=ts","article_published_time":"2015-06-11T23:47:47+00:00","og_image":[{"width":500,"height":207,"url":"http:\/\/autosdelpodio.com\/autos\/wp-content\/uploads\/2012\/05\/x-gran-premio-argentino-histrico-2012-e1658183945616.jpg","type":"image\/jpeg"}],"author":"wi022230","twitter_card":"summary_large_image","twitter_creator":"@autosdelpodio","twitter_site":"@autosdelpodio","twitter_misc":{"Escrito por":"wi022230","Tiempo de lectura":"2 minutos"},"schema":{"@context":"https:\/\/schema.org","@graph":[{"@type":"Article","@id":"http:\/\/autosdelpodio.com\/autos\/fecha-y-recorrido-del-xii-gran-premio-argentino-historico\/#article","isPartOf":{"@id":"http:\/\/autosdelpodio.com\/autos\/fecha-y-recorrido-del-xii-gran-premio-argentino-historico\/"},"author":{"name":"wi022230","@id":"http:\/\/autosdelpodio.com\/autos\/#\/schema\/person\/e88353cabf768863fdf874e30120f3ba"},"headline":"Fecha y recorrido del XII Gran Premio Argentino Hist\u00f3rico","datePublished":"2015-06-11T23:47:47+00:00","mainEntityOfPage":{"@id":"http:\/\/autosdelpodio.com\/autos\/fecha-y-recorrido-del-xii-gran-premio-argentino-historico\/"},"wordCount":313,"commentCount":0,"publisher":{"@id":"http:\/\/autosdelpodio.com\/autos\/#organization"},"image":{"@id":"http:\/\/autosdelpodio.com\/autos\/fecha-y-recorrido-del-xii-gran-premio-argentino-historico\/#primaryimage"},"thumbnailUrl":"http:\/\/autosdelpodio.com\/autos\/wp-content\/uploads\/2012\/05\/x-gran-premio-argentino-histrico-2012-e1658183945616.jpg","articleSection":["\u00daltimas noticias"],"inLanguage":"es","potentialAction":[{"@type":"CommentAction","name":"Comment","target":["http:\/\/autosdelpodio.com\/autos\/fecha-y-recorrido-del-xii-gran-premio-argentino-historico\/#respond"]}]},{"@type":"WebPage","@id":"http:\/\/autosdelpodio.com\/autos\/fecha-y-recorrido-del-xii-gran-premio-argentino-historico\/","url":"http:\/\/autosdelpodio.com\/autos\/fecha-y-recorrido-del-xii-gran-premio-argentino-historico\/","name":"Autos del Podio | Fecha y recorrido del XII Gran Premio Argentino Hist\u00f3rico","isPartOf":{"@id":"http:\/\/autosdelpodio.com\/autos\/#website"},"primaryImageOfPage":{"@id":"http:\/\/autosdelpodio.com\/autos\/fecha-y-recorrido-del-xii-gran-premio-argentino-historico\/#primaryimage"},"image":{"@id":"http:\/\/autosdelpodio.com\/autos\/fecha-y-recorrido-del-xii-gran-premio-argentino-historico\/#primaryimage"},"thumbnailUrl":"http:\/\/autosdelpodio.com\/autos\/wp-content\/uploads\/2012\/05\/x-gran-premio-argentino-histrico-2012-e1658183945616.jpg","datePublished":"2015-06-11T23:47:47+00:00","description":"Autos del Podio","breadcrumb":{"@id":"http:\/\/autosdelpodio.com\/autos\/fecha-y-recorrido-del-xii-gran-premio-argentino-historico\/#breadcrumb"},"inLanguage":"es","potentialAction":[{"@type":"ReadAction","target":["http:\/\/autosdelpodio.com\/autos\/fecha-y-recorrido-del-xii-gran-premio-argentino-historico\/"]}]},{"@type":"ImageObject","inLanguage":"es","@id":"http:\/\/autosdelpodio.com\/autos\/fecha-y-recorrido-del-xii-gran-premio-argentino-historico\/#primaryimage","url":"http:\/\/autosdelpodio.com\/autos\/wp-content\/uploads\/2012\/05\/x-gran-premio-argentino-histrico-2012-e1658183945616.jpg","contentUrl":"http:\/\/autosdelpodio.com\/autos\/wp-content\/uploads\/2012\/05\/x-gran-premio-argentino-histrico-2012-e1658183945616.jpg","width":500,"height":207},{"@type":"BreadcrumbList","@id":"http:\/\/autosdelpodio.com\/autos\/fecha-y-recorrido-del-xii-gran-premio-argentino-historico\/#breadcrumb","itemListElement":[{"@type":"ListItem","position":1,"name":"Portada","item":"http:\/\/autosdelpodio.com\/autos\/"},{"@type":"ListItem","position":2,"name":"Fecha y recorrido del XII Gran Premio Argentino Hist\u00f3rico"}]},{"@type":"WebSite","@id":"http:\/\/autosdelpodio.com\/autos\/#website","url":"http:\/\/autosdelpodio.com\/autos\/","name":"Autos del Podio","description":"La sexta del deporte motor","publisher":{"@id":"http:\/\/autosdelpodio.com\/autos\/#organization"},"potentialAction":[{"@type":"SearchAction","target":{"@type":"EntryPoint","urlTemplate":"http:\/\/autosdelpodio.com\/autos\/?s={search_term_string}"},"query-input":{"@type":"PropertyValueSpecification","valueRequired":true,"valueName":"search_term_string"}}],"inLanguage":"es"},{"@type":"Organization","@id":"http:\/\/autosdelpodio.com\/autos\/#organization","name":"Autos del Podio","url":"http:\/\/autosdelpodio.com\/autos\/","logo":{"@type":"ImageObject","inLanguage":"es","@id":"http:\/\/autosdelpodio.com\/autos\/#\/schema\/logo\/image\/","url":"http:\/\/autosdelpodio.com\/autos\/wp-content\/uploads\/2020\/08\/Logo_AR.jpg","contentUrl":"http:\/\/autosdelpodio.com\/autos\/wp-content\/uploads\/2020\/08\/Logo_AR.jpg","width":1038,"height":1044,"caption":"Autos del Podio"},"image":{"@id":"http:\/\/autosdelpodio.com\/autos\/#\/schema\/logo\/image\/"},"sameAs":["https:\/\/www.facebook.com\/profile.php?id=100057192590976&amp;amp;amp;amp;amp;amp;amp;amp;amp;amp;amp;amp;amp;amp;amp;amp;amp;amp;ref=ts","https:\/\/x.com\/autosdelpodio","https:\/\/www.youtube.com\/user\/AutosdelPodio"]},{"@type":"Person","@id":"http:\/\/autosdelpodio.com\/autos\/#\/schema\/person\/e88353cabf768863fdf874e30120f3ba","name":"wi022230","image":{"@type":"ImageObject","inLanguage":"es","@id":"http:\/\/autosdelpodio.com\/autos\/wp-content\/litespeed\/avatar\/453fc9bdbb11d766ba4c7f14d0bd0aa9.jpg?ver=1777404874","url":"http:\/\/autosdelpodio.com\/autos\/wp-content\/litespeed\/avatar\/453fc9bdbb11d766ba4c7f14d0bd0aa9.jpg?ver=1777404874","contentUrl":"http:\/\/autosdelpodio.com\/autos\/wp-content\/litespeed\/avatar\/453fc9bdbb11d766ba4c7f14d0bd0aa9.jpg?ver=1777404874","caption":"wi022230"}}]}},"views":578,"_links":{"self":[{"href":"http:\/\/autosdelpodio.com\/autos\/wp-json\/wp\/v2\/posts\/1209","targetHints":{"allow":["GET"]}}],"collection":[{"href":"http:\/\/autosdelpodio.com\/autos\/wp-json\/wp\/v2\/posts"}],"about":[{"href":"http:\/\/autosdelpodio.com\/autos\/wp-json\/wp\/v2\/types\/post"}],"author":[{"embeddable":true,"href":"http:\/\/autosdelpodio.com\/autos\/wp-json\/wp\/v2\/users\/1"}],"replies":[{"embeddable":true,"href":"http:\/\/autosdelpodio.com\/autos\/wp-json\/wp\/v2\/comments?post=1209"}],"version-history":[{"count":0,"href":"http:\/\/autosdelpodio.com\/autos\/wp-json\/wp\/v2\/posts\/1209\/revisions"}],"wp:featuredmedia":[{"embeddable":true,"href":"http:\/\/autosdelpodio.com\/autos\/wp-json\/wp\/v2\/media\/428"}],"wp:attachment":[{"href":"http:\/\/autosdelpodio.com\/autos\/wp-json\/wp\/v2\/media?parent=1209"}],"wp:term":[{"taxonomy":"category","embeddable":true,"href":"http:\/\/autosdelpodio.com\/autos\/wp-json\/wp\/v2\/categories?post=1209"},{"taxonomy":"post_tag","embeddable":true,"href":"http:\/\/autosdelpodio.com\/autos\/wp-json\/wp\/v2\/tags?post=1209"}],"curies":[{"name":"wp","href":"https:\/\/api.w.org\/{rel}","templated":true}]}}