{"id":1216,"date":"2015-06-21T19:26:14","date_gmt":"2015-06-21T19:26:14","guid":{"rendered":"http:\/\/autosdelpodio.com\/autos\/2015\/06\/21\/con-3-delanteros\/"},"modified":"2015-06-21T19:26:14","modified_gmt":"2015-06-21T19:26:14","slug":"con-3-delanteros","status":"publish","type":"post","link":"http:\/\/autosdelpodio.com\/autos\/con-3-delanteros\/","title":{"rendered":"Con 3 delanteros"},"content":{"rendered":"<p style=\"text-align: justify;\">Mariano Werner encabez\u00f3 el 1-2-3 de Ford en el Autodromo de Posadas, situaci\u00f3n que no ocurr\u00eda desde hace dos a\u00f1os.Juan Pablo Gianini y Omar Martinez completaron el podio.<\/p>\n<p style=\"text-align: justify;\">Matias Rossi ahora lidera \u00a0el campeonato con 206,5 puntos, seguido por Martinez con 187 y Guillermo Ortelli (Chevrolet) con 183,5 unidades.<\/p>\n<p style=\"text-align: justify;\"><span style=\"font-size: 12.1599998474121px; line-height: 1.3em;\">La pr\u00f3xima fecha denominada especial (tendr\u00e1 2 finales) ser\u00e1 en Termas de R\u00edo Hondo, Santiago del Estero entre el 10 y 12 de julio.<\/span><\/p>\n<p><strong><em>Final TC a 25 Vueltas &#8211; Fecha 6<\/em><\/strong><\/p>\n<p>1<span style=\"white-space: pre;\"> <\/span>WERNER, MARIANO <span style=\"white-space: pre;\"> <\/span>FORD<span style=\"white-space: pre;\"> <\/span>42:07.471<span style=\"white-space: pre;\"> <\/span><\/p>\n<p>2<span style=\"white-space: pre;\"> <\/span>GIANINI, JUAN PABLO<span style=\"white-space: pre;\"> <\/span>FORD<span style=\"white-space: pre;\"> <\/span>42:09.146<span style=\"white-space: pre;\"> <\/span>1.675<\/p>\n<p>3<span style=\"white-space: pre;\"> <\/span>MART\u00cdNEZ, OMAR <span style=\"white-space: pre;\"> <\/span>FORD<span style=\"white-space: pre;\"> <\/span>42:12.294<span style=\"white-space: pre;\"> <\/span>4.823<\/p>\n<p>4<span style=\"white-space: pre;\"> <\/span>ROSSI, MAT\u00cdAS <span style=\"white-space: pre;\"> <\/span>CHEVROLET<span style=\"white-space: pre;\"> <\/span>42:18.234<span style=\"white-space: pre;\"> <\/span>10.763<\/p>\n<p>5<span style=\"white-space: pre;\"> <\/span>LAMBIRIS, MAURICIO<span style=\"white-space: pre;\"> <\/span>TORINO<span style=\"white-space: pre;\"> <\/span>42:19.026<span style=\"white-space: pre;\"> <\/span>11.555<\/p>\n<p>6<span style=\"white-space: pre;\"> <\/span>LEDESMA, CHRISTIAN <span style=\"white-space: pre;\"> <\/span>CHEVROLET<span style=\"white-space: pre;\"> <\/span>42:19.553<span style=\"white-space: pre;\"> <\/span>12.082<\/p>\n<p>7<span style=\"white-space: pre;\"> <\/span>BONELLI, NICOL\u00c1S<span style=\"white-space: pre;\"> <\/span>FORD<span style=\"white-space: pre;\"> <\/span>42:19.672<span style=\"white-space: pre;\"> <\/span>12.201<\/p>\n<p>8<span style=\"white-space: pre;\"> <\/span>PONCE DE LE\u00d3N, GABRIEL <span style=\"white-space: pre;\"> <\/span>FORD<span style=\"white-space: pre;\"> <\/span>42:23.294<span style=\"white-space: pre;\"> <\/span>15.823<\/p>\n<p>9<span style=\"white-space: pre;\"> <\/span>TRUCCO, JUAN MART\u00cdN<span style=\"white-space: pre;\"> <\/span>DODGE<span style=\"white-space: pre;\"> <\/span>42:23.756<span style=\"white-space: pre;\"> <\/span>16.285<\/p>\n<p>10<span style=\"white-space: pre;\"> <\/span>URCERA, JOS\u00c9 MANUEL<span style=\"white-space: pre;\"> <\/span>TORINO<span style=\"white-space: pre;\"> <\/span>42:24.297<span style=\"white-space: pre;\"> <\/span>16.826<\/p>\n<p>11<span style=\"white-space: pre;\"> <\/span>JALAF, MAT\u00cdAS<span style=\"white-space: pre;\"> <\/span>FORD<span style=\"white-space: pre;\"> <\/span>42:25.264<span style=\"white-space: pre;\"> <\/span>17.793<\/p>\n<p>12<span style=\"white-space: pre;\"> <\/span>CANAPINO, AGUST\u00cdN <span style=\"white-space: pre;\"> <\/span>CHEVROLET<span style=\"white-space: pre;\"> <\/span>42:25.949<span style=\"white-space: pre;\"> <\/span>18.478<\/p>\n<p>13<span style=\"white-space: pre;\"> <\/span>NOLESI, MATH\u00cdAS<span style=\"white-space: pre;\"> <\/span>FORD<span style=\"white-space: pre;\"> <\/span>42:26.484<span style=\"white-space: pre;\"> <\/span>19.013<\/p>\n<p>14<span style=\"white-space: pre;\"> <\/span>PERN\u00cdA, LEONEL<span style=\"white-space: pre;\"> <\/span>CHEVROLET<span style=\"white-space: pre;\"> <\/span>42:27.655<span style=\"white-space: pre;\"> <\/span>20.184<\/p>\n<p>15<span style=\"white-space: pre;\"> <\/span>RODR\u00cdGUEZ, MAT\u00cdAS<span style=\"white-space: pre;\"> <\/span>DODGE<span style=\"white-space: pre;\"> <\/span>42:29.046<span style=\"white-space: pre;\"> <\/span>21.575<\/p>\n<p>16<span style=\"white-space: pre;\"> <\/span>MANGONI, SANTIAGO<span style=\"white-space: pre;\"> <\/span>TORINO<span style=\"white-space: pre;\"> <\/span>42:29.556<span style=\"white-space: pre;\"> <\/span>22.085<\/p>\n<p>17<span style=\"white-space: pre;\"> <\/span>DI PALMA, LU\u00cdS JOS\u00c9 (H)<span style=\"white-space: pre;\"> <\/span>TORINO<span style=\"white-space: pre;\"> <\/span>42:29.560<span style=\"white-space: pre;\"> <\/span>22.089<\/p>\n<p>18<span style=\"white-space: pre;\"> <\/span>ALONSO, FEDERICO<span style=\"white-space: pre;\"> <\/span>TORINO<span style=\"white-space: pre;\"> <\/span>42:29.824<span style=\"white-space: pre;\"> <\/span>22.353<\/p>\n<p>19<span style=\"white-space: pre;\"> <\/span>OKULOVICH, CARLOS<span style=\"white-space: pre;\"> <\/span>TORINO<span style=\"white-space: pre;\"> <\/span>42:29.969<span style=\"white-space: pre;\"> <\/span>22.498<\/p>\n<p>20<span style=\"white-space: pre;\"> <\/span>SPATARO, EMILIANO <span style=\"white-space: pre;\"> <\/span>DODGE<span style=\"white-space: pre;\"> <\/span>42:30.700<span style=\"white-space: pre;\"> <\/span>23.229<\/p>\n<p>21<span style=\"white-space: pre;\"> <\/span>ORTELLI, GUILLERMO<span style=\"white-space: pre;\"> <\/span>CHEVROLET<span style=\"white-space: pre;\"> <\/span>42:31.222<span style=\"white-space: pre;\"> <\/span>23.751<\/p>\n<p>22<span style=\"white-space: pre;\"> <\/span>ANGELINI, JUAN MARCOS<span style=\"white-space: pre;\"> <\/span>DODGE<span style=\"white-space: pre;\"> <\/span>42:31.506<span style=\"white-space: pre;\"> <\/span>24.035<\/p>\n<p>23<span style=\"white-space: pre;\"> <\/span>UGALDE, LIONEL <span style=\"white-space: pre;\"> <\/span>FORD<span style=\"white-space: pre;\"> <\/span>42:34.623<span style=\"white-space: pre;\"> <\/span>27.152<\/p>\n<p>24<span style=\"white-space: pre;\"> <\/span>ALAUX, SERGIO<span style=\"white-space: pre;\"> <\/span>CHEVROLET<span style=\"white-space: pre;\"> <\/span>42:35.202<span style=\"white-space: pre;\"> <\/span>27.731<\/p>\n<p>25<span style=\"white-space: pre;\"> <\/span>BONELLI, PR\u00d3SPERO<span style=\"white-space: pre;\"> <\/span>FORD<span style=\"white-space: pre;\"> <\/span>42:37.499<span style=\"white-space: pre;\"> <\/span>30.028<\/p>\n<p>26<span style=\"white-space: pre;\"> <\/span>ALTUNA, MARIANO <span style=\"white-space: pre;\"> <\/span>CHEVROLET<span style=\"white-space: pre;\"> <\/span>42:38.523<span style=\"white-space: pre;\"> <\/span>31.052<\/p>\n<p>27<span style=\"white-space: pre;\"> <\/span>SERRANO, MART\u00cdN<span style=\"white-space: pre;\"> <\/span>DODGE<span style=\"white-space: pre;\"> <\/span>42:38.838<span style=\"white-space: pre;\"> <\/span>31.367<\/p>\n<p>28<span style=\"white-space: pre;\"> <\/span>PONTE, MART\u00cdN<span style=\"white-space: pre;\"> <\/span>DODGE<span style=\"white-space: pre;\"> <\/span>42:39.783<span style=\"white-space: pre;\"> <\/span>32.312<\/p>\n<p>29<span style=\"white-space: pre;\"> <\/span>SILVA, JUAN MANUEL<span style=\"white-space: pre;\"> <\/span>FORD<span style=\"white-space: pre;\"> <\/span>42:40.476<span style=\"white-space: pre;\"> <\/span>33.005<\/p>\n<p>30<span style=\"white-space: pre;\"> <\/span>MAZZACANE, GAST\u00d3N<span style=\"white-space: pre;\"> <\/span>CHEVROLET<span style=\"white-space: pre;\"> <\/span>42:40.882<span style=\"white-space: pre;\"> <\/span>33.411<\/p>\n<p>31<span style=\"white-space: pre;\"> <\/span>DOSE, CHRISTIAN<span style=\"white-space: pre;\"> <\/span>CHEVROLET<span style=\"white-space: pre;\"> <\/span>42:48.451<span style=\"white-space: pre;\"> <\/span>40.980<\/p>\n<p>32<span style=\"white-space: pre;\"> <\/span>GIALLOMBARDO, MAURO<span style=\"white-space: pre;\"> <\/span>FORD<span style=\"white-space: pre;\"> <\/span>43:21.978<span style=\"white-space: pre;\"> <\/span>1:14.507<\/p>\n","protected":false},"excerpt":{"rendered":"<p>Mariano Werner encabez\u00f3 el 1-2-3 de Ford en el Autodromo de Posadas, situaci\u00f3n que no ocurr\u00eda desde hace dos a\u00f1os.Juan<\/p>\n","protected":false},"author":1,"featured_media":0,"comment_status":"open","ping_status":"open","sticky":false,"template":"","format":"standard","meta":{"colormag_page_container_layout":"default_layout","colormag_page_sidebar_layout":"default_layout","footnotes":""},"categories":[5],"tags":[],"class_list":["post-1216","post","type-post","status-publish","format-standard","hentry","category-latest-news"],"yoast_head":"<!-- This site is optimized with the Yoast SEO plugin v27.5 - https:\/\/yoast.com\/product\/yoast-seo-wordpress\/ -->\n<title>Autos del Podio | Con 3 delanteros<\/title>\n<meta name=\"description\" content=\"Autos del Podio\" \/>\n<meta name=\"robots\" content=\"index, follow, max-snippet:-1, max-image-preview:large, max-video-preview:-1\" \/>\n<link rel=\"canonical\" href=\"http:\/\/autosdelpodio.com\/autos\/con-3-delanteros\/\" \/>\n<meta property=\"og:locale\" content=\"es_ES\" \/>\n<meta property=\"og:type\" content=\"article\" \/>\n<meta property=\"og:title\" content=\"Autos del Podio | Con 3 delanteros\" \/>\n<meta property=\"og:description\" content=\"Autos del Podio\" \/>\n<meta property=\"og:url\" content=\"http:\/\/autosdelpodio.com\/autos\/con-3-delanteros\/\" \/>\n<meta property=\"og:site_name\" content=\"Autos del Podio\" \/>\n<meta property=\"article:publisher\" content=\"https:\/\/www.facebook.com\/profile.php?id=100057192590976&amp;amp%3bamp%3bamp%3bamp%3bamp%3bamp%3bamp%3bamp%3bamp%3bamp%3bamp%3bamp%3bamp%3bamp%3bamp%3bamp%3bamp%3bamp%3bref=ts\" \/>\n<meta property=\"article:published_time\" content=\"2015-06-21T19:26:14+00:00\" \/>\n<meta name=\"author\" content=\"wi022230\" \/>\n<meta name=\"twitter:card\" content=\"summary_large_image\" \/>\n<meta name=\"twitter:creator\" content=\"@autosdelpodio\" \/>\n<meta name=\"twitter:site\" content=\"@autosdelpodio\" \/>\n<meta name=\"twitter:label1\" content=\"Escrito por\" \/>\n\t<meta name=\"twitter:data1\" content=\"wi022230\" \/>\n\t<meta name=\"twitter:label2\" content=\"Tiempo de lectura\" \/>\n\t<meta name=\"twitter:data2\" content=\"1 minuto\" \/>\n<script type=\"application\/ld+json\" class=\"yoast-schema-graph\">{\"@context\":\"https:\\\/\\\/schema.org\",\"@graph\":[{\"@type\":\"Article\",\"@id\":\"http:\\\/\\\/autosdelpodio.com\\\/autos\\\/con-3-delanteros\\\/#article\",\"isPartOf\":{\"@id\":\"http:\\\/\\\/autosdelpodio.com\\\/autos\\\/con-3-delanteros\\\/\"},\"author\":{\"name\":\"wi022230\",\"@id\":\"http:\\\/\\\/autosdelpodio.com\\\/autos\\\/#\\\/schema\\\/person\\\/e88353cabf768863fdf874e30120f3ba\"},\"headline\":\"Con 3 delanteros\",\"datePublished\":\"2015-06-21T19:26:14+00:00\",\"mainEntityOfPage\":{\"@id\":\"http:\\\/\\\/autosdelpodio.com\\\/autos\\\/con-3-delanteros\\\/\"},\"wordCount\":204,\"commentCount\":0,\"publisher\":{\"@id\":\"http:\\\/\\\/autosdelpodio.com\\\/autos\\\/#organization\"},\"articleSection\":[\"\u00daltimas noticias\"],\"inLanguage\":\"es\",\"potentialAction\":[{\"@type\":\"CommentAction\",\"name\":\"Comment\",\"target\":[\"http:\\\/\\\/autosdelpodio.com\\\/autos\\\/con-3-delanteros\\\/#respond\"]}]},{\"@type\":\"WebPage\",\"@id\":\"http:\\\/\\\/autosdelpodio.com\\\/autos\\\/con-3-delanteros\\\/\",\"url\":\"http:\\\/\\\/autosdelpodio.com\\\/autos\\\/con-3-delanteros\\\/\",\"name\":\"Autos del Podio | Con 3 delanteros\",\"isPartOf\":{\"@id\":\"http:\\\/\\\/autosdelpodio.com\\\/autos\\\/#website\"},\"datePublished\":\"2015-06-21T19:26:14+00:00\",\"description\":\"Autos del Podio\",\"breadcrumb\":{\"@id\":\"http:\\\/\\\/autosdelpodio.com\\\/autos\\\/con-3-delanteros\\\/#breadcrumb\"},\"inLanguage\":\"es\",\"potentialAction\":[{\"@type\":\"ReadAction\",\"target\":[\"http:\\\/\\\/autosdelpodio.com\\\/autos\\\/con-3-delanteros\\\/\"]}]},{\"@type\":\"BreadcrumbList\",\"@id\":\"http:\\\/\\\/autosdelpodio.com\\\/autos\\\/con-3-delanteros\\\/#breadcrumb\",\"itemListElement\":[{\"@type\":\"ListItem\",\"position\":1,\"name\":\"Portada\",\"item\":\"http:\\\/\\\/autosdelpodio.com\\\/autos\\\/\"},{\"@type\":\"ListItem\",\"position\":2,\"name\":\"Con 3 delanteros\"}]},{\"@type\":\"WebSite\",\"@id\":\"http:\\\/\\\/autosdelpodio.com\\\/autos\\\/#website\",\"url\":\"http:\\\/\\\/autosdelpodio.com\\\/autos\\\/\",\"name\":\"Autos del Podio\",\"description\":\"La sexta del deporte motor\",\"publisher\":{\"@id\":\"http:\\\/\\\/autosdelpodio.com\\\/autos\\\/#organization\"},\"potentialAction\":[{\"@type\":\"SearchAction\",\"target\":{\"@type\":\"EntryPoint\",\"urlTemplate\":\"http:\\\/\\\/autosdelpodio.com\\\/autos\\\/?s={search_term_string}\"},\"query-input\":{\"@type\":\"PropertyValueSpecification\",\"valueRequired\":true,\"valueName\":\"search_term_string\"}}],\"inLanguage\":\"es\"},{\"@type\":\"Organization\",\"@id\":\"http:\\\/\\\/autosdelpodio.com\\\/autos\\\/#organization\",\"name\":\"Autos del Podio\",\"url\":\"http:\\\/\\\/autosdelpodio.com\\\/autos\\\/\",\"logo\":{\"@type\":\"ImageObject\",\"inLanguage\":\"es\",\"@id\":\"http:\\\/\\\/autosdelpodio.com\\\/autos\\\/#\\\/schema\\\/logo\\\/image\\\/\",\"url\":\"http:\\\/\\\/autosdelpodio.com\\\/autos\\\/wp-content\\\/uploads\\\/2020\\\/08\\\/Logo_AR.jpg\",\"contentUrl\":\"http:\\\/\\\/autosdelpodio.com\\\/autos\\\/wp-content\\\/uploads\\\/2020\\\/08\\\/Logo_AR.jpg\",\"width\":1038,\"height\":1044,\"caption\":\"Autos del Podio\"},\"image\":{\"@id\":\"http:\\\/\\\/autosdelpodio.com\\\/autos\\\/#\\\/schema\\\/logo\\\/image\\\/\"},\"sameAs\":[\"https:\\\/\\\/www.facebook.com\\\/profile.php?id=100057192590976&amp;amp;amp;amp;amp;amp;amp;amp;amp;amp;amp;amp;amp;amp;amp;amp;amp;amp;ref=ts\",\"https:\\\/\\\/x.com\\\/autosdelpodio\",\"https:\\\/\\\/www.youtube.com\\\/user\\\/AutosdelPodio\"]},{\"@type\":\"Person\",\"@id\":\"http:\\\/\\\/autosdelpodio.com\\\/autos\\\/#\\\/schema\\\/person\\\/e88353cabf768863fdf874e30120f3ba\",\"name\":\"wi022230\",\"image\":{\"@type\":\"ImageObject\",\"inLanguage\":\"es\",\"@id\":\"http:\\\/\\\/autosdelpodio.com\\\/autos\\\/wp-content\\\/litespeed\\\/avatar\\\/453fc9bdbb11d766ba4c7f14d0bd0aa9.jpg?ver=1777404874\",\"url\":\"http:\\\/\\\/autosdelpodio.com\\\/autos\\\/wp-content\\\/litespeed\\\/avatar\\\/453fc9bdbb11d766ba4c7f14d0bd0aa9.jpg?ver=1777404874\",\"contentUrl\":\"http:\\\/\\\/autosdelpodio.com\\\/autos\\\/wp-content\\\/litespeed\\\/avatar\\\/453fc9bdbb11d766ba4c7f14d0bd0aa9.jpg?ver=1777404874\",\"caption\":\"wi022230\"}}]}<\/script>\n<!-- \/ Yoast SEO plugin. -->","yoast_head_json":{"title":"Autos del Podio | Con 3 delanteros","description":"Autos del Podio","robots":{"index":"index","follow":"follow","max-snippet":"max-snippet:-1","max-image-preview":"max-image-preview:large","max-video-preview":"max-video-preview:-1"},"canonical":"http:\/\/autosdelpodio.com\/autos\/con-3-delanteros\/","og_locale":"es_ES","og_type":"article","og_title":"Autos del Podio | Con 3 delanteros","og_description":"Autos del Podio","og_url":"http:\/\/autosdelpodio.com\/autos\/con-3-delanteros\/","og_site_name":"Autos del Podio","article_publisher":"https:\/\/www.facebook.com\/profile.php?id=100057192590976&amp%3bamp%3bamp%3bamp%3bamp%3bamp%3bamp%3bamp%3bamp%3bamp%3bamp%3bamp%3bamp%3bamp%3bamp%3bamp%3bamp%3bamp%3bref=ts","article_published_time":"2015-06-21T19:26:14+00:00","author":"wi022230","twitter_card":"summary_large_image","twitter_creator":"@autosdelpodio","twitter_site":"@autosdelpodio","twitter_misc":{"Escrito por":"wi022230","Tiempo de lectura":"1 minuto"},"schema":{"@context":"https:\/\/schema.org","@graph":[{"@type":"Article","@id":"http:\/\/autosdelpodio.com\/autos\/con-3-delanteros\/#article","isPartOf":{"@id":"http:\/\/autosdelpodio.com\/autos\/con-3-delanteros\/"},"author":{"name":"wi022230","@id":"http:\/\/autosdelpodio.com\/autos\/#\/schema\/person\/e88353cabf768863fdf874e30120f3ba"},"headline":"Con 3 delanteros","datePublished":"2015-06-21T19:26:14+00:00","mainEntityOfPage":{"@id":"http:\/\/autosdelpodio.com\/autos\/con-3-delanteros\/"},"wordCount":204,"commentCount":0,"publisher":{"@id":"http:\/\/autosdelpodio.com\/autos\/#organization"},"articleSection":["\u00daltimas noticias"],"inLanguage":"es","potentialAction":[{"@type":"CommentAction","name":"Comment","target":["http:\/\/autosdelpodio.com\/autos\/con-3-delanteros\/#respond"]}]},{"@type":"WebPage","@id":"http:\/\/autosdelpodio.com\/autos\/con-3-delanteros\/","url":"http:\/\/autosdelpodio.com\/autos\/con-3-delanteros\/","name":"Autos del Podio | Con 3 delanteros","isPartOf":{"@id":"http:\/\/autosdelpodio.com\/autos\/#website"},"datePublished":"2015-06-21T19:26:14+00:00","description":"Autos del Podio","breadcrumb":{"@id":"http:\/\/autosdelpodio.com\/autos\/con-3-delanteros\/#breadcrumb"},"inLanguage":"es","potentialAction":[{"@type":"ReadAction","target":["http:\/\/autosdelpodio.com\/autos\/con-3-delanteros\/"]}]},{"@type":"BreadcrumbList","@id":"http:\/\/autosdelpodio.com\/autos\/con-3-delanteros\/#breadcrumb","itemListElement":[{"@type":"ListItem","position":1,"name":"Portada","item":"http:\/\/autosdelpodio.com\/autos\/"},{"@type":"ListItem","position":2,"name":"Con 3 delanteros"}]},{"@type":"WebSite","@id":"http:\/\/autosdelpodio.com\/autos\/#website","url":"http:\/\/autosdelpodio.com\/autos\/","name":"Autos del Podio","description":"La sexta del deporte motor","publisher":{"@id":"http:\/\/autosdelpodio.com\/autos\/#organization"},"potentialAction":[{"@type":"SearchAction","target":{"@type":"EntryPoint","urlTemplate":"http:\/\/autosdelpodio.com\/autos\/?s={search_term_string}"},"query-input":{"@type":"PropertyValueSpecification","valueRequired":true,"valueName":"search_term_string"}}],"inLanguage":"es"},{"@type":"Organization","@id":"http:\/\/autosdelpodio.com\/autos\/#organization","name":"Autos del Podio","url":"http:\/\/autosdelpodio.com\/autos\/","logo":{"@type":"ImageObject","inLanguage":"es","@id":"http:\/\/autosdelpodio.com\/autos\/#\/schema\/logo\/image\/","url":"http:\/\/autosdelpodio.com\/autos\/wp-content\/uploads\/2020\/08\/Logo_AR.jpg","contentUrl":"http:\/\/autosdelpodio.com\/autos\/wp-content\/uploads\/2020\/08\/Logo_AR.jpg","width":1038,"height":1044,"caption":"Autos del Podio"},"image":{"@id":"http:\/\/autosdelpodio.com\/autos\/#\/schema\/logo\/image\/"},"sameAs":["https:\/\/www.facebook.com\/profile.php?id=100057192590976&amp;amp;amp;amp;amp;amp;amp;amp;amp;amp;amp;amp;amp;amp;amp;amp;amp;amp;ref=ts","https:\/\/x.com\/autosdelpodio","https:\/\/www.youtube.com\/user\/AutosdelPodio"]},{"@type":"Person","@id":"http:\/\/autosdelpodio.com\/autos\/#\/schema\/person\/e88353cabf768863fdf874e30120f3ba","name":"wi022230","image":{"@type":"ImageObject","inLanguage":"es","@id":"http:\/\/autosdelpodio.com\/autos\/wp-content\/litespeed\/avatar\/453fc9bdbb11d766ba4c7f14d0bd0aa9.jpg?ver=1777404874","url":"http:\/\/autosdelpodio.com\/autos\/wp-content\/litespeed\/avatar\/453fc9bdbb11d766ba4c7f14d0bd0aa9.jpg?ver=1777404874","contentUrl":"http:\/\/autosdelpodio.com\/autos\/wp-content\/litespeed\/avatar\/453fc9bdbb11d766ba4c7f14d0bd0aa9.jpg?ver=1777404874","caption":"wi022230"}}]}},"views":419,"_links":{"self":[{"href":"http:\/\/autosdelpodio.com\/autos\/wp-json\/wp\/v2\/posts\/1216","targetHints":{"allow":["GET"]}}],"collection":[{"href":"http:\/\/autosdelpodio.com\/autos\/wp-json\/wp\/v2\/posts"}],"about":[{"href":"http:\/\/autosdelpodio.com\/autos\/wp-json\/wp\/v2\/types\/post"}],"author":[{"embeddable":true,"href":"http:\/\/autosdelpodio.com\/autos\/wp-json\/wp\/v2\/users\/1"}],"replies":[{"embeddable":true,"href":"http:\/\/autosdelpodio.com\/autos\/wp-json\/wp\/v2\/comments?post=1216"}],"version-history":[{"count":0,"href":"http:\/\/autosdelpodio.com\/autos\/wp-json\/wp\/v2\/posts\/1216\/revisions"}],"wp:attachment":[{"href":"http:\/\/autosdelpodio.com\/autos\/wp-json\/wp\/v2\/media?parent=1216"}],"wp:term":[{"taxonomy":"category","embeddable":true,"href":"http:\/\/autosdelpodio.com\/autos\/wp-json\/wp\/v2\/categories?post=1216"},{"taxonomy":"post_tag","embeddable":true,"href":"http:\/\/autosdelpodio.com\/autos\/wp-json\/wp\/v2\/tags?post=1216"}],"curies":[{"name":"wp","href":"https:\/\/api.w.org\/{rel}","templated":true}]}}