{"id":1247,"date":"2015-08-17T00:29:53","date_gmt":"2015-08-17T00:29:53","guid":{"rendered":"http:\/\/autosdelpodio.com\/autos\/2015\/08\/17\/triunfo-y-se-anota-en-la-pelea\/"},"modified":"2015-08-17T00:29:53","modified_gmt":"2015-08-17T00:29:53","slug":"triunfo-y-se-anota-en-la-pelea","status":"publish","type":"post","link":"http:\/\/autosdelpodio.com\/autos\/triunfo-y-se-anota-en-la-pelea\/","title":{"rendered":"Triunf\u00f3 y se mete en la pelea"},"content":{"rendered":"<p style=\"text-align: justify;\">Tras casi 3 a\u00f1os de sequia Esteban Tuero volvi\u00f3 (Ford Focus) volvi\u00f3 a ganar en la Clase 3 del Turismo Nacional.Fabian Yannantuoni y Facundo Chapur, ambos con Peugeot 308 completaron el podio en Termas de Rio Hondo.<\/p>\n<p style=\"text-align: justify;\">En el campeonato qued\u00f3 al frente Facundo Chapur con 162 puntos, seguido por Emanuel Moriatis 147, Guillermo Ortelli 144, Leonel Pern\u00eda 136 y Matias Rossi \u00a0con126.Esteban Tuero ahora acumula 109.<\/p>\n<p><em><strong>Final TN -C3<\/strong><\/em><\/p>\n<p>1 20 TUERO ESTEBAN FOCUS 35;09,466<\/p>\n<p>2 23 YANNANTUONI FABIAN 308 35;10,176 0,71<\/p>\n<p>3 72 SANTERO JULIAN 308 35;10,549 1,083<\/p>\n<p>4 2 CHAPUR FACUNDO 308 35;11,507 2,041<\/p>\n<p>5 9 PERNIA LEONEL LINEA 35;11,839 2,373<\/p>\n<p>6 29 MORIATIS EMANUEL FOCUS 35;12,282 2,816<\/p>\n<p>7 22 PISANDELLI FABIAN CRUZE 35;16,586 7,12<\/p>\n<p>8 31 CARDUCCI LEANDRO LEON 35;16,740 7,274<\/p>\n<p>9 74 BOSIO EZEQUIEL FOCUS 35;18,796 9,33<\/p>\n<p>10 28 TETI JERONIMO CRUZE 35;23,028 13,562<\/p>\n<p>11 16 ORTELLI GUILLERMO CRUZE 35;23,224 13,758<\/p>\n<p>12 32 VENTRICELLI LUCIANO BORA 35;23,482 14,016<\/p>\n<p>13 7 BOSIO BRUNO FOCUS 5P 35;23,665 14,199<\/p>\n<p>14 10 CASTELLANO JONATAN CRUZE 35;23,904 14,438<\/p>\n<p>15 8 SATURNI IVAN FOCUS 35;24,368 14,902<\/p>\n<p>16 37 YANNANTUONI JOSE LINEA 35;29,389 19,923<\/p>\n<p>17 19 CHIRIANO ADRIAN FOCUS 5P 35;30,929 21,463<\/p>\n<p>18 5 GOMEZ SEBASTIAN CRUZE 35;31,756 22,29<\/p>\n<p>19 15 LARRAURI LEONEL NEW CIVIC 35;34,542 25,076<\/p>\n<p>20 17 D\u2019AGUANNO GUILLERMO A.R 147 35;34,740 25,274<\/p>\n<p>21 55 OKULOVICH CARLOS CRUZE 35;35,485 26,019<\/p>\n<p>22 30 PEZZINI FABRICIO CRUZE 35;35,734 26,268<\/p>\n<p>23 71 ABDALLAH HANNA A.R 147 35;36,948 27,482<\/p>\n<p>24 21 MACHUCA MATIAS FOCUS 35;37,601 28,135<\/p>\n<p>25 92 FRANETOVICH EVER C4 35;38,169 28,703<\/p>\n<p>26 63 BAGNERA LUCAS FOCUS 5P 35;41,006 31,54<\/p>\n<p>27 45 VIANA CLAUDIO CRUZE 35;43,469 34,003<\/p>\n<p>28 1 ROSSI MATIAS C4 35;44,258 34,792<\/p>\n<p>29 12 PIPKIN JUAN CRUZE 35;45,549 36,083<\/p>\n<p>30 25 BESSONE ERNESTO FOCUS 5P 32;11,720 1192:59;49,550<\/p>\n<p>31 26 KOCH JUAN PABLO LANCER 24;01,180 1192:51;39,010<\/p>\n<p>32 33 COLOMBO RUSSELL LUCAS C4 17;41,475 1192:45;19,305<\/p>\n<p>33 11 MUNOZ MARCHESI MATIAS CRUZE 16;01,579 1192:43;39,409<\/p>\n<p>34 3 MERAYO PABLO LANCER 9;50,212 1192:37;28,042<\/p>\n<p>35 13 GONZALEZ MARCELO 307 10;18,627 1192:37;56,457<\/p>\n<p>36 77 PERNIA MARIANO CRUZE 0 1192:27;37,830<\/p>\n<p>37 122 BESSONE ERNESTO (H) FOCUS 0 1192:27;37,830<\/p>\n<p>38 53 MARINO MAURO LINEA 0 1192:27;37,830<\/p>\n<p>39 39 COSCIA FRANCO NEW CIVIC 0 1192:27;37,830<\/p>\n","protected":false},"excerpt":{"rendered":"<p>Tras casi 3 a\u00f1os de sequia Esteban Tuero volvi\u00f3 (Ford Focus) volvi\u00f3 a ganar en la Clase 3 del Turismo<\/p>\n","protected":false},"author":1,"featured_media":0,"comment_status":"open","ping_status":"open","sticky":false,"template":"","format":"standard","meta":{"colormag_page_container_layout":"default_layout","colormag_page_sidebar_layout":"default_layout","footnotes":""},"categories":[5],"tags":[],"class_list":["post-1247","post","type-post","status-publish","format-standard","hentry","category-latest-news"],"yoast_head":"<!-- This site is optimized with the Yoast SEO plugin v27.4 - https:\/\/yoast.com\/product\/yoast-seo-wordpress\/ -->\n<title>Autos del Podio | Triunf\u00f3 y se mete en la pelea<\/title>\n<meta name=\"description\" content=\"Autos del Podio\" \/>\n<meta name=\"robots\" content=\"index, follow, max-snippet:-1, max-image-preview:large, max-video-preview:-1\" \/>\n<link rel=\"canonical\" href=\"http:\/\/autosdelpodio.com\/autos\/triunfo-y-se-anota-en-la-pelea\/\" \/>\n<meta property=\"og:locale\" content=\"es_ES\" \/>\n<meta property=\"og:type\" content=\"article\" \/>\n<meta property=\"og:title\" content=\"Autos del Podio | Triunf\u00f3 y se mete en la pelea\" \/>\n<meta property=\"og:description\" content=\"Autos del Podio\" \/>\n<meta property=\"og:url\" content=\"http:\/\/autosdelpodio.com\/autos\/triunfo-y-se-anota-en-la-pelea\/\" \/>\n<meta property=\"og:site_name\" content=\"Autos del Podio\" \/>\n<meta property=\"article:publisher\" content=\"https:\/\/www.facebook.com\/profile.php?id=100057192590976&amp;amp%3bamp%3bamp%3bamp%3bamp%3bamp%3bamp%3bamp%3bamp%3bamp%3bamp%3bamp%3bamp%3bamp%3bamp%3bamp%3bamp%3bamp%3bref=ts\" \/>\n<meta property=\"article:published_time\" content=\"2015-08-17T00:29:53+00:00\" \/>\n<meta name=\"author\" content=\"wi022230\" \/>\n<meta name=\"twitter:card\" content=\"summary_large_image\" \/>\n<meta name=\"twitter:creator\" content=\"@autosdelpodio\" \/>\n<meta name=\"twitter:site\" content=\"@autosdelpodio\" \/>\n<meta name=\"twitter:label1\" content=\"Escrito por\" \/>\n\t<meta name=\"twitter:data1\" content=\"wi022230\" \/>\n\t<meta name=\"twitter:label2\" content=\"Tiempo de lectura\" \/>\n\t<meta name=\"twitter:data2\" content=\"1 minuto\" \/>\n<script type=\"application\/ld+json\" class=\"yoast-schema-graph\">{\"@context\":\"https:\\\/\\\/schema.org\",\"@graph\":[{\"@type\":\"Article\",\"@id\":\"http:\\\/\\\/autosdelpodio.com\\\/autos\\\/triunfo-y-se-anota-en-la-pelea\\\/#article\",\"isPartOf\":{\"@id\":\"http:\\\/\\\/autosdelpodio.com\\\/autos\\\/triunfo-y-se-anota-en-la-pelea\\\/\"},\"author\":{\"name\":\"wi022230\",\"@id\":\"http:\\\/\\\/autosdelpodio.com\\\/autos\\\/#\\\/schema\\\/person\\\/e88353cabf768863fdf874e30120f3ba\"},\"headline\":\"Triunf\u00f3 y se mete en la pelea\",\"datePublished\":\"2015-08-17T00:29:53+00:00\",\"mainEntityOfPage\":{\"@id\":\"http:\\\/\\\/autosdelpodio.com\\\/autos\\\/triunfo-y-se-anota-en-la-pelea\\\/\"},\"wordCount\":199,\"commentCount\":0,\"publisher\":{\"@id\":\"http:\\\/\\\/autosdelpodio.com\\\/autos\\\/#organization\"},\"articleSection\":[\"\u00daltimas noticias\"],\"inLanguage\":\"es\",\"potentialAction\":[{\"@type\":\"CommentAction\",\"name\":\"Comment\",\"target\":[\"http:\\\/\\\/autosdelpodio.com\\\/autos\\\/triunfo-y-se-anota-en-la-pelea\\\/#respond\"]}]},{\"@type\":\"WebPage\",\"@id\":\"http:\\\/\\\/autosdelpodio.com\\\/autos\\\/triunfo-y-se-anota-en-la-pelea\\\/\",\"url\":\"http:\\\/\\\/autosdelpodio.com\\\/autos\\\/triunfo-y-se-anota-en-la-pelea\\\/\",\"name\":\"Autos del Podio | Triunf\u00f3 y se mete en la pelea\",\"isPartOf\":{\"@id\":\"http:\\\/\\\/autosdelpodio.com\\\/autos\\\/#website\"},\"datePublished\":\"2015-08-17T00:29:53+00:00\",\"description\":\"Autos del Podio\",\"breadcrumb\":{\"@id\":\"http:\\\/\\\/autosdelpodio.com\\\/autos\\\/triunfo-y-se-anota-en-la-pelea\\\/#breadcrumb\"},\"inLanguage\":\"es\",\"potentialAction\":[{\"@type\":\"ReadAction\",\"target\":[\"http:\\\/\\\/autosdelpodio.com\\\/autos\\\/triunfo-y-se-anota-en-la-pelea\\\/\"]}]},{\"@type\":\"BreadcrumbList\",\"@id\":\"http:\\\/\\\/autosdelpodio.com\\\/autos\\\/triunfo-y-se-anota-en-la-pelea\\\/#breadcrumb\",\"itemListElement\":[{\"@type\":\"ListItem\",\"position\":1,\"name\":\"Portada\",\"item\":\"http:\\\/\\\/autosdelpodio.com\\\/autos\\\/\"},{\"@type\":\"ListItem\",\"position\":2,\"name\":\"Triunf\u00f3 y se mete en la pelea\"}]},{\"@type\":\"WebSite\",\"@id\":\"http:\\\/\\\/autosdelpodio.com\\\/autos\\\/#website\",\"url\":\"http:\\\/\\\/autosdelpodio.com\\\/autos\\\/\",\"name\":\"Autos del Podio\",\"description\":\"La sexta del deporte motor\",\"publisher\":{\"@id\":\"http:\\\/\\\/autosdelpodio.com\\\/autos\\\/#organization\"},\"potentialAction\":[{\"@type\":\"SearchAction\",\"target\":{\"@type\":\"EntryPoint\",\"urlTemplate\":\"http:\\\/\\\/autosdelpodio.com\\\/autos\\\/?s={search_term_string}\"},\"query-input\":{\"@type\":\"PropertyValueSpecification\",\"valueRequired\":true,\"valueName\":\"search_term_string\"}}],\"inLanguage\":\"es\"},{\"@type\":\"Organization\",\"@id\":\"http:\\\/\\\/autosdelpodio.com\\\/autos\\\/#organization\",\"name\":\"Autos del Podio\",\"url\":\"http:\\\/\\\/autosdelpodio.com\\\/autos\\\/\",\"logo\":{\"@type\":\"ImageObject\",\"inLanguage\":\"es\",\"@id\":\"http:\\\/\\\/autosdelpodio.com\\\/autos\\\/#\\\/schema\\\/logo\\\/image\\\/\",\"url\":\"http:\\\/\\\/autosdelpodio.com\\\/autos\\\/wp-content\\\/uploads\\\/2020\\\/08\\\/Logo_AR.jpg\",\"contentUrl\":\"http:\\\/\\\/autosdelpodio.com\\\/autos\\\/wp-content\\\/uploads\\\/2020\\\/08\\\/Logo_AR.jpg\",\"width\":1038,\"height\":1044,\"caption\":\"Autos del Podio\"},\"image\":{\"@id\":\"http:\\\/\\\/autosdelpodio.com\\\/autos\\\/#\\\/schema\\\/logo\\\/image\\\/\"},\"sameAs\":[\"https:\\\/\\\/www.facebook.com\\\/profile.php?id=100057192590976&amp;amp;amp;amp;amp;amp;amp;amp;amp;amp;amp;amp;amp;amp;amp;amp;amp;amp;ref=ts\",\"https:\\\/\\\/x.com\\\/autosdelpodio\",\"https:\\\/\\\/www.youtube.com\\\/user\\\/AutosdelPodio\"]},{\"@type\":\"Person\",\"@id\":\"http:\\\/\\\/autosdelpodio.com\\\/autos\\\/#\\\/schema\\\/person\\\/e88353cabf768863fdf874e30120f3ba\",\"name\":\"wi022230\",\"image\":{\"@type\":\"ImageObject\",\"inLanguage\":\"es\",\"@id\":\"http:\\\/\\\/autosdelpodio.com\\\/autos\\\/wp-content\\\/litespeed\\\/avatar\\\/453fc9bdbb11d766ba4c7f14d0bd0aa9.jpg?ver=1776800006\",\"url\":\"http:\\\/\\\/autosdelpodio.com\\\/autos\\\/wp-content\\\/litespeed\\\/avatar\\\/453fc9bdbb11d766ba4c7f14d0bd0aa9.jpg?ver=1776800006\",\"contentUrl\":\"http:\\\/\\\/autosdelpodio.com\\\/autos\\\/wp-content\\\/litespeed\\\/avatar\\\/453fc9bdbb11d766ba4c7f14d0bd0aa9.jpg?ver=1776800006\",\"caption\":\"wi022230\"}}]}<\/script>\n<!-- \/ Yoast SEO plugin. -->","yoast_head_json":{"title":"Autos del Podio | Triunf\u00f3 y se mete en la pelea","description":"Autos del Podio","robots":{"index":"index","follow":"follow","max-snippet":"max-snippet:-1","max-image-preview":"max-image-preview:large","max-video-preview":"max-video-preview:-1"},"canonical":"http:\/\/autosdelpodio.com\/autos\/triunfo-y-se-anota-en-la-pelea\/","og_locale":"es_ES","og_type":"article","og_title":"Autos del Podio | Triunf\u00f3 y se mete en la pelea","og_description":"Autos del Podio","og_url":"http:\/\/autosdelpodio.com\/autos\/triunfo-y-se-anota-en-la-pelea\/","og_site_name":"Autos del Podio","article_publisher":"https:\/\/www.facebook.com\/profile.php?id=100057192590976&amp%3bamp%3bamp%3bamp%3bamp%3bamp%3bamp%3bamp%3bamp%3bamp%3bamp%3bamp%3bamp%3bamp%3bamp%3bamp%3bamp%3bamp%3bref=ts","article_published_time":"2015-08-17T00:29:53+00:00","author":"wi022230","twitter_card":"summary_large_image","twitter_creator":"@autosdelpodio","twitter_site":"@autosdelpodio","twitter_misc":{"Escrito por":"wi022230","Tiempo de lectura":"1 minuto"},"schema":{"@context":"https:\/\/schema.org","@graph":[{"@type":"Article","@id":"http:\/\/autosdelpodio.com\/autos\/triunfo-y-se-anota-en-la-pelea\/#article","isPartOf":{"@id":"http:\/\/autosdelpodio.com\/autos\/triunfo-y-se-anota-en-la-pelea\/"},"author":{"name":"wi022230","@id":"http:\/\/autosdelpodio.com\/autos\/#\/schema\/person\/e88353cabf768863fdf874e30120f3ba"},"headline":"Triunf\u00f3 y se mete en la pelea","datePublished":"2015-08-17T00:29:53+00:00","mainEntityOfPage":{"@id":"http:\/\/autosdelpodio.com\/autos\/triunfo-y-se-anota-en-la-pelea\/"},"wordCount":199,"commentCount":0,"publisher":{"@id":"http:\/\/autosdelpodio.com\/autos\/#organization"},"articleSection":["\u00daltimas noticias"],"inLanguage":"es","potentialAction":[{"@type":"CommentAction","name":"Comment","target":["http:\/\/autosdelpodio.com\/autos\/triunfo-y-se-anota-en-la-pelea\/#respond"]}]},{"@type":"WebPage","@id":"http:\/\/autosdelpodio.com\/autos\/triunfo-y-se-anota-en-la-pelea\/","url":"http:\/\/autosdelpodio.com\/autos\/triunfo-y-se-anota-en-la-pelea\/","name":"Autos del Podio | Triunf\u00f3 y se mete en la pelea","isPartOf":{"@id":"http:\/\/autosdelpodio.com\/autos\/#website"},"datePublished":"2015-08-17T00:29:53+00:00","description":"Autos del Podio","breadcrumb":{"@id":"http:\/\/autosdelpodio.com\/autos\/triunfo-y-se-anota-en-la-pelea\/#breadcrumb"},"inLanguage":"es","potentialAction":[{"@type":"ReadAction","target":["http:\/\/autosdelpodio.com\/autos\/triunfo-y-se-anota-en-la-pelea\/"]}]},{"@type":"BreadcrumbList","@id":"http:\/\/autosdelpodio.com\/autos\/triunfo-y-se-anota-en-la-pelea\/#breadcrumb","itemListElement":[{"@type":"ListItem","position":1,"name":"Portada","item":"http:\/\/autosdelpodio.com\/autos\/"},{"@type":"ListItem","position":2,"name":"Triunf\u00f3 y se mete en la pelea"}]},{"@type":"WebSite","@id":"http:\/\/autosdelpodio.com\/autos\/#website","url":"http:\/\/autosdelpodio.com\/autos\/","name":"Autos del Podio","description":"La sexta del deporte motor","publisher":{"@id":"http:\/\/autosdelpodio.com\/autos\/#organization"},"potentialAction":[{"@type":"SearchAction","target":{"@type":"EntryPoint","urlTemplate":"http:\/\/autosdelpodio.com\/autos\/?s={search_term_string}"},"query-input":{"@type":"PropertyValueSpecification","valueRequired":true,"valueName":"search_term_string"}}],"inLanguage":"es"},{"@type":"Organization","@id":"http:\/\/autosdelpodio.com\/autos\/#organization","name":"Autos del Podio","url":"http:\/\/autosdelpodio.com\/autos\/","logo":{"@type":"ImageObject","inLanguage":"es","@id":"http:\/\/autosdelpodio.com\/autos\/#\/schema\/logo\/image\/","url":"http:\/\/autosdelpodio.com\/autos\/wp-content\/uploads\/2020\/08\/Logo_AR.jpg","contentUrl":"http:\/\/autosdelpodio.com\/autos\/wp-content\/uploads\/2020\/08\/Logo_AR.jpg","width":1038,"height":1044,"caption":"Autos del Podio"},"image":{"@id":"http:\/\/autosdelpodio.com\/autos\/#\/schema\/logo\/image\/"},"sameAs":["https:\/\/www.facebook.com\/profile.php?id=100057192590976&amp;amp;amp;amp;amp;amp;amp;amp;amp;amp;amp;amp;amp;amp;amp;amp;amp;amp;ref=ts","https:\/\/x.com\/autosdelpodio","https:\/\/www.youtube.com\/user\/AutosdelPodio"]},{"@type":"Person","@id":"http:\/\/autosdelpodio.com\/autos\/#\/schema\/person\/e88353cabf768863fdf874e30120f3ba","name":"wi022230","image":{"@type":"ImageObject","inLanguage":"es","@id":"http:\/\/autosdelpodio.com\/autos\/wp-content\/litespeed\/avatar\/453fc9bdbb11d766ba4c7f14d0bd0aa9.jpg?ver=1776800006","url":"http:\/\/autosdelpodio.com\/autos\/wp-content\/litespeed\/avatar\/453fc9bdbb11d766ba4c7f14d0bd0aa9.jpg?ver=1776800006","contentUrl":"http:\/\/autosdelpodio.com\/autos\/wp-content\/litespeed\/avatar\/453fc9bdbb11d766ba4c7f14d0bd0aa9.jpg?ver=1776800006","caption":"wi022230"}}]}},"views":892,"_links":{"self":[{"href":"http:\/\/autosdelpodio.com\/autos\/wp-json\/wp\/v2\/posts\/1247","targetHints":{"allow":["GET"]}}],"collection":[{"href":"http:\/\/autosdelpodio.com\/autos\/wp-json\/wp\/v2\/posts"}],"about":[{"href":"http:\/\/autosdelpodio.com\/autos\/wp-json\/wp\/v2\/types\/post"}],"author":[{"embeddable":true,"href":"http:\/\/autosdelpodio.com\/autos\/wp-json\/wp\/v2\/users\/1"}],"replies":[{"embeddable":true,"href":"http:\/\/autosdelpodio.com\/autos\/wp-json\/wp\/v2\/comments?post=1247"}],"version-history":[{"count":0,"href":"http:\/\/autosdelpodio.com\/autos\/wp-json\/wp\/v2\/posts\/1247\/revisions"}],"wp:attachment":[{"href":"http:\/\/autosdelpodio.com\/autos\/wp-json\/wp\/v2\/media?parent=1247"}],"wp:term":[{"taxonomy":"category","embeddable":true,"href":"http:\/\/autosdelpodio.com\/autos\/wp-json\/wp\/v2\/categories?post=1247"},{"taxonomy":"post_tag","embeddable":true,"href":"http:\/\/autosdelpodio.com\/autos\/wp-json\/wp\/v2\/tags?post=1247"}],"curies":[{"name":"wp","href":"https:\/\/api.w.org\/{rel}","templated":true}]}}