{"id":1278,"date":"2015-10-11T22:27:30","date_gmt":"2015-10-11T22:27:30","guid":{"rendered":"http:\/\/autosdelpodio.com\/autos\/2015\/10\/11\/podio-de-lujo\/"},"modified":"2015-10-11T22:27:30","modified_gmt":"2015-10-11T22:27:30","slug":"podio-de-lujo","status":"publish","type":"post","link":"http:\/\/autosdelpodio.com\/autos\/podio-de-lujo\/","title":{"rendered":"Podio de lujo"},"content":{"rendered":"<p style=\"text-align: justify;\"><span style=\"font-size: 12.16px; line-height: 1.3em;\">Norberto Fontana volvi\u00f3 a la victoria al volante del Torino que supo resistir al Chevrolet de Guillermo Ortelli, quien se fue de Comodoro Rivadavia como nuevo lider del Play Off.Otro campe\u00f3n historico del Turismo Carreretera, el Gur\u00ed Martinez (Ford) complet\u00f3 el top 3.<\/span><\/p>\n<p style=\"text-align: justify;\">Las principales posiciones de la Copa de Oro tiene como protagonistas a Ortelli, 88; Matias Rossi, 87.5; Omar Mart\u00ednez (Ford), 78 y Facundo Ardusso (Dodge), 70.5;<\/p>\n<p style=\"text-align: justify;\">La pr\u00f3xima fecha reci\u00e9n ser\u00e1 el 1\u00b0 de noviembre en el Autodromo de Toay, en la provincia de \u00a0La Pampa.<\/p>\n<p><em><strong>Final del TC a 25 Vueltas<\/strong><\/em><\/p>\n<p>1\u00b0<span style=\"white-space: pre;\"> <\/span>FONTANA, NORBERTO<span style=\"white-space: pre;\"> <\/span>Torino<span style=\"white-space: pre;\"> <\/span>41:55.623<span style=\"white-space: pre;\"> <\/span><\/p>\n<p>2\u00b0<span style=\"white-space: pre;\"> <\/span>ORTELLI, GUILLERMO<span style=\"white-space: pre;\"> <\/span>Chevrolet<span style=\"white-space: pre;\"> <\/span>41:55.738<span style=\"white-space: pre;\"> <\/span>0.115<\/p>\n<p>3\u00b0<span style=\"white-space: pre;\"> <\/span>MART\u00cdNEZ, OMAR<span style=\"white-space: pre;\"> <\/span>Ford<span style=\"white-space: pre;\"> <\/span>41:56.596<span style=\"white-space: pre;\"> <\/span>0.973<\/p>\n<p>4\u00b0<span style=\"white-space: pre;\"> <\/span>MANGONI, SANTIAGO<span style=\"white-space: pre;\"> <\/span>Torino<span style=\"white-space: pre;\"> <\/span>41:57.379<span style=\"white-space: pre;\"> <\/span>1.756<\/p>\n<p>5\u00b0<span style=\"white-space: pre;\"> <\/span>GIANINI, JUAN PABLO<span style=\"white-space: pre;\"> <\/span>Ford<span style=\"white-space: pre;\"> <\/span>41:57.612<span style=\"white-space: pre;\"> <\/span>1.989<\/p>\n<p>6\u00b0<span style=\"white-space: pre;\"> <\/span>SOTRO, LEONEL<span style=\"white-space: pre;\"> <\/span>Ford<span style=\"white-space: pre;\"> <\/span>42:00.293<span style=\"white-space: pre;\"> <\/span>4.671<\/p>\n<p>7\u00b0<span style=\"white-space: pre;\"> <\/span>GIALLOMBARDO, MAURO<span style=\"white-space: pre;\"> <\/span>Ford<span style=\"white-space: pre;\"> <\/span>42:00.998<span style=\"white-space: pre;\"> <\/span>5.375<\/p>\n<p>8\u00b0<span style=\"white-space: pre;\"> <\/span>ARDUSSO, FACUNDO<span style=\"white-space: pre;\"> <\/span>Dodge<span style=\"white-space: pre;\"> <\/span>42:04.063<span style=\"white-space: pre;\"> <\/span>8.441<\/p>\n<p>9\u00b0<span style=\"white-space: pre;\"> <\/span>ALONSO, FEDERICO<span style=\"white-space: pre;\"> <\/span>Torino<span style=\"white-space: pre;\"> <\/span>42:04.833<span style=\"white-space: pre;\"> <\/span>9.210<\/p>\n<p>10\u00b0<span style=\"white-space: pre;\"> <\/span>OKULOVICH, CARLOS<span style=\"white-space: pre;\"> <\/span>Torino<span style=\"white-space: pre;\"> <\/span>42:07.163<span style=\"white-space: pre;\"> <\/span>11.540<\/p>\n<p>11\u00b0<span style=\"white-space: pre;\"> <\/span>CAMPANERA, LAUREANO<span style=\"white-space: pre;\"> <\/span>Chevrolet<span style=\"white-space: pre;\"> <\/span>42:07.277<span style=\"white-space: pre;\"> <\/span>11.654<\/p>\n<p>12\u00b0<span style=\"white-space: pre;\"> <\/span>ROSSI, MAT\u00cdAS<span style=\"white-space: pre;\"> <\/span>Chevrolet<span style=\"white-space: pre;\"> <\/span>42:07.284<span style=\"white-space: pre;\"> <\/span>11.661<\/p>\n<p>13\u00b0<span style=\"white-space: pre;\"> <\/span>ALTUNA, MARIANO<span style=\"white-space: pre;\"> <\/span>Chevrolet<span style=\"white-space: pre;\"> <\/span>42:07.540<span style=\"white-space: pre;\"> <\/span>11.917<\/p>\n<p>14\u00b0<span style=\"white-space: pre;\"> <\/span>BONELLI, NICOL\u00c1S<span style=\"white-space: pre;\"> <\/span>Ford<span style=\"white-space: pre;\"> <\/span>42:07.755<span style=\"white-space: pre;\"> <\/span>12.133<\/p>\n<p>15\u00b0<span style=\"white-space: pre;\"> <\/span>LEDESMA, CHRISTIAN<span style=\"white-space: pre;\"> <\/span>Chevrolet<span style=\"white-space: pre;\"> <\/span>42:08.344<span style=\"white-space: pre;\"> <\/span>12.721<\/p>\n<p>16\u00b0<span style=\"white-space: pre;\"> <\/span>JALAF, MAT\u00cdAS<span style=\"white-space: pre;\"> <\/span>Ford<span style=\"white-space: pre;\"> <\/span>42:08.953<span style=\"white-space: pre;\"> <\/span>13.330<\/p>\n<p>17\u00b0<span style=\"white-space: pre;\"> <\/span>UGALDE, LIONEL<span style=\"white-space: pre;\"> <\/span>Ford<span style=\"white-space: pre;\"> <\/span>42:09.264<span style=\"white-space: pre;\"> <\/span>13.641<\/p>\n<p>18\u00b0<span style=\"white-space: pre;\"> <\/span>PONCE DE LE\u00d3N, GABRIEL<span style=\"white-space: pre;\"> <\/span>Ford<span style=\"white-space: pre;\"> <\/span>42:09.398<span style=\"white-space: pre;\"> <\/span>13.776<\/p>\n<p>19\u00b0<span style=\"white-space: pre;\"> <\/span>PERN\u00cdA, LEONEL<span style=\"white-space: pre;\"> <\/span>Chevrolet<span style=\"white-space: pre;\"> <\/span>42:09.614<span style=\"white-space: pre;\"> <\/span>13.991<\/p>\n<p>20\u00b0<span style=\"white-space: pre;\"> <\/span>SILVA, JUAN MANUEL<span style=\"white-space: pre;\"> <\/span>Ford<span style=\"white-space: pre;\"> <\/span>42:10.019<span style=\"white-space: pre;\"> <\/span>14.396<\/p>\n<p>21\u00b0<span style=\"white-space: pre;\"> <\/span>LAMBIRIS, MAURICIO<span style=\"white-space: pre;\"> <\/span>Torino<span style=\"white-space: pre;\"> <\/span>42:10.320<span style=\"white-space: pre;\"> <\/span>14.697<\/p>\n<p>22\u00b0<span style=\"white-space: pre;\"> <\/span>ALAUX, SERGIO<span style=\"white-space: pre;\"> <\/span>Chevrolet<span style=\"white-space: pre;\"> <\/span>42:11.237<span style=\"white-space: pre;\"> <\/span>15.614<\/p>\n<p>23\u00b0<span style=\"white-space: pre;\"> <\/span>TRUCCO, JUAN MART\u00cdN<span style=\"white-space: pre;\"> <\/span>Dodge<span style=\"white-space: pre;\"> <\/span>42:11.503<span style=\"white-space: pre;\"> <\/span>15.880<\/p>\n<p>24\u00b0<span style=\"white-space: pre;\"> <\/span>BONELLI, PR\u00d3SPERO<span style=\"white-space: pre;\"> <\/span>Ford<span style=\"white-space: pre;\"> <\/span>42:11.746<span style=\"white-space: pre;\"> <\/span>16.123<\/p>\n<p>25\u00b0<span style=\"white-space: pre;\"> <\/span>WERNER, MARIANO<span style=\"white-space: pre;\"> <\/span>Ford<span style=\"white-space: pre;\"> <\/span>42:12.121<span style=\"white-space: pre;\"> <\/span>16.498<\/p>\n<p>26\u00b0<span style=\"white-space: pre;\"> <\/span>NOLESI, MATH\u00cdAS<span style=\"white-space: pre;\"> <\/span>Ford<span style=\"white-space: pre;\"> <\/span>42:12.438<span style=\"white-space: pre;\"> <\/span>16.815<\/p>\n<p>27\u00b0<span style=\"white-space: pre;\"> <\/span>MAZZACANE, GAST\u00d3N<span style=\"white-space: pre;\"> <\/span>Chevrolet<span style=\"white-space: pre;\"> <\/span>42:12.633<span style=\"white-space: pre;\"> <\/span>17.010<\/p>\n<p>28\u00b0<span style=\"white-space: pre;\"> <\/span>CASTELLANO, JONATAN<span style=\"white-space: pre;\"> <\/span>Dodge<span style=\"white-space: pre;\"> <\/span>42:13.294<span style=\"white-space: pre;\"> <\/span>17.671<\/p>\n<p>29\u00b0<span style=\"white-space: pre;\"> <\/span>SAVINO, JOS\u00c9<span style=\"white-space: pre;\"> <\/span>Ford<span style=\"white-space: pre;\"> <\/span>42:13.418<span style=\"white-space: pre;\"> <\/span>17.795<\/p>\n<p>30\u00b0<span style=\"white-space: pre;\"> <\/span>DOSE, CHRISTIAN<span style=\"white-space: pre;\"> <\/span>Chevrolet<span style=\"white-space: pre;\"> <\/span>42:15.040<span style=\"white-space: pre;\"> <\/span>19.417<\/p>\n<p>31\u00b0<span style=\"white-space: pre;\"> <\/span>CANAPINO, AGUST\u00cdN<span style=\"white-space: pre;\"> <\/span>Chevrolet<span style=\"white-space: pre;\"> <\/span>42:15.191<span style=\"white-space: pre;\"> <\/span>19.568<\/p>\n<p>32\u00b0<span style=\"white-space: pre;\"> <\/span>SERRANO, MART\u00cdN<span style=\"white-space: pre;\"> <\/span>Dodge<span style=\"white-space: pre;\"> <\/span>42:24.856<span style=\"white-space: pre;\"> <\/span>29.233<\/p>\n<p>33\u00b0<span style=\"white-space: pre;\"> <\/span>GENTILE, PEDRO<span style=\"white-space: pre;\"> <\/span>Chevrolet<span style=\"white-space: pre;\"> <\/span>42:49.590<span style=\"white-space: pre;\"> <\/span>53.967<\/p>\n","protected":false},"excerpt":{"rendered":"<p>Norberto Fontana volvi\u00f3 a la victoria al volante del Torino que supo resistir al Chevrolet de Guillermo Ortelli, quien se<\/p>\n","protected":false},"author":1,"featured_media":0,"comment_status":"open","ping_status":"open","sticky":false,"template":"","format":"standard","meta":{"colormag_page_container_layout":"default_layout","colormag_page_sidebar_layout":"default_layout","footnotes":""},"categories":[5],"tags":[],"class_list":["post-1278","post","type-post","status-publish","format-standard","hentry","category-latest-news"],"yoast_head":"<!-- This site is optimized with the Yoast SEO plugin v27.5 - https:\/\/yoast.com\/product\/yoast-seo-wordpress\/ -->\n<title>Autos del Podio | Podio de lujo<\/title>\n<meta name=\"description\" content=\"Autos del Podio\" \/>\n<meta name=\"robots\" content=\"index, follow, max-snippet:-1, max-image-preview:large, max-video-preview:-1\" \/>\n<link rel=\"canonical\" href=\"https:\/\/autosdelpodio.com\/autos\/podio-de-lujo\/\" \/>\n<meta property=\"og:locale\" content=\"es_ES\" \/>\n<meta property=\"og:type\" content=\"article\" \/>\n<meta property=\"og:title\" content=\"Autos del Podio | Podio de lujo\" \/>\n<meta property=\"og:description\" content=\"Autos del Podio\" \/>\n<meta property=\"og:url\" content=\"https:\/\/autosdelpodio.com\/autos\/podio-de-lujo\/\" \/>\n<meta property=\"og:site_name\" content=\"Autos del Podio\" \/>\n<meta property=\"article:publisher\" content=\"https:\/\/www.facebook.com\/profile.php?id=100057192590976&amp;amp%3bamp%3bamp%3bamp%3bamp%3bamp%3bamp%3bamp%3bamp%3bamp%3bamp%3bamp%3bamp%3bamp%3bamp%3bamp%3bamp%3bamp%3bref=ts\" \/>\n<meta property=\"article:published_time\" content=\"2015-10-11T22:27:30+00:00\" \/>\n<meta name=\"author\" content=\"wi022230\" \/>\n<meta name=\"twitter:card\" content=\"summary_large_image\" \/>\n<meta name=\"twitter:creator\" content=\"@autosdelpodio\" \/>\n<meta name=\"twitter:site\" content=\"@autosdelpodio\" \/>\n<meta name=\"twitter:label1\" content=\"Escrito por\" \/>\n\t<meta name=\"twitter:data1\" content=\"wi022230\" \/>\n\t<meta name=\"twitter:label2\" content=\"Tiempo de lectura\" \/>\n\t<meta name=\"twitter:data2\" content=\"1 minuto\" \/>\n<script type=\"application\/ld+json\" class=\"yoast-schema-graph\">{\"@context\":\"https:\\\/\\\/schema.org\",\"@graph\":[{\"@type\":\"Article\",\"@id\":\"https:\\\/\\\/autosdelpodio.com\\\/autos\\\/podio-de-lujo\\\/#article\",\"isPartOf\":{\"@id\":\"https:\\\/\\\/autosdelpodio.com\\\/autos\\\/podio-de-lujo\\\/\"},\"author\":{\"name\":\"wi022230\",\"@id\":\"http:\\\/\\\/autosdelpodio.com\\\/autos\\\/#\\\/schema\\\/person\\\/e88353cabf768863fdf874e30120f3ba\"},\"headline\":\"Podio de lujo\",\"datePublished\":\"2015-10-11T22:27:30+00:00\",\"mainEntityOfPage\":{\"@id\":\"https:\\\/\\\/autosdelpodio.com\\\/autos\\\/podio-de-lujo\\\/\"},\"wordCount\":212,\"commentCount\":0,\"publisher\":{\"@id\":\"http:\\\/\\\/autosdelpodio.com\\\/autos\\\/#organization\"},\"articleSection\":[\"\u00daltimas noticias\"],\"inLanguage\":\"es\",\"potentialAction\":[{\"@type\":\"CommentAction\",\"name\":\"Comment\",\"target\":[\"https:\\\/\\\/autosdelpodio.com\\\/autos\\\/podio-de-lujo\\\/#respond\"]}]},{\"@type\":\"WebPage\",\"@id\":\"https:\\\/\\\/autosdelpodio.com\\\/autos\\\/podio-de-lujo\\\/\",\"url\":\"https:\\\/\\\/autosdelpodio.com\\\/autos\\\/podio-de-lujo\\\/\",\"name\":\"Autos del Podio | Podio de lujo\",\"isPartOf\":{\"@id\":\"http:\\\/\\\/autosdelpodio.com\\\/autos\\\/#website\"},\"datePublished\":\"2015-10-11T22:27:30+00:00\",\"description\":\"Autos del Podio\",\"breadcrumb\":{\"@id\":\"https:\\\/\\\/autosdelpodio.com\\\/autos\\\/podio-de-lujo\\\/#breadcrumb\"},\"inLanguage\":\"es\",\"potentialAction\":[{\"@type\":\"ReadAction\",\"target\":[\"https:\\\/\\\/autosdelpodio.com\\\/autos\\\/podio-de-lujo\\\/\"]}]},{\"@type\":\"BreadcrumbList\",\"@id\":\"https:\\\/\\\/autosdelpodio.com\\\/autos\\\/podio-de-lujo\\\/#breadcrumb\",\"itemListElement\":[{\"@type\":\"ListItem\",\"position\":1,\"name\":\"Portada\",\"item\":\"http:\\\/\\\/autosdelpodio.com\\\/autos\\\/\"},{\"@type\":\"ListItem\",\"position\":2,\"name\":\"Podio de lujo\"}]},{\"@type\":\"WebSite\",\"@id\":\"http:\\\/\\\/autosdelpodio.com\\\/autos\\\/#website\",\"url\":\"http:\\\/\\\/autosdelpodio.com\\\/autos\\\/\",\"name\":\"Autos del Podio\",\"description\":\"La sexta del deporte motor\",\"publisher\":{\"@id\":\"http:\\\/\\\/autosdelpodio.com\\\/autos\\\/#organization\"},\"potentialAction\":[{\"@type\":\"SearchAction\",\"target\":{\"@type\":\"EntryPoint\",\"urlTemplate\":\"http:\\\/\\\/autosdelpodio.com\\\/autos\\\/?s={search_term_string}\"},\"query-input\":{\"@type\":\"PropertyValueSpecification\",\"valueRequired\":true,\"valueName\":\"search_term_string\"}}],\"inLanguage\":\"es\"},{\"@type\":\"Organization\",\"@id\":\"http:\\\/\\\/autosdelpodio.com\\\/autos\\\/#organization\",\"name\":\"Autos del Podio\",\"url\":\"http:\\\/\\\/autosdelpodio.com\\\/autos\\\/\",\"logo\":{\"@type\":\"ImageObject\",\"inLanguage\":\"es\",\"@id\":\"http:\\\/\\\/autosdelpodio.com\\\/autos\\\/#\\\/schema\\\/logo\\\/image\\\/\",\"url\":\"http:\\\/\\\/autosdelpodio.com\\\/autos\\\/wp-content\\\/uploads\\\/2020\\\/08\\\/Logo_AR.jpg\",\"contentUrl\":\"http:\\\/\\\/autosdelpodio.com\\\/autos\\\/wp-content\\\/uploads\\\/2020\\\/08\\\/Logo_AR.jpg\",\"width\":1038,\"height\":1044,\"caption\":\"Autos del Podio\"},\"image\":{\"@id\":\"http:\\\/\\\/autosdelpodio.com\\\/autos\\\/#\\\/schema\\\/logo\\\/image\\\/\"},\"sameAs\":[\"https:\\\/\\\/www.facebook.com\\\/profile.php?id=100057192590976&amp;amp;amp;amp;amp;amp;amp;amp;amp;amp;amp;amp;amp;amp;amp;amp;amp;amp;ref=ts\",\"https:\\\/\\\/x.com\\\/autosdelpodio\",\"https:\\\/\\\/www.youtube.com\\\/user\\\/AutosdelPodio\"]},{\"@type\":\"Person\",\"@id\":\"http:\\\/\\\/autosdelpodio.com\\\/autos\\\/#\\\/schema\\\/person\\\/e88353cabf768863fdf874e30120f3ba\",\"name\":\"wi022230\",\"image\":{\"@type\":\"ImageObject\",\"inLanguage\":\"es\",\"@id\":\"http:\\\/\\\/autosdelpodio.com\\\/autos\\\/wp-content\\\/litespeed\\\/avatar\\\/453fc9bdbb11d766ba4c7f14d0bd0aa9.jpg?ver=1777404874\",\"url\":\"http:\\\/\\\/autosdelpodio.com\\\/autos\\\/wp-content\\\/litespeed\\\/avatar\\\/453fc9bdbb11d766ba4c7f14d0bd0aa9.jpg?ver=1777404874\",\"contentUrl\":\"http:\\\/\\\/autosdelpodio.com\\\/autos\\\/wp-content\\\/litespeed\\\/avatar\\\/453fc9bdbb11d766ba4c7f14d0bd0aa9.jpg?ver=1777404874\",\"caption\":\"wi022230\"}}]}<\/script>\n<!-- \/ Yoast SEO plugin. -->","yoast_head_json":{"title":"Autos del Podio | Podio de lujo","description":"Autos del Podio","robots":{"index":"index","follow":"follow","max-snippet":"max-snippet:-1","max-image-preview":"max-image-preview:large","max-video-preview":"max-video-preview:-1"},"canonical":"https:\/\/autosdelpodio.com\/autos\/podio-de-lujo\/","og_locale":"es_ES","og_type":"article","og_title":"Autos del Podio | Podio de lujo","og_description":"Autos del Podio","og_url":"https:\/\/autosdelpodio.com\/autos\/podio-de-lujo\/","og_site_name":"Autos del Podio","article_publisher":"https:\/\/www.facebook.com\/profile.php?id=100057192590976&amp%3bamp%3bamp%3bamp%3bamp%3bamp%3bamp%3bamp%3bamp%3bamp%3bamp%3bamp%3bamp%3bamp%3bamp%3bamp%3bamp%3bamp%3bref=ts","article_published_time":"2015-10-11T22:27:30+00:00","author":"wi022230","twitter_card":"summary_large_image","twitter_creator":"@autosdelpodio","twitter_site":"@autosdelpodio","twitter_misc":{"Escrito por":"wi022230","Tiempo de lectura":"1 minuto"},"schema":{"@context":"https:\/\/schema.org","@graph":[{"@type":"Article","@id":"https:\/\/autosdelpodio.com\/autos\/podio-de-lujo\/#article","isPartOf":{"@id":"https:\/\/autosdelpodio.com\/autos\/podio-de-lujo\/"},"author":{"name":"wi022230","@id":"http:\/\/autosdelpodio.com\/autos\/#\/schema\/person\/e88353cabf768863fdf874e30120f3ba"},"headline":"Podio de lujo","datePublished":"2015-10-11T22:27:30+00:00","mainEntityOfPage":{"@id":"https:\/\/autosdelpodio.com\/autos\/podio-de-lujo\/"},"wordCount":212,"commentCount":0,"publisher":{"@id":"http:\/\/autosdelpodio.com\/autos\/#organization"},"articleSection":["\u00daltimas noticias"],"inLanguage":"es","potentialAction":[{"@type":"CommentAction","name":"Comment","target":["https:\/\/autosdelpodio.com\/autos\/podio-de-lujo\/#respond"]}]},{"@type":"WebPage","@id":"https:\/\/autosdelpodio.com\/autos\/podio-de-lujo\/","url":"https:\/\/autosdelpodio.com\/autos\/podio-de-lujo\/","name":"Autos del Podio | Podio de lujo","isPartOf":{"@id":"http:\/\/autosdelpodio.com\/autos\/#website"},"datePublished":"2015-10-11T22:27:30+00:00","description":"Autos del Podio","breadcrumb":{"@id":"https:\/\/autosdelpodio.com\/autos\/podio-de-lujo\/#breadcrumb"},"inLanguage":"es","potentialAction":[{"@type":"ReadAction","target":["https:\/\/autosdelpodio.com\/autos\/podio-de-lujo\/"]}]},{"@type":"BreadcrumbList","@id":"https:\/\/autosdelpodio.com\/autos\/podio-de-lujo\/#breadcrumb","itemListElement":[{"@type":"ListItem","position":1,"name":"Portada","item":"http:\/\/autosdelpodio.com\/autos\/"},{"@type":"ListItem","position":2,"name":"Podio de lujo"}]},{"@type":"WebSite","@id":"http:\/\/autosdelpodio.com\/autos\/#website","url":"http:\/\/autosdelpodio.com\/autos\/","name":"Autos del Podio","description":"La sexta del deporte motor","publisher":{"@id":"http:\/\/autosdelpodio.com\/autos\/#organization"},"potentialAction":[{"@type":"SearchAction","target":{"@type":"EntryPoint","urlTemplate":"http:\/\/autosdelpodio.com\/autos\/?s={search_term_string}"},"query-input":{"@type":"PropertyValueSpecification","valueRequired":true,"valueName":"search_term_string"}}],"inLanguage":"es"},{"@type":"Organization","@id":"http:\/\/autosdelpodio.com\/autos\/#organization","name":"Autos del Podio","url":"http:\/\/autosdelpodio.com\/autos\/","logo":{"@type":"ImageObject","inLanguage":"es","@id":"http:\/\/autosdelpodio.com\/autos\/#\/schema\/logo\/image\/","url":"http:\/\/autosdelpodio.com\/autos\/wp-content\/uploads\/2020\/08\/Logo_AR.jpg","contentUrl":"http:\/\/autosdelpodio.com\/autos\/wp-content\/uploads\/2020\/08\/Logo_AR.jpg","width":1038,"height":1044,"caption":"Autos del Podio"},"image":{"@id":"http:\/\/autosdelpodio.com\/autos\/#\/schema\/logo\/image\/"},"sameAs":["https:\/\/www.facebook.com\/profile.php?id=100057192590976&amp;amp;amp;amp;amp;amp;amp;amp;amp;amp;amp;amp;amp;amp;amp;amp;amp;amp;ref=ts","https:\/\/x.com\/autosdelpodio","https:\/\/www.youtube.com\/user\/AutosdelPodio"]},{"@type":"Person","@id":"http:\/\/autosdelpodio.com\/autos\/#\/schema\/person\/e88353cabf768863fdf874e30120f3ba","name":"wi022230","image":{"@type":"ImageObject","inLanguage":"es","@id":"http:\/\/autosdelpodio.com\/autos\/wp-content\/litespeed\/avatar\/453fc9bdbb11d766ba4c7f14d0bd0aa9.jpg?ver=1777404874","url":"http:\/\/autosdelpodio.com\/autos\/wp-content\/litespeed\/avatar\/453fc9bdbb11d766ba4c7f14d0bd0aa9.jpg?ver=1777404874","contentUrl":"http:\/\/autosdelpodio.com\/autos\/wp-content\/litespeed\/avatar\/453fc9bdbb11d766ba4c7f14d0bd0aa9.jpg?ver=1777404874","caption":"wi022230"}}]}},"views":550,"_links":{"self":[{"href":"http:\/\/autosdelpodio.com\/autos\/wp-json\/wp\/v2\/posts\/1278","targetHints":{"allow":["GET"]}}],"collection":[{"href":"http:\/\/autosdelpodio.com\/autos\/wp-json\/wp\/v2\/posts"}],"about":[{"href":"http:\/\/autosdelpodio.com\/autos\/wp-json\/wp\/v2\/types\/post"}],"author":[{"embeddable":true,"href":"http:\/\/autosdelpodio.com\/autos\/wp-json\/wp\/v2\/users\/1"}],"replies":[{"embeddable":true,"href":"http:\/\/autosdelpodio.com\/autos\/wp-json\/wp\/v2\/comments?post=1278"}],"version-history":[{"count":0,"href":"http:\/\/autosdelpodio.com\/autos\/wp-json\/wp\/v2\/posts\/1278\/revisions"}],"wp:attachment":[{"href":"http:\/\/autosdelpodio.com\/autos\/wp-json\/wp\/v2\/media?parent=1278"}],"wp:term":[{"taxonomy":"category","embeddable":true,"href":"http:\/\/autosdelpodio.com\/autos\/wp-json\/wp\/v2\/categories?post=1278"},{"taxonomy":"post_tag","embeddable":true,"href":"http:\/\/autosdelpodio.com\/autos\/wp-json\/wp\/v2\/tags?post=1278"}],"curies":[{"name":"wp","href":"https:\/\/api.w.org\/{rel}","templated":true}]}}