{"id":1301,"date":"2015-11-28T02:18:58","date_gmt":"2015-11-28T02:18:58","guid":{"rendered":"http:\/\/autosdelpodio.com\/autos\/2015\/11\/28\/impecable\/"},"modified":"2015-11-28T02:18:58","modified_gmt":"2015-11-28T02:18:58","slug":"impecable","status":"publish","type":"post","link":"http:\/\/autosdelpodio.com\/autos\/impecable\/","title":{"rendered":"Impecable"},"content":{"rendered":"<p style=\"text-align: justify;\">Jose Maria Lopez se qued\u00f2 con la primera final del WTCC en Qatar que se corri\u00f3 este viernes.En la segunda fue triunfo para su compa\u00f1ero de equipo en Citroen Yvan Muller que se qued\u00f3 con el subcampeonato y el argentino logr\u00f3 llegar en la octava colocaci\u00f3n.<\/p>\n<p><em><strong>CARRERA 1<\/strong><\/em><\/p>\n<p>1 Jos\u00e9 Mar\u00eda L\u00d3PEZ Citro\u00ebn Total WTCC 12 12 vueltas<\/p>\n<p>2 Mehdi BENNANI S\u00e9bastien Loeb Racing 12 7.631<\/p>\n<p>3 Hugo VALENTE Campos Racing 12 11.774<\/p>\n<p>4 S\u00e9bastien LOEB Citro\u00ebn Total WTCC 12 12.717<\/p>\n<p>5 MA Qing Hua Citro\u00ebn Total WTCC 12 18.815<\/p>\n<p>6 Yvan MULLER Citro\u00ebn Total WTCC 12 19.343<\/p>\n<p>7 Norbert MICHELISZ Zeng\u0151 Motorsport 12 20.064<\/p>\n<p>8 Tiago MONTEIRO Castrol Honda WTC Team 12 22.7<\/p>\n<p>9 Nick CATSBURG LADA Sport Rosneft 12 24.397<\/p>\n<p>10 Stefano D&#8217;ASTE ALL-INKL.COM M\u00fcnnich Motorsport 12 25.426<\/p>\n<p>11 Nicolas LAPIERRE LADA Sport Rosneft 12 31.613<\/p>\n<p>12 Tom CORONEL ROAL Motorsport 12 34.224<\/p>\n<p>13 Rob HUFF LADA Sport Rosneft 12 34.53<\/p>\n<p>14 Tom CHILTON ROAL Motorsport 12 35.129<\/p>\n<p>15 John FILIPPI Campos Racing 12 36.178<\/p>\n<p>16 Gabriele TARQUINI Castrol Honda WTC Team 12 37.292<\/p>\n<p>17 Nasser Saleh AL-ATTIYAH Campos Racing 12 39.646<\/p>\n<p>18 Gr\u00e9goire DEMOUSTIER Craft-Bamboo Racing 11 a 1 vuelta<\/p>\n<p><strong><em>CARRERA 2<\/em><\/strong><\/p>\n<p>1<span style=\"white-space: pre;\"> <\/span>Yvan MULLER<span style=\"white-space: pre;\"> <\/span>Citro\u00ebn Total WTCC<span style=\"white-space: pre;\"> <\/span>14<span style=\"white-space: pre;\"> <\/span>14 vueltas<\/p>\n<p>2<span style=\"white-space: pre;\"> <\/span>MA Qing Hua<span style=\"white-space: pre;\"> <\/span>Citro\u00ebn Total WTCC<span style=\"white-space: pre;\"> <\/span>14<span style=\"white-space: pre;\"> <\/span>5.264<\/p>\n<p>3<span style=\"white-space: pre;\"> <\/span>Norbert MICHELISZ<span style=\"white-space: pre;\"> <\/span>Zeng\u0151 Motorsport<span style=\"white-space: pre;\"> <\/span>14<span style=\"white-space: pre;\"> <\/span>6.34<\/p>\n<p>4<span style=\"white-space: pre;\"> <\/span>S\u00e9bastien LOEB<span style=\"white-space: pre;\"> <\/span>Citro\u00ebn Total WTCC<span style=\"white-space: pre;\"> <\/span>14<span style=\"white-space: pre;\"> <\/span>7.243<\/p>\n<p>5<span style=\"white-space: pre;\"> <\/span>Mehdi BENNANI<span style=\"white-space: pre;\"> <\/span>S\u00e9bastien Loeb Racing<span style=\"white-space: pre;\"> <\/span>14<span style=\"white-space: pre;\"> <\/span>7.788<\/p>\n<p>6<span style=\"white-space: pre;\"> <\/span>Hugo VALENTE<span style=\"white-space: pre;\"> <\/span>Campos Racing<span style=\"white-space: pre;\"> <\/span>14<span style=\"white-space: pre;\"> <\/span>10.145<\/p>\n<p>7<span style=\"white-space: pre;\"> <\/span>Gabriele TARQUINI<span style=\"white-space: pre;\"> <\/span>Castrol Honda WTC Team<span style=\"white-space: pre;\"> <\/span>14<span style=\"white-space: pre;\"> <\/span>10.65<\/p>\n<p>8<span style=\"white-space: pre;\"> <\/span>Jos\u00e9 Mar\u00eda L\u00d3PEZ<span style=\"white-space: pre;\"> <\/span>Citro\u00ebn Total WTCC<span style=\"white-space: pre;\"> <\/span>14<span style=\"white-space: pre;\"> <\/span>11.682<\/p>\n<p>9<span style=\"white-space: pre;\"> <\/span>Tiago MONTEIRO<span style=\"white-space: pre;\"> <\/span>Castrol Honda WTC Team<span style=\"white-space: pre;\"> <\/span>14<span style=\"white-space: pre;\"> <\/span>15.098<\/p>\n<p>10<span style=\"white-space: pre;\"> <\/span>Nicolas LAPIERRE<span style=\"white-space: pre;\"> <\/span>LADA Sport Rosneft<span style=\"white-space: pre;\"> <\/span>14<span style=\"white-space: pre;\"> <\/span>16.975<\/p>\n<p>11<span style=\"white-space: pre;\"> <\/span>Gr\u00e9goire DEMOUSTIER<span style=\"white-space: pre;\"> <\/span>Craft-Bamboo Racing<span style=\"white-space: pre;\"> <\/span>14<span style=\"white-space: pre;\"> <\/span>19.243<\/p>\n<p>12<span style=\"white-space: pre;\"> <\/span>Tom CORONEL<span style=\"white-space: pre;\"> <\/span>ROAL Motorsport<span style=\"white-space: pre;\"> <\/span>14<span style=\"white-space: pre;\"> <\/span>20.58<\/p>\n<p>13<span style=\"white-space: pre;\"> <\/span>Tom CHILTON<span style=\"white-space: pre;\"> <\/span>ROAL Motorsport<span style=\"white-space: pre;\"> <\/span>14<span style=\"white-space: pre;\"> <\/span>21.655<\/p>\n<p>14<span style=\"white-space: pre;\"> <\/span>Nasser Saleh AL-ATTIYAH<span style=\"white-space: pre;\"> <\/span>Campos Racing<span style=\"white-space: pre;\"> <\/span>14<span style=\"white-space: pre;\"> <\/span>26.965<\/p>\n<p>15<span style=\"white-space: pre;\"> <\/span>John FILIPPI<span style=\"white-space: pre;\"> <\/span>Campos Racing<span style=\"white-space: pre;\"> <\/span>14<span style=\"white-space: pre;\"> <\/span>57.065<\/p>\n<p>16<span style=\"white-space: pre;\"> <\/span>Rob HUFF<span style=\"white-space: pre;\"> <\/span>LADA Sport Rosneft<span style=\"white-space: pre;\"> <\/span>9<span style=\"white-space: pre;\"> <\/span>a 5 vueltas<\/p>\n<p>17<span style=\"white-space: pre;\"> <\/span>Nick CATSBURG<span style=\"white-space: pre;\"> <\/span>LADA Sport Rosneft<span style=\"white-space: pre;\"> <\/span>0<span style=\"white-space: pre;\"> <\/span>&#8211;<\/p>\n<p>18<span style=\"white-space: pre;\"> <\/span>Stefano D&#8217;ASTE<span style=\"white-space: pre;\"> <\/span>ALL-INKL.COM M\u00fcnnich Motorsport<span style=\"white-space: pre;\"> <\/span>0<span style=\"white-space: pre;\"> <\/span>&#8211;<\/p>\n","protected":false},"excerpt":{"rendered":"<p>Jose Maria Lopez se qued\u00f2 con la primera final del WTCC en Qatar que se corri\u00f3 este viernes.En la segunda<\/p>\n","protected":false},"author":1,"featured_media":0,"comment_status":"open","ping_status":"open","sticky":false,"template":"","format":"standard","meta":{"colormag_page_container_layout":"default_layout","colormag_page_sidebar_layout":"default_layout","footnotes":""},"categories":[5],"tags":[],"class_list":["post-1301","post","type-post","status-publish","format-standard","hentry","category-latest-news"],"yoast_head":"<!-- This site is optimized with the Yoast SEO plugin v27.5 - https:\/\/yoast.com\/product\/yoast-seo-wordpress\/ -->\n<title>Autos del Podio | Impecable<\/title>\n<meta name=\"description\" content=\"Autos del Podio\" \/>\n<meta name=\"robots\" content=\"index, follow, max-snippet:-1, max-image-preview:large, max-video-preview:-1\" \/>\n<link rel=\"canonical\" href=\"https:\/\/autosdelpodio.com\/autos\/impecable\/\" \/>\n<meta property=\"og:locale\" content=\"es_ES\" \/>\n<meta property=\"og:type\" content=\"article\" \/>\n<meta property=\"og:title\" content=\"Autos del Podio | Impecable\" \/>\n<meta property=\"og:description\" content=\"Autos del Podio\" \/>\n<meta property=\"og:url\" content=\"https:\/\/autosdelpodio.com\/autos\/impecable\/\" \/>\n<meta property=\"og:site_name\" content=\"Autos del Podio\" \/>\n<meta property=\"article:publisher\" content=\"https:\/\/www.facebook.com\/profile.php?id=100057192590976&amp;amp%3bamp%3bamp%3bamp%3bamp%3bamp%3bamp%3bamp%3bamp%3bamp%3bamp%3bamp%3bamp%3bamp%3bamp%3bamp%3bamp%3bamp%3bref=ts\" \/>\n<meta property=\"article:published_time\" content=\"2015-11-28T02:18:58+00:00\" \/>\n<meta name=\"author\" content=\"wi022230\" \/>\n<meta name=\"twitter:card\" content=\"summary_large_image\" \/>\n<meta name=\"twitter:creator\" content=\"@autosdelpodio\" \/>\n<meta name=\"twitter:site\" content=\"@autosdelpodio\" \/>\n<meta name=\"twitter:label1\" content=\"Escrito por\" \/>\n\t<meta name=\"twitter:data1\" content=\"wi022230\" \/>\n\t<meta name=\"twitter:label2\" content=\"Tiempo de lectura\" \/>\n\t<meta name=\"twitter:data2\" content=\"1 minuto\" \/>\n<script type=\"application\/ld+json\" class=\"yoast-schema-graph\">{\"@context\":\"https:\\\/\\\/schema.org\",\"@graph\":[{\"@type\":\"Article\",\"@id\":\"https:\\\/\\\/autosdelpodio.com\\\/autos\\\/impecable\\\/#article\",\"isPartOf\":{\"@id\":\"https:\\\/\\\/autosdelpodio.com\\\/autos\\\/impecable\\\/\"},\"author\":{\"name\":\"wi022230\",\"@id\":\"http:\\\/\\\/autosdelpodio.com\\\/autos\\\/#\\\/schema\\\/person\\\/e88353cabf768863fdf874e30120f3ba\"},\"headline\":\"Impecable\",\"datePublished\":\"2015-11-28T02:18:58+00:00\",\"mainEntityOfPage\":{\"@id\":\"https:\\\/\\\/autosdelpodio.com\\\/autos\\\/impecable\\\/\"},\"wordCount\":257,\"commentCount\":0,\"publisher\":{\"@id\":\"http:\\\/\\\/autosdelpodio.com\\\/autos\\\/#organization\"},\"articleSection\":[\"\u00daltimas noticias\"],\"inLanguage\":\"es\",\"potentialAction\":[{\"@type\":\"CommentAction\",\"name\":\"Comment\",\"target\":[\"https:\\\/\\\/autosdelpodio.com\\\/autos\\\/impecable\\\/#respond\"]}]},{\"@type\":\"WebPage\",\"@id\":\"https:\\\/\\\/autosdelpodio.com\\\/autos\\\/impecable\\\/\",\"url\":\"https:\\\/\\\/autosdelpodio.com\\\/autos\\\/impecable\\\/\",\"name\":\"Autos del Podio | Impecable\",\"isPartOf\":{\"@id\":\"http:\\\/\\\/autosdelpodio.com\\\/autos\\\/#website\"},\"datePublished\":\"2015-11-28T02:18:58+00:00\",\"description\":\"Autos del Podio\",\"breadcrumb\":{\"@id\":\"https:\\\/\\\/autosdelpodio.com\\\/autos\\\/impecable\\\/#breadcrumb\"},\"inLanguage\":\"es\",\"potentialAction\":[{\"@type\":\"ReadAction\",\"target\":[\"https:\\\/\\\/autosdelpodio.com\\\/autos\\\/impecable\\\/\"]}]},{\"@type\":\"BreadcrumbList\",\"@id\":\"https:\\\/\\\/autosdelpodio.com\\\/autos\\\/impecable\\\/#breadcrumb\",\"itemListElement\":[{\"@type\":\"ListItem\",\"position\":1,\"name\":\"Portada\",\"item\":\"http:\\\/\\\/autosdelpodio.com\\\/autos\\\/\"},{\"@type\":\"ListItem\",\"position\":2,\"name\":\"Impecable\"}]},{\"@type\":\"WebSite\",\"@id\":\"http:\\\/\\\/autosdelpodio.com\\\/autos\\\/#website\",\"url\":\"http:\\\/\\\/autosdelpodio.com\\\/autos\\\/\",\"name\":\"Autos del Podio\",\"description\":\"La sexta del deporte motor\",\"publisher\":{\"@id\":\"http:\\\/\\\/autosdelpodio.com\\\/autos\\\/#organization\"},\"potentialAction\":[{\"@type\":\"SearchAction\",\"target\":{\"@type\":\"EntryPoint\",\"urlTemplate\":\"http:\\\/\\\/autosdelpodio.com\\\/autos\\\/?s={search_term_string}\"},\"query-input\":{\"@type\":\"PropertyValueSpecification\",\"valueRequired\":true,\"valueName\":\"search_term_string\"}}],\"inLanguage\":\"es\"},{\"@type\":\"Organization\",\"@id\":\"http:\\\/\\\/autosdelpodio.com\\\/autos\\\/#organization\",\"name\":\"Autos del Podio\",\"url\":\"http:\\\/\\\/autosdelpodio.com\\\/autos\\\/\",\"logo\":{\"@type\":\"ImageObject\",\"inLanguage\":\"es\",\"@id\":\"http:\\\/\\\/autosdelpodio.com\\\/autos\\\/#\\\/schema\\\/logo\\\/image\\\/\",\"url\":\"http:\\\/\\\/autosdelpodio.com\\\/autos\\\/wp-content\\\/uploads\\\/2020\\\/08\\\/Logo_AR.jpg\",\"contentUrl\":\"http:\\\/\\\/autosdelpodio.com\\\/autos\\\/wp-content\\\/uploads\\\/2020\\\/08\\\/Logo_AR.jpg\",\"width\":1038,\"height\":1044,\"caption\":\"Autos del Podio\"},\"image\":{\"@id\":\"http:\\\/\\\/autosdelpodio.com\\\/autos\\\/#\\\/schema\\\/logo\\\/image\\\/\"},\"sameAs\":[\"https:\\\/\\\/www.facebook.com\\\/profile.php?id=100057192590976&amp;amp;amp;amp;amp;amp;amp;amp;amp;amp;amp;amp;amp;amp;amp;amp;amp;amp;ref=ts\",\"https:\\\/\\\/x.com\\\/autosdelpodio\",\"https:\\\/\\\/www.youtube.com\\\/user\\\/AutosdelPodio\"]},{\"@type\":\"Person\",\"@id\":\"http:\\\/\\\/autosdelpodio.com\\\/autos\\\/#\\\/schema\\\/person\\\/e88353cabf768863fdf874e30120f3ba\",\"name\":\"wi022230\",\"image\":{\"@type\":\"ImageObject\",\"inLanguage\":\"es\",\"@id\":\"http:\\\/\\\/autosdelpodio.com\\\/autos\\\/wp-content\\\/litespeed\\\/avatar\\\/453fc9bdbb11d766ba4c7f14d0bd0aa9.jpg?ver=1777404874\",\"url\":\"http:\\\/\\\/autosdelpodio.com\\\/autos\\\/wp-content\\\/litespeed\\\/avatar\\\/453fc9bdbb11d766ba4c7f14d0bd0aa9.jpg?ver=1777404874\",\"contentUrl\":\"http:\\\/\\\/autosdelpodio.com\\\/autos\\\/wp-content\\\/litespeed\\\/avatar\\\/453fc9bdbb11d766ba4c7f14d0bd0aa9.jpg?ver=1777404874\",\"caption\":\"wi022230\"}}]}<\/script>\n<!-- \/ Yoast SEO plugin. -->","yoast_head_json":{"title":"Autos del Podio | Impecable","description":"Autos del Podio","robots":{"index":"index","follow":"follow","max-snippet":"max-snippet:-1","max-image-preview":"max-image-preview:large","max-video-preview":"max-video-preview:-1"},"canonical":"https:\/\/autosdelpodio.com\/autos\/impecable\/","og_locale":"es_ES","og_type":"article","og_title":"Autos del Podio | Impecable","og_description":"Autos del Podio","og_url":"https:\/\/autosdelpodio.com\/autos\/impecable\/","og_site_name":"Autos del Podio","article_publisher":"https:\/\/www.facebook.com\/profile.php?id=100057192590976&amp%3bamp%3bamp%3bamp%3bamp%3bamp%3bamp%3bamp%3bamp%3bamp%3bamp%3bamp%3bamp%3bamp%3bamp%3bamp%3bamp%3bamp%3bref=ts","article_published_time":"2015-11-28T02:18:58+00:00","author":"wi022230","twitter_card":"summary_large_image","twitter_creator":"@autosdelpodio","twitter_site":"@autosdelpodio","twitter_misc":{"Escrito por":"wi022230","Tiempo de lectura":"1 minuto"},"schema":{"@context":"https:\/\/schema.org","@graph":[{"@type":"Article","@id":"https:\/\/autosdelpodio.com\/autos\/impecable\/#article","isPartOf":{"@id":"https:\/\/autosdelpodio.com\/autos\/impecable\/"},"author":{"name":"wi022230","@id":"http:\/\/autosdelpodio.com\/autos\/#\/schema\/person\/e88353cabf768863fdf874e30120f3ba"},"headline":"Impecable","datePublished":"2015-11-28T02:18:58+00:00","mainEntityOfPage":{"@id":"https:\/\/autosdelpodio.com\/autos\/impecable\/"},"wordCount":257,"commentCount":0,"publisher":{"@id":"http:\/\/autosdelpodio.com\/autos\/#organization"},"articleSection":["\u00daltimas noticias"],"inLanguage":"es","potentialAction":[{"@type":"CommentAction","name":"Comment","target":["https:\/\/autosdelpodio.com\/autos\/impecable\/#respond"]}]},{"@type":"WebPage","@id":"https:\/\/autosdelpodio.com\/autos\/impecable\/","url":"https:\/\/autosdelpodio.com\/autos\/impecable\/","name":"Autos del Podio | Impecable","isPartOf":{"@id":"http:\/\/autosdelpodio.com\/autos\/#website"},"datePublished":"2015-11-28T02:18:58+00:00","description":"Autos del Podio","breadcrumb":{"@id":"https:\/\/autosdelpodio.com\/autos\/impecable\/#breadcrumb"},"inLanguage":"es","potentialAction":[{"@type":"ReadAction","target":["https:\/\/autosdelpodio.com\/autos\/impecable\/"]}]},{"@type":"BreadcrumbList","@id":"https:\/\/autosdelpodio.com\/autos\/impecable\/#breadcrumb","itemListElement":[{"@type":"ListItem","position":1,"name":"Portada","item":"http:\/\/autosdelpodio.com\/autos\/"},{"@type":"ListItem","position":2,"name":"Impecable"}]},{"@type":"WebSite","@id":"http:\/\/autosdelpodio.com\/autos\/#website","url":"http:\/\/autosdelpodio.com\/autos\/","name":"Autos del Podio","description":"La sexta del deporte motor","publisher":{"@id":"http:\/\/autosdelpodio.com\/autos\/#organization"},"potentialAction":[{"@type":"SearchAction","target":{"@type":"EntryPoint","urlTemplate":"http:\/\/autosdelpodio.com\/autos\/?s={search_term_string}"},"query-input":{"@type":"PropertyValueSpecification","valueRequired":true,"valueName":"search_term_string"}}],"inLanguage":"es"},{"@type":"Organization","@id":"http:\/\/autosdelpodio.com\/autos\/#organization","name":"Autos del Podio","url":"http:\/\/autosdelpodio.com\/autos\/","logo":{"@type":"ImageObject","inLanguage":"es","@id":"http:\/\/autosdelpodio.com\/autos\/#\/schema\/logo\/image\/","url":"http:\/\/autosdelpodio.com\/autos\/wp-content\/uploads\/2020\/08\/Logo_AR.jpg","contentUrl":"http:\/\/autosdelpodio.com\/autos\/wp-content\/uploads\/2020\/08\/Logo_AR.jpg","width":1038,"height":1044,"caption":"Autos del Podio"},"image":{"@id":"http:\/\/autosdelpodio.com\/autos\/#\/schema\/logo\/image\/"},"sameAs":["https:\/\/www.facebook.com\/profile.php?id=100057192590976&amp;amp;amp;amp;amp;amp;amp;amp;amp;amp;amp;amp;amp;amp;amp;amp;amp;amp;ref=ts","https:\/\/x.com\/autosdelpodio","https:\/\/www.youtube.com\/user\/AutosdelPodio"]},{"@type":"Person","@id":"http:\/\/autosdelpodio.com\/autos\/#\/schema\/person\/e88353cabf768863fdf874e30120f3ba","name":"wi022230","image":{"@type":"ImageObject","inLanguage":"es","@id":"http:\/\/autosdelpodio.com\/autos\/wp-content\/litespeed\/avatar\/453fc9bdbb11d766ba4c7f14d0bd0aa9.jpg?ver=1777404874","url":"http:\/\/autosdelpodio.com\/autos\/wp-content\/litespeed\/avatar\/453fc9bdbb11d766ba4c7f14d0bd0aa9.jpg?ver=1777404874","contentUrl":"http:\/\/autosdelpodio.com\/autos\/wp-content\/litespeed\/avatar\/453fc9bdbb11d766ba4c7f14d0bd0aa9.jpg?ver=1777404874","caption":"wi022230"}}]}},"views":761,"_links":{"self":[{"href":"http:\/\/autosdelpodio.com\/autos\/wp-json\/wp\/v2\/posts\/1301","targetHints":{"allow":["GET"]}}],"collection":[{"href":"http:\/\/autosdelpodio.com\/autos\/wp-json\/wp\/v2\/posts"}],"about":[{"href":"http:\/\/autosdelpodio.com\/autos\/wp-json\/wp\/v2\/types\/post"}],"author":[{"embeddable":true,"href":"http:\/\/autosdelpodio.com\/autos\/wp-json\/wp\/v2\/users\/1"}],"replies":[{"embeddable":true,"href":"http:\/\/autosdelpodio.com\/autos\/wp-json\/wp\/v2\/comments?post=1301"}],"version-history":[{"count":0,"href":"http:\/\/autosdelpodio.com\/autos\/wp-json\/wp\/v2\/posts\/1301\/revisions"}],"wp:attachment":[{"href":"http:\/\/autosdelpodio.com\/autos\/wp-json\/wp\/v2\/media?parent=1301"}],"wp:term":[{"taxonomy":"category","embeddable":true,"href":"http:\/\/autosdelpodio.com\/autos\/wp-json\/wp\/v2\/categories?post=1301"},{"taxonomy":"post_tag","embeddable":true,"href":"http:\/\/autosdelpodio.com\/autos\/wp-json\/wp\/v2\/tags?post=1301"}],"curies":[{"name":"wp","href":"https:\/\/api.w.org\/{rel}","templated":true}]}}