{"id":1305,"date":"2015-12-02T00:53:03","date_gmt":"2015-12-02T00:53:03","guid":{"rendered":"http:\/\/autosdelpodio.com\/autos\/2015\/12\/02\/bolivia-espera-con-ansias-por-el-dakar\/"},"modified":"2015-12-02T00:53:03","modified_gmt":"2015-12-02T00:53:03","slug":"bolivia-espera-con-ansias-por-el-dakar","status":"publish","type":"post","link":"http:\/\/autosdelpodio.com\/autos\/bolivia-espera-con-ansias-por-el-dakar\/","title":{"rendered":"Bolivia espera con ansias por el Dakar"},"content":{"rendered":"<p style=\"text-align: justify;\" mce_style=\"text-align: justify;\">Se espera la visita de m\u00e1s de 500.000 ciudadanos bolivianos, de distintas regiones del pa\u00eds, a la poblaci\u00f3n de Uyuni para asistir como espectadores al Rally Dakar 2016, afirm\u00f3 el ministro de la Presidencia Juan Ram\u00f3n Quintana.<\/p>\n<p style=\"text-align: justify;\" mce_style=\"text-align: justify;\">\u201cEste 2016 esperamos pasar el medio mill\u00f3n de ciudadanos nuestros\u201d en Uyuni que podr\u00e1n ver, en el mismo sitio, el Rally Dakar, dijo la autoridad en una entrevista realizada en el programa \u201cEl Pueblo es Noticia\u201d que se difunde por los medios estatales de comunicaci\u00f3n.<\/p>\n<p style=\"text-align: justify;\" mce_style=\"text-align: justify;\">A su juicio, esta cantidad de turistas internos \u201cse conmover\u00e1n\u201d con el Salar de Uyuni que se va convirtiendo en un sitio tur\u00edstico de referencia mundial a trav\u00e9s de la competencia m\u00e1s arriesgada y emocionante del planeta.<\/p>\n<p style=\"text-align: justify;\" mce_style=\"text-align: justify;\">Explic\u00f3 que gracias a esta carrera, Uyuni recibe, adem\u00e1s, gran cantidad de turistas extranjeros, especialmente del Jap\u00f3n, Francia, Holanda, Alemania y tambi\u00e9n de Sudam\u00e9rica.<\/p>\n<p style=\"text-align: justify;\" mce_style=\"text-align: justify;\">En 2013, se\u00f1al\u00f3, cuando se realiz\u00f3 la primera competencia en territorio nacional, Uyuni recibi\u00f3 alrededor de 5.000 turistas japoneses, en cambio este a\u00f1o se calcula que los visitantes asi\u00e1ticos sobrepasaron los 30.000, lo que quiere decir que hubo un incremento del 500%.<\/p>\n<p style=\"text-align: justify;\" mce_style=\"text-align: justify;\">El Rally Dakar 2016, la competencia m\u00e1s extrema del mundo se realizar\u00e1 entre el 3 y 16 de enero del pr\u00f3ximo a\u00f1o. En territorio boliviano se correr\u00e1 en tres etapas, la primera el 7 de enero con el ingreso de los competidores desde la ciudad argentina de Jujuy a Uyuni.<\/p>\n<p style=\"text-align: justify;\" mce_style=\"text-align: justify;\">La segunda llamada \u201cmarat\u00f3n\u201d se lanzar\u00e1 el 8 de enero con un circuito alrededor del Salar de Uyuni, adem\u00e1s de un recorrido tangencial por el departamento de Oruro principalmente por el municipio de Salinas de Garci Mendoza.<\/p>\n<p style=\"text-align: justify;\" mce_style=\"text-align: justify;\">Quintana explic\u00f3 que el Rally Dakar ser\u00e1 transmitido durante 1.200 horas en diferentes programas deportivos en todo el mundo y podr\u00e1n ver a trav\u00e9s de la televisi\u00f3n 1.000 millones de personas.<\/p>\n<p style=\"text-align: justify;\" mce_style=\"text-align: justify;\">El circuito abarca Villaz\u00f3n, Tupiza, Uyuni a donde ingresar\u00e1n los camiones, autom\u00f3viles, cuadriciclos y motocicletas. Estos tres \u00faltimos competir\u00e1n luego en el mismo salar.<\/p>\n<p style=\"text-align: justify;\" mce_style=\"text-align: justify;\">Simult\u00e1neamente, los camiones correr\u00e1n entre las regiones de Uyuni y Orinoca (donde naci\u00f3 el presidente Evo Morales), mientras que el territorio tarije\u00f1o se convertir\u00e1 en un vivac de log\u00edstica a donde asistir\u00e1n m\u00e1s de 2.000 extranjeros. En total compiten el rally 60 pa\u00edses de todo el mundo.<\/p>\n<p style=\"text-align: justify;\" mce_style=\"text-align: justify;\">Una vez m\u00e1s, se\u00f1al\u00f3 Quintana, Bolivia estar\u00e1 en la mira del mundo y fue precisamente la decisi\u00f3n pol\u00edtica del presidente Evo Morales de promocionar al pa\u00eds en el contexto deportivo internacional, a trav\u00e9s del Dakar, como tambi\u00e9n de mostrar al pa\u00eds en todo el planeta.<\/p>\n","protected":false},"excerpt":{"rendered":"<p>Se espera la visita de m\u00e1s de 500.000 ciudadanos bolivianos, de distintas regiones del pa\u00eds, a la poblaci\u00f3n de Uyuni<\/p>\n","protected":false},"author":1,"featured_media":0,"comment_status":"open","ping_status":"open","sticky":false,"template":"","format":"standard","meta":{"colormag_page_container_layout":"default_layout","colormag_page_sidebar_layout":"default_layout","footnotes":""},"categories":[5],"tags":[],"class_list":["post-1305","post","type-post","status-publish","format-standard","hentry","category-latest-news"],"yoast_head":"<!-- This site is optimized with the Yoast SEO plugin v27.4 - https:\/\/yoast.com\/product\/yoast-seo-wordpress\/ -->\n<title>Autos del Podio | Bolivia espera con ansias por el Dakar<\/title>\n<meta name=\"description\" content=\"Autos del Podio\" \/>\n<meta name=\"robots\" content=\"index, follow, max-snippet:-1, max-image-preview:large, max-video-preview:-1\" \/>\n<link rel=\"canonical\" href=\"http:\/\/autosdelpodio.com\/autos\/bolivia-espera-con-ansias-por-el-dakar\/\" \/>\n<meta property=\"og:locale\" content=\"es_ES\" \/>\n<meta property=\"og:type\" content=\"article\" \/>\n<meta property=\"og:title\" content=\"Autos del Podio | Bolivia espera con ansias por el Dakar\" \/>\n<meta property=\"og:description\" content=\"Autos del Podio\" \/>\n<meta property=\"og:url\" content=\"http:\/\/autosdelpodio.com\/autos\/bolivia-espera-con-ansias-por-el-dakar\/\" \/>\n<meta property=\"og:site_name\" content=\"Autos del Podio\" \/>\n<meta property=\"article:publisher\" content=\"https:\/\/www.facebook.com\/profile.php?id=100057192590976&amp;amp%3bamp%3bamp%3bamp%3bamp%3bamp%3bamp%3bamp%3bamp%3bamp%3bamp%3bamp%3bamp%3bamp%3bamp%3bamp%3bamp%3bamp%3bref=ts\" \/>\n<meta property=\"article:published_time\" content=\"2015-12-02T00:53:03+00:00\" \/>\n<meta name=\"author\" content=\"wi022230\" \/>\n<meta name=\"twitter:card\" content=\"summary_large_image\" \/>\n<meta name=\"twitter:creator\" content=\"@autosdelpodio\" \/>\n<meta name=\"twitter:site\" content=\"@autosdelpodio\" \/>\n<meta name=\"twitter:label1\" content=\"Escrito por\" \/>\n\t<meta name=\"twitter:data1\" content=\"wi022230\" \/>\n\t<meta name=\"twitter:label2\" content=\"Tiempo de lectura\" \/>\n\t<meta name=\"twitter:data2\" content=\"2 minutos\" \/>\n<script type=\"application\/ld+json\" class=\"yoast-schema-graph\">{\"@context\":\"https:\\\/\\\/schema.org\",\"@graph\":[{\"@type\":\"Article\",\"@id\":\"http:\\\/\\\/autosdelpodio.com\\\/autos\\\/bolivia-espera-con-ansias-por-el-dakar\\\/#article\",\"isPartOf\":{\"@id\":\"http:\\\/\\\/autosdelpodio.com\\\/autos\\\/bolivia-espera-con-ansias-por-el-dakar\\\/\"},\"author\":{\"name\":\"wi022230\",\"@id\":\"http:\\\/\\\/autosdelpodio.com\\\/autos\\\/#\\\/schema\\\/person\\\/e88353cabf768863fdf874e30120f3ba\"},\"headline\":\"Bolivia espera con ansias por el Dakar\",\"datePublished\":\"2015-12-02T00:53:03+00:00\",\"mainEntityOfPage\":{\"@id\":\"http:\\\/\\\/autosdelpodio.com\\\/autos\\\/bolivia-espera-con-ansias-por-el-dakar\\\/\"},\"wordCount\":455,\"commentCount\":0,\"publisher\":{\"@id\":\"http:\\\/\\\/autosdelpodio.com\\\/autos\\\/#organization\"},\"articleSection\":[\"\u00daltimas noticias\"],\"inLanguage\":\"es\",\"potentialAction\":[{\"@type\":\"CommentAction\",\"name\":\"Comment\",\"target\":[\"http:\\\/\\\/autosdelpodio.com\\\/autos\\\/bolivia-espera-con-ansias-por-el-dakar\\\/#respond\"]}]},{\"@type\":\"WebPage\",\"@id\":\"http:\\\/\\\/autosdelpodio.com\\\/autos\\\/bolivia-espera-con-ansias-por-el-dakar\\\/\",\"url\":\"http:\\\/\\\/autosdelpodio.com\\\/autos\\\/bolivia-espera-con-ansias-por-el-dakar\\\/\",\"name\":\"Autos del Podio | Bolivia espera con ansias por el Dakar\",\"isPartOf\":{\"@id\":\"http:\\\/\\\/autosdelpodio.com\\\/autos\\\/#website\"},\"datePublished\":\"2015-12-02T00:53:03+00:00\",\"description\":\"Autos del Podio\",\"breadcrumb\":{\"@id\":\"http:\\\/\\\/autosdelpodio.com\\\/autos\\\/bolivia-espera-con-ansias-por-el-dakar\\\/#breadcrumb\"},\"inLanguage\":\"es\",\"potentialAction\":[{\"@type\":\"ReadAction\",\"target\":[\"http:\\\/\\\/autosdelpodio.com\\\/autos\\\/bolivia-espera-con-ansias-por-el-dakar\\\/\"]}]},{\"@type\":\"BreadcrumbList\",\"@id\":\"http:\\\/\\\/autosdelpodio.com\\\/autos\\\/bolivia-espera-con-ansias-por-el-dakar\\\/#breadcrumb\",\"itemListElement\":[{\"@type\":\"ListItem\",\"position\":1,\"name\":\"Portada\",\"item\":\"http:\\\/\\\/autosdelpodio.com\\\/autos\\\/\"},{\"@type\":\"ListItem\",\"position\":2,\"name\":\"Bolivia espera con ansias por el Dakar\"}]},{\"@type\":\"WebSite\",\"@id\":\"http:\\\/\\\/autosdelpodio.com\\\/autos\\\/#website\",\"url\":\"http:\\\/\\\/autosdelpodio.com\\\/autos\\\/\",\"name\":\"Autos del Podio\",\"description\":\"La sexta del deporte motor\",\"publisher\":{\"@id\":\"http:\\\/\\\/autosdelpodio.com\\\/autos\\\/#organization\"},\"potentialAction\":[{\"@type\":\"SearchAction\",\"target\":{\"@type\":\"EntryPoint\",\"urlTemplate\":\"http:\\\/\\\/autosdelpodio.com\\\/autos\\\/?s={search_term_string}\"},\"query-input\":{\"@type\":\"PropertyValueSpecification\",\"valueRequired\":true,\"valueName\":\"search_term_string\"}}],\"inLanguage\":\"es\"},{\"@type\":\"Organization\",\"@id\":\"http:\\\/\\\/autosdelpodio.com\\\/autos\\\/#organization\",\"name\":\"Autos del Podio\",\"url\":\"http:\\\/\\\/autosdelpodio.com\\\/autos\\\/\",\"logo\":{\"@type\":\"ImageObject\",\"inLanguage\":\"es\",\"@id\":\"http:\\\/\\\/autosdelpodio.com\\\/autos\\\/#\\\/schema\\\/logo\\\/image\\\/\",\"url\":\"http:\\\/\\\/autosdelpodio.com\\\/autos\\\/wp-content\\\/uploads\\\/2020\\\/08\\\/Logo_AR.jpg\",\"contentUrl\":\"http:\\\/\\\/autosdelpodio.com\\\/autos\\\/wp-content\\\/uploads\\\/2020\\\/08\\\/Logo_AR.jpg\",\"width\":1038,\"height\":1044,\"caption\":\"Autos del Podio\"},\"image\":{\"@id\":\"http:\\\/\\\/autosdelpodio.com\\\/autos\\\/#\\\/schema\\\/logo\\\/image\\\/\"},\"sameAs\":[\"https:\\\/\\\/www.facebook.com\\\/profile.php?id=100057192590976&amp;amp;amp;amp;amp;amp;amp;amp;amp;amp;amp;amp;amp;amp;amp;amp;amp;amp;ref=ts\",\"https:\\\/\\\/x.com\\\/autosdelpodio\",\"https:\\\/\\\/www.youtube.com\\\/user\\\/AutosdelPodio\"]},{\"@type\":\"Person\",\"@id\":\"http:\\\/\\\/autosdelpodio.com\\\/autos\\\/#\\\/schema\\\/person\\\/e88353cabf768863fdf874e30120f3ba\",\"name\":\"wi022230\",\"image\":{\"@type\":\"ImageObject\",\"inLanguage\":\"es\",\"@id\":\"http:\\\/\\\/autosdelpodio.com\\\/autos\\\/wp-content\\\/litespeed\\\/avatar\\\/453fc9bdbb11d766ba4c7f14d0bd0aa9.jpg?ver=1776800006\",\"url\":\"http:\\\/\\\/autosdelpodio.com\\\/autos\\\/wp-content\\\/litespeed\\\/avatar\\\/453fc9bdbb11d766ba4c7f14d0bd0aa9.jpg?ver=1776800006\",\"contentUrl\":\"http:\\\/\\\/autosdelpodio.com\\\/autos\\\/wp-content\\\/litespeed\\\/avatar\\\/453fc9bdbb11d766ba4c7f14d0bd0aa9.jpg?ver=1776800006\",\"caption\":\"wi022230\"}}]}<\/script>\n<!-- \/ Yoast SEO plugin. -->","yoast_head_json":{"title":"Autos del Podio | Bolivia espera con ansias por el Dakar","description":"Autos del Podio","robots":{"index":"index","follow":"follow","max-snippet":"max-snippet:-1","max-image-preview":"max-image-preview:large","max-video-preview":"max-video-preview:-1"},"canonical":"http:\/\/autosdelpodio.com\/autos\/bolivia-espera-con-ansias-por-el-dakar\/","og_locale":"es_ES","og_type":"article","og_title":"Autos del Podio | Bolivia espera con ansias por el Dakar","og_description":"Autos del Podio","og_url":"http:\/\/autosdelpodio.com\/autos\/bolivia-espera-con-ansias-por-el-dakar\/","og_site_name":"Autos del Podio","article_publisher":"https:\/\/www.facebook.com\/profile.php?id=100057192590976&amp%3bamp%3bamp%3bamp%3bamp%3bamp%3bamp%3bamp%3bamp%3bamp%3bamp%3bamp%3bamp%3bamp%3bamp%3bamp%3bamp%3bamp%3bref=ts","article_published_time":"2015-12-02T00:53:03+00:00","author":"wi022230","twitter_card":"summary_large_image","twitter_creator":"@autosdelpodio","twitter_site":"@autosdelpodio","twitter_misc":{"Escrito por":"wi022230","Tiempo de lectura":"2 minutos"},"schema":{"@context":"https:\/\/schema.org","@graph":[{"@type":"Article","@id":"http:\/\/autosdelpodio.com\/autos\/bolivia-espera-con-ansias-por-el-dakar\/#article","isPartOf":{"@id":"http:\/\/autosdelpodio.com\/autos\/bolivia-espera-con-ansias-por-el-dakar\/"},"author":{"name":"wi022230","@id":"http:\/\/autosdelpodio.com\/autos\/#\/schema\/person\/e88353cabf768863fdf874e30120f3ba"},"headline":"Bolivia espera con ansias por el Dakar","datePublished":"2015-12-02T00:53:03+00:00","mainEntityOfPage":{"@id":"http:\/\/autosdelpodio.com\/autos\/bolivia-espera-con-ansias-por-el-dakar\/"},"wordCount":455,"commentCount":0,"publisher":{"@id":"http:\/\/autosdelpodio.com\/autos\/#organization"},"articleSection":["\u00daltimas noticias"],"inLanguage":"es","potentialAction":[{"@type":"CommentAction","name":"Comment","target":["http:\/\/autosdelpodio.com\/autos\/bolivia-espera-con-ansias-por-el-dakar\/#respond"]}]},{"@type":"WebPage","@id":"http:\/\/autosdelpodio.com\/autos\/bolivia-espera-con-ansias-por-el-dakar\/","url":"http:\/\/autosdelpodio.com\/autos\/bolivia-espera-con-ansias-por-el-dakar\/","name":"Autos del Podio | Bolivia espera con ansias por el Dakar","isPartOf":{"@id":"http:\/\/autosdelpodio.com\/autos\/#website"},"datePublished":"2015-12-02T00:53:03+00:00","description":"Autos del Podio","breadcrumb":{"@id":"http:\/\/autosdelpodio.com\/autos\/bolivia-espera-con-ansias-por-el-dakar\/#breadcrumb"},"inLanguage":"es","potentialAction":[{"@type":"ReadAction","target":["http:\/\/autosdelpodio.com\/autos\/bolivia-espera-con-ansias-por-el-dakar\/"]}]},{"@type":"BreadcrumbList","@id":"http:\/\/autosdelpodio.com\/autos\/bolivia-espera-con-ansias-por-el-dakar\/#breadcrumb","itemListElement":[{"@type":"ListItem","position":1,"name":"Portada","item":"http:\/\/autosdelpodio.com\/autos\/"},{"@type":"ListItem","position":2,"name":"Bolivia espera con ansias por el Dakar"}]},{"@type":"WebSite","@id":"http:\/\/autosdelpodio.com\/autos\/#website","url":"http:\/\/autosdelpodio.com\/autos\/","name":"Autos del Podio","description":"La sexta del deporte motor","publisher":{"@id":"http:\/\/autosdelpodio.com\/autos\/#organization"},"potentialAction":[{"@type":"SearchAction","target":{"@type":"EntryPoint","urlTemplate":"http:\/\/autosdelpodio.com\/autos\/?s={search_term_string}"},"query-input":{"@type":"PropertyValueSpecification","valueRequired":true,"valueName":"search_term_string"}}],"inLanguage":"es"},{"@type":"Organization","@id":"http:\/\/autosdelpodio.com\/autos\/#organization","name":"Autos del Podio","url":"http:\/\/autosdelpodio.com\/autos\/","logo":{"@type":"ImageObject","inLanguage":"es","@id":"http:\/\/autosdelpodio.com\/autos\/#\/schema\/logo\/image\/","url":"http:\/\/autosdelpodio.com\/autos\/wp-content\/uploads\/2020\/08\/Logo_AR.jpg","contentUrl":"http:\/\/autosdelpodio.com\/autos\/wp-content\/uploads\/2020\/08\/Logo_AR.jpg","width":1038,"height":1044,"caption":"Autos del Podio"},"image":{"@id":"http:\/\/autosdelpodio.com\/autos\/#\/schema\/logo\/image\/"},"sameAs":["https:\/\/www.facebook.com\/profile.php?id=100057192590976&amp;amp;amp;amp;amp;amp;amp;amp;amp;amp;amp;amp;amp;amp;amp;amp;amp;amp;ref=ts","https:\/\/x.com\/autosdelpodio","https:\/\/www.youtube.com\/user\/AutosdelPodio"]},{"@type":"Person","@id":"http:\/\/autosdelpodio.com\/autos\/#\/schema\/person\/e88353cabf768863fdf874e30120f3ba","name":"wi022230","image":{"@type":"ImageObject","inLanguage":"es","@id":"http:\/\/autosdelpodio.com\/autos\/wp-content\/litespeed\/avatar\/453fc9bdbb11d766ba4c7f14d0bd0aa9.jpg?ver=1776800006","url":"http:\/\/autosdelpodio.com\/autos\/wp-content\/litespeed\/avatar\/453fc9bdbb11d766ba4c7f14d0bd0aa9.jpg?ver=1776800006","contentUrl":"http:\/\/autosdelpodio.com\/autos\/wp-content\/litespeed\/avatar\/453fc9bdbb11d766ba4c7f14d0bd0aa9.jpg?ver=1776800006","caption":"wi022230"}}]}},"views":632,"_links":{"self":[{"href":"http:\/\/autosdelpodio.com\/autos\/wp-json\/wp\/v2\/posts\/1305","targetHints":{"allow":["GET"]}}],"collection":[{"href":"http:\/\/autosdelpodio.com\/autos\/wp-json\/wp\/v2\/posts"}],"about":[{"href":"http:\/\/autosdelpodio.com\/autos\/wp-json\/wp\/v2\/types\/post"}],"author":[{"embeddable":true,"href":"http:\/\/autosdelpodio.com\/autos\/wp-json\/wp\/v2\/users\/1"}],"replies":[{"embeddable":true,"href":"http:\/\/autosdelpodio.com\/autos\/wp-json\/wp\/v2\/comments?post=1305"}],"version-history":[{"count":0,"href":"http:\/\/autosdelpodio.com\/autos\/wp-json\/wp\/v2\/posts\/1305\/revisions"}],"wp:attachment":[{"href":"http:\/\/autosdelpodio.com\/autos\/wp-json\/wp\/v2\/media?parent=1305"}],"wp:term":[{"taxonomy":"category","embeddable":true,"href":"http:\/\/autosdelpodio.com\/autos\/wp-json\/wp\/v2\/categories?post=1305"},{"taxonomy":"post_tag","embeddable":true,"href":"http:\/\/autosdelpodio.com\/autos\/wp-json\/wp\/v2\/tags?post=1305"}],"curies":[{"name":"wp","href":"https:\/\/api.w.org\/{rel}","templated":true}]}}