{"id":1309,"date":"2015-12-13T15:29:00","date_gmt":"2015-12-13T15:29:00","guid":{"rendered":"http:\/\/autosdelpodio.com\/autos\/2015\/12\/13\/el-rambler-el-compacto-insignia-de-ika\/"},"modified":"2015-12-13T15:29:00","modified_gmt":"2015-12-13T15:29:00","slug":"el-rambler-el-compacto-insignia-de-ika","status":"publish","type":"post","link":"http:\/\/autosdelpodio.com\/autos\/el-rambler-el-compacto-insignia-de-ika\/","title":{"rendered":"El Rambler, el compacto insignia de IKA"},"content":{"rendered":"<p style=\"text-align: center;\" mce_style=\"text-align: center;\">\n<p style=\"text-align: justify;\" mce_style=\"text-align: justify;\"><span style=\"font-size: 12.16px; line-height: 1.3em;\" mce_style=\"font-size: 12.16px; line-height: 1.3em;\">En el a\u00f1o 1958 IKA (Industrias Kaiser Argentina) concentraba el 81% de la producci\u00f3n total de la industria con sus modelos de Jeep, Estanciera y Kalabera.<\/span><span mce_style=\"font-size: 12.16px; line-height: 1.3em;\" style=\"font-size: 12.16px; line-height: 1.3em;\">Inspirado en el Rambler Classic de Estados Unidos (6 cilindros, 3200 cc \/ 8 cilindros \u2013 4100 cc) que vendi\u00f3 en 1961 370000 unidades IKA buscaba seducir con una propuesta ambiociosa al mercado argentino.<\/span><\/p>\n<p style=\"text-align: justify;\" mce_style=\"text-align: justify;\">El 18 de Enero de 1962 comienza la producci\u00f3n del Rambler en Argentina promocionado por entonces como <b>\u201c El compacto que revolucion\u00f3 la &nbsp;industria automotriz\u201d y \u201cRepuesto y service est\u00e9 donde est\u00e9 y vaya donde vaya\u201d.<\/b><\/p>\n<p style=\"text-align: justify;\" mce_style=\"text-align: justify;\">Dotado de un motor Continental de 6 Cilindros y 119 HP, tal vez un poco pesado pero confiable, IKA proyect\u00f3 una producci\u00f3n inicial de 12000 unidades que digamos que pudo cumplir ya que fabric\u00f3 algo mas de 11000.<\/p>\n<p style=\"text-align: justify;\" mce_style=\"text-align: justify;\"><i>Altura: 1450 mm.<\/i><\/p>\n<p><i>Largo: 4878&nbsp;<\/i><i style=\"font-size: 12.16px; line-height: 15.808px; text-align: justify;\" mce_style=\"font-size: 12.16px; line-height: 15.808px; text-align: justify;\">mm.<\/i><\/p>\n<p><i>Distancia entre ejes: 2776&nbsp;<\/i><i style=\"font-size: 12.16px; line-height: 15.808px; text-align: justify;\" mce_style=\"font-size: 12.16px; line-height: 15.808px; text-align: justify;\">mm.<\/i><\/p>\n<p><span style=\"font-size: 12.16px; line-height: 1.3em;\" mce_style=\"font-size: 12.16px; line-height: 1.3em;\"><b>Modelos: <\/b>Classic, De Luxe, Classic Custom, Ambassador 400 , Classic Cross Country<\/span><\/p>\n<p><span style=\"font-size: 12.16px; line-height: 1.3em;\" mce_style=\"font-size: 12.16px; line-height: 1.3em;\">A fines de 1962 logra el premio de Auto del A\u00f1o que otorgaba el Instituto Argentino de Opini\u00f3n Publica.<\/span><\/p>\n<p><span style=\"font-size: 12.16px; line-height: 1.3em;\" mce_style=\"font-size: 12.16px; line-height: 1.3em;\">El Rambler estadounidense de 1963 &nbsp;ofrec\u00eda una renovada estetica y mejoraba la calidad constructiva, el confort, su interior y el espacio.<\/span><\/p>\n<p><span style=\"font-size: 12.16px; line-height: 1.3em;\" mce_style=\"font-size: 12.16px; line-height: 1.3em;\">Modelos: Classic De Luxe, Classic Custom 660, Ambassador 990<\/span><\/p>\n<p><span style=\"font-size: 12.16px; line-height: 1.3em;\" mce_style=\"font-size: 12.16px; line-height: 1.3em;\"><i>Altura: 1390&nbsp;<\/i><\/span><i style=\"font-size: 12.16px; line-height: 15.808px; text-align: justify;\" mce_style=\"font-size: 12.16px; line-height: 15.808px; text-align: justify;\">mm.<\/i><\/p>\n<p><i>Largo: 4920&nbsp;<\/i><i style=\"font-size: 12.16px; line-height: 15.808px; text-align: justify;\" mce_style=\"font-size: 12.16px; line-height: 15.808px; text-align: justify;\">mm.<\/i><\/p>\n<p><i>Distancia entre ejes: 2840&nbsp;<\/i><i style=\"font-size: 12.16px; line-height: 15.808px; text-align: justify;\" mce_style=\"font-size: 12.16px; line-height: 15.808px; text-align: justify;\">mm.<\/i><\/p>\n<p><i>Ancho: 1458&nbsp;<\/i><i style=\"font-size: 12.16px; line-height: 15.808px; text-align: justify;\" mce_style=\"font-size: 12.16px; line-height: 15.808px; text-align: justify;\">mm.<\/i><\/p>\n<p><span style=\"font-size: 12.16px; line-height: 1.3em;\" mce_style=\"font-size: 12.16px; line-height: 1.3em;\"><i>146 Km\/h. Vmax &nbsp;&#8211; Consumo: 8,7 Km\/L a 80 Km\/h y 5,4 Km\/h en ciudad.<\/i><\/span><\/p>\n<p><span style=\"font-size: 12.16px; line-height: 1.3em;\" mce_style=\"font-size: 12.16px; line-height: 1.3em;\">Capacidad para 6 pasajeros y Tablero tipo norteamericano con colores en compos\u00e9 a la carrocer\u00eda.<\/span><\/p>\n<p>En el Ambassador &nbsp;se situaba el reloj a la derecha del equipo de radio.<\/p>\n<p><span style=\"font-size: 12.16px; line-height: 1.3em;\" mce_style=\"font-size: 12.16px; line-height: 1.3em;\">El modelo Ambassador 990 incorporaba levanta vidrios autom\u00e1ticos, direcci\u00f3n asistida, apoya cabezas, asientos reclinables y mejoras en el sistema de frenos.<\/span><\/p>\n<p><span style=\"font-size: 12.16px; line-height: 1.3em;\" mce_style=\"font-size: 12.16px; line-height: 1.3em;\">Sus principales competidores de la epoca eran el Ford Falcon, el Chevrolet 400 y el Valiant.No obstante logra imponerse durante a ellos entre 1962 y 1964.<\/span><\/p>\n<p><span style=\"font-size: 12.16px; line-height: 1.3em;\" mce_style=\"font-size: 12.16px; line-height: 1.3em;\">En 1965 se produce la tercera linea de Rambler en Estados Unidos y desembarca en Argentina durante el mes de Abril.<\/span><\/p>\n<p>Se incorpora el nuevo motor Tornado Jet para recuperar el liderazgo de ventas que hab\u00eda ca\u00eddo en manos del Falcon.<\/p>\n<p><span style=\"font-size: 12.16px; line-height: 1.3em;\" mce_style=\"font-size: 12.16px; line-height: 1.3em;\">3769 cc &nbsp;&#8211; OHC 230 \u2013 145 HP y 8,5:1 de Compresi\u00f3n Para sus versiones Rambler Classic 550\/660 y Cross Country<\/span><\/p>\n<p style=\"text-align: justify;\" mce_style=\"text-align: justify;\"><span style=\"font-size: 12.16px; line-height: 1.3em;\" mce_style=\"font-size: 12.16px; line-height: 1.3em;\">El modelo Ambassador se diferenciaba en el frontal y en el tablero, mejor ornamental, cubiertas tal\u00f3n bajo y la novedad del freno a disco ( fue el segundo auto en implementarlo, el primero hab\u00eda sido el Fiat 1500).<\/span><\/p>\n<p style=\"text-align: justify;\" mce_style=\"text-align: justify;\"><span style=\"font-size: 12.16px; line-height: 1.3em;\" mce_style=\"font-size: 12.16px; line-height: 1.3em;\"><i>Largo 5077 mm.<\/i><\/span><\/p>\n<p style=\"text-align: justify;\" mce_style=\"text-align: justify;\">&nbsp;<span style=\"font-size: 12.16px; line-height: 1.3em;\" mce_style=\"font-size: 12.16px; line-height: 1.3em;\">El 8 de Octubre de 1965 logra ser la unidad numero 300.000 de la planta industrial de IKA.<\/span><\/p>\n<p style=\"text-align: justify;\" mce_style=\"text-align: justify;\"><span style=\"font-size: 12.16px; line-height: 1.3em;\" mce_style=\"font-size: 12.16px; line-height: 1.3em;\">El 18 de Octubre de 1967 se constituye la fusi\u00f3n IKA \u2013 Renault que aumenta el porcentaje accionario y la participaci\u00f3n de la empresa francesa<\/span><\/p>\n<p style=\"text-align: justify;\" mce_style=\"text-align: justify;\"><span style=\"font-size: 12.16px; line-height: 1.3em;\" mce_style=\"font-size: 12.16px; line-height: 1.3em;\">Al a\u00f1o siguiente se presenta la linea Rambler IKA \u2013 Renault con un interior mas \u201ceuropeizado\u201d y paulatinamente menos americano, con menos detalles en cromo, caja ZF &nbsp;y 4 velocidades con primera sincronizada.<\/span><\/p>\n<p style=\"text-align: justify;\" mce_style=\"text-align: justify;\"><span style=\"font-size: 12.16px; line-height: 1.3em;\" mce_style=\"font-size: 12.16px; line-height: 1.3em;\">El Ambassador venia de fabrica con Aire Acondicionado, tapizado de cuero, cristales totalizados y apoya brazos delanteros y traseros.<\/span><\/p>\n<p style=\"text-align: justify;\" mce_style=\"text-align: justify;\"><span style=\"font-size: 12.16px; line-height: 1.3em;\" mce_style=\"font-size: 12.16px; line-height: 1.3em;\">En 1968 IKA gana la licitaci\u00f3n para la construcci\u00f3n del Ambassador Presidencial impulsado por el motor Tornado , tapizado en cuero flor negro y consola central en lo que fue un verdadero hecho \u00fanico e in\u00e9dito.<\/span><\/p>\n<p style=\"text-align: justify;\" mce_style=\"text-align: justify;\"><span style=\"font-size: 12.16px; line-height: 1.3em;\" mce_style=\"font-size: 12.16px; line-height: 1.3em;\">En 1975 con el fin de la era Rambler (producto del retiro de IKA) contin\u00faa en la planta de Santa Isabel al presente como Renault Argentina.<\/span><\/p>\n<p style=\"text-align: justify;\" mce_style=\"text-align: justify;\"><i style=\"font-size: 12.16px; line-height: 1.3em;\" mce_style=\"font-size: 12.16px; line-height: 1.3em;\">Producci\u00f3n total estimada: 70.774 entre 1962 y 1975.<\/i><\/p>\n<p><span style=\"font-size: 12.16px; line-height: 1.3em;\" mce_style=\"font-size: 12.16px; line-height: 1.3em;\"><i>Classic h\/ 1971<\/i><\/span><\/p>\n<p><i>De Luxe h\/ 1967<\/i><\/p>\n<p><i>Ambassador Country h\/1968<\/i><\/p>\n<p><i>Ambassador &nbsp;h\/1975<\/i><\/p>\n<div><\/div>\n<div><span style=\"color: rgb(102, 102, 102); font-family: Helvetica, Arial, sans-serif; font-size: 12px; line-height: 19.2px; text-align: justify;\" mce_style=\"color: #666666; font-family: Helvetica, Arial, sans-serif; font-size: 12px; line-height: 19.2px; text-align: justify;\">Datos t\u00e9cnicos: Gustavo Feder<\/span><\/div>\n<div><\/div>\n<div><span style=\"color: rgb(102, 102, 102); font-family: Helvetica, Arial, sans-serif; font-size: 12px; line-height: 19.2px; text-align: justify;\" mce_style=\"color: #666666; font-family: Helvetica, Arial, sans-serif; font-size: 12px; line-height: 19.2px; text-align: justify;\">Foto: Autos del Podio &#8211; Sal\u00f3n Internacional del Automovil Bs. As. 2015&nbsp;<\/span><\/div>\n<div><\/div>\n<div><span style=\"color: rgb(102, 102, 102); font-family: Helvetica, Arial, sans-serif; font-size: 12px; line-height: 19.2px; text-align: justify;\" mce_style=\"color: #666666; font-family: Helvetica, Arial, sans-serif; font-size: 12px; line-height: 19.2px; text-align: justify;\"><br \/><\/span><\/div>\n<p style=\"text-align: center;\" mce_style=\"text-align: center;\">   <iframe width=\"500\" height=\"300\" src=\"https:\/\/www.youtube.com\/embed\/Gvp31jFhvHA\" mce_src=\"https:\/\/www.youtube.com\/embed\/Gvp31jFhvHA\" frameborder=\"0\" allowfullscreen=\"\"><\/iframe><\/p>\n","protected":false},"excerpt":{"rendered":"<p>En el a\u00f1o 1958 IKA (Industrias Kaiser Argentina) concentraba el 81% de la producci\u00f3n total de la industria con sus<\/p>\n","protected":false},"author":1,"featured_media":1308,"comment_status":"open","ping_status":"open","sticky":false,"template":"","format":"standard","meta":{"colormag_page_container_layout":"default_layout","colormag_page_sidebar_layout":"default_layout","footnotes":""},"categories":[21],"tags":[],"class_list":["post-1309","post","type-post","status-publish","format-standard","has-post-thumbnail","hentry","category-autos-eternos"],"yoast_head":"<!-- This site is optimized with the Yoast SEO plugin v27.5 - https:\/\/yoast.com\/product\/yoast-seo-wordpress\/ -->\n<title>Autos del Podio | El Rambler, el compacto insignia de IKA<\/title>\n<meta name=\"description\" content=\"Autos del Podio\" \/>\n<meta name=\"robots\" content=\"index, follow, max-snippet:-1, max-image-preview:large, max-video-preview:-1\" \/>\n<link rel=\"canonical\" href=\"http:\/\/autosdelpodio.com\/autos\/el-rambler-el-compacto-insignia-de-ika\/\" \/>\n<meta property=\"og:locale\" content=\"es_ES\" \/>\n<meta property=\"og:type\" content=\"article\" \/>\n<meta property=\"og:title\" content=\"Autos del Podio | El Rambler, el compacto insignia de IKA\" \/>\n<meta property=\"og:description\" content=\"Autos del Podio\" \/>\n<meta property=\"og:url\" content=\"http:\/\/autosdelpodio.com\/autos\/el-rambler-el-compacto-insignia-de-ika\/\" \/>\n<meta property=\"og:site_name\" content=\"Autos del Podio\" \/>\n<meta property=\"article:publisher\" content=\"https:\/\/www.facebook.com\/profile.php?id=100057192590976&amp;amp%3bamp%3bamp%3bamp%3bamp%3bamp%3bamp%3bamp%3bamp%3bamp%3bamp%3bamp%3bamp%3bamp%3bamp%3bamp%3bamp%3bamp%3bref=ts\" \/>\n<meta property=\"article:published_time\" content=\"2015-12-13T15:29:00+00:00\" \/>\n<meta property=\"og:image\" content=\"http:\/\/autosdelpodio.com\/autos\/wp-content\/uploads\/2015\/12\/rambler_sia_2015.jpg\" \/>\n\t<meta property=\"og:image:width\" content=\"2035\" \/>\n\t<meta property=\"og:image:height\" content=\"1397\" \/>\n\t<meta property=\"og:image:type\" content=\"image\/jpeg\" \/>\n<meta name=\"author\" content=\"wi022230\" \/>\n<meta name=\"twitter:card\" content=\"summary_large_image\" \/>\n<meta name=\"twitter:creator\" content=\"@autosdelpodio\" \/>\n<meta name=\"twitter:site\" content=\"@autosdelpodio\" \/>\n<meta name=\"twitter:label1\" content=\"Escrito por\" \/>\n\t<meta name=\"twitter:data1\" content=\"wi022230\" \/>\n\t<meta name=\"twitter:label2\" content=\"Tiempo de lectura\" \/>\n\t<meta name=\"twitter:data2\" content=\"3 minutos\" \/>\n<script type=\"application\/ld+json\" class=\"yoast-schema-graph\">{\"@context\":\"https:\\\/\\\/schema.org\",\"@graph\":[{\"@type\":\"Article\",\"@id\":\"http:\\\/\\\/autosdelpodio.com\\\/autos\\\/el-rambler-el-compacto-insignia-de-ika\\\/#article\",\"isPartOf\":{\"@id\":\"http:\\\/\\\/autosdelpodio.com\\\/autos\\\/el-rambler-el-compacto-insignia-de-ika\\\/\"},\"author\":{\"name\":\"wi022230\",\"@id\":\"http:\\\/\\\/autosdelpodio.com\\\/autos\\\/#\\\/schema\\\/person\\\/e88353cabf768863fdf874e30120f3ba\"},\"headline\":\"El Rambler, el compacto insignia de IKA\",\"datePublished\":\"2015-12-13T15:29:00+00:00\",\"mainEntityOfPage\":{\"@id\":\"http:\\\/\\\/autosdelpodio.com\\\/autos\\\/el-rambler-el-compacto-insignia-de-ika\\\/\"},\"wordCount\":593,\"commentCount\":1,\"publisher\":{\"@id\":\"http:\\\/\\\/autosdelpodio.com\\\/autos\\\/#organization\"},\"image\":{\"@id\":\"http:\\\/\\\/autosdelpodio.com\\\/autos\\\/el-rambler-el-compacto-insignia-de-ika\\\/#primaryimage\"},\"thumbnailUrl\":\"http:\\\/\\\/autosdelpodio.com\\\/autos\\\/wp-content\\\/uploads\\\/2015\\\/12\\\/rambler_sia_2015.jpg\",\"articleSection\":[\"Autos Eternos\"],\"inLanguage\":\"es\",\"potentialAction\":[{\"@type\":\"CommentAction\",\"name\":\"Comment\",\"target\":[\"http:\\\/\\\/autosdelpodio.com\\\/autos\\\/el-rambler-el-compacto-insignia-de-ika\\\/#respond\"]}]},{\"@type\":\"WebPage\",\"@id\":\"http:\\\/\\\/autosdelpodio.com\\\/autos\\\/el-rambler-el-compacto-insignia-de-ika\\\/\",\"url\":\"http:\\\/\\\/autosdelpodio.com\\\/autos\\\/el-rambler-el-compacto-insignia-de-ika\\\/\",\"name\":\"Autos del Podio | El Rambler, el compacto insignia de IKA\",\"isPartOf\":{\"@id\":\"http:\\\/\\\/autosdelpodio.com\\\/autos\\\/#website\"},\"primaryImageOfPage\":{\"@id\":\"http:\\\/\\\/autosdelpodio.com\\\/autos\\\/el-rambler-el-compacto-insignia-de-ika\\\/#primaryimage\"},\"image\":{\"@id\":\"http:\\\/\\\/autosdelpodio.com\\\/autos\\\/el-rambler-el-compacto-insignia-de-ika\\\/#primaryimage\"},\"thumbnailUrl\":\"http:\\\/\\\/autosdelpodio.com\\\/autos\\\/wp-content\\\/uploads\\\/2015\\\/12\\\/rambler_sia_2015.jpg\",\"datePublished\":\"2015-12-13T15:29:00+00:00\",\"description\":\"Autos del Podio\",\"breadcrumb\":{\"@id\":\"http:\\\/\\\/autosdelpodio.com\\\/autos\\\/el-rambler-el-compacto-insignia-de-ika\\\/#breadcrumb\"},\"inLanguage\":\"es\",\"potentialAction\":[{\"@type\":\"ReadAction\",\"target\":[\"http:\\\/\\\/autosdelpodio.com\\\/autos\\\/el-rambler-el-compacto-insignia-de-ika\\\/\"]}]},{\"@type\":\"ImageObject\",\"inLanguage\":\"es\",\"@id\":\"http:\\\/\\\/autosdelpodio.com\\\/autos\\\/el-rambler-el-compacto-insignia-de-ika\\\/#primaryimage\",\"url\":\"http:\\\/\\\/autosdelpodio.com\\\/autos\\\/wp-content\\\/uploads\\\/2015\\\/12\\\/rambler_sia_2015.jpg\",\"contentUrl\":\"http:\\\/\\\/autosdelpodio.com\\\/autos\\\/wp-content\\\/uploads\\\/2015\\\/12\\\/rambler_sia_2015.jpg\",\"width\":2035,\"height\":1397},{\"@type\":\"BreadcrumbList\",\"@id\":\"http:\\\/\\\/autosdelpodio.com\\\/autos\\\/el-rambler-el-compacto-insignia-de-ika\\\/#breadcrumb\",\"itemListElement\":[{\"@type\":\"ListItem\",\"position\":1,\"name\":\"Portada\",\"item\":\"http:\\\/\\\/autosdelpodio.com\\\/autos\\\/\"},{\"@type\":\"ListItem\",\"position\":2,\"name\":\"El Rambler, el compacto insignia de IKA\"}]},{\"@type\":\"WebSite\",\"@id\":\"http:\\\/\\\/autosdelpodio.com\\\/autos\\\/#website\",\"url\":\"http:\\\/\\\/autosdelpodio.com\\\/autos\\\/\",\"name\":\"Autos del Podio\",\"description\":\"La sexta del deporte motor\",\"publisher\":{\"@id\":\"http:\\\/\\\/autosdelpodio.com\\\/autos\\\/#organization\"},\"potentialAction\":[{\"@type\":\"SearchAction\",\"target\":{\"@type\":\"EntryPoint\",\"urlTemplate\":\"http:\\\/\\\/autosdelpodio.com\\\/autos\\\/?s={search_term_string}\"},\"query-input\":{\"@type\":\"PropertyValueSpecification\",\"valueRequired\":true,\"valueName\":\"search_term_string\"}}],\"inLanguage\":\"es\"},{\"@type\":\"Organization\",\"@id\":\"http:\\\/\\\/autosdelpodio.com\\\/autos\\\/#organization\",\"name\":\"Autos del Podio\",\"url\":\"http:\\\/\\\/autosdelpodio.com\\\/autos\\\/\",\"logo\":{\"@type\":\"ImageObject\",\"inLanguage\":\"es\",\"@id\":\"http:\\\/\\\/autosdelpodio.com\\\/autos\\\/#\\\/schema\\\/logo\\\/image\\\/\",\"url\":\"http:\\\/\\\/autosdelpodio.com\\\/autos\\\/wp-content\\\/uploads\\\/2020\\\/08\\\/Logo_AR.jpg\",\"contentUrl\":\"http:\\\/\\\/autosdelpodio.com\\\/autos\\\/wp-content\\\/uploads\\\/2020\\\/08\\\/Logo_AR.jpg\",\"width\":1038,\"height\":1044,\"caption\":\"Autos del Podio\"},\"image\":{\"@id\":\"http:\\\/\\\/autosdelpodio.com\\\/autos\\\/#\\\/schema\\\/logo\\\/image\\\/\"},\"sameAs\":[\"https:\\\/\\\/www.facebook.com\\\/profile.php?id=100057192590976&amp;amp;amp;amp;amp;amp;amp;amp;amp;amp;amp;amp;amp;amp;amp;amp;amp;amp;ref=ts\",\"https:\\\/\\\/x.com\\\/autosdelpodio\",\"https:\\\/\\\/www.youtube.com\\\/user\\\/AutosdelPodio\"]},{\"@type\":\"Person\",\"@id\":\"http:\\\/\\\/autosdelpodio.com\\\/autos\\\/#\\\/schema\\\/person\\\/e88353cabf768863fdf874e30120f3ba\",\"name\":\"wi022230\",\"image\":{\"@type\":\"ImageObject\",\"inLanguage\":\"es\",\"@id\":\"http:\\\/\\\/autosdelpodio.com\\\/autos\\\/wp-content\\\/litespeed\\\/avatar\\\/453fc9bdbb11d766ba4c7f14d0bd0aa9.jpg?ver=1777404874\",\"url\":\"http:\\\/\\\/autosdelpodio.com\\\/autos\\\/wp-content\\\/litespeed\\\/avatar\\\/453fc9bdbb11d766ba4c7f14d0bd0aa9.jpg?ver=1777404874\",\"contentUrl\":\"http:\\\/\\\/autosdelpodio.com\\\/autos\\\/wp-content\\\/litespeed\\\/avatar\\\/453fc9bdbb11d766ba4c7f14d0bd0aa9.jpg?ver=1777404874\",\"caption\":\"wi022230\"}}]}<\/script>\n<!-- \/ Yoast SEO plugin. -->","yoast_head_json":{"title":"Autos del Podio | El Rambler, el compacto insignia de IKA","description":"Autos del Podio","robots":{"index":"index","follow":"follow","max-snippet":"max-snippet:-1","max-image-preview":"max-image-preview:large","max-video-preview":"max-video-preview:-1"},"canonical":"http:\/\/autosdelpodio.com\/autos\/el-rambler-el-compacto-insignia-de-ika\/","og_locale":"es_ES","og_type":"article","og_title":"Autos del Podio | El Rambler, el compacto insignia de IKA","og_description":"Autos del Podio","og_url":"http:\/\/autosdelpodio.com\/autos\/el-rambler-el-compacto-insignia-de-ika\/","og_site_name":"Autos del Podio","article_publisher":"https:\/\/www.facebook.com\/profile.php?id=100057192590976&amp%3bamp%3bamp%3bamp%3bamp%3bamp%3bamp%3bamp%3bamp%3bamp%3bamp%3bamp%3bamp%3bamp%3bamp%3bamp%3bamp%3bamp%3bref=ts","article_published_time":"2015-12-13T15:29:00+00:00","og_image":[{"width":2035,"height":1397,"url":"http:\/\/autosdelpodio.com\/autos\/wp-content\/uploads\/2015\/12\/rambler_sia_2015.jpg","type":"image\/jpeg"}],"author":"wi022230","twitter_card":"summary_large_image","twitter_creator":"@autosdelpodio","twitter_site":"@autosdelpodio","twitter_misc":{"Escrito por":"wi022230","Tiempo de lectura":"3 minutos"},"schema":{"@context":"https:\/\/schema.org","@graph":[{"@type":"Article","@id":"http:\/\/autosdelpodio.com\/autos\/el-rambler-el-compacto-insignia-de-ika\/#article","isPartOf":{"@id":"http:\/\/autosdelpodio.com\/autos\/el-rambler-el-compacto-insignia-de-ika\/"},"author":{"name":"wi022230","@id":"http:\/\/autosdelpodio.com\/autos\/#\/schema\/person\/e88353cabf768863fdf874e30120f3ba"},"headline":"El Rambler, el compacto insignia de IKA","datePublished":"2015-12-13T15:29:00+00:00","mainEntityOfPage":{"@id":"http:\/\/autosdelpodio.com\/autos\/el-rambler-el-compacto-insignia-de-ika\/"},"wordCount":593,"commentCount":1,"publisher":{"@id":"http:\/\/autosdelpodio.com\/autos\/#organization"},"image":{"@id":"http:\/\/autosdelpodio.com\/autos\/el-rambler-el-compacto-insignia-de-ika\/#primaryimage"},"thumbnailUrl":"http:\/\/autosdelpodio.com\/autos\/wp-content\/uploads\/2015\/12\/rambler_sia_2015.jpg","articleSection":["Autos Eternos"],"inLanguage":"es","potentialAction":[{"@type":"CommentAction","name":"Comment","target":["http:\/\/autosdelpodio.com\/autos\/el-rambler-el-compacto-insignia-de-ika\/#respond"]}]},{"@type":"WebPage","@id":"http:\/\/autosdelpodio.com\/autos\/el-rambler-el-compacto-insignia-de-ika\/","url":"http:\/\/autosdelpodio.com\/autos\/el-rambler-el-compacto-insignia-de-ika\/","name":"Autos del Podio | El Rambler, el compacto insignia de IKA","isPartOf":{"@id":"http:\/\/autosdelpodio.com\/autos\/#website"},"primaryImageOfPage":{"@id":"http:\/\/autosdelpodio.com\/autos\/el-rambler-el-compacto-insignia-de-ika\/#primaryimage"},"image":{"@id":"http:\/\/autosdelpodio.com\/autos\/el-rambler-el-compacto-insignia-de-ika\/#primaryimage"},"thumbnailUrl":"http:\/\/autosdelpodio.com\/autos\/wp-content\/uploads\/2015\/12\/rambler_sia_2015.jpg","datePublished":"2015-12-13T15:29:00+00:00","description":"Autos del Podio","breadcrumb":{"@id":"http:\/\/autosdelpodio.com\/autos\/el-rambler-el-compacto-insignia-de-ika\/#breadcrumb"},"inLanguage":"es","potentialAction":[{"@type":"ReadAction","target":["http:\/\/autosdelpodio.com\/autos\/el-rambler-el-compacto-insignia-de-ika\/"]}]},{"@type":"ImageObject","inLanguage":"es","@id":"http:\/\/autosdelpodio.com\/autos\/el-rambler-el-compacto-insignia-de-ika\/#primaryimage","url":"http:\/\/autosdelpodio.com\/autos\/wp-content\/uploads\/2015\/12\/rambler_sia_2015.jpg","contentUrl":"http:\/\/autosdelpodio.com\/autos\/wp-content\/uploads\/2015\/12\/rambler_sia_2015.jpg","width":2035,"height":1397},{"@type":"BreadcrumbList","@id":"http:\/\/autosdelpodio.com\/autos\/el-rambler-el-compacto-insignia-de-ika\/#breadcrumb","itemListElement":[{"@type":"ListItem","position":1,"name":"Portada","item":"http:\/\/autosdelpodio.com\/autos\/"},{"@type":"ListItem","position":2,"name":"El Rambler, el compacto insignia de IKA"}]},{"@type":"WebSite","@id":"http:\/\/autosdelpodio.com\/autos\/#website","url":"http:\/\/autosdelpodio.com\/autos\/","name":"Autos del Podio","description":"La sexta del deporte motor","publisher":{"@id":"http:\/\/autosdelpodio.com\/autos\/#organization"},"potentialAction":[{"@type":"SearchAction","target":{"@type":"EntryPoint","urlTemplate":"http:\/\/autosdelpodio.com\/autos\/?s={search_term_string}"},"query-input":{"@type":"PropertyValueSpecification","valueRequired":true,"valueName":"search_term_string"}}],"inLanguage":"es"},{"@type":"Organization","@id":"http:\/\/autosdelpodio.com\/autos\/#organization","name":"Autos del Podio","url":"http:\/\/autosdelpodio.com\/autos\/","logo":{"@type":"ImageObject","inLanguage":"es","@id":"http:\/\/autosdelpodio.com\/autos\/#\/schema\/logo\/image\/","url":"http:\/\/autosdelpodio.com\/autos\/wp-content\/uploads\/2020\/08\/Logo_AR.jpg","contentUrl":"http:\/\/autosdelpodio.com\/autos\/wp-content\/uploads\/2020\/08\/Logo_AR.jpg","width":1038,"height":1044,"caption":"Autos del Podio"},"image":{"@id":"http:\/\/autosdelpodio.com\/autos\/#\/schema\/logo\/image\/"},"sameAs":["https:\/\/www.facebook.com\/profile.php?id=100057192590976&amp;amp;amp;amp;amp;amp;amp;amp;amp;amp;amp;amp;amp;amp;amp;amp;amp;amp;ref=ts","https:\/\/x.com\/autosdelpodio","https:\/\/www.youtube.com\/user\/AutosdelPodio"]},{"@type":"Person","@id":"http:\/\/autosdelpodio.com\/autos\/#\/schema\/person\/e88353cabf768863fdf874e30120f3ba","name":"wi022230","image":{"@type":"ImageObject","inLanguage":"es","@id":"http:\/\/autosdelpodio.com\/autos\/wp-content\/litespeed\/avatar\/453fc9bdbb11d766ba4c7f14d0bd0aa9.jpg?ver=1777404874","url":"http:\/\/autosdelpodio.com\/autos\/wp-content\/litespeed\/avatar\/453fc9bdbb11d766ba4c7f14d0bd0aa9.jpg?ver=1777404874","contentUrl":"http:\/\/autosdelpodio.com\/autos\/wp-content\/litespeed\/avatar\/453fc9bdbb11d766ba4c7f14d0bd0aa9.jpg?ver=1777404874","caption":"wi022230"}}]}},"views":1984,"_links":{"self":[{"href":"http:\/\/autosdelpodio.com\/autos\/wp-json\/wp\/v2\/posts\/1309","targetHints":{"allow":["GET"]}}],"collection":[{"href":"http:\/\/autosdelpodio.com\/autos\/wp-json\/wp\/v2\/posts"}],"about":[{"href":"http:\/\/autosdelpodio.com\/autos\/wp-json\/wp\/v2\/types\/post"}],"author":[{"embeddable":true,"href":"http:\/\/autosdelpodio.com\/autos\/wp-json\/wp\/v2\/users\/1"}],"replies":[{"embeddable":true,"href":"http:\/\/autosdelpodio.com\/autos\/wp-json\/wp\/v2\/comments?post=1309"}],"version-history":[{"count":0,"href":"http:\/\/autosdelpodio.com\/autos\/wp-json\/wp\/v2\/posts\/1309\/revisions"}],"wp:featuredmedia":[{"embeddable":true,"href":"http:\/\/autosdelpodio.com\/autos\/wp-json\/wp\/v2\/media\/1308"}],"wp:attachment":[{"href":"http:\/\/autosdelpodio.com\/autos\/wp-json\/wp\/v2\/media?parent=1309"}],"wp:term":[{"taxonomy":"category","embeddable":true,"href":"http:\/\/autosdelpodio.com\/autos\/wp-json\/wp\/v2\/categories?post=1309"},{"taxonomy":"post_tag","embeddable":true,"href":"http:\/\/autosdelpodio.com\/autos\/wp-json\/wp\/v2\/tags?post=1309"}],"curies":[{"name":"wp","href":"https:\/\/api.w.org\/{rel}","templated":true}]}}