{"id":1315,"date":"2015-12-22T23:20:31","date_gmt":"2015-12-22T23:20:31","guid":{"rendered":"http:\/\/autosdelpodio.com\/autos\/2015\/12\/22\/el-ano-calendario-del-automovilismo-argentino-2015-2\/"},"modified":"2015-12-22T23:20:31","modified_gmt":"2015-12-22T23:20:31","slug":"el-ano-calendario-del-automovilismo-argentino-2015-2","status":"publish","type":"post","link":"http:\/\/autosdelpodio.com\/autos\/el-ano-calendario-del-automovilismo-argentino-2015-2\/","title":{"rendered":"El a\u00f1o calendario del automovilismo argentino 2016"},"content":{"rendered":"<\/p>\n<p style=\"text-align: justify;\" mce_style=\"text-align: justify;\">A continuaci\u00f3n detallamos los calendarios de las 4 principales categor\u00edas del automovilismo nacional, con las fechas y escenarios de inicio hasta aqu\u00ed confirmadas.<\/p>\n<p style=\"text-align: justify;\" mce_style=\"text-align: justify;\"><b>TURISMO CARRETERA<\/b><\/p>\n<p>1\u00ba fecha \/ 21 de Febrero \u2013 Viedma &#8211; Rio Negro<\/p>\n<p>2\u00ba fecha \/ 6 de marzo -Autodromo Centenario &#8211; Neuquen<\/p>\n<p>3\u00ba fecha \/ &nbsp;27 de Marzo &#8211; Autodromo de Toay &#8211; La Pampa<\/p>\n<p>4\u00ba fecha \/ 17 de Abril &#8211;&nbsp;<span style=\"font-size: 12.16px; line-height: 15.808px;\" mce_style=\"font-size: 12.16px; line-height: 15.808px;\">Autodromo de Concordia &#8211; Entre Rios<\/span><\/p>\n<p>5\u00ba fecha \/ &nbsp;1 &nbsp;de mayo &#8211;&nbsp;<span style=\"font-size: 12.16px; line-height: 15.808px;\" mce_style=\"font-size: 12.16px; line-height: 15.808px;\">Autodromo de<\/span><span style=\"font-size: 12.16px; line-height: 1.3em;\" mce_style=\"font-size: 12.16px; line-height: 1.3em;\">&nbsp;Olavarria &#8211; Bs. AS.<\/span><\/p>\n<p>6\u00ba fecha \/ 22 de mayo &#8211; Autodromo Termas Rio Hondo &#8211; SDE<\/p>\n<p>7\u00ba fecha \/ 12 de junio &#8211;&nbsp;<span style=\"font-size: 12.16px; line-height: 15.808px;\" mce_style=\"font-size: 12.16px; line-height: 15.808px;\">Autodromo de Posadas &#8211; Misiones<\/span><\/p>\n<p>8\u00ba fecha \/ 26 de junio &#8211;&nbsp;<span style=\"font-size: 12.16px; line-height: 15.808px;\" mce_style=\"font-size: 12.16px; line-height: 15.808px;\">Autodromo de Concepci\u00f3n &#8211; Entre Rios<\/span><\/p>\n<p>9\u00ba fecha \/ 14 de agosto &#8211;&nbsp;<span style=\"font-size: 12.16px; line-height: 15.808px;\" mce_style=\"font-size: 12.16px; line-height: 15.808px;\">Autodromo de Rafaela &#8211; Santa Fe<\/span><\/p>\n<p>10\u00ba fecha \/ &nbsp;28 de agosto &#8211;&nbsp;<span style=\"font-size: 12.16px; line-height: 15.808px;\" mce_style=\"font-size: 12.16px; line-height: 15.808px;\">Autodromo de Paran\u00e1 &#8211; Entre Rios<\/span><\/p>\n<p>11\u00ba fecha \/ 11 de septiembre &#8211;&nbsp;<span style=\"font-size: 12.16px; line-height: 15.808px;\" mce_style=\"font-size: 12.16px; line-height: 15.808px;\">Autodromo Rosendo Hernandez &#8211; San Luis<\/span><\/p>\n<p>12\u00ba fecha \/ 2 de octubre&nbsp;<span style=\"font-size: 12.16px; line-height: 15.808px;\" mce_style=\"font-size: 12.16px; line-height: 15.808px;\">&nbsp;<\/span><span style=\"font-size: 12.16px; line-height: 15.808px;\" mce_style=\"font-size: 12.16px; line-height: 15.808px;\">Autodromo de Conc. del Uruguay<\/span><\/p>\n<p>13\u00ba fecha \/ 30 de octubre&nbsp;<span style=\"font-size: 12.16px; line-height: 15.808px;\" mce_style=\"font-size: 12.16px; line-height: 15.808px;\">&nbsp;<\/span><span style=\"font-size: 12.16px; line-height: 15.808px;\" mce_style=\"font-size: 12.16px; line-height: 15.808px;\">&nbsp;<\/span><span style=\"font-size: 12.16px; line-height: 15.808px;\" mce_style=\"font-size: 12.16px; line-height: 15.808px;\">Autodromo de Toay &#8211; La Pampa<\/span><\/p>\n<p>14\u00ba fecha \/ 13 de Noviembre &#8211;&nbsp;<span style=\"font-size: 12.16px; line-height: 15.808px;\" mce_style=\"font-size: 12.16px; line-height: 15.808px;\">&nbsp;<\/span><span style=\"font-size: 12.16px; line-height: 15.808px;\" mce_style=\"font-size: 12.16px; line-height: 15.808px;\">Autodromo de Trelew &#8211; Chubut<\/span><\/p>\n<p>15\u00ba fecha \/ 4 de Diciembre&nbsp;<span style=\"font-size: 12.16px; line-height: 15.808px;\" mce_style=\"font-size: 12.16px; line-height: 15.808px;\">&nbsp;<\/span><span style=\"font-size: 12.16px; line-height: 15.808px;\" mce_style=\"font-size: 12.16px; line-height: 15.808px;\">Autodromo Roberto Mouras &#8211; La Plata<\/span><\/p>\n<p><b>SUPER TC2000<\/b><\/p>\n<p>1<span style=\"font-size: 12.16px; line-height: 15.808px;\" mce_style=\"font-size: 12.16px; line-height: 15.808px;\">\u00ba fecha<\/span><span style=\"font-size: 12.16px; line-height: 1.3em;\" mce_style=\"font-size: 12.16px; line-height: 1.3em;\">&nbsp;-20 de Marzo &#8211; Autodromo Mar y Valle &#8211; Trelew<\/span><\/p>\n<p>2<span style=\"font-size: 12.16px; line-height: 15.808px;\" mce_style=\"font-size: 12.16px; line-height: 15.808px;\">\u00ba fecha<\/span><span style=\"font-size: 12.16px; line-height: 1.3em;\" mce_style=\"font-size: 12.16px; line-height: 1.3em;\">&#8211; 10 de Abril &#8211; Autodromo de Rosario &#8211; Santa Fe<\/span><\/p>\n<p>3<span style=\"font-size: 12.16px; line-height: 15.808px;\" mce_style=\"font-size: 12.16px; line-height: 15.808px;\">\u00ba fecha<\/span><span style=\"font-size: 12.16px; line-height: 1.3em;\" mce_style=\"font-size: 12.16px; line-height: 1.3em;\">&#8211; 8 de Mayo&nbsp;<\/span><span style=\"font-size: 12.16px; line-height: 15.808px;\" mce_style=\"font-size: 12.16px; line-height: 15.808px;\">&#8211; Autodromo de San Martin &#8211; Mendoza<\/span><\/p>\n<p>4<span style=\"font-size: 12.16px; line-height: 15.808px;\" mce_style=\"font-size: 12.16px; line-height: 15.808px;\">\u00ba fecha<\/span><span style=\"font-size: 12.16px; line-height: 1.3em;\" mce_style=\"font-size: 12.16px; line-height: 1.3em;\">&#8211; 29 de Mayo&nbsp;<\/span><span style=\"font-size: 12.16px; line-height: 15.808px;\" mce_style=\"font-size: 12.16px; line-height: 15.808px;\">&#8211; Autodromo Oscar Cabalen &#8211; Cordoba<\/span><\/p>\n<p>5<span style=\"font-size: 12.16px; line-height: 15.808px;\" mce_style=\"font-size: 12.16px; line-height: 15.808px;\">\u00ba fecha<\/span><span style=\"font-size: 12.16px; line-height: 1.3em;\" mce_style=\"font-size: 12.16px; line-height: 1.3em;\">&#8211; 19 de Junio &#8211;<\/span><span style=\"font-size: 12.16px; line-height: 15.808px;\" mce_style=\"font-size: 12.16px; line-height: 15.808px;\">Autodromo Termas Rio Hondo &#8211; SDE<\/span><\/p>\n<p>6<span style=\"font-size: 12.16px; line-height: 15.808px;\" mce_style=\"font-size: 12.16px; line-height: 15.808px;\">\u00ba fecha<\/span><span style=\"font-size: 12.16px; line-height: 1.3em;\" mce_style=\"font-size: 12.16px; line-height: 1.3em;\">&#8211; 3 de Julio&nbsp;<\/span><span style=\"font-size: 12.16px; line-height: 15.808px;\" mce_style=\"font-size: 12.16px; line-height: 15.808px;\">&#8211; Autodromo de Ober\u00e1 &#8211; Misiones<\/span><\/p>\n<p>7<span style=\"font-size: 12.16px; line-height: 15.808px;\" mce_style=\"font-size: 12.16px; line-height: 15.808px;\">\u00ba fecha<\/span><span style=\"font-size: 12.16px; line-height: 1.3em;\" mce_style=\"font-size: 12.16px; line-height: 1.3em;\">&nbsp;-31 de Julio &#8211;<\/span><span style=\"font-size: 12.16px; line-height: 15.808px;\" mce_style=\"font-size: 12.16px; line-height: 15.808px;\">&nbsp;Autodromo Juan y Oscar Galvez -CABA &#8211; 200 Km Buenos Aires<\/span><\/p>\n<p>8<span style=\"font-size: 12.16px; line-height: 15.808px;\" mce_style=\"font-size: 12.16px; line-height: 15.808px;\">\u00ba fecha<\/span><span style=\"font-size: 12.16px; line-height: 1.3em;\" mce_style=\"font-size: 12.16px; line-height: 1.3em;\">&#8211; 4 de Septiembre&nbsp;<\/span><span style=\"font-size: 12.16px; line-height: 15.808px;\" mce_style=\"font-size: 12.16px; line-height: 15.808px;\">&#8211; Callejero de Santa Fe &#8211; Santa Fe<\/span><\/p>\n<p>9<span style=\"font-size: 12.16px; line-height: 15.808px;\" mce_style=\"font-size: 12.16px; line-height: 15.808px;\">\u00ba fecha<\/span><span style=\"font-size: 12.16px; line-height: 1.3em;\" mce_style=\"font-size: 12.16px; line-height: 1.3em;\">&#8211; 25 de Septiembre&nbsp;<\/span><span style=\"font-size: 12.16px; line-height: 15.808px;\" mce_style=\"font-size: 12.16px; line-height: 15.808px;\">&#8211; Autodromo de Toay &#8211; La Pampa<\/span><\/p>\n<p>10<span style=\"font-size: 12.16px; line-height: 15.808px;\" mce_style=\"font-size: 12.16px; line-height: 15.808px;\">\u00ba fecha<\/span><span style=\"font-size: 12.16px; line-height: 1.3em;\" mce_style=\"font-size: 12.16px; line-height: 1.3em;\">&nbsp;-23 de Octubre&nbsp;<\/span><span style=\"font-size: 12.16px; line-height: 15.808px;\" mce_style=\"font-size: 12.16px; line-height: 15.808px;\">&#8211; Autodromo \u00abEl Zonda\u00bb Eduardo Copello &#8211; San Juan<\/span><\/p>\n<p>11<span style=\"font-size: 12.16px; line-height: 15.808px;\" mce_style=\"font-size: 12.16px; line-height: 15.808px;\">\u00ba fecha<\/span><span style=\"font-size: 12.16px; line-height: 1.3em;\" mce_style=\"font-size: 12.16px; line-height: 1.3em;\">&#8211; 6 de Noviembre &nbsp;&#8211; General Roca &#8211; Rio Negro<\/span><\/p>\n<p>12- 27 de Noviembre&nbsp;<span style=\"font-size: 12.16px; line-height: 15.808px;\" mce_style=\"font-size: 12.16px; line-height: 15.808px;\">&#8211; Cordoba- a confirmar<\/span><\/p>\n<p><b>TOP RACE V6<\/b><\/p>\n<p>1<span style=\"font-size: 12.16px; line-height: 15.808px;\" mce_style=\"font-size: 12.16px; line-height: 15.808px;\">\u00ba Fecha<\/span><span style=\"font-size: 12.16px; line-height: 1.3em;\" mce_style=\"font-size: 12.16px; line-height: 1.3em;\">&#8211; 13 de Marzo &#8211;&nbsp;<\/span><span style=\"font-size: 12.16px; line-height: 15.808px;\" mce_style=\"font-size: 12.16px; line-height: 15.808px;\">&nbsp;<\/span><span style=\"font-size: 12.16px; line-height: 15.808px;\" mce_style=\"font-size: 12.16px; line-height: 15.808px;\">Autodromo de&nbsp;<\/span><span style=\"font-size: 12.16px; line-height: 1.3em;\" mce_style=\"font-size: 12.16px; line-height: 1.3em;\">Paran\u00e1 (Entre R\u00edos)<\/span><\/p>\n<p>2<span style=\"font-size: 12.16px; line-height: 15.808px;\" mce_style=\"font-size: 12.16px; line-height: 15.808px;\">\u00ba Fecha<\/span><span style=\"font-size: 12.16px; line-height: 1.3em;\" mce_style=\"font-size: 12.16px; line-height: 1.3em;\">&#8211; 3 de Abril &#8211; Autodromo de 9 de Julio (Bs. As)<\/span><\/p>\n<p>3<span style=\"font-size: 12.16px; line-height: 15.808px;\" mce_style=\"font-size: 12.16px; line-height: 15.808px;\">\u00ba Fecha<\/span><span style=\"font-size: 12.16px; line-height: 1.3em;\" mce_style=\"font-size: 12.16px; line-height: 1.3em;\">&#8211; 24 de Abril &#8211;&nbsp;<\/span><span style=\"font-size: 12.16px; line-height: 15.808px;\" mce_style=\"font-size: 12.16px; line-height: 15.808px;\">&nbsp;<\/span><span style=\"font-size: 12.16px; line-height: 15.808px;\" mce_style=\"font-size: 12.16px; line-height: 15.808px;\">Autodromo de Termas de Rio Hondo &#8211; SDE<\/span><\/p>\n<p>4<span style=\"font-size: 12.16px; line-height: 15.808px;\" mce_style=\"font-size: 12.16px; line-height: 15.808px;\">\u00ba Fecha<\/span><span style=\"font-size: 12.16px; line-height: 1.3em;\" mce_style=\"font-size: 12.16px; line-height: 1.3em;\">&#8211; 15 de Mayo &#8211;&nbsp;<\/span><span style=\"font-size: 12.16px; line-height: 15.808px;\" mce_style=\"font-size: 12.16px; line-height: 15.808px;\">&nbsp;<\/span><span style=\"font-size: 12.16px; line-height: 15.808px;\" mce_style=\"font-size: 12.16px; line-height: 15.808px;\">Autodromo de Resistencia &#8211; Chaco<\/span><\/p>\n<p>5<span style=\"font-size: 12.16px; line-height: 15.808px;\" mce_style=\"font-size: 12.16px; line-height: 15.808px;\">\u00ba fecha&nbsp;<\/span><span style=\"font-size: 12.16px; line-height: 1.3em;\" mce_style=\"font-size: 12.16px; line-height: 1.3em;\">&#8211; 5 de Junio &#8211;&nbsp;<\/span><span mce_style=\"font-size: 12.16px; line-height: 1.3em;\" style=\"font-size: 12.16px; line-height: 1.3em;\">&nbsp;<\/span><span mce_style=\"font-size: 12.16px; line-height: 15.808px;\" style=\"font-size: 12.16px; line-height: 15.808px;\">Autodromo de<\/span><span mce_style=\"font-size: 12.16px; line-height: 1.3em;\" style=\"font-size: 12.16px; line-height: 1.3em;\">&nbsp;Concordia (Entre R\u00edos)<\/span><\/p>\n<p>6<span style=\"font-size: 12.16px; line-height: 15.808px;\" mce_style=\"font-size: 12.16px; line-height: 15.808px;\">\u00ba fecha<\/span><span style=\"font-size: 12.16px; line-height: 1.3em;\" mce_style=\"font-size: 12.16px; line-height: 1.3em;\">&#8211; 10 de Julio &#8211;&nbsp;<\/span><span style=\"font-size: 12.16px; line-height: 15.808px;\" mce_style=\"font-size: 12.16px; line-height: 15.808px;\">&nbsp;<\/span><span style=\"font-size: 12.16px; line-height: 15.808px;\" mce_style=\"font-size: 12.16px; line-height: 15.808px;\">Autodromo de Termas de Rio Hondo &#8211; SDE<\/span><\/p>\n<p>7<span style=\"font-size: 12.16px; line-height: 15.808px;\" mce_style=\"font-size: 12.16px; line-height: 15.808px;\">\u00ba fecha<\/span><span style=\"font-size: 12.16px; line-height: 1.3em;\" mce_style=\"font-size: 12.16px; line-height: 1.3em;\">&nbsp;&#8211; 24 de Julio &#8211;<\/span><span style=\"font-size: 12.16px; line-height: 1.3em;\" mce_style=\"font-size: 12.16px; line-height: 1.3em;\">&nbsp;<\/span><span mce_style=\"font-size: 12.16px; line-height: 15.808px;\" style=\"font-size: 12.16px; line-height: 15.808px;\">&nbsp;<\/span><span mce_style=\"font-size: 12.16px; line-height: 15.808px;\" style=\"font-size: 12.16px; line-height: 15.808px;\">Autodromo \u00abEl Zonda\u00bb &#8211; San Juan<\/span><\/p>\n<p>8<span style=\"font-size: 12.16px; line-height: 15.808px;\" mce_style=\"font-size: 12.16px; line-height: 15.808px;\">\u00ba fecha&nbsp;<\/span><span style=\"font-size: 12.16px; line-height: 1.3em;\" mce_style=\"font-size: 12.16px; line-height: 1.3em;\">&#8211; &nbsp;21 de Agosto &#8211;&nbsp;<\/span><span style=\"font-size: 12.16px; line-height: 15.808px;\" mce_style=\"font-size: 12.16px; line-height: 15.808px;\">Autodromo de Rosario &#8211; Santa Fe<\/span><\/p>\n<p>9<span style=\"font-size: 12.16px; line-height: 15.808px;\" mce_style=\"font-size: 12.16px; line-height: 15.808px;\">\u00ba fecha&nbsp;<\/span><span style=\"font-size: 12.16px; line-height: 1.3em;\" mce_style=\"font-size: 12.16px; line-height: 1.3em;\">&#8211; 18 de Septiembre &#8211;&nbsp;<\/span><span style=\"font-size: 12.16px; line-height: 15.808px;\" mce_style=\"font-size: 12.16px; line-height: 15.808px;\">Autodromo Conc. del Uruguay &#8211; Entre Rios<\/span><\/p>\n<p>10<span style=\"font-size: 12.16px; line-height: 15.808px;\" mce_style=\"font-size: 12.16px; line-height: 15.808px;\">\u00ba fecha&nbsp;<\/span><span style=\"font-size: 12.16px; line-height: 1.3em;\" mce_style=\"font-size: 12.16px; line-height: 1.3em;\">&#8211; 9 de octubre &#8211;&nbsp;<\/span><span style=\"font-size: 12.16px; line-height: 15.808px;\" mce_style=\"font-size: 12.16px; line-height: 15.808px;\">Autodromo de Rio Cuarto &#8211; C\u00f3rdoba<\/span><\/p>\n<p>11<span style=\"font-size: 12.16px; line-height: 15.808px;\" mce_style=\"font-size: 12.16px; line-height: 15.808px;\">\u00ba fecha&nbsp;<\/span><span style=\"font-size: 12.16px; line-height: 1.3em;\" mce_style=\"font-size: 12.16px; line-height: 1.3em;\">&#8211;&nbsp;<span style=\"font-size: 12.16px; line-height: 15.808px;\" mce_style=\"font-size: 12.16px; line-height: 15.808px;\">23 de Octubre<\/span>&nbsp;&#8211;&nbsp;<\/span><span style=\"font-size: 12.16px; line-height: 15.808px;\" mce_style=\"font-size: 12.16px; line-height: 15.808px;\">Autodromo M.M de Guemes &#8211; Salta&nbsp;<\/span><\/p>\n<p><span style=\"font-size: 12.16px; line-height: 15.808px;\" mce_style=\"font-size: 12.16px; line-height: 15.808px;\">12\u00b0 fecha &#8211; 20 de Noviembre &#8211; Autodromo de Paran\u00e1 &#8211; Entre R\u00edos<\/span><\/p>\n<p>13<span style=\"font-size: 12.16px; line-height: 15.808px;\" mce_style=\"font-size: 12.16px; line-height: 15.808px;\">\u00ba fecha&nbsp;<\/span>&#8211; 11 de Diciembre &#8211;&nbsp;<span style=\"font-size: 12.16px; line-height: 15.808px;\" mce_style=\"font-size: 12.16px; line-height: 15.808px;\">Autodromo&nbsp;<\/span><span style=\"font-size: 12.16px; line-height: 15.808px;\" mce_style=\"font-size: 12.16px; line-height: 15.808px;\">M.M de Guemes &#8211; Salta&nbsp;<\/span><\/p>\n<p><b>TURISMO NACIONAL<\/b><\/p>\n<p>1<span style=\"font-size: 12.16px; line-height: 15.808px;\" mce_style=\"font-size: 12.16px; line-height: 15.808px;\">\u00ba fecha<\/span><span style=\"font-size: 12.16px; line-height: 1.3em;\" mce_style=\"font-size: 12.16px; line-height: 1.3em;\">&#8211; &nbsp;14 de Febrero, La Plata (Buenos Aires)<\/span><\/p>\n<p>2<span style=\"font-size: 12.16px; line-height: 15.808px;\" mce_style=\"font-size: 12.16px; line-height: 15.808px;\">\u00ba fecha<\/span><span style=\"font-size: 12.16px; line-height: 1.3em;\" mce_style=\"font-size: 12.16px; line-height: 1.3em;\">&#8211; &nbsp;13 de Marzo Autodromo de San Jorge &#8211; Santa Fe<\/span><\/p>\n<p>3<span style=\"font-size: 12.16px; line-height: 15.808px;\" mce_style=\"font-size: 12.16px; line-height: 15.808px;\">\u00ba fecha<\/span><span style=\"font-size: 12.16px; line-height: 1.3em;\" mce_style=\"font-size: 12.16px; line-height: 1.3em;\">&#8211; 3 de Abril &#8211; Autodromo de Olavarria &#8211; Bs. As.<\/span><\/p>\n<p>4<span style=\"font-size: 12.16px; line-height: 15.808px;\" mce_style=\"font-size: 12.16px; line-height: 15.808px;\">\u00ba fecha<\/span><span style=\"font-size: 12.16px; line-height: 1.3em;\" mce_style=\"font-size: 12.16px; line-height: 1.3em;\">&nbsp;-24 de Abril &#8211;&nbsp;<\/span><span style=\"font-size: 12.16px; line-height: 15.808px;\" mce_style=\"font-size: 12.16px; line-height: 15.808px;\">Autodromo de San Luis<\/span><\/p>\n<p>5<span style=\"font-size: 12.16px; line-height: 15.808px;\" mce_style=\"font-size: 12.16px; line-height: 15.808px;\">\u00ba fecha<\/span><span style=\"font-size: 12.16px; line-height: 1.3em;\" mce_style=\"font-size: 12.16px; line-height: 1.3em;\">&#8211; 15 de Mayo&nbsp;<\/span><span style=\"font-size: 12.16px; line-height: 15.808px;\" mce_style=\"font-size: 12.16px; line-height: 15.808px;\">La Plata (Buenos Aires)<\/span><\/p>\n<p>6<span style=\"font-size: 12.16px; line-height: 15.808px;\" mce_style=\"font-size: 12.16px; line-height: 15.808px;\">\u00ba fecha &#8211;<\/span>&nbsp;5 de Junio&nbsp;Aut\u00f3dromo Ciudad de Paran\u00e1 &#8211; ER<\/p>\n<p>7<span style=\"font-size: 12.16px; line-height: 15.808px;\" mce_style=\"font-size: 12.16px; line-height: 15.808px;\">\u00ba fecha<\/span><span style=\"font-size: 12.16px; line-height: 1.3em;\" mce_style=\"font-size: 12.16px; line-height: 1.3em;\">&#8211; 17 de Julio &#8211; Autodromo de Posadas &#8211; Misiones<\/span><\/p>\n<p>8<span style=\"font-size: 12.16px; line-height: 15.808px;\" mce_style=\"font-size: 12.16px; line-height: 15.808px;\">\u00ba fecha<\/span><span style=\"font-size: 12.16px; line-height: 1.3em;\" mce_style=\"font-size: 12.16px; line-height: 1.3em;\">&nbsp;-7 de Agosto &#8211;<\/span><span style=\"font-size: 12.16px; line-height: 15.808px;\" mce_style=\"font-size: 12.16px; line-height: 15.808px;\">&nbsp;Autodromo Termas Rio Hondo &#8211; SDE<\/span><\/p>\n<p>9<span style=\"font-size: 12.16px; line-height: 15.808px;\" mce_style=\"font-size: 12.16px; line-height: 15.808px;\">\u00ba fecha<\/span><span style=\"font-size: 12.16px; line-height: 1.3em;\" mce_style=\"font-size: 12.16px; line-height: 1.3em;\">&#8211; 18 de Septiembre &#8211;&nbsp;Aut\u00f3dromo Parque de la Velocidad -Santa Fe<\/span><\/p>\n<p>10<span style=\"font-size: 12.16px; line-height: 15.808px;\" mce_style=\"font-size: 12.16px; line-height: 15.808px;\">\u00ba fecha<\/span><span style=\"font-size: 12.16px; line-height: 1.3em;\" mce_style=\"font-size: 12.16px; line-height: 1.3em;\">&nbsp;-9 de Octubre &#8211;&nbsp;Aut\u00f3dromo Oscar Cabalen &#8211; C\u00f3rdoba<\/span><\/p>\n<p>11<span style=\"font-size: 12.16px; line-height: 15.808px;\" mce_style=\"font-size: 12.16px; line-height: 15.808px;\">\u00ba fecha<\/span><span style=\"font-size: 12.16px; line-height: 1.3em;\" mce_style=\"font-size: 12.16px; line-height: 1.3em;\">&#8211; 20 de Noviembre &#8211;&nbsp;<\/span><span style=\"font-size: 12.16px;\" mce_style=\"font-size: 12.16px;\">&nbsp;<\/span><span style=\"font-size: 12.16px;\" mce_style=\"font-size: 12.16px;\">Autodromo de Posadas &#8211; Misiones<\/span><\/p>\n<p>12<span style=\"font-size: 12.16px; line-height: 15.808px;\" mce_style=\"font-size: 12.16px; line-height: 15.808px;\">\u00ba fecha&nbsp;<\/span>-11 de Diciembre &#8211;&nbsp;&nbsp; Aut\u00f3dromo Ciudad de Viedma -Rio Negro<\/p>\n","protected":false},"excerpt":{"rendered":"<p>A continuaci\u00f3n detallamos los calendarios de las 4 principales categor\u00edas del automovilismo nacional, con las fechas y escenarios de inicio<\/p>\n","protected":false},"author":1,"featured_media":1314,"comment_status":"open","ping_status":"open","sticky":false,"template":"","format":"standard","meta":{"colormag_page_container_layout":"default_layout","colormag_page_sidebar_layout":"default_layout","footnotes":""},"categories":[5],"tags":[],"class_list":["post-1315","post","type-post","status-publish","format-standard","has-post-thumbnail","hentry","category-latest-news"],"yoast_head":"<!-- This site is optimized with the Yoast SEO plugin v27.4 - https:\/\/yoast.com\/product\/yoast-seo-wordpress\/ -->\n<title>Autos del Podio | El a\u00f1o calendario del automovilismo argentino 2016<\/title>\n<meta name=\"description\" content=\"Autos del Podio\" \/>\n<meta name=\"robots\" content=\"index, follow, max-snippet:-1, max-image-preview:large, max-video-preview:-1\" \/>\n<link rel=\"canonical\" href=\"http:\/\/autosdelpodio.com\/autos\/el-ano-calendario-del-automovilismo-argentino-2015-2\/\" \/>\n<meta property=\"og:locale\" content=\"es_ES\" \/>\n<meta property=\"og:type\" content=\"article\" \/>\n<meta property=\"og:title\" content=\"Autos del Podio | El a\u00f1o calendario del automovilismo argentino 2016\" \/>\n<meta property=\"og:description\" content=\"Autos del Podio\" \/>\n<meta property=\"og:url\" content=\"http:\/\/autosdelpodio.com\/autos\/el-ano-calendario-del-automovilismo-argentino-2015-2\/\" \/>\n<meta property=\"og:site_name\" content=\"Autos del Podio\" \/>\n<meta property=\"article:publisher\" content=\"https:\/\/www.facebook.com\/profile.php?id=100057192590976&amp;amp%3bamp%3bamp%3bamp%3bamp%3bamp%3bamp%3bamp%3bamp%3bamp%3bamp%3bamp%3bamp%3bamp%3bamp%3bamp%3bamp%3bamp%3bref=ts\" \/>\n<meta property=\"article:published_time\" content=\"2015-12-22T23:20:31+00:00\" \/>\n<meta property=\"og:image\" content=\"http:\/\/autosdelpodio.com\/autos\/wp-content\/uploads\/2015\/12\/autdromo_mouras-e1732220442135.jpg\" \/>\n\t<meta property=\"og:image:width\" content=\"500\" \/>\n\t<meta property=\"og:image:height\" content=\"327\" \/>\n\t<meta property=\"og:image:type\" content=\"image\/jpeg\" \/>\n<meta name=\"author\" content=\"wi022230\" \/>\n<meta name=\"twitter:card\" content=\"summary_large_image\" \/>\n<meta name=\"twitter:creator\" content=\"@autosdelpodio\" \/>\n<meta name=\"twitter:site\" content=\"@autosdelpodio\" \/>\n<meta name=\"twitter:label1\" content=\"Escrito por\" \/>\n\t<meta name=\"twitter:data1\" content=\"wi022230\" \/>\n\t<meta name=\"twitter:label2\" content=\"Tiempo de lectura\" \/>\n\t<meta name=\"twitter:data2\" content=\"3 minutos\" \/>\n<script type=\"application\/ld+json\" class=\"yoast-schema-graph\">{\"@context\":\"https:\\\/\\\/schema.org\",\"@graph\":[{\"@type\":\"Article\",\"@id\":\"http:\\\/\\\/autosdelpodio.com\\\/autos\\\/el-ano-calendario-del-automovilismo-argentino-2015-2\\\/#article\",\"isPartOf\":{\"@id\":\"http:\\\/\\\/autosdelpodio.com\\\/autos\\\/el-ano-calendario-del-automovilismo-argentino-2015-2\\\/\"},\"author\":{\"name\":\"wi022230\",\"@id\":\"http:\\\/\\\/autosdelpodio.com\\\/autos\\\/#\\\/schema\\\/person\\\/e88353cabf768863fdf874e30120f3ba\"},\"headline\":\"El a\u00f1o calendario del automovilismo argentino 2016\",\"datePublished\":\"2015-12-22T23:20:31+00:00\",\"mainEntityOfPage\":{\"@id\":\"http:\\\/\\\/autosdelpodio.com\\\/autos\\\/el-ano-calendario-del-automovilismo-argentino-2015-2\\\/\"},\"wordCount\":670,\"commentCount\":0,\"publisher\":{\"@id\":\"http:\\\/\\\/autosdelpodio.com\\\/autos\\\/#organization\"},\"image\":{\"@id\":\"http:\\\/\\\/autosdelpodio.com\\\/autos\\\/el-ano-calendario-del-automovilismo-argentino-2015-2\\\/#primaryimage\"},\"thumbnailUrl\":\"http:\\\/\\\/autosdelpodio.com\\\/autos\\\/wp-content\\\/uploads\\\/2015\\\/12\\\/autdromo_mouras-e1732220442135.jpg\",\"articleSection\":[\"\u00daltimas noticias\"],\"inLanguage\":\"es\",\"potentialAction\":[{\"@type\":\"CommentAction\",\"name\":\"Comment\",\"target\":[\"http:\\\/\\\/autosdelpodio.com\\\/autos\\\/el-ano-calendario-del-automovilismo-argentino-2015-2\\\/#respond\"]}]},{\"@type\":\"WebPage\",\"@id\":\"http:\\\/\\\/autosdelpodio.com\\\/autos\\\/el-ano-calendario-del-automovilismo-argentino-2015-2\\\/\",\"url\":\"http:\\\/\\\/autosdelpodio.com\\\/autos\\\/el-ano-calendario-del-automovilismo-argentino-2015-2\\\/\",\"name\":\"Autos del Podio | El a\u00f1o calendario del automovilismo argentino 2016\",\"isPartOf\":{\"@id\":\"http:\\\/\\\/autosdelpodio.com\\\/autos\\\/#website\"},\"primaryImageOfPage\":{\"@id\":\"http:\\\/\\\/autosdelpodio.com\\\/autos\\\/el-ano-calendario-del-automovilismo-argentino-2015-2\\\/#primaryimage\"},\"image\":{\"@id\":\"http:\\\/\\\/autosdelpodio.com\\\/autos\\\/el-ano-calendario-del-automovilismo-argentino-2015-2\\\/#primaryimage\"},\"thumbnailUrl\":\"http:\\\/\\\/autosdelpodio.com\\\/autos\\\/wp-content\\\/uploads\\\/2015\\\/12\\\/autdromo_mouras-e1732220442135.jpg\",\"datePublished\":\"2015-12-22T23:20:31+00:00\",\"description\":\"Autos del Podio\",\"breadcrumb\":{\"@id\":\"http:\\\/\\\/autosdelpodio.com\\\/autos\\\/el-ano-calendario-del-automovilismo-argentino-2015-2\\\/#breadcrumb\"},\"inLanguage\":\"es\",\"potentialAction\":[{\"@type\":\"ReadAction\",\"target\":[\"http:\\\/\\\/autosdelpodio.com\\\/autos\\\/el-ano-calendario-del-automovilismo-argentino-2015-2\\\/\"]}]},{\"@type\":\"ImageObject\",\"inLanguage\":\"es\",\"@id\":\"http:\\\/\\\/autosdelpodio.com\\\/autos\\\/el-ano-calendario-del-automovilismo-argentino-2015-2\\\/#primaryimage\",\"url\":\"http:\\\/\\\/autosdelpodio.com\\\/autos\\\/wp-content\\\/uploads\\\/2015\\\/12\\\/autdromo_mouras-e1732220442135.jpg\",\"contentUrl\":\"http:\\\/\\\/autosdelpodio.com\\\/autos\\\/wp-content\\\/uploads\\\/2015\\\/12\\\/autdromo_mouras-e1732220442135.jpg\",\"width\":500,\"height\":327},{\"@type\":\"BreadcrumbList\",\"@id\":\"http:\\\/\\\/autosdelpodio.com\\\/autos\\\/el-ano-calendario-del-automovilismo-argentino-2015-2\\\/#breadcrumb\",\"itemListElement\":[{\"@type\":\"ListItem\",\"position\":1,\"name\":\"Portada\",\"item\":\"http:\\\/\\\/autosdelpodio.com\\\/autos\\\/\"},{\"@type\":\"ListItem\",\"position\":2,\"name\":\"El a\u00f1o calendario del automovilismo argentino 2016\"}]},{\"@type\":\"WebSite\",\"@id\":\"http:\\\/\\\/autosdelpodio.com\\\/autos\\\/#website\",\"url\":\"http:\\\/\\\/autosdelpodio.com\\\/autos\\\/\",\"name\":\"Autos del Podio\",\"description\":\"La sexta del deporte motor\",\"publisher\":{\"@id\":\"http:\\\/\\\/autosdelpodio.com\\\/autos\\\/#organization\"},\"potentialAction\":[{\"@type\":\"SearchAction\",\"target\":{\"@type\":\"EntryPoint\",\"urlTemplate\":\"http:\\\/\\\/autosdelpodio.com\\\/autos\\\/?s={search_term_string}\"},\"query-input\":{\"@type\":\"PropertyValueSpecification\",\"valueRequired\":true,\"valueName\":\"search_term_string\"}}],\"inLanguage\":\"es\"},{\"@type\":\"Organization\",\"@id\":\"http:\\\/\\\/autosdelpodio.com\\\/autos\\\/#organization\",\"name\":\"Autos del Podio\",\"url\":\"http:\\\/\\\/autosdelpodio.com\\\/autos\\\/\",\"logo\":{\"@type\":\"ImageObject\",\"inLanguage\":\"es\",\"@id\":\"http:\\\/\\\/autosdelpodio.com\\\/autos\\\/#\\\/schema\\\/logo\\\/image\\\/\",\"url\":\"http:\\\/\\\/autosdelpodio.com\\\/autos\\\/wp-content\\\/uploads\\\/2020\\\/08\\\/Logo_AR.jpg\",\"contentUrl\":\"http:\\\/\\\/autosdelpodio.com\\\/autos\\\/wp-content\\\/uploads\\\/2020\\\/08\\\/Logo_AR.jpg\",\"width\":1038,\"height\":1044,\"caption\":\"Autos del Podio\"},\"image\":{\"@id\":\"http:\\\/\\\/autosdelpodio.com\\\/autos\\\/#\\\/schema\\\/logo\\\/image\\\/\"},\"sameAs\":[\"https:\\\/\\\/www.facebook.com\\\/profile.php?id=100057192590976&amp;amp;amp;amp;amp;amp;amp;amp;amp;amp;amp;amp;amp;amp;amp;amp;amp;amp;ref=ts\",\"https:\\\/\\\/x.com\\\/autosdelpodio\",\"https:\\\/\\\/www.youtube.com\\\/user\\\/AutosdelPodio\"]},{\"@type\":\"Person\",\"@id\":\"http:\\\/\\\/autosdelpodio.com\\\/autos\\\/#\\\/schema\\\/person\\\/e88353cabf768863fdf874e30120f3ba\",\"name\":\"wi022230\",\"image\":{\"@type\":\"ImageObject\",\"inLanguage\":\"es\",\"@id\":\"http:\\\/\\\/autosdelpodio.com\\\/autos\\\/wp-content\\\/litespeed\\\/avatar\\\/453fc9bdbb11d766ba4c7f14d0bd0aa9.jpg?ver=1776800006\",\"url\":\"http:\\\/\\\/autosdelpodio.com\\\/autos\\\/wp-content\\\/litespeed\\\/avatar\\\/453fc9bdbb11d766ba4c7f14d0bd0aa9.jpg?ver=1776800006\",\"contentUrl\":\"http:\\\/\\\/autosdelpodio.com\\\/autos\\\/wp-content\\\/litespeed\\\/avatar\\\/453fc9bdbb11d766ba4c7f14d0bd0aa9.jpg?ver=1776800006\",\"caption\":\"wi022230\"}}]}<\/script>\n<!-- \/ Yoast SEO plugin. -->","yoast_head_json":{"title":"Autos del Podio | El a\u00f1o calendario del automovilismo argentino 2016","description":"Autos del Podio","robots":{"index":"index","follow":"follow","max-snippet":"max-snippet:-1","max-image-preview":"max-image-preview:large","max-video-preview":"max-video-preview:-1"},"canonical":"http:\/\/autosdelpodio.com\/autos\/el-ano-calendario-del-automovilismo-argentino-2015-2\/","og_locale":"es_ES","og_type":"article","og_title":"Autos del Podio | El a\u00f1o calendario del automovilismo argentino 2016","og_description":"Autos del Podio","og_url":"http:\/\/autosdelpodio.com\/autos\/el-ano-calendario-del-automovilismo-argentino-2015-2\/","og_site_name":"Autos del Podio","article_publisher":"https:\/\/www.facebook.com\/profile.php?id=100057192590976&amp%3bamp%3bamp%3bamp%3bamp%3bamp%3bamp%3bamp%3bamp%3bamp%3bamp%3bamp%3bamp%3bamp%3bamp%3bamp%3bamp%3bamp%3bref=ts","article_published_time":"2015-12-22T23:20:31+00:00","og_image":[{"width":500,"height":327,"url":"http:\/\/autosdelpodio.com\/autos\/wp-content\/uploads\/2015\/12\/autdromo_mouras-e1732220442135.jpg","type":"image\/jpeg"}],"author":"wi022230","twitter_card":"summary_large_image","twitter_creator":"@autosdelpodio","twitter_site":"@autosdelpodio","twitter_misc":{"Escrito por":"wi022230","Tiempo de lectura":"3 minutos"},"schema":{"@context":"https:\/\/schema.org","@graph":[{"@type":"Article","@id":"http:\/\/autosdelpodio.com\/autos\/el-ano-calendario-del-automovilismo-argentino-2015-2\/#article","isPartOf":{"@id":"http:\/\/autosdelpodio.com\/autos\/el-ano-calendario-del-automovilismo-argentino-2015-2\/"},"author":{"name":"wi022230","@id":"http:\/\/autosdelpodio.com\/autos\/#\/schema\/person\/e88353cabf768863fdf874e30120f3ba"},"headline":"El a\u00f1o calendario del automovilismo argentino 2016","datePublished":"2015-12-22T23:20:31+00:00","mainEntityOfPage":{"@id":"http:\/\/autosdelpodio.com\/autos\/el-ano-calendario-del-automovilismo-argentino-2015-2\/"},"wordCount":670,"commentCount":0,"publisher":{"@id":"http:\/\/autosdelpodio.com\/autos\/#organization"},"image":{"@id":"http:\/\/autosdelpodio.com\/autos\/el-ano-calendario-del-automovilismo-argentino-2015-2\/#primaryimage"},"thumbnailUrl":"http:\/\/autosdelpodio.com\/autos\/wp-content\/uploads\/2015\/12\/autdromo_mouras-e1732220442135.jpg","articleSection":["\u00daltimas noticias"],"inLanguage":"es","potentialAction":[{"@type":"CommentAction","name":"Comment","target":["http:\/\/autosdelpodio.com\/autos\/el-ano-calendario-del-automovilismo-argentino-2015-2\/#respond"]}]},{"@type":"WebPage","@id":"http:\/\/autosdelpodio.com\/autos\/el-ano-calendario-del-automovilismo-argentino-2015-2\/","url":"http:\/\/autosdelpodio.com\/autos\/el-ano-calendario-del-automovilismo-argentino-2015-2\/","name":"Autos del Podio | El a\u00f1o calendario del automovilismo argentino 2016","isPartOf":{"@id":"http:\/\/autosdelpodio.com\/autos\/#website"},"primaryImageOfPage":{"@id":"http:\/\/autosdelpodio.com\/autos\/el-ano-calendario-del-automovilismo-argentino-2015-2\/#primaryimage"},"image":{"@id":"http:\/\/autosdelpodio.com\/autos\/el-ano-calendario-del-automovilismo-argentino-2015-2\/#primaryimage"},"thumbnailUrl":"http:\/\/autosdelpodio.com\/autos\/wp-content\/uploads\/2015\/12\/autdromo_mouras-e1732220442135.jpg","datePublished":"2015-12-22T23:20:31+00:00","description":"Autos del Podio","breadcrumb":{"@id":"http:\/\/autosdelpodio.com\/autos\/el-ano-calendario-del-automovilismo-argentino-2015-2\/#breadcrumb"},"inLanguage":"es","potentialAction":[{"@type":"ReadAction","target":["http:\/\/autosdelpodio.com\/autos\/el-ano-calendario-del-automovilismo-argentino-2015-2\/"]}]},{"@type":"ImageObject","inLanguage":"es","@id":"http:\/\/autosdelpodio.com\/autos\/el-ano-calendario-del-automovilismo-argentino-2015-2\/#primaryimage","url":"http:\/\/autosdelpodio.com\/autos\/wp-content\/uploads\/2015\/12\/autdromo_mouras-e1732220442135.jpg","contentUrl":"http:\/\/autosdelpodio.com\/autos\/wp-content\/uploads\/2015\/12\/autdromo_mouras-e1732220442135.jpg","width":500,"height":327},{"@type":"BreadcrumbList","@id":"http:\/\/autosdelpodio.com\/autos\/el-ano-calendario-del-automovilismo-argentino-2015-2\/#breadcrumb","itemListElement":[{"@type":"ListItem","position":1,"name":"Portada","item":"http:\/\/autosdelpodio.com\/autos\/"},{"@type":"ListItem","position":2,"name":"El a\u00f1o calendario del automovilismo argentino 2016"}]},{"@type":"WebSite","@id":"http:\/\/autosdelpodio.com\/autos\/#website","url":"http:\/\/autosdelpodio.com\/autos\/","name":"Autos del Podio","description":"La sexta del deporte motor","publisher":{"@id":"http:\/\/autosdelpodio.com\/autos\/#organization"},"potentialAction":[{"@type":"SearchAction","target":{"@type":"EntryPoint","urlTemplate":"http:\/\/autosdelpodio.com\/autos\/?s={search_term_string}"},"query-input":{"@type":"PropertyValueSpecification","valueRequired":true,"valueName":"search_term_string"}}],"inLanguage":"es"},{"@type":"Organization","@id":"http:\/\/autosdelpodio.com\/autos\/#organization","name":"Autos del Podio","url":"http:\/\/autosdelpodio.com\/autos\/","logo":{"@type":"ImageObject","inLanguage":"es","@id":"http:\/\/autosdelpodio.com\/autos\/#\/schema\/logo\/image\/","url":"http:\/\/autosdelpodio.com\/autos\/wp-content\/uploads\/2020\/08\/Logo_AR.jpg","contentUrl":"http:\/\/autosdelpodio.com\/autos\/wp-content\/uploads\/2020\/08\/Logo_AR.jpg","width":1038,"height":1044,"caption":"Autos del Podio"},"image":{"@id":"http:\/\/autosdelpodio.com\/autos\/#\/schema\/logo\/image\/"},"sameAs":["https:\/\/www.facebook.com\/profile.php?id=100057192590976&amp;amp;amp;amp;amp;amp;amp;amp;amp;amp;amp;amp;amp;amp;amp;amp;amp;amp;ref=ts","https:\/\/x.com\/autosdelpodio","https:\/\/www.youtube.com\/user\/AutosdelPodio"]},{"@type":"Person","@id":"http:\/\/autosdelpodio.com\/autos\/#\/schema\/person\/e88353cabf768863fdf874e30120f3ba","name":"wi022230","image":{"@type":"ImageObject","inLanguage":"es","@id":"http:\/\/autosdelpodio.com\/autos\/wp-content\/litespeed\/avatar\/453fc9bdbb11d766ba4c7f14d0bd0aa9.jpg?ver=1776800006","url":"http:\/\/autosdelpodio.com\/autos\/wp-content\/litespeed\/avatar\/453fc9bdbb11d766ba4c7f14d0bd0aa9.jpg?ver=1776800006","contentUrl":"http:\/\/autosdelpodio.com\/autos\/wp-content\/litespeed\/avatar\/453fc9bdbb11d766ba4c7f14d0bd0aa9.jpg?ver=1776800006","caption":"wi022230"}}]}},"views":470,"_links":{"self":[{"href":"http:\/\/autosdelpodio.com\/autos\/wp-json\/wp\/v2\/posts\/1315","targetHints":{"allow":["GET"]}}],"collection":[{"href":"http:\/\/autosdelpodio.com\/autos\/wp-json\/wp\/v2\/posts"}],"about":[{"href":"http:\/\/autosdelpodio.com\/autos\/wp-json\/wp\/v2\/types\/post"}],"author":[{"embeddable":true,"href":"http:\/\/autosdelpodio.com\/autos\/wp-json\/wp\/v2\/users\/1"}],"replies":[{"embeddable":true,"href":"http:\/\/autosdelpodio.com\/autos\/wp-json\/wp\/v2\/comments?post=1315"}],"version-history":[{"count":0,"href":"http:\/\/autosdelpodio.com\/autos\/wp-json\/wp\/v2\/posts\/1315\/revisions"}],"wp:featuredmedia":[{"embeddable":true,"href":"http:\/\/autosdelpodio.com\/autos\/wp-json\/wp\/v2\/media\/1314"}],"wp:attachment":[{"href":"http:\/\/autosdelpodio.com\/autos\/wp-json\/wp\/v2\/media?parent=1315"}],"wp:term":[{"taxonomy":"category","embeddable":true,"href":"http:\/\/autosdelpodio.com\/autos\/wp-json\/wp\/v2\/categories?post=1315"},{"taxonomy":"post_tag","embeddable":true,"href":"http:\/\/autosdelpodio.com\/autos\/wp-json\/wp\/v2\/tags?post=1315"}],"curies":[{"name":"wp","href":"https:\/\/api.w.org\/{rel}","templated":true}]}}