{"id":1325,"date":"2016-01-17T16:45:27","date_gmt":"2016-01-17T16:45:27","guid":{"rendered":"http:\/\/autosdelpodio.com\/autos\/2016\/01\/17\/expo-auto-argentino-2016\/"},"modified":"2016-01-17T16:45:27","modified_gmt":"2016-01-17T16:45:27","slug":"expo-auto-argentino-2016","status":"publish","type":"post","link":"http:\/\/autosdelpodio.com\/autos\/expo-auto-argentino-2016\/","title":{"rendered":"Expo Auto Argentino 2016"},"content":{"rendered":"<p style=\"text-align: center;\" mce_style=\"text-align: center;\"><\/p>\n<p style=\"text-align: justify;\" mce_style=\"text-align: justify;\"><b>EVENTO REPROGRAMADO: NUEVA FECHA 15\/5<\/b><\/p>\n<p style=\"text-align: justify;\" mce_style=\"text-align: justify;\">El Rotary Club de Francisco \u00c1lvarez, Coche Argentino y Autohistoria tienen el agrado de invitarlos a participar de la 7\u00aa edici\u00f3n de Expo Auto Argentino, la muestra \u00edntegramente destinada a veh\u00edculos de fabricaci\u00f3n nacional de valor hist\u00f3rico.<\/p>\n<p style=\"text-align: justify;\" mce_style=\"text-align: justify;\">El evento tendr\u00e1 lugar el d\u00eda domingo 15 de Mayo de 2016, en el predio lindero con el Club de Campo \u00abLa Tradici\u00f3n\u00bb, ubicado en Jos\u00e9 Mir\u00f3 y Ruta Provincial N\u00ba 7, Francisco \u00c1lvarez, Partido de Moreno.<\/p>\n<p style=\"text-align: justify;\" mce_style=\"text-align: justify;\">El espacio es amplio y cerrado dispondr\u00e1 de servicios de seguridad, sanitarios y buffet. La apertura al p\u00fablico ser\u00e1 a partir de las 10 h y se extender\u00e1 hasta las 17 h.<\/p>\n<p style=\"text-align: justify;\" mce_style=\"text-align: justify;\">En esta edici\u00f3n, el eje tem\u00e1tico estar\u00e1 orientado a celebrar el 50\u00ba aniversario de un \u00edcono del autom\u00f3vil argentino: EL TORINO<\/p>\n<p style=\"text-align: justify;\" mce_style=\"text-align: justify;\">Al cierre del encuentro, se realizar\u00e1 la elecci\u00f3n del mejor veh\u00edculo exhibido a trav\u00e9s del voto del p\u00fablico asistente. Adem\u00e1s, est\u00e1 previsto un Concurso de Estado organizado por un un jurado de especialistas de la Federaci\u00f3n Argentina de Clubes de Automotores Hist\u00f3ricos (FACAH).<\/p>\n<p style=\"text-align: justify;\" mce_style=\"text-align: justify;\">Con el objetivo de lograr una adecuada organizaci\u00f3n, estamos habilitando un registro de pre-inscripci\u00f3n de veh\u00edculos.<\/p>\n<p style=\"text-align: justify;\" mce_style=\"text-align: justify;\">Rogamos a los particulares interesados en participar que completen el formulario de inscripci\u00f3n en el link adjunto para cada veh\u00edculo y lo re-env\u00eden junto con 3 fotos del mismo (3\/4 traseros, 3\/4 delanteros e interior, a este correo: expoautoalvarez@gmail.com<\/p>\n<p style=\"text-align: justify;\" mce_style=\"text-align: justify;\"><a href=\"http:\/\/www.autohistoria.com.ar\/EAA\/inscripcion2016.htm\" target=\"_blank\" rel=\"noopener noreferrer\">http:\/\/www.autohistoria.com.ar\/EAA\/inscripcion2016.htm<\/a><\/p>\n<p style=\"text-align: justify;\" mce_style=\"text-align: justify;\">Recordamos que los autos a exponer deber\u00e1n estar inscriptos previamente, no podr\u00e1n ingresar veh\u00edculos que no cumplan con ese requisito.<\/p>\n<p style=\"text-align: justify;\" mce_style=\"text-align: justify;\">La organizaci\u00f3n del evento les recuerda que:<\/p>\n<p style=\"text-align: justify;\" mce_style=\"text-align: justify;\">&#8211; Los veh\u00edculos no podr\u00e1n ingresar al predio despu\u00e9s de las 10 hs.<\/p>\n<p style=\"text-align: justify;\" mce_style=\"text-align: justify;\">&#8211; Los veh\u00edculos no podr\u00e1n estar en marcha ni circular dentro del predio en el horario de la exposici\u00f3n.<\/p>\n<p style=\"text-align: justify;\" mce_style=\"text-align: justify;\">&#8211; Los veh\u00edculos no podr\u00e1n salir del predio hasta las 17 hs.<\/p>\n<p style=\"text-align: justify;\" mce_style=\"text-align: justify;\">&#8211; Est\u00e1 prohibido encender fuego dentro del predio.<\/p>\n<p style=\"text-align: justify;\" mce_style=\"text-align: justify;\">Convencidos de lograr un nuevo \u00e9xito, tanto en convocatoria de expositores como en p\u00fablico en general, los invitamos para que nos acompa\u00f1en en esta nueva edici\u00f3n de Expo Auto Argentino.<\/p>\n<p style=\"text-align: justify;\" mce_style=\"text-align: justify;\">* en caso de lluvia la exposici\u00f3n se realiza el domingo 24 de abril<\/p>\n<p style=\"text-align: justify;\" mce_style=\"text-align: justify;\">Cordiales saludos<\/p>\n<p style=\"text-align: justify;\" mce_style=\"text-align: justify;\">Rotary Club Francisco \u00c1lvarez<\/p>\n<p style=\"text-align: justify;\" mce_style=\"text-align: justify;\">www.cocheargentino.com.ar<\/p>\n<p style=\"text-align: justify;\" mce_style=\"text-align: justify;\">www.autohistoria.com.ar<\/p>\n","protected":false},"excerpt":{"rendered":"<p>EVENTO REPROGRAMADO: NUEVA FECHA 15\/5 El Rotary Club de Francisco \u00c1lvarez, Coche Argentino y Autohistoria tienen el agrado de invitarlos<\/p>\n","protected":false},"author":1,"featured_media":1324,"comment_status":"open","ping_status":"open","sticky":false,"template":"","format":"standard","meta":{"colormag_page_container_layout":"default_layout","colormag_page_sidebar_layout":"default_layout","footnotes":""},"categories":[5],"tags":[],"class_list":["post-1325","post","type-post","status-publish","format-standard","has-post-thumbnail","hentry","category-latest-news"],"yoast_head":"<!-- This site is optimized with the Yoast SEO plugin v27.5 - https:\/\/yoast.com\/product\/yoast-seo-wordpress\/ -->\n<title>Autos del Podio | Expo Auto Argentino 2016<\/title>\n<meta name=\"description\" content=\"Autos del Podio\" \/>\n<meta name=\"robots\" content=\"index, follow, max-snippet:-1, max-image-preview:large, max-video-preview:-1\" \/>\n<link rel=\"canonical\" href=\"http:\/\/autosdelpodio.com\/autos\/expo-auto-argentino-2016\/\" \/>\n<meta property=\"og:locale\" content=\"es_ES\" \/>\n<meta property=\"og:type\" content=\"article\" \/>\n<meta property=\"og:title\" content=\"Autos del Podio | Expo Auto Argentino 2016\" \/>\n<meta property=\"og:description\" content=\"Autos del Podio\" \/>\n<meta property=\"og:url\" content=\"http:\/\/autosdelpodio.com\/autos\/expo-auto-argentino-2016\/\" \/>\n<meta property=\"og:site_name\" content=\"Autos del Podio\" \/>\n<meta property=\"article:publisher\" content=\"https:\/\/www.facebook.com\/profile.php?id=100057192590976&amp;amp%3bamp%3bamp%3bamp%3bamp%3bamp%3bamp%3bamp%3bamp%3bamp%3bamp%3bamp%3bamp%3bamp%3bamp%3bamp%3bamp%3bamp%3bref=ts\" \/>\n<meta property=\"article:published_time\" content=\"2016-01-17T16:45:27+00:00\" \/>\n<meta property=\"og:image\" content=\"http:\/\/autosdelpodio.com\/autos\/wp-content\/uploads\/2016\/01\/expo_auto_arg-e1675898943359.jpg\" \/>\n\t<meta property=\"og:image:width\" content=\"500\" \/>\n\t<meta property=\"og:image:height\" content=\"347\" \/>\n\t<meta property=\"og:image:type\" content=\"image\/jpeg\" \/>\n<meta name=\"author\" content=\"wi022230\" \/>\n<meta name=\"twitter:card\" content=\"summary_large_image\" \/>\n<meta name=\"twitter:creator\" content=\"@autosdelpodio\" \/>\n<meta name=\"twitter:site\" content=\"@autosdelpodio\" \/>\n<meta name=\"twitter:label1\" content=\"Escrito por\" \/>\n\t<meta name=\"twitter:data1\" content=\"wi022230\" \/>\n\t<meta name=\"twitter:label2\" content=\"Tiempo de lectura\" \/>\n\t<meta name=\"twitter:data2\" content=\"2 minutos\" \/>\n<script type=\"application\/ld+json\" class=\"yoast-schema-graph\">{\"@context\":\"https:\\\/\\\/schema.org\",\"@graph\":[{\"@type\":\"Article\",\"@id\":\"http:\\\/\\\/autosdelpodio.com\\\/autos\\\/expo-auto-argentino-2016\\\/#article\",\"isPartOf\":{\"@id\":\"http:\\\/\\\/autosdelpodio.com\\\/autos\\\/expo-auto-argentino-2016\\\/\"},\"author\":{\"name\":\"wi022230\",\"@id\":\"http:\\\/\\\/autosdelpodio.com\\\/autos\\\/#\\\/schema\\\/person\\\/e88353cabf768863fdf874e30120f3ba\"},\"headline\":\"Expo Auto Argentino 2016\",\"datePublished\":\"2016-01-17T16:45:27+00:00\",\"mainEntityOfPage\":{\"@id\":\"http:\\\/\\\/autosdelpodio.com\\\/autos\\\/expo-auto-argentino-2016\\\/\"},\"wordCount\":404,\"commentCount\":0,\"publisher\":{\"@id\":\"http:\\\/\\\/autosdelpodio.com\\\/autos\\\/#organization\"},\"image\":{\"@id\":\"http:\\\/\\\/autosdelpodio.com\\\/autos\\\/expo-auto-argentino-2016\\\/#primaryimage\"},\"thumbnailUrl\":\"http:\\\/\\\/autosdelpodio.com\\\/autos\\\/wp-content\\\/uploads\\\/2016\\\/01\\\/expo_auto_arg-e1675898943359.jpg\",\"articleSection\":[\"\u00daltimas noticias\"],\"inLanguage\":\"es\",\"potentialAction\":[{\"@type\":\"CommentAction\",\"name\":\"Comment\",\"target\":[\"http:\\\/\\\/autosdelpodio.com\\\/autos\\\/expo-auto-argentino-2016\\\/#respond\"]}]},{\"@type\":\"WebPage\",\"@id\":\"http:\\\/\\\/autosdelpodio.com\\\/autos\\\/expo-auto-argentino-2016\\\/\",\"url\":\"http:\\\/\\\/autosdelpodio.com\\\/autos\\\/expo-auto-argentino-2016\\\/\",\"name\":\"Autos del Podio | Expo Auto Argentino 2016\",\"isPartOf\":{\"@id\":\"http:\\\/\\\/autosdelpodio.com\\\/autos\\\/#website\"},\"primaryImageOfPage\":{\"@id\":\"http:\\\/\\\/autosdelpodio.com\\\/autos\\\/expo-auto-argentino-2016\\\/#primaryimage\"},\"image\":{\"@id\":\"http:\\\/\\\/autosdelpodio.com\\\/autos\\\/expo-auto-argentino-2016\\\/#primaryimage\"},\"thumbnailUrl\":\"http:\\\/\\\/autosdelpodio.com\\\/autos\\\/wp-content\\\/uploads\\\/2016\\\/01\\\/expo_auto_arg-e1675898943359.jpg\",\"datePublished\":\"2016-01-17T16:45:27+00:00\",\"description\":\"Autos del Podio\",\"breadcrumb\":{\"@id\":\"http:\\\/\\\/autosdelpodio.com\\\/autos\\\/expo-auto-argentino-2016\\\/#breadcrumb\"},\"inLanguage\":\"es\",\"potentialAction\":[{\"@type\":\"ReadAction\",\"target\":[\"http:\\\/\\\/autosdelpodio.com\\\/autos\\\/expo-auto-argentino-2016\\\/\"]}]},{\"@type\":\"ImageObject\",\"inLanguage\":\"es\",\"@id\":\"http:\\\/\\\/autosdelpodio.com\\\/autos\\\/expo-auto-argentino-2016\\\/#primaryimage\",\"url\":\"http:\\\/\\\/autosdelpodio.com\\\/autos\\\/wp-content\\\/uploads\\\/2016\\\/01\\\/expo_auto_arg-e1675898943359.jpg\",\"contentUrl\":\"http:\\\/\\\/autosdelpodio.com\\\/autos\\\/wp-content\\\/uploads\\\/2016\\\/01\\\/expo_auto_arg-e1675898943359.jpg\",\"width\":500,\"height\":347},{\"@type\":\"BreadcrumbList\",\"@id\":\"http:\\\/\\\/autosdelpodio.com\\\/autos\\\/expo-auto-argentino-2016\\\/#breadcrumb\",\"itemListElement\":[{\"@type\":\"ListItem\",\"position\":1,\"name\":\"Portada\",\"item\":\"http:\\\/\\\/autosdelpodio.com\\\/autos\\\/\"},{\"@type\":\"ListItem\",\"position\":2,\"name\":\"Expo Auto Argentino 2016\"}]},{\"@type\":\"WebSite\",\"@id\":\"http:\\\/\\\/autosdelpodio.com\\\/autos\\\/#website\",\"url\":\"http:\\\/\\\/autosdelpodio.com\\\/autos\\\/\",\"name\":\"Autos del Podio\",\"description\":\"La sexta del deporte motor\",\"publisher\":{\"@id\":\"http:\\\/\\\/autosdelpodio.com\\\/autos\\\/#organization\"},\"potentialAction\":[{\"@type\":\"SearchAction\",\"target\":{\"@type\":\"EntryPoint\",\"urlTemplate\":\"http:\\\/\\\/autosdelpodio.com\\\/autos\\\/?s={search_term_string}\"},\"query-input\":{\"@type\":\"PropertyValueSpecification\",\"valueRequired\":true,\"valueName\":\"search_term_string\"}}],\"inLanguage\":\"es\"},{\"@type\":\"Organization\",\"@id\":\"http:\\\/\\\/autosdelpodio.com\\\/autos\\\/#organization\",\"name\":\"Autos del Podio\",\"url\":\"http:\\\/\\\/autosdelpodio.com\\\/autos\\\/\",\"logo\":{\"@type\":\"ImageObject\",\"inLanguage\":\"es\",\"@id\":\"http:\\\/\\\/autosdelpodio.com\\\/autos\\\/#\\\/schema\\\/logo\\\/image\\\/\",\"url\":\"http:\\\/\\\/autosdelpodio.com\\\/autos\\\/wp-content\\\/uploads\\\/2020\\\/08\\\/Logo_AR.jpg\",\"contentUrl\":\"http:\\\/\\\/autosdelpodio.com\\\/autos\\\/wp-content\\\/uploads\\\/2020\\\/08\\\/Logo_AR.jpg\",\"width\":1038,\"height\":1044,\"caption\":\"Autos del Podio\"},\"image\":{\"@id\":\"http:\\\/\\\/autosdelpodio.com\\\/autos\\\/#\\\/schema\\\/logo\\\/image\\\/\"},\"sameAs\":[\"https:\\\/\\\/www.facebook.com\\\/profile.php?id=100057192590976&amp;amp;amp;amp;amp;amp;amp;amp;amp;amp;amp;amp;amp;amp;amp;amp;amp;amp;ref=ts\",\"https:\\\/\\\/x.com\\\/autosdelpodio\",\"https:\\\/\\\/www.youtube.com\\\/user\\\/AutosdelPodio\"]},{\"@type\":\"Person\",\"@id\":\"http:\\\/\\\/autosdelpodio.com\\\/autos\\\/#\\\/schema\\\/person\\\/e88353cabf768863fdf874e30120f3ba\",\"name\":\"wi022230\",\"image\":{\"@type\":\"ImageObject\",\"inLanguage\":\"es\",\"@id\":\"http:\\\/\\\/autosdelpodio.com\\\/autos\\\/wp-content\\\/litespeed\\\/avatar\\\/453fc9bdbb11d766ba4c7f14d0bd0aa9.jpg?ver=1777404874\",\"url\":\"http:\\\/\\\/autosdelpodio.com\\\/autos\\\/wp-content\\\/litespeed\\\/avatar\\\/453fc9bdbb11d766ba4c7f14d0bd0aa9.jpg?ver=1777404874\",\"contentUrl\":\"http:\\\/\\\/autosdelpodio.com\\\/autos\\\/wp-content\\\/litespeed\\\/avatar\\\/453fc9bdbb11d766ba4c7f14d0bd0aa9.jpg?ver=1777404874\",\"caption\":\"wi022230\"}}]}<\/script>\n<!-- \/ Yoast SEO plugin. -->","yoast_head_json":{"title":"Autos del Podio | Expo Auto Argentino 2016","description":"Autos del Podio","robots":{"index":"index","follow":"follow","max-snippet":"max-snippet:-1","max-image-preview":"max-image-preview:large","max-video-preview":"max-video-preview:-1"},"canonical":"http:\/\/autosdelpodio.com\/autos\/expo-auto-argentino-2016\/","og_locale":"es_ES","og_type":"article","og_title":"Autos del Podio | Expo Auto Argentino 2016","og_description":"Autos del Podio","og_url":"http:\/\/autosdelpodio.com\/autos\/expo-auto-argentino-2016\/","og_site_name":"Autos del Podio","article_publisher":"https:\/\/www.facebook.com\/profile.php?id=100057192590976&amp%3bamp%3bamp%3bamp%3bamp%3bamp%3bamp%3bamp%3bamp%3bamp%3bamp%3bamp%3bamp%3bamp%3bamp%3bamp%3bamp%3bamp%3bref=ts","article_published_time":"2016-01-17T16:45:27+00:00","og_image":[{"width":500,"height":347,"url":"http:\/\/autosdelpodio.com\/autos\/wp-content\/uploads\/2016\/01\/expo_auto_arg-e1675898943359.jpg","type":"image\/jpeg"}],"author":"wi022230","twitter_card":"summary_large_image","twitter_creator":"@autosdelpodio","twitter_site":"@autosdelpodio","twitter_misc":{"Escrito por":"wi022230","Tiempo de lectura":"2 minutos"},"schema":{"@context":"https:\/\/schema.org","@graph":[{"@type":"Article","@id":"http:\/\/autosdelpodio.com\/autos\/expo-auto-argentino-2016\/#article","isPartOf":{"@id":"http:\/\/autosdelpodio.com\/autos\/expo-auto-argentino-2016\/"},"author":{"name":"wi022230","@id":"http:\/\/autosdelpodio.com\/autos\/#\/schema\/person\/e88353cabf768863fdf874e30120f3ba"},"headline":"Expo Auto Argentino 2016","datePublished":"2016-01-17T16:45:27+00:00","mainEntityOfPage":{"@id":"http:\/\/autosdelpodio.com\/autos\/expo-auto-argentino-2016\/"},"wordCount":404,"commentCount":0,"publisher":{"@id":"http:\/\/autosdelpodio.com\/autos\/#organization"},"image":{"@id":"http:\/\/autosdelpodio.com\/autos\/expo-auto-argentino-2016\/#primaryimage"},"thumbnailUrl":"http:\/\/autosdelpodio.com\/autos\/wp-content\/uploads\/2016\/01\/expo_auto_arg-e1675898943359.jpg","articleSection":["\u00daltimas noticias"],"inLanguage":"es","potentialAction":[{"@type":"CommentAction","name":"Comment","target":["http:\/\/autosdelpodio.com\/autos\/expo-auto-argentino-2016\/#respond"]}]},{"@type":"WebPage","@id":"http:\/\/autosdelpodio.com\/autos\/expo-auto-argentino-2016\/","url":"http:\/\/autosdelpodio.com\/autos\/expo-auto-argentino-2016\/","name":"Autos del Podio | Expo Auto Argentino 2016","isPartOf":{"@id":"http:\/\/autosdelpodio.com\/autos\/#website"},"primaryImageOfPage":{"@id":"http:\/\/autosdelpodio.com\/autos\/expo-auto-argentino-2016\/#primaryimage"},"image":{"@id":"http:\/\/autosdelpodio.com\/autos\/expo-auto-argentino-2016\/#primaryimage"},"thumbnailUrl":"http:\/\/autosdelpodio.com\/autos\/wp-content\/uploads\/2016\/01\/expo_auto_arg-e1675898943359.jpg","datePublished":"2016-01-17T16:45:27+00:00","description":"Autos del Podio","breadcrumb":{"@id":"http:\/\/autosdelpodio.com\/autos\/expo-auto-argentino-2016\/#breadcrumb"},"inLanguage":"es","potentialAction":[{"@type":"ReadAction","target":["http:\/\/autosdelpodio.com\/autos\/expo-auto-argentino-2016\/"]}]},{"@type":"ImageObject","inLanguage":"es","@id":"http:\/\/autosdelpodio.com\/autos\/expo-auto-argentino-2016\/#primaryimage","url":"http:\/\/autosdelpodio.com\/autos\/wp-content\/uploads\/2016\/01\/expo_auto_arg-e1675898943359.jpg","contentUrl":"http:\/\/autosdelpodio.com\/autos\/wp-content\/uploads\/2016\/01\/expo_auto_arg-e1675898943359.jpg","width":500,"height":347},{"@type":"BreadcrumbList","@id":"http:\/\/autosdelpodio.com\/autos\/expo-auto-argentino-2016\/#breadcrumb","itemListElement":[{"@type":"ListItem","position":1,"name":"Portada","item":"http:\/\/autosdelpodio.com\/autos\/"},{"@type":"ListItem","position":2,"name":"Expo Auto Argentino 2016"}]},{"@type":"WebSite","@id":"http:\/\/autosdelpodio.com\/autos\/#website","url":"http:\/\/autosdelpodio.com\/autos\/","name":"Autos del Podio","description":"La sexta del deporte motor","publisher":{"@id":"http:\/\/autosdelpodio.com\/autos\/#organization"},"potentialAction":[{"@type":"SearchAction","target":{"@type":"EntryPoint","urlTemplate":"http:\/\/autosdelpodio.com\/autos\/?s={search_term_string}"},"query-input":{"@type":"PropertyValueSpecification","valueRequired":true,"valueName":"search_term_string"}}],"inLanguage":"es"},{"@type":"Organization","@id":"http:\/\/autosdelpodio.com\/autos\/#organization","name":"Autos del Podio","url":"http:\/\/autosdelpodio.com\/autos\/","logo":{"@type":"ImageObject","inLanguage":"es","@id":"http:\/\/autosdelpodio.com\/autos\/#\/schema\/logo\/image\/","url":"http:\/\/autosdelpodio.com\/autos\/wp-content\/uploads\/2020\/08\/Logo_AR.jpg","contentUrl":"http:\/\/autosdelpodio.com\/autos\/wp-content\/uploads\/2020\/08\/Logo_AR.jpg","width":1038,"height":1044,"caption":"Autos del Podio"},"image":{"@id":"http:\/\/autosdelpodio.com\/autos\/#\/schema\/logo\/image\/"},"sameAs":["https:\/\/www.facebook.com\/profile.php?id=100057192590976&amp;amp;amp;amp;amp;amp;amp;amp;amp;amp;amp;amp;amp;amp;amp;amp;amp;amp;ref=ts","https:\/\/x.com\/autosdelpodio","https:\/\/www.youtube.com\/user\/AutosdelPodio"]},{"@type":"Person","@id":"http:\/\/autosdelpodio.com\/autos\/#\/schema\/person\/e88353cabf768863fdf874e30120f3ba","name":"wi022230","image":{"@type":"ImageObject","inLanguage":"es","@id":"http:\/\/autosdelpodio.com\/autos\/wp-content\/litespeed\/avatar\/453fc9bdbb11d766ba4c7f14d0bd0aa9.jpg?ver=1777404874","url":"http:\/\/autosdelpodio.com\/autos\/wp-content\/litespeed\/avatar\/453fc9bdbb11d766ba4c7f14d0bd0aa9.jpg?ver=1777404874","contentUrl":"http:\/\/autosdelpodio.com\/autos\/wp-content\/litespeed\/avatar\/453fc9bdbb11d766ba4c7f14d0bd0aa9.jpg?ver=1777404874","caption":"wi022230"}}]}},"views":451,"_links":{"self":[{"href":"http:\/\/autosdelpodio.com\/autos\/wp-json\/wp\/v2\/posts\/1325","targetHints":{"allow":["GET"]}}],"collection":[{"href":"http:\/\/autosdelpodio.com\/autos\/wp-json\/wp\/v2\/posts"}],"about":[{"href":"http:\/\/autosdelpodio.com\/autos\/wp-json\/wp\/v2\/types\/post"}],"author":[{"embeddable":true,"href":"http:\/\/autosdelpodio.com\/autos\/wp-json\/wp\/v2\/users\/1"}],"replies":[{"embeddable":true,"href":"http:\/\/autosdelpodio.com\/autos\/wp-json\/wp\/v2\/comments?post=1325"}],"version-history":[{"count":0,"href":"http:\/\/autosdelpodio.com\/autos\/wp-json\/wp\/v2\/posts\/1325\/revisions"}],"wp:featuredmedia":[{"embeddable":true,"href":"http:\/\/autosdelpodio.com\/autos\/wp-json\/wp\/v2\/media\/1324"}],"wp:attachment":[{"href":"http:\/\/autosdelpodio.com\/autos\/wp-json\/wp\/v2\/media?parent=1325"}],"wp:term":[{"taxonomy":"category","embeddable":true,"href":"http:\/\/autosdelpodio.com\/autos\/wp-json\/wp\/v2\/categories?post=1325"},{"taxonomy":"post_tag","embeddable":true,"href":"http:\/\/autosdelpodio.com\/autos\/wp-json\/wp\/v2\/tags?post=1325"}],"curies":[{"name":"wp","href":"https:\/\/api.w.org\/{rel}","templated":true}]}}