{"id":1334,"date":"2016-02-12T16:51:58","date_gmt":"2016-02-12T16:51:58","guid":{"rendered":"http:\/\/autosdelpodio.com\/autos\/2016\/02\/12\/qla-vara-esta-altaq\/"},"modified":"2016-02-12T16:51:58","modified_gmt":"2016-02-12T16:51:58","slug":"qla-vara-esta-altaq","status":"publish","type":"post","link":"http:\/\/autosdelpodio.com\/autos\/qla-vara-esta-altaq\/","title":{"rendered":"\u00abLa vara est\u00e1 alta\u00bb"},"content":{"rendered":"<\/p>\n<p style=\"text-align: justify;\" mce_style=\"text-align: justify;\">Guillermo Ortelli inicia la temporada de igual modo que en 2015.Con el JP Racing en TC y con el equipo de Pablo Arana en la Clase 3 del Turismo Nacional, en ambos casos con la marca Chevrolet con la cual pele\u00f3 hasta las ultimas instancias el campeonato.Pero el Sextuple va por mas.<\/p>\n<p style=\"text-align: justify;\" mce_style=\"text-align: justify;\"><b>_ Podr\u00edamos decir que en lineas generales arranc\u00e1s igual que en 2015 en cuanto a equipos y categor\u00edas, lo cual uno supone que ha sido un a\u00f1o positivo, teniendo en cuenta que peleaste en ambos frentes&#8230;<\/b><\/p>\n<p style=\"text-align: justify;\" mce_style=\"text-align: justify;\">_ Si, la verdad que s\u00ed.Comenzar el a\u00f1o sabiendo de antemano que est\u00e1 todo cerrado y confirmado es muy bueno.<\/p>\n<p style=\"text-align: justify;\" mce_style=\"text-align: justify;\"><b>_ En el TC arrancaste ganando en Concordia, luego por esas cosas del automovilismo se perdi\u00f3 un poco la eficacia hasta que finalmente peleaste palmo a palmo con el Gur\u00ed Martinez en la recordada definici\u00f3n en La Plata: \u00bf Que pens\u00e1s que pudo haber faltado?<\/b><\/p>\n<p style=\"text-align: justify;\" mce_style=\"text-align: justify;\">_ Sumar fuerte en un par de carreras.Quiz\u00e1 la rotura del cigue\u00f1al en una carrera del Play off nos priv\u00f3 de pelear el campeonato bien de lleno.O meter algun podio mas, pero son conjeturas y es parte del pasado.No tuvimos un mal auto, para nada, fuimos protagonistas en gran parte del campeonato, pero algunos rivales tuvieron mejor rendimiento que nosotros.Simplemente eso.<\/p>\n<p style=\"text-align: justify;\" mce_style=\"text-align: justify;\"><b>_ De todos modos quedaron sextos en la general, Gustavo Lema ( Director del JP) est\u00e1 muy entusiasmado con el proyecto y con el buen plantel de pilotos tanto en TC como en TC Pista, se los nota &nbsp;muy enchufados y metidos esta nueva etapa.<\/b><\/p>\n<p style=\"text-align: justify;\" mce_style=\"text-align: justify;\">_ Se ha formado un buen grupo tanto de tecnicos como de pilotos (se suma Facundo Ardusso con Dodge) y sigue Pedro Gentile con otro Chevrolet.<i>\u00abMantener la pasi\u00f3n y las ganas para estar vigente en el automovilismo son fundamentales\u00bb.<\/i><\/p>\n<p style=\"text-align: justify;\" mce_style=\"text-align: justify;\"><u><b>Turismo Nacional<\/b><\/u><\/p>\n<p style=\"text-align: justify;\" mce_style=\"text-align: justify;\">Dentro del TN, seguis junto al Arana Ingenier\u00eda Sport , y a pesar de no haber obtenido ninguna victoria, el equipo mostr\u00f3 una gran regularidad donde tambi\u00e9n peleaste por el titulo.<\/p>\n<p style=\"text-align: justify;\" mce_style=\"text-align: justify;\">_ Fuimos muy competitivos.Pudimos liderar gran parte del torneo, falt\u00f3 la victoria, que tambien estuvo cerca.El TN es as\u00ed, hay una paridad tremenda y se arman carreras entretenidas en las cuales var\u00edan las posiciones vuelta a vuelta.<\/p>\n<p style=\"text-align: justify;\" mce_style=\"text-align: justify;\"><b>_Por ultimo: \u00bfEst\u00e1 definido el cambio de motorista para el modelo Cruze?<\/b><\/p>\n<p style=\"text-align: justify;\" mce_style=\"text-align: justify;\">_ Asi es. La desici\u00f3n la hemos tomado en conjunto con Pablo (Arana).Fabian Giustozzi ser\u00e1 nuestro motorista (en reemplazo de Oscar \u00abPincho Castellano). La idea es tener un poco mas de exclusividad, aunque sabemos que todo cambio necesita un tiempo l\u00f3gico de adaptaci\u00f3n.Puede que pasen un par de carreras hasta llegar a un rendimiento optimo, pero creemos que la transici\u00f3n ser\u00e1 lo mas breve posible y aparecer\u00e1n muy pronto los resultados esperados.<\/p>\n<p style=\"text-align: justify;\" mce_style=\"text-align: justify;\"><i>Foto y texto: Autos del Podio<\/i><\/p>\n","protected":false},"excerpt":{"rendered":"<p>Guillermo Ortelli inicia la temporada de igual modo que en 2015.Con el JP Racing en TC y con el equipo<\/p>\n","protected":false},"author":1,"featured_media":1333,"comment_status":"open","ping_status":"open","sticky":false,"template":"","format":"standard","meta":{"colormag_page_container_layout":"default_layout","colormag_page_sidebar_layout":"default_layout","footnotes":""},"categories":[17],"tags":[],"class_list":["post-1334","post","type-post","status-publish","format-standard","has-post-thumbnail","hentry","category-entrevistas"],"yoast_head":"<!-- This site is optimized with the Yoast SEO plugin v27.4 - https:\/\/yoast.com\/product\/yoast-seo-wordpress\/ -->\n<title>Autos del Podio | &quot;La vara est\u00e1 alta&quot;<\/title>\n<meta name=\"description\" content=\"Autos del Podio\" \/>\n<meta name=\"robots\" content=\"index, follow, max-snippet:-1, max-image-preview:large, max-video-preview:-1\" \/>\n<link rel=\"canonical\" href=\"http:\/\/autosdelpodio.com\/autos\/qla-vara-esta-altaq\/\" \/>\n<meta property=\"og:locale\" content=\"es_ES\" \/>\n<meta property=\"og:type\" content=\"article\" \/>\n<meta property=\"og:title\" content=\"Autos del Podio | &quot;La vara est\u00e1 alta&quot;\" \/>\n<meta property=\"og:description\" content=\"Autos del Podio\" \/>\n<meta property=\"og:url\" content=\"http:\/\/autosdelpodio.com\/autos\/qla-vara-esta-altaq\/\" \/>\n<meta property=\"og:site_name\" content=\"Autos del Podio\" \/>\n<meta property=\"article:publisher\" content=\"https:\/\/www.facebook.com\/profile.php?id=100057192590976&amp;amp%3bamp%3bamp%3bamp%3bamp%3bamp%3bamp%3bamp%3bamp%3bamp%3bamp%3bamp%3bamp%3bamp%3bamp%3bamp%3bamp%3bamp%3bref=ts\" \/>\n<meta property=\"article:published_time\" content=\"2016-02-12T16:51:58+00:00\" \/>\n<meta property=\"og:image\" content=\"http:\/\/autosdelpodio.com\/autos\/wp-content\/uploads\/2016\/02\/guille_ortelli.jpg\" \/>\n\t<meta property=\"og:image:width\" content=\"2047\" \/>\n\t<meta property=\"og:image:height\" content=\"1389\" \/>\n\t<meta property=\"og:image:type\" content=\"image\/jpeg\" \/>\n<meta name=\"author\" content=\"wi022230\" \/>\n<meta name=\"twitter:card\" content=\"summary_large_image\" \/>\n<meta name=\"twitter:creator\" content=\"@autosdelpodio\" \/>\n<meta name=\"twitter:site\" content=\"@autosdelpodio\" \/>\n<meta name=\"twitter:label1\" content=\"Escrito por\" \/>\n\t<meta name=\"twitter:data1\" content=\"wi022230\" \/>\n\t<meta name=\"twitter:label2\" content=\"Tiempo de lectura\" \/>\n\t<meta name=\"twitter:data2\" content=\"2 minutos\" \/>\n<script type=\"application\/ld+json\" class=\"yoast-schema-graph\">{\"@context\":\"https:\\\/\\\/schema.org\",\"@graph\":[{\"@type\":\"Article\",\"@id\":\"http:\\\/\\\/autosdelpodio.com\\\/autos\\\/qla-vara-esta-altaq\\\/#article\",\"isPartOf\":{\"@id\":\"http:\\\/\\\/autosdelpodio.com\\\/autos\\\/qla-vara-esta-altaq\\\/\"},\"author\":{\"name\":\"wi022230\",\"@id\":\"http:\\\/\\\/autosdelpodio.com\\\/autos\\\/#\\\/schema\\\/person\\\/e88353cabf768863fdf874e30120f3ba\"},\"headline\":\"\u00abLa vara est\u00e1 alta\u00bb\",\"datePublished\":\"2016-02-12T16:51:58+00:00\",\"mainEntityOfPage\":{\"@id\":\"http:\\\/\\\/autosdelpodio.com\\\/autos\\\/qla-vara-esta-altaq\\\/\"},\"wordCount\":478,\"commentCount\":0,\"publisher\":{\"@id\":\"http:\\\/\\\/autosdelpodio.com\\\/autos\\\/#organization\"},\"image\":{\"@id\":\"http:\\\/\\\/autosdelpodio.com\\\/autos\\\/qla-vara-esta-altaq\\\/#primaryimage\"},\"thumbnailUrl\":\"http:\\\/\\\/autosdelpodio.com\\\/autos\\\/wp-content\\\/uploads\\\/2016\\\/02\\\/guille_ortelli.jpg\",\"articleSection\":[\"Entrevistas\"],\"inLanguage\":\"es\",\"potentialAction\":[{\"@type\":\"CommentAction\",\"name\":\"Comment\",\"target\":[\"http:\\\/\\\/autosdelpodio.com\\\/autos\\\/qla-vara-esta-altaq\\\/#respond\"]}]},{\"@type\":\"WebPage\",\"@id\":\"http:\\\/\\\/autosdelpodio.com\\\/autos\\\/qla-vara-esta-altaq\\\/\",\"url\":\"http:\\\/\\\/autosdelpodio.com\\\/autos\\\/qla-vara-esta-altaq\\\/\",\"name\":\"Autos del Podio | \\\"La vara est\u00e1 alta\\\"\",\"isPartOf\":{\"@id\":\"http:\\\/\\\/autosdelpodio.com\\\/autos\\\/#website\"},\"primaryImageOfPage\":{\"@id\":\"http:\\\/\\\/autosdelpodio.com\\\/autos\\\/qla-vara-esta-altaq\\\/#primaryimage\"},\"image\":{\"@id\":\"http:\\\/\\\/autosdelpodio.com\\\/autos\\\/qla-vara-esta-altaq\\\/#primaryimage\"},\"thumbnailUrl\":\"http:\\\/\\\/autosdelpodio.com\\\/autos\\\/wp-content\\\/uploads\\\/2016\\\/02\\\/guille_ortelli.jpg\",\"datePublished\":\"2016-02-12T16:51:58+00:00\",\"description\":\"Autos del Podio\",\"breadcrumb\":{\"@id\":\"http:\\\/\\\/autosdelpodio.com\\\/autos\\\/qla-vara-esta-altaq\\\/#breadcrumb\"},\"inLanguage\":\"es\",\"potentialAction\":[{\"@type\":\"ReadAction\",\"target\":[\"http:\\\/\\\/autosdelpodio.com\\\/autos\\\/qla-vara-esta-altaq\\\/\"]}]},{\"@type\":\"ImageObject\",\"inLanguage\":\"es\",\"@id\":\"http:\\\/\\\/autosdelpodio.com\\\/autos\\\/qla-vara-esta-altaq\\\/#primaryimage\",\"url\":\"http:\\\/\\\/autosdelpodio.com\\\/autos\\\/wp-content\\\/uploads\\\/2016\\\/02\\\/guille_ortelli.jpg\",\"contentUrl\":\"http:\\\/\\\/autosdelpodio.com\\\/autos\\\/wp-content\\\/uploads\\\/2016\\\/02\\\/guille_ortelli.jpg\",\"width\":2047,\"height\":1389},{\"@type\":\"BreadcrumbList\",\"@id\":\"http:\\\/\\\/autosdelpodio.com\\\/autos\\\/qla-vara-esta-altaq\\\/#breadcrumb\",\"itemListElement\":[{\"@type\":\"ListItem\",\"position\":1,\"name\":\"Portada\",\"item\":\"http:\\\/\\\/autosdelpodio.com\\\/autos\\\/\"},{\"@type\":\"ListItem\",\"position\":2,\"name\":\"\u00abLa vara est\u00e1 alta\u00bb\"}]},{\"@type\":\"WebSite\",\"@id\":\"http:\\\/\\\/autosdelpodio.com\\\/autos\\\/#website\",\"url\":\"http:\\\/\\\/autosdelpodio.com\\\/autos\\\/\",\"name\":\"Autos del Podio\",\"description\":\"La sexta del deporte motor\",\"publisher\":{\"@id\":\"http:\\\/\\\/autosdelpodio.com\\\/autos\\\/#organization\"},\"potentialAction\":[{\"@type\":\"SearchAction\",\"target\":{\"@type\":\"EntryPoint\",\"urlTemplate\":\"http:\\\/\\\/autosdelpodio.com\\\/autos\\\/?s={search_term_string}\"},\"query-input\":{\"@type\":\"PropertyValueSpecification\",\"valueRequired\":true,\"valueName\":\"search_term_string\"}}],\"inLanguage\":\"es\"},{\"@type\":\"Organization\",\"@id\":\"http:\\\/\\\/autosdelpodio.com\\\/autos\\\/#organization\",\"name\":\"Autos del Podio\",\"url\":\"http:\\\/\\\/autosdelpodio.com\\\/autos\\\/\",\"logo\":{\"@type\":\"ImageObject\",\"inLanguage\":\"es\",\"@id\":\"http:\\\/\\\/autosdelpodio.com\\\/autos\\\/#\\\/schema\\\/logo\\\/image\\\/\",\"url\":\"http:\\\/\\\/autosdelpodio.com\\\/autos\\\/wp-content\\\/uploads\\\/2020\\\/08\\\/Logo_AR.jpg\",\"contentUrl\":\"http:\\\/\\\/autosdelpodio.com\\\/autos\\\/wp-content\\\/uploads\\\/2020\\\/08\\\/Logo_AR.jpg\",\"width\":1038,\"height\":1044,\"caption\":\"Autos del Podio\"},\"image\":{\"@id\":\"http:\\\/\\\/autosdelpodio.com\\\/autos\\\/#\\\/schema\\\/logo\\\/image\\\/\"},\"sameAs\":[\"https:\\\/\\\/www.facebook.com\\\/profile.php?id=100057192590976&amp;amp;amp;amp;amp;amp;amp;amp;amp;amp;amp;amp;amp;amp;amp;amp;amp;amp;ref=ts\",\"https:\\\/\\\/x.com\\\/autosdelpodio\",\"https:\\\/\\\/www.youtube.com\\\/user\\\/AutosdelPodio\"]},{\"@type\":\"Person\",\"@id\":\"http:\\\/\\\/autosdelpodio.com\\\/autos\\\/#\\\/schema\\\/person\\\/e88353cabf768863fdf874e30120f3ba\",\"name\":\"wi022230\",\"image\":{\"@type\":\"ImageObject\",\"inLanguage\":\"es\",\"@id\":\"http:\\\/\\\/autosdelpodio.com\\\/autos\\\/wp-content\\\/litespeed\\\/avatar\\\/453fc9bdbb11d766ba4c7f14d0bd0aa9.jpg?ver=1776800006\",\"url\":\"http:\\\/\\\/autosdelpodio.com\\\/autos\\\/wp-content\\\/litespeed\\\/avatar\\\/453fc9bdbb11d766ba4c7f14d0bd0aa9.jpg?ver=1776800006\",\"contentUrl\":\"http:\\\/\\\/autosdelpodio.com\\\/autos\\\/wp-content\\\/litespeed\\\/avatar\\\/453fc9bdbb11d766ba4c7f14d0bd0aa9.jpg?ver=1776800006\",\"caption\":\"wi022230\"}}]}<\/script>\n<!-- \/ Yoast SEO plugin. -->","yoast_head_json":{"title":"Autos del Podio | \"La vara est\u00e1 alta\"","description":"Autos del Podio","robots":{"index":"index","follow":"follow","max-snippet":"max-snippet:-1","max-image-preview":"max-image-preview:large","max-video-preview":"max-video-preview:-1"},"canonical":"http:\/\/autosdelpodio.com\/autos\/qla-vara-esta-altaq\/","og_locale":"es_ES","og_type":"article","og_title":"Autos del Podio | \"La vara est\u00e1 alta\"","og_description":"Autos del Podio","og_url":"http:\/\/autosdelpodio.com\/autos\/qla-vara-esta-altaq\/","og_site_name":"Autos del Podio","article_publisher":"https:\/\/www.facebook.com\/profile.php?id=100057192590976&amp%3bamp%3bamp%3bamp%3bamp%3bamp%3bamp%3bamp%3bamp%3bamp%3bamp%3bamp%3bamp%3bamp%3bamp%3bamp%3bamp%3bamp%3bref=ts","article_published_time":"2016-02-12T16:51:58+00:00","og_image":[{"width":2047,"height":1389,"url":"http:\/\/autosdelpodio.com\/autos\/wp-content\/uploads\/2016\/02\/guille_ortelli.jpg","type":"image\/jpeg"}],"author":"wi022230","twitter_card":"summary_large_image","twitter_creator":"@autosdelpodio","twitter_site":"@autosdelpodio","twitter_misc":{"Escrito por":"wi022230","Tiempo de lectura":"2 minutos"},"schema":{"@context":"https:\/\/schema.org","@graph":[{"@type":"Article","@id":"http:\/\/autosdelpodio.com\/autos\/qla-vara-esta-altaq\/#article","isPartOf":{"@id":"http:\/\/autosdelpodio.com\/autos\/qla-vara-esta-altaq\/"},"author":{"name":"wi022230","@id":"http:\/\/autosdelpodio.com\/autos\/#\/schema\/person\/e88353cabf768863fdf874e30120f3ba"},"headline":"\u00abLa vara est\u00e1 alta\u00bb","datePublished":"2016-02-12T16:51:58+00:00","mainEntityOfPage":{"@id":"http:\/\/autosdelpodio.com\/autos\/qla-vara-esta-altaq\/"},"wordCount":478,"commentCount":0,"publisher":{"@id":"http:\/\/autosdelpodio.com\/autos\/#organization"},"image":{"@id":"http:\/\/autosdelpodio.com\/autos\/qla-vara-esta-altaq\/#primaryimage"},"thumbnailUrl":"http:\/\/autosdelpodio.com\/autos\/wp-content\/uploads\/2016\/02\/guille_ortelli.jpg","articleSection":["Entrevistas"],"inLanguage":"es","potentialAction":[{"@type":"CommentAction","name":"Comment","target":["http:\/\/autosdelpodio.com\/autos\/qla-vara-esta-altaq\/#respond"]}]},{"@type":"WebPage","@id":"http:\/\/autosdelpodio.com\/autos\/qla-vara-esta-altaq\/","url":"http:\/\/autosdelpodio.com\/autos\/qla-vara-esta-altaq\/","name":"Autos del Podio | \"La vara est\u00e1 alta\"","isPartOf":{"@id":"http:\/\/autosdelpodio.com\/autos\/#website"},"primaryImageOfPage":{"@id":"http:\/\/autosdelpodio.com\/autos\/qla-vara-esta-altaq\/#primaryimage"},"image":{"@id":"http:\/\/autosdelpodio.com\/autos\/qla-vara-esta-altaq\/#primaryimage"},"thumbnailUrl":"http:\/\/autosdelpodio.com\/autos\/wp-content\/uploads\/2016\/02\/guille_ortelli.jpg","datePublished":"2016-02-12T16:51:58+00:00","description":"Autos del Podio","breadcrumb":{"@id":"http:\/\/autosdelpodio.com\/autos\/qla-vara-esta-altaq\/#breadcrumb"},"inLanguage":"es","potentialAction":[{"@type":"ReadAction","target":["http:\/\/autosdelpodio.com\/autos\/qla-vara-esta-altaq\/"]}]},{"@type":"ImageObject","inLanguage":"es","@id":"http:\/\/autosdelpodio.com\/autos\/qla-vara-esta-altaq\/#primaryimage","url":"http:\/\/autosdelpodio.com\/autos\/wp-content\/uploads\/2016\/02\/guille_ortelli.jpg","contentUrl":"http:\/\/autosdelpodio.com\/autos\/wp-content\/uploads\/2016\/02\/guille_ortelli.jpg","width":2047,"height":1389},{"@type":"BreadcrumbList","@id":"http:\/\/autosdelpodio.com\/autos\/qla-vara-esta-altaq\/#breadcrumb","itemListElement":[{"@type":"ListItem","position":1,"name":"Portada","item":"http:\/\/autosdelpodio.com\/autos\/"},{"@type":"ListItem","position":2,"name":"\u00abLa vara est\u00e1 alta\u00bb"}]},{"@type":"WebSite","@id":"http:\/\/autosdelpodio.com\/autos\/#website","url":"http:\/\/autosdelpodio.com\/autos\/","name":"Autos del Podio","description":"La sexta del deporte motor","publisher":{"@id":"http:\/\/autosdelpodio.com\/autos\/#organization"},"potentialAction":[{"@type":"SearchAction","target":{"@type":"EntryPoint","urlTemplate":"http:\/\/autosdelpodio.com\/autos\/?s={search_term_string}"},"query-input":{"@type":"PropertyValueSpecification","valueRequired":true,"valueName":"search_term_string"}}],"inLanguage":"es"},{"@type":"Organization","@id":"http:\/\/autosdelpodio.com\/autos\/#organization","name":"Autos del Podio","url":"http:\/\/autosdelpodio.com\/autos\/","logo":{"@type":"ImageObject","inLanguage":"es","@id":"http:\/\/autosdelpodio.com\/autos\/#\/schema\/logo\/image\/","url":"http:\/\/autosdelpodio.com\/autos\/wp-content\/uploads\/2020\/08\/Logo_AR.jpg","contentUrl":"http:\/\/autosdelpodio.com\/autos\/wp-content\/uploads\/2020\/08\/Logo_AR.jpg","width":1038,"height":1044,"caption":"Autos del Podio"},"image":{"@id":"http:\/\/autosdelpodio.com\/autos\/#\/schema\/logo\/image\/"},"sameAs":["https:\/\/www.facebook.com\/profile.php?id=100057192590976&amp;amp;amp;amp;amp;amp;amp;amp;amp;amp;amp;amp;amp;amp;amp;amp;amp;amp;ref=ts","https:\/\/x.com\/autosdelpodio","https:\/\/www.youtube.com\/user\/AutosdelPodio"]},{"@type":"Person","@id":"http:\/\/autosdelpodio.com\/autos\/#\/schema\/person\/e88353cabf768863fdf874e30120f3ba","name":"wi022230","image":{"@type":"ImageObject","inLanguage":"es","@id":"http:\/\/autosdelpodio.com\/autos\/wp-content\/litespeed\/avatar\/453fc9bdbb11d766ba4c7f14d0bd0aa9.jpg?ver=1776800006","url":"http:\/\/autosdelpodio.com\/autos\/wp-content\/litespeed\/avatar\/453fc9bdbb11d766ba4c7f14d0bd0aa9.jpg?ver=1776800006","contentUrl":"http:\/\/autosdelpodio.com\/autos\/wp-content\/litespeed\/avatar\/453fc9bdbb11d766ba4c7f14d0bd0aa9.jpg?ver=1776800006","caption":"wi022230"}}]}},"views":377,"_links":{"self":[{"href":"http:\/\/autosdelpodio.com\/autos\/wp-json\/wp\/v2\/posts\/1334","targetHints":{"allow":["GET"]}}],"collection":[{"href":"http:\/\/autosdelpodio.com\/autos\/wp-json\/wp\/v2\/posts"}],"about":[{"href":"http:\/\/autosdelpodio.com\/autos\/wp-json\/wp\/v2\/types\/post"}],"author":[{"embeddable":true,"href":"http:\/\/autosdelpodio.com\/autos\/wp-json\/wp\/v2\/users\/1"}],"replies":[{"embeddable":true,"href":"http:\/\/autosdelpodio.com\/autos\/wp-json\/wp\/v2\/comments?post=1334"}],"version-history":[{"count":0,"href":"http:\/\/autosdelpodio.com\/autos\/wp-json\/wp\/v2\/posts\/1334\/revisions"}],"wp:featuredmedia":[{"embeddable":true,"href":"http:\/\/autosdelpodio.com\/autos\/wp-json\/wp\/v2\/media\/1333"}],"wp:attachment":[{"href":"http:\/\/autosdelpodio.com\/autos\/wp-json\/wp\/v2\/media?parent=1334"}],"wp:term":[{"taxonomy":"category","embeddable":true,"href":"http:\/\/autosdelpodio.com\/autos\/wp-json\/wp\/v2\/categories?post=1334"},{"taxonomy":"post_tag","embeddable":true,"href":"http:\/\/autosdelpodio.com\/autos\/wp-json\/wp\/v2\/tags?post=1334"}],"curies":[{"name":"wp","href":"https:\/\/api.w.org\/{rel}","templated":true}]}}