{"id":1337,"date":"2016-02-21T00:10:24","date_gmt":"2016-02-21T00:10:24","guid":{"rendered":"http:\/\/autosdelpodio.com\/autos\/2016\/02\/21\/san-luis-hara-un-nuevo-autodromo-semipermanente-villa-mercedes\/"},"modified":"2016-02-21T00:10:24","modified_gmt":"2016-02-21T00:10:24","slug":"san-luis-hara-un-nuevo-autodromo-semipermanente-villa-mercedes","status":"publish","type":"post","link":"http:\/\/autosdelpodio.com\/autos\/san-luis-hara-un-nuevo-autodromo-semipermanente-villa-mercedes\/","title":{"rendered":"San Luis har\u00e1 un nuevo autodromo semipermanente en Villa Mercedes"},"content":{"rendered":"<p style=\"text-align: center;\" mce_style=\"text-align: center;\">\n<p style=\"text-align: justify;\" mce_style=\"text-align: justify;\">Lo anunci\u00f3 el gobernador Alberto Rodr\u00edguez Sa\u00e1, durante el acto en que firm\u00f3 el llamado a licitaci\u00f3n para la construcci\u00f3n del Parque \u201cLa Pedrera\u201d y el Estadio \u00danico. El circuito se construir\u00e1 siguiendo las normas establecidas por la Federaci\u00f3n Internacional de Automovilismo (FIA).&nbsp;<\/p>\n<p style=\"text-align: justify;\" mce_style=\"text-align: justify;\">Durante el acto de este viernes, el primer mandatario ratific\u00f3 que a la obra del Parque \u201cLa Pedrera\u201d, a levantarse en el predio ubicado entre el casco urbano de Villa Mercedes y El Complejo Urban\u00edstico La Ribera, se le agregar\u00e1 la construcci\u00f3n de un aut\u00f3dromo, \u201cque contar\u00e1 con todas las curvas y dem\u00e1s disposiciones que requiera el mejor aut\u00f3dromo del mundo. En principio, un circuito de estas caracter\u00edsticas debe respetar las medidas establecidas por la Federaci\u00f3n Internacional &nbsp;de Automovilismo (FIA), superando los 3,5 kil\u00f3metros y 20 metros de ancho. El nuestro, con un terreno que donar\u00e1 la Municipalidad y otro que estamos tramitando, tendr\u00e1 esa extensi\u00f3n, pero de ancho contar\u00e1 con unos 30 metros\u201d, detall\u00f3 el primer mandatario.<\/p>\n<p style=\"text-align: justify;\" mce_style=\"text-align: justify;\">\u201cAdem\u00e1s, el per\u00edmetro tendr\u00e1 una vereda que recorrer\u00e1 todo el parque para quien quiera correr o hacer aerobismo, como tambi\u00e9n un circuito permanente para bicicletas\u201d, agreg\u00f3 el gobernador, a\u00f1adiendo: \u201cEl aut\u00f3dromo podr\u00e1 ser usado a diario por la gente de la ciudad y de La Ribera, a excepci\u00f3n de cuando se celebren eventos automovil\u00edsticos\u201d.<\/p>\n<p style=\"text-align: justify;\" mce_style=\"text-align: justify;\"><i><b>Detalles de la pista<\/b><\/i><\/p>\n<p style=\"text-align: justify;\" mce_style=\"text-align: justify;\">\u2013 &nbsp; &nbsp; &nbsp; &nbsp; &nbsp; El circuito tendr\u00e1 una longitud aproximada a los 3.800 metros<\/p>\n<p style=\"text-align: justify;\" mce_style=\"text-align: justify;\">\u2013 &nbsp; &nbsp; &nbsp; &nbsp; &nbsp; El ancho de pista tendr\u00e1 30 metros, con lo que tendr\u00e1 la recta m\u00e1s ancha del mundo.<\/p>\n<p style=\"text-align: justify;\" mce_style=\"text-align: justify;\">\u2013 &nbsp; &nbsp; &nbsp; &nbsp; &nbsp; La recta menor tendr\u00e1 720 metros.<\/p>\n<p style=\"text-align: justify;\" mce_style=\"text-align: justify;\">\u2013 &nbsp; &nbsp; &nbsp; &nbsp; &nbsp; La forma del circuito estar\u00e1 dada por 6 curvas horizontales.<\/p>\n<p style=\"text-align: justify;\" mce_style=\"text-align: justify;\">\u2013 &nbsp; &nbsp; &nbsp; &nbsp; &nbsp; La velocidad m\u00e1xima a la que podr\u00e1n circular los coches deportivos ser\u00e1 de 282 kil\u00f3metros por hora.<\/p>\n<p style=\"text-align: justify;\" mce_style=\"text-align: justify;\">\u2013 &nbsp; &nbsp; &nbsp; &nbsp; &nbsp; El dise\u00f1o incluye calles de servicios para ambulancias, zona de escape pavimentada, reductora de velocidad o chicana, 50 boxes, ciclov\u00edas, iluminaci\u00f3n con leds, lo que permitir\u00e1 realizar competencias nocturnas.<\/p>\n<p style=\"text-align: justify;\" mce_style=\"text-align: justify;\">\u2013 &nbsp; &nbsp; &nbsp; &nbsp; &nbsp; Semaforizaci\u00f3n.<\/p>\n<p style=\"text-align: justify;\" mce_style=\"text-align: justify;\">\u2013 &nbsp; &nbsp; &nbsp; &nbsp; &nbsp; Puente colgante para tr\u00e1nsito vehicular.<\/p>\n<p style=\"text-align: justify;\" mce_style=\"text-align: justify;\">\u2013 &nbsp; &nbsp; &nbsp; &nbsp; &nbsp; Tribunas con capacidad para 1.000 personas cada una.<\/p>\n<p style=\"text-align: justify;\" mce_style=\"text-align: justify;\">\u2013 &nbsp; &nbsp; &nbsp; &nbsp; &nbsp; Sala para periodistas.<\/p>\n<p style=\"text-align: justify;\" mce_style=\"text-align: justify;\">\u2013 &nbsp; &nbsp; &nbsp; &nbsp; &nbsp; Helipuerto.<\/p>\n<p style=\"text-align: justify;\" mce_style=\"text-align: justify;\">\u2013 &nbsp; &nbsp; &nbsp; &nbsp; &nbsp; Parque fotovoltaico<\/p>\n<p style=\"text-align: justify;\" mce_style=\"text-align: justify;\"><\/p>\n<p style=\"text-align: justify;\" mce_style=\"text-align: justify;\">Nota: Alfredo Salinas<\/p>\n<p style=\"text-align: justify;\" mce_style=\"text-align: justify;\">Contenidista: Jorge Scivetti<\/p>\n<p style=\"text-align: justify;\" mce_style=\"text-align: justify;\">Foto: Autos del Podio Web<\/p>\n<div style=\"text-align: justify;\" mce_style=\"text-align: justify;\"><\/div>\n","protected":false},"excerpt":{"rendered":"<p>Lo anunci\u00f3 el gobernador Alberto Rodr\u00edguez Sa\u00e1, durante el acto en que firm\u00f3 el llamado a licitaci\u00f3n para la construcci\u00f3n<\/p>\n","protected":false},"author":1,"featured_media":1336,"comment_status":"open","ping_status":"open","sticky":false,"template":"","format":"standard","meta":{"colormag_page_container_layout":"default_layout","colormag_page_sidebar_layout":"default_layout","footnotes":""},"categories":[5],"tags":[],"class_list":["post-1337","post","type-post","status-publish","format-standard","has-post-thumbnail","hentry","category-latest-news"],"yoast_head":"<!-- This site is optimized with the Yoast SEO plugin v27.4 - https:\/\/yoast.com\/product\/yoast-seo-wordpress\/ -->\n<title>Autos del Podio | San Luis har\u00e1 un nuevo autodromo semipermanente en Villa Mercedes<\/title>\n<meta name=\"description\" content=\"Autos del Podio\" \/>\n<meta name=\"robots\" content=\"index, follow, max-snippet:-1, max-image-preview:large, max-video-preview:-1\" \/>\n<link rel=\"canonical\" href=\"http:\/\/autosdelpodio.com\/autos\/san-luis-hara-un-nuevo-autodromo-semipermanente-villa-mercedes\/\" \/>\n<meta property=\"og:locale\" content=\"es_ES\" \/>\n<meta property=\"og:type\" content=\"article\" \/>\n<meta property=\"og:title\" content=\"Autos del Podio | San Luis har\u00e1 un nuevo autodromo semipermanente en Villa Mercedes\" \/>\n<meta property=\"og:description\" content=\"Autos del Podio\" \/>\n<meta property=\"og:url\" content=\"http:\/\/autosdelpodio.com\/autos\/san-luis-hara-un-nuevo-autodromo-semipermanente-villa-mercedes\/\" \/>\n<meta property=\"og:site_name\" content=\"Autos del Podio\" \/>\n<meta property=\"article:publisher\" content=\"https:\/\/www.facebook.com\/profile.php?id=100057192590976&amp;amp%3bamp%3bamp%3bamp%3bamp%3bamp%3bamp%3bamp%3bamp%3bamp%3bamp%3bamp%3bamp%3bamp%3bamp%3bamp%3bamp%3bamp%3bref=ts\" \/>\n<meta property=\"article:published_time\" content=\"2016-02-21T00:10:24+00:00\" \/>\n<meta property=\"og:image\" content=\"http:\/\/autosdelpodio.com\/autos\/wp-content\/uploads\/2016\/02\/potrero_funes_sl.jpg\" \/>\n\t<meta property=\"og:image:width\" content=\"1069\" \/>\n\t<meta property=\"og:image:height\" content=\"693\" \/>\n\t<meta property=\"og:image:type\" content=\"image\/jpeg\" \/>\n<meta name=\"author\" content=\"wi022230\" \/>\n<meta name=\"twitter:card\" content=\"summary_large_image\" \/>\n<meta name=\"twitter:creator\" content=\"@autosdelpodio\" \/>\n<meta name=\"twitter:site\" content=\"@autosdelpodio\" \/>\n<meta name=\"twitter:label1\" content=\"Escrito por\" \/>\n\t<meta name=\"twitter:data1\" content=\"wi022230\" \/>\n\t<meta name=\"twitter:label2\" content=\"Tiempo de lectura\" \/>\n\t<meta name=\"twitter:data2\" content=\"2 minutos\" \/>\n<script type=\"application\/ld+json\" class=\"yoast-schema-graph\">{\"@context\":\"https:\\\/\\\/schema.org\",\"@graph\":[{\"@type\":\"Article\",\"@id\":\"http:\\\/\\\/autosdelpodio.com\\\/autos\\\/san-luis-hara-un-nuevo-autodromo-semipermanente-villa-mercedes\\\/#article\",\"isPartOf\":{\"@id\":\"http:\\\/\\\/autosdelpodio.com\\\/autos\\\/san-luis-hara-un-nuevo-autodromo-semipermanente-villa-mercedes\\\/\"},\"author\":{\"name\":\"wi022230\",\"@id\":\"http:\\\/\\\/autosdelpodio.com\\\/autos\\\/#\\\/schema\\\/person\\\/e88353cabf768863fdf874e30120f3ba\"},\"headline\":\"San Luis har\u00e1 un nuevo autodromo semipermanente en Villa Mercedes\",\"datePublished\":\"2016-02-21T00:10:24+00:00\",\"mainEntityOfPage\":{\"@id\":\"http:\\\/\\\/autosdelpodio.com\\\/autos\\\/san-luis-hara-un-nuevo-autodromo-semipermanente-villa-mercedes\\\/\"},\"wordCount\":430,\"commentCount\":0,\"publisher\":{\"@id\":\"http:\\\/\\\/autosdelpodio.com\\\/autos\\\/#organization\"},\"image\":{\"@id\":\"http:\\\/\\\/autosdelpodio.com\\\/autos\\\/san-luis-hara-un-nuevo-autodromo-semipermanente-villa-mercedes\\\/#primaryimage\"},\"thumbnailUrl\":\"http:\\\/\\\/autosdelpodio.com\\\/autos\\\/wp-content\\\/uploads\\\/2016\\\/02\\\/potrero_funes_sl.jpg\",\"articleSection\":[\"\u00daltimas noticias\"],\"inLanguage\":\"es\",\"potentialAction\":[{\"@type\":\"CommentAction\",\"name\":\"Comment\",\"target\":[\"http:\\\/\\\/autosdelpodio.com\\\/autos\\\/san-luis-hara-un-nuevo-autodromo-semipermanente-villa-mercedes\\\/#respond\"]}]},{\"@type\":\"WebPage\",\"@id\":\"http:\\\/\\\/autosdelpodio.com\\\/autos\\\/san-luis-hara-un-nuevo-autodromo-semipermanente-villa-mercedes\\\/\",\"url\":\"http:\\\/\\\/autosdelpodio.com\\\/autos\\\/san-luis-hara-un-nuevo-autodromo-semipermanente-villa-mercedes\\\/\",\"name\":\"Autos del Podio | San Luis har\u00e1 un nuevo autodromo semipermanente en Villa Mercedes\",\"isPartOf\":{\"@id\":\"http:\\\/\\\/autosdelpodio.com\\\/autos\\\/#website\"},\"primaryImageOfPage\":{\"@id\":\"http:\\\/\\\/autosdelpodio.com\\\/autos\\\/san-luis-hara-un-nuevo-autodromo-semipermanente-villa-mercedes\\\/#primaryimage\"},\"image\":{\"@id\":\"http:\\\/\\\/autosdelpodio.com\\\/autos\\\/san-luis-hara-un-nuevo-autodromo-semipermanente-villa-mercedes\\\/#primaryimage\"},\"thumbnailUrl\":\"http:\\\/\\\/autosdelpodio.com\\\/autos\\\/wp-content\\\/uploads\\\/2016\\\/02\\\/potrero_funes_sl.jpg\",\"datePublished\":\"2016-02-21T00:10:24+00:00\",\"description\":\"Autos del Podio\",\"breadcrumb\":{\"@id\":\"http:\\\/\\\/autosdelpodio.com\\\/autos\\\/san-luis-hara-un-nuevo-autodromo-semipermanente-villa-mercedes\\\/#breadcrumb\"},\"inLanguage\":\"es\",\"potentialAction\":[{\"@type\":\"ReadAction\",\"target\":[\"http:\\\/\\\/autosdelpodio.com\\\/autos\\\/san-luis-hara-un-nuevo-autodromo-semipermanente-villa-mercedes\\\/\"]}]},{\"@type\":\"ImageObject\",\"inLanguage\":\"es\",\"@id\":\"http:\\\/\\\/autosdelpodio.com\\\/autos\\\/san-luis-hara-un-nuevo-autodromo-semipermanente-villa-mercedes\\\/#primaryimage\",\"url\":\"http:\\\/\\\/autosdelpodio.com\\\/autos\\\/wp-content\\\/uploads\\\/2016\\\/02\\\/potrero_funes_sl.jpg\",\"contentUrl\":\"http:\\\/\\\/autosdelpodio.com\\\/autos\\\/wp-content\\\/uploads\\\/2016\\\/02\\\/potrero_funes_sl.jpg\",\"width\":1069,\"height\":693},{\"@type\":\"BreadcrumbList\",\"@id\":\"http:\\\/\\\/autosdelpodio.com\\\/autos\\\/san-luis-hara-un-nuevo-autodromo-semipermanente-villa-mercedes\\\/#breadcrumb\",\"itemListElement\":[{\"@type\":\"ListItem\",\"position\":1,\"name\":\"Portada\",\"item\":\"http:\\\/\\\/autosdelpodio.com\\\/autos\\\/\"},{\"@type\":\"ListItem\",\"position\":2,\"name\":\"San Luis har\u00e1 un nuevo autodromo semipermanente en Villa Mercedes\"}]},{\"@type\":\"WebSite\",\"@id\":\"http:\\\/\\\/autosdelpodio.com\\\/autos\\\/#website\",\"url\":\"http:\\\/\\\/autosdelpodio.com\\\/autos\\\/\",\"name\":\"Autos del Podio\",\"description\":\"La sexta del deporte motor\",\"publisher\":{\"@id\":\"http:\\\/\\\/autosdelpodio.com\\\/autos\\\/#organization\"},\"potentialAction\":[{\"@type\":\"SearchAction\",\"target\":{\"@type\":\"EntryPoint\",\"urlTemplate\":\"http:\\\/\\\/autosdelpodio.com\\\/autos\\\/?s={search_term_string}\"},\"query-input\":{\"@type\":\"PropertyValueSpecification\",\"valueRequired\":true,\"valueName\":\"search_term_string\"}}],\"inLanguage\":\"es\"},{\"@type\":\"Organization\",\"@id\":\"http:\\\/\\\/autosdelpodio.com\\\/autos\\\/#organization\",\"name\":\"Autos del Podio\",\"url\":\"http:\\\/\\\/autosdelpodio.com\\\/autos\\\/\",\"logo\":{\"@type\":\"ImageObject\",\"inLanguage\":\"es\",\"@id\":\"http:\\\/\\\/autosdelpodio.com\\\/autos\\\/#\\\/schema\\\/logo\\\/image\\\/\",\"url\":\"http:\\\/\\\/autosdelpodio.com\\\/autos\\\/wp-content\\\/uploads\\\/2020\\\/08\\\/Logo_AR.jpg\",\"contentUrl\":\"http:\\\/\\\/autosdelpodio.com\\\/autos\\\/wp-content\\\/uploads\\\/2020\\\/08\\\/Logo_AR.jpg\",\"width\":1038,\"height\":1044,\"caption\":\"Autos del Podio\"},\"image\":{\"@id\":\"http:\\\/\\\/autosdelpodio.com\\\/autos\\\/#\\\/schema\\\/logo\\\/image\\\/\"},\"sameAs\":[\"https:\\\/\\\/www.facebook.com\\\/profile.php?id=100057192590976&amp;amp;amp;amp;amp;amp;amp;amp;amp;amp;amp;amp;amp;amp;amp;amp;amp;amp;ref=ts\",\"https:\\\/\\\/x.com\\\/autosdelpodio\",\"https:\\\/\\\/www.youtube.com\\\/user\\\/AutosdelPodio\"]},{\"@type\":\"Person\",\"@id\":\"http:\\\/\\\/autosdelpodio.com\\\/autos\\\/#\\\/schema\\\/person\\\/e88353cabf768863fdf874e30120f3ba\",\"name\":\"wi022230\",\"image\":{\"@type\":\"ImageObject\",\"inLanguage\":\"es\",\"@id\":\"http:\\\/\\\/autosdelpodio.com\\\/autos\\\/wp-content\\\/litespeed\\\/avatar\\\/453fc9bdbb11d766ba4c7f14d0bd0aa9.jpg?ver=1776800006\",\"url\":\"http:\\\/\\\/autosdelpodio.com\\\/autos\\\/wp-content\\\/litespeed\\\/avatar\\\/453fc9bdbb11d766ba4c7f14d0bd0aa9.jpg?ver=1776800006\",\"contentUrl\":\"http:\\\/\\\/autosdelpodio.com\\\/autos\\\/wp-content\\\/litespeed\\\/avatar\\\/453fc9bdbb11d766ba4c7f14d0bd0aa9.jpg?ver=1776800006\",\"caption\":\"wi022230\"}}]}<\/script>\n<!-- \/ Yoast SEO plugin. -->","yoast_head_json":{"title":"Autos del Podio | San Luis har\u00e1 un nuevo autodromo semipermanente en Villa Mercedes","description":"Autos del Podio","robots":{"index":"index","follow":"follow","max-snippet":"max-snippet:-1","max-image-preview":"max-image-preview:large","max-video-preview":"max-video-preview:-1"},"canonical":"http:\/\/autosdelpodio.com\/autos\/san-luis-hara-un-nuevo-autodromo-semipermanente-villa-mercedes\/","og_locale":"es_ES","og_type":"article","og_title":"Autos del Podio | San Luis har\u00e1 un nuevo autodromo semipermanente en Villa Mercedes","og_description":"Autos del Podio","og_url":"http:\/\/autosdelpodio.com\/autos\/san-luis-hara-un-nuevo-autodromo-semipermanente-villa-mercedes\/","og_site_name":"Autos del Podio","article_publisher":"https:\/\/www.facebook.com\/profile.php?id=100057192590976&amp%3bamp%3bamp%3bamp%3bamp%3bamp%3bamp%3bamp%3bamp%3bamp%3bamp%3bamp%3bamp%3bamp%3bamp%3bamp%3bamp%3bamp%3bref=ts","article_published_time":"2016-02-21T00:10:24+00:00","og_image":[{"width":1069,"height":693,"url":"http:\/\/autosdelpodio.com\/autos\/wp-content\/uploads\/2016\/02\/potrero_funes_sl.jpg","type":"image\/jpeg"}],"author":"wi022230","twitter_card":"summary_large_image","twitter_creator":"@autosdelpodio","twitter_site":"@autosdelpodio","twitter_misc":{"Escrito por":"wi022230","Tiempo de lectura":"2 minutos"},"schema":{"@context":"https:\/\/schema.org","@graph":[{"@type":"Article","@id":"http:\/\/autosdelpodio.com\/autos\/san-luis-hara-un-nuevo-autodromo-semipermanente-villa-mercedes\/#article","isPartOf":{"@id":"http:\/\/autosdelpodio.com\/autos\/san-luis-hara-un-nuevo-autodromo-semipermanente-villa-mercedes\/"},"author":{"name":"wi022230","@id":"http:\/\/autosdelpodio.com\/autos\/#\/schema\/person\/e88353cabf768863fdf874e30120f3ba"},"headline":"San Luis har\u00e1 un nuevo autodromo semipermanente en Villa Mercedes","datePublished":"2016-02-21T00:10:24+00:00","mainEntityOfPage":{"@id":"http:\/\/autosdelpodio.com\/autos\/san-luis-hara-un-nuevo-autodromo-semipermanente-villa-mercedes\/"},"wordCount":430,"commentCount":0,"publisher":{"@id":"http:\/\/autosdelpodio.com\/autos\/#organization"},"image":{"@id":"http:\/\/autosdelpodio.com\/autos\/san-luis-hara-un-nuevo-autodromo-semipermanente-villa-mercedes\/#primaryimage"},"thumbnailUrl":"http:\/\/autosdelpodio.com\/autos\/wp-content\/uploads\/2016\/02\/potrero_funes_sl.jpg","articleSection":["\u00daltimas noticias"],"inLanguage":"es","potentialAction":[{"@type":"CommentAction","name":"Comment","target":["http:\/\/autosdelpodio.com\/autos\/san-luis-hara-un-nuevo-autodromo-semipermanente-villa-mercedes\/#respond"]}]},{"@type":"WebPage","@id":"http:\/\/autosdelpodio.com\/autos\/san-luis-hara-un-nuevo-autodromo-semipermanente-villa-mercedes\/","url":"http:\/\/autosdelpodio.com\/autos\/san-luis-hara-un-nuevo-autodromo-semipermanente-villa-mercedes\/","name":"Autos del Podio | San Luis har\u00e1 un nuevo autodromo semipermanente en Villa Mercedes","isPartOf":{"@id":"http:\/\/autosdelpodio.com\/autos\/#website"},"primaryImageOfPage":{"@id":"http:\/\/autosdelpodio.com\/autos\/san-luis-hara-un-nuevo-autodromo-semipermanente-villa-mercedes\/#primaryimage"},"image":{"@id":"http:\/\/autosdelpodio.com\/autos\/san-luis-hara-un-nuevo-autodromo-semipermanente-villa-mercedes\/#primaryimage"},"thumbnailUrl":"http:\/\/autosdelpodio.com\/autos\/wp-content\/uploads\/2016\/02\/potrero_funes_sl.jpg","datePublished":"2016-02-21T00:10:24+00:00","description":"Autos del Podio","breadcrumb":{"@id":"http:\/\/autosdelpodio.com\/autos\/san-luis-hara-un-nuevo-autodromo-semipermanente-villa-mercedes\/#breadcrumb"},"inLanguage":"es","potentialAction":[{"@type":"ReadAction","target":["http:\/\/autosdelpodio.com\/autos\/san-luis-hara-un-nuevo-autodromo-semipermanente-villa-mercedes\/"]}]},{"@type":"ImageObject","inLanguage":"es","@id":"http:\/\/autosdelpodio.com\/autos\/san-luis-hara-un-nuevo-autodromo-semipermanente-villa-mercedes\/#primaryimage","url":"http:\/\/autosdelpodio.com\/autos\/wp-content\/uploads\/2016\/02\/potrero_funes_sl.jpg","contentUrl":"http:\/\/autosdelpodio.com\/autos\/wp-content\/uploads\/2016\/02\/potrero_funes_sl.jpg","width":1069,"height":693},{"@type":"BreadcrumbList","@id":"http:\/\/autosdelpodio.com\/autos\/san-luis-hara-un-nuevo-autodromo-semipermanente-villa-mercedes\/#breadcrumb","itemListElement":[{"@type":"ListItem","position":1,"name":"Portada","item":"http:\/\/autosdelpodio.com\/autos\/"},{"@type":"ListItem","position":2,"name":"San Luis har\u00e1 un nuevo autodromo semipermanente en Villa Mercedes"}]},{"@type":"WebSite","@id":"http:\/\/autosdelpodio.com\/autos\/#website","url":"http:\/\/autosdelpodio.com\/autos\/","name":"Autos del Podio","description":"La sexta del deporte motor","publisher":{"@id":"http:\/\/autosdelpodio.com\/autos\/#organization"},"potentialAction":[{"@type":"SearchAction","target":{"@type":"EntryPoint","urlTemplate":"http:\/\/autosdelpodio.com\/autos\/?s={search_term_string}"},"query-input":{"@type":"PropertyValueSpecification","valueRequired":true,"valueName":"search_term_string"}}],"inLanguage":"es"},{"@type":"Organization","@id":"http:\/\/autosdelpodio.com\/autos\/#organization","name":"Autos del Podio","url":"http:\/\/autosdelpodio.com\/autos\/","logo":{"@type":"ImageObject","inLanguage":"es","@id":"http:\/\/autosdelpodio.com\/autos\/#\/schema\/logo\/image\/","url":"http:\/\/autosdelpodio.com\/autos\/wp-content\/uploads\/2020\/08\/Logo_AR.jpg","contentUrl":"http:\/\/autosdelpodio.com\/autos\/wp-content\/uploads\/2020\/08\/Logo_AR.jpg","width":1038,"height":1044,"caption":"Autos del Podio"},"image":{"@id":"http:\/\/autosdelpodio.com\/autos\/#\/schema\/logo\/image\/"},"sameAs":["https:\/\/www.facebook.com\/profile.php?id=100057192590976&amp;amp;amp;amp;amp;amp;amp;amp;amp;amp;amp;amp;amp;amp;amp;amp;amp;amp;ref=ts","https:\/\/x.com\/autosdelpodio","https:\/\/www.youtube.com\/user\/AutosdelPodio"]},{"@type":"Person","@id":"http:\/\/autosdelpodio.com\/autos\/#\/schema\/person\/e88353cabf768863fdf874e30120f3ba","name":"wi022230","image":{"@type":"ImageObject","inLanguage":"es","@id":"http:\/\/autosdelpodio.com\/autos\/wp-content\/litespeed\/avatar\/453fc9bdbb11d766ba4c7f14d0bd0aa9.jpg?ver=1776800006","url":"http:\/\/autosdelpodio.com\/autos\/wp-content\/litespeed\/avatar\/453fc9bdbb11d766ba4c7f14d0bd0aa9.jpg?ver=1776800006","contentUrl":"http:\/\/autosdelpodio.com\/autos\/wp-content\/litespeed\/avatar\/453fc9bdbb11d766ba4c7f14d0bd0aa9.jpg?ver=1776800006","caption":"wi022230"}}]}},"views":717,"_links":{"self":[{"href":"http:\/\/autosdelpodio.com\/autos\/wp-json\/wp\/v2\/posts\/1337","targetHints":{"allow":["GET"]}}],"collection":[{"href":"http:\/\/autosdelpodio.com\/autos\/wp-json\/wp\/v2\/posts"}],"about":[{"href":"http:\/\/autosdelpodio.com\/autos\/wp-json\/wp\/v2\/types\/post"}],"author":[{"embeddable":true,"href":"http:\/\/autosdelpodio.com\/autos\/wp-json\/wp\/v2\/users\/1"}],"replies":[{"embeddable":true,"href":"http:\/\/autosdelpodio.com\/autos\/wp-json\/wp\/v2\/comments?post=1337"}],"version-history":[{"count":0,"href":"http:\/\/autosdelpodio.com\/autos\/wp-json\/wp\/v2\/posts\/1337\/revisions"}],"wp:featuredmedia":[{"embeddable":true,"href":"http:\/\/autosdelpodio.com\/autos\/wp-json\/wp\/v2\/media\/1336"}],"wp:attachment":[{"href":"http:\/\/autosdelpodio.com\/autos\/wp-json\/wp\/v2\/media?parent=1337"}],"wp:term":[{"taxonomy":"category","embeddable":true,"href":"http:\/\/autosdelpodio.com\/autos\/wp-json\/wp\/v2\/categories?post=1337"},{"taxonomy":"post_tag","embeddable":true,"href":"http:\/\/autosdelpodio.com\/autos\/wp-json\/wp\/v2\/tags?post=1337"}],"curies":[{"name":"wp","href":"https:\/\/api.w.org\/{rel}","templated":true}]}}