{"id":1486,"date":"2020-03-31T17:26:02","date_gmt":"2020-03-31T17:26:02","guid":{"rendered":"http:\/\/autosdelpodio.com\/autos\/?p=1486"},"modified":"2020-03-31T17:26:04","modified_gmt":"2020-03-31T17:26:04","slug":"r12-a-medida-de-la-clase-media","status":"publish","type":"post","link":"http:\/\/autosdelpodio.com\/autos\/r12-a-medida-de-la-clase-media\/","title":{"rendered":"R12: A medida de la clase media"},"content":{"rendered":"\n<p>En octubre de 1969 la R\u00e9gie des Usines Renault revelaba en el Sal\u00f3n del Autom\u00f3vil de Par\u00eds su nueva criatura: el Renault 12. Pocos meses despu\u00e9s, IKA-Renault tomaba la decisi\u00f3n de fabricarlo localmente. A fines de 1970, giraron los primeros prototipos argentinos para someterlos a diversos test de ajustes previos al lanzamiento. La producci\u00f3n nacional se inici\u00f3 el 2 de noviembre de 1970. Premonitoriamente, el Presidente de IKA-Renault, Yvon Lavaud, anunciaba en su presentaci\u00f3n que el \u201cEl Renault 12 ha de fijar un hito en nuestras vidas\u201d.<br>\nSu lanzamiento comercial se concret\u00f3 en mayo de 1971. En los siguientes siete meses se comercializaron 9.000 unidades. R\u00e1pidamente, los medios especializados lo distinguieron con el t\u00edtulo de \u201cAuto del A\u00f1o\u201d en 1972. Ese a\u00f1o, la cifra de producci\u00f3n super\u00f3 las 13.000 unidades y en el siguiente traspas\u00f3 las 18.000.<br>\nSu motor fue desarrollado a partir del que equipaba al Renault 8 franc\u00e9s, sobre el que se realizaron mejoras adem\u00e1s de incrementar sus dimensiones gracias a una mayor carrera de los cilindros. De esta manera, result\u00f3 un cuatro cilindros en l\u00ednea, con una cilindrada de 1.289 cc y 60 hp (SAE) de potencia. Como en sus hermanos menores, los R-4 y R-6, la transmisi\u00f3n tambi\u00e9n era delantera mediante \u00e1rboles unidos al grupo diferencial con juntas homocin\u00e9ticas. La caja puente de cuatro velocidades se alojaba en una carcasa de aluminio junto al diferencial y la cupla c\u00f3nica. El R-12 fue el primer Renault argentino en incorporar frenos a disco sobre las ruedas delanteras con pinzas flotantes. Los traseros eran a tambor, con zapatas autocentrantes.<br>\nLa suspensi\u00f3n delantera era independiente con paralelogramos deformables transversales, resortes helicoidales, barra antirolido y amortiguadores hidr\u00e1ulicos telesc\u00f3picos de doble efecto.<br>\nLa trasera presentaba un eje r\u00edgido autoreactor guiado por dos brazos reactores longitudinales y triangulo central reactor. Se completaba con resortes helicoidales, barra antirolido y amortiguadores hidr\u00e1ulicos telesc\u00f3picos de doble efecto.<br>\nEn el dise\u00f1o de la carrocer\u00eda se tuvieron en cuenta las tendencias estil\u00edsticas de la \u00e9poca que hac\u00edan hincapi\u00e9 en los factores aerodin\u00e1micos como medio para lograr menor resistencia al avance, mayor estabilidad din\u00e1mica y menor consumo. La l\u00ednea flecha, que caracterizaba su dibujo, presentaba una aguzada inclinaci\u00f3n del capot y tapa de ba\u00fal, un techo elevado hacia las plazas posteriores, amplia superficie vidriada y una marcada moldura horizontal central en el lateral.<br>\nEl interior mostraba un tablero acolchado en su parte inferior, con un completo panel de instrumentos de tres cuadrantes, volante con centro acolchado y butacas delanteras reclinables, con regulaci\u00f3n longitudinal. El piso plano, gracias a la adopci\u00f3n de tracci\u00f3n delantera, y la altura del techo ofrec\u00edan una excelente habitabilidad para cinco pasajeros. A pesar de la inclinaci\u00f3n de la tapa del ba\u00fal y el alojamiento de la rueda de auxilio en su interior y en posici\u00f3n vertical, ofrec\u00eda un buen espacio para equipaje de 420 dm3. La versatilidad de su motor, con el que alcanzaba una velocidad m\u00e1xima de 140 km\/h, su econom\u00eda y sencillez mec\u00e1nica, lo convirtieron r\u00e1pidamente en un referente para la clase media argentina. <br>\nEn 1973 se introdujeron cambios importantes en el motor como el aumento de la compresi\u00f3n a 9:1 y un nuevo carburador que le permitieron aumentar su potencia en 22 HP (82 HP) y la velocidad m\u00e1xima a 150 km\/h. Nuevas llantas y la incorporaci\u00f3n de luces de marcha atr\u00e1s mejoraban su dise\u00f1o y funcionalidad.<br>\nLa gran novedad fue la presentaci\u00f3n de la versi\u00f3n break con las mismas caracter\u00edsticas mec\u00e1nicas de la berlina. Cambios m\u00e1s importantes llegar\u00edan con el restyling de 1976 con el cual se introdujeron dos nuevas denominaciones: TL y TS. El TL se  convirti\u00f3 en la versi\u00f3n base y mantuvo el propulsor original, mientras que el modelo TS incorpor\u00f3 un nuevo motor de 1.397 cc y 90 HP. Ambas versiones recibieron una re-estilizaci\u00f3n que incluy\u00f3 nuevos paragolpes, parrilla con luces integradas, faros traseros de mayores dimensiones, ventanillas delanteras sin ventiletes, baguetas decorativas laterales y nueva grilla trasera de salida de aire. El interior fue completamente remozado con un nuevo tablero y panel de instrumentos, nuevo volante, asientos y tapizados. En la versi\u00f3n TS se ofrec\u00eda como equipo opcional aire acondicionado. <br>\nEn 1976, con 17.598 unidades vendidas, alcanz\u00f3 el liderazgo absoluto en el pa\u00eds, posici\u00f3n que mantuvo en 1977 y 1978. Los \u00e9xitos comerciales fueron acompa\u00f1ados por los deportivos, en particular en las carreras de Rally, lo cual al mismo tiempo sirvi\u00f3 para reforzar la imagen de veh\u00edculo seguro, robusto y confiable. En 1978, un Renault 12 TL conducido por Jorge Recalde gan\u00f3 en su categor\u00eda, la Clase B, en la \u201cVuelta a la Am\u00e9rica del Sur\u201d, luego de recorrer casi 30.000 kil\u00f3metros a los largo de 39 d\u00edas.<br>\nEl cambio de d\u00e9cada lo encontr\u00f3 con un r\u00e9cord de producci\u00f3n de 42.921 veh\u00edculos y el liderazgo del mercado local en plena lucha con el Ford Falcon. <br>\nModificaciones mayores en el estilo llegar\u00edan en 1984 con la versi\u00f3n GTS destacada por su re-dise\u00f1o del frontal que presentaba una nueva parrilla y por primera vez faros duales redondos. Los paragolpes se hicieron m\u00e1s arm\u00f3nicos, con banda central protectora y puntera de dise\u00f1o envolvente de PVC. Nuevas llantas de aleaci\u00f3n liviana y baguetas pl\u00e1sticas contribuyeron a la actualizaci\u00f3n de la l\u00ednea.  <br>\nEn agosto de 1990 fue presentado otro restyling y nuevas denominaciones. La versi\u00f3n base remplaz\u00f3 al modelo L y los GTL en versi\u00f3n berlina y break a los TL. Los cambios est\u00e9ticos se destacaban por los nuevos paragolpes envolventes, construidos en polipropileno de alto impacto, molduras laterales, aler\u00f3n trasero en las versiones GTL y nuevas tazas. En el interior el panel de instrumentos presentaba teclas del tipo push-push, nuevos comandos de calefacci\u00f3n y renovados asientos y tapizados. La mec\u00e1nica se mantuvo inalterable en relaci\u00f3n a la l\u00ednea anterior hasta 1992 cuando se incorpor\u00f3 el motor de 1.600 cc. Fueron los \u00faltimos cambios.<br>\nEl Renault 12 se despidi\u00f3 para siempre de las l\u00edneas de montaje de Santa Isabel un 3 de noviembre de 1994, en tiempos de CIADEA (Compa\u00f1\u00eda Interamericana de Autom\u00f3viles S.A.). Los \u00faltimos ocho ejemplares despachados ese d\u00eda marcaron la conclusi\u00f3n de una etapa que se extendi\u00f3 por 24 a\u00f1os y atestigu\u00f3 la producci\u00f3n de 444.045 unidades.   <\/p>\n","protected":false},"excerpt":{"rendered":"<p>En octubre de 1969 la R\u00e9gie des Usines Renault revelaba en el Sal\u00f3n del Autom\u00f3vil de Par\u00eds su nueva criatura:<\/p>\n","protected":false},"author":3,"featured_media":1487,"comment_status":"open","ping_status":"open","sticky":false,"template":"","format":"standard","meta":{"colormag_page_container_layout":"default_layout","colormag_page_sidebar_layout":"default_layout","footnotes":""},"categories":[21],"tags":[29,32,30,56],"class_list":["post-1486","post","type-post","status-publish","format-standard","has-post-thumbnail","hentry","category-autos-eternos","tag-ika","tag-industria-automotriz","tag-renault","tag-santa-isabel"],"yoast_head":"<!-- This site is optimized with the Yoast SEO plugin v27.5 - https:\/\/yoast.com\/product\/yoast-seo-wordpress\/ -->\n<title>Autos del Podio | R12: A medida de la clase media<\/title>\n<meta name=\"description\" content=\"Autos del Podio\" \/>\n<meta name=\"robots\" content=\"index, follow, max-snippet:-1, max-image-preview:large, max-video-preview:-1\" \/>\n<link rel=\"canonical\" href=\"http:\/\/autosdelpodio.com\/autos\/r12-a-medida-de-la-clase-media\/\" \/>\n<meta property=\"og:locale\" content=\"es_ES\" \/>\n<meta property=\"og:type\" content=\"article\" \/>\n<meta property=\"og:title\" content=\"Autos del Podio | R12: A medida de la clase media\" \/>\n<meta property=\"og:description\" content=\"Autos del Podio\" \/>\n<meta property=\"og:url\" content=\"http:\/\/autosdelpodio.com\/autos\/r12-a-medida-de-la-clase-media\/\" \/>\n<meta property=\"og:site_name\" content=\"Autos del Podio\" \/>\n<meta property=\"article:publisher\" content=\"https:\/\/www.facebook.com\/profile.php?id=100057192590976&amp;amp%3bamp%3bamp%3bamp%3bamp%3bamp%3bamp%3bamp%3bamp%3bamp%3bamp%3bamp%3bamp%3bamp%3bamp%3bamp%3bamp%3bamp%3bref=ts\" \/>\n<meta property=\"article:published_time\" content=\"2020-03-31T17:26:02+00:00\" \/>\n<meta property=\"article:modified_time\" content=\"2020-03-31T17:26:04+00:00\" \/>\n<meta property=\"og:image\" content=\"http:\/\/autosdelpodio.com\/autos\/wp-content\/uploads\/2020\/03\/Renault-12-4.jpg\" \/>\n\t<meta property=\"og:image:width\" content=\"1200\" \/>\n\t<meta property=\"og:image:height\" content=\"800\" \/>\n\t<meta property=\"og:image:type\" content=\"image\/jpeg\" \/>\n<meta name=\"author\" content=\"autosdelpodio\" \/>\n<meta name=\"twitter:card\" content=\"summary_large_image\" \/>\n<meta name=\"twitter:creator\" content=\"@autosdelpodio\" \/>\n<meta name=\"twitter:site\" content=\"@autosdelpodio\" \/>\n<meta name=\"twitter:label1\" content=\"Escrito por\" \/>\n\t<meta name=\"twitter:data1\" content=\"autosdelpodio\" \/>\n\t<meta name=\"twitter:label2\" content=\"Tiempo de lectura\" \/>\n\t<meta name=\"twitter:data2\" content=\"5 minutos\" \/>\n<script type=\"application\/ld+json\" class=\"yoast-schema-graph\">{\"@context\":\"https:\\\/\\\/schema.org\",\"@graph\":[{\"@type\":\"Article\",\"@id\":\"http:\\\/\\\/autosdelpodio.com\\\/autos\\\/r12-a-medida-de-la-clase-media\\\/#article\",\"isPartOf\":{\"@id\":\"http:\\\/\\\/autosdelpodio.com\\\/autos\\\/r12-a-medida-de-la-clase-media\\\/\"},\"author\":{\"name\":\"autosdelpodio\",\"@id\":\"http:\\\/\\\/autosdelpodio.com\\\/autos\\\/#\\\/schema\\\/person\\\/993527a4d01c3acdd3d6bce3770bc942\"},\"headline\":\"R12: A medida de la clase media\",\"datePublished\":\"2020-03-31T17:26:02+00:00\",\"dateModified\":\"2020-03-31T17:26:04+00:00\",\"mainEntityOfPage\":{\"@id\":\"http:\\\/\\\/autosdelpodio.com\\\/autos\\\/r12-a-medida-de-la-clase-media\\\/\"},\"wordCount\":1085,\"commentCount\":1,\"publisher\":{\"@id\":\"http:\\\/\\\/autosdelpodio.com\\\/autos\\\/#organization\"},\"image\":{\"@id\":\"http:\\\/\\\/autosdelpodio.com\\\/autos\\\/r12-a-medida-de-la-clase-media\\\/#primaryimage\"},\"thumbnailUrl\":\"http:\\\/\\\/autosdelpodio.com\\\/autos\\\/wp-content\\\/uploads\\\/2020\\\/03\\\/Renault-12-4.jpg\",\"keywords\":[\"IKA\",\"Industria Automotriz\",\"Renault\",\"Santa Isabel\"],\"articleSection\":[\"Autos Eternos\"],\"inLanguage\":\"es\",\"potentialAction\":[{\"@type\":\"CommentAction\",\"name\":\"Comment\",\"target\":[\"http:\\\/\\\/autosdelpodio.com\\\/autos\\\/r12-a-medida-de-la-clase-media\\\/#respond\"]}]},{\"@type\":\"WebPage\",\"@id\":\"http:\\\/\\\/autosdelpodio.com\\\/autos\\\/r12-a-medida-de-la-clase-media\\\/\",\"url\":\"http:\\\/\\\/autosdelpodio.com\\\/autos\\\/r12-a-medida-de-la-clase-media\\\/\",\"name\":\"Autos del Podio | R12: A medida de la clase media\",\"isPartOf\":{\"@id\":\"http:\\\/\\\/autosdelpodio.com\\\/autos\\\/#website\"},\"primaryImageOfPage\":{\"@id\":\"http:\\\/\\\/autosdelpodio.com\\\/autos\\\/r12-a-medida-de-la-clase-media\\\/#primaryimage\"},\"image\":{\"@id\":\"http:\\\/\\\/autosdelpodio.com\\\/autos\\\/r12-a-medida-de-la-clase-media\\\/#primaryimage\"},\"thumbnailUrl\":\"http:\\\/\\\/autosdelpodio.com\\\/autos\\\/wp-content\\\/uploads\\\/2020\\\/03\\\/Renault-12-4.jpg\",\"datePublished\":\"2020-03-31T17:26:02+00:00\",\"dateModified\":\"2020-03-31T17:26:04+00:00\",\"description\":\"Autos del Podio\",\"breadcrumb\":{\"@id\":\"http:\\\/\\\/autosdelpodio.com\\\/autos\\\/r12-a-medida-de-la-clase-media\\\/#breadcrumb\"},\"inLanguage\":\"es\",\"potentialAction\":[{\"@type\":\"ReadAction\",\"target\":[\"http:\\\/\\\/autosdelpodio.com\\\/autos\\\/r12-a-medida-de-la-clase-media\\\/\"]}]},{\"@type\":\"ImageObject\",\"inLanguage\":\"es\",\"@id\":\"http:\\\/\\\/autosdelpodio.com\\\/autos\\\/r12-a-medida-de-la-clase-media\\\/#primaryimage\",\"url\":\"http:\\\/\\\/autosdelpodio.com\\\/autos\\\/wp-content\\\/uploads\\\/2020\\\/03\\\/Renault-12-4.jpg\",\"contentUrl\":\"http:\\\/\\\/autosdelpodio.com\\\/autos\\\/wp-content\\\/uploads\\\/2020\\\/03\\\/Renault-12-4.jpg\",\"width\":1200,\"height\":800},{\"@type\":\"BreadcrumbList\",\"@id\":\"http:\\\/\\\/autosdelpodio.com\\\/autos\\\/r12-a-medida-de-la-clase-media\\\/#breadcrumb\",\"itemListElement\":[{\"@type\":\"ListItem\",\"position\":1,\"name\":\"Portada\",\"item\":\"http:\\\/\\\/autosdelpodio.com\\\/autos\\\/\"},{\"@type\":\"ListItem\",\"position\":2,\"name\":\"R12: A medida de la clase media\"}]},{\"@type\":\"WebSite\",\"@id\":\"http:\\\/\\\/autosdelpodio.com\\\/autos\\\/#website\",\"url\":\"http:\\\/\\\/autosdelpodio.com\\\/autos\\\/\",\"name\":\"Autos del Podio\",\"description\":\"La sexta del deporte motor\",\"publisher\":{\"@id\":\"http:\\\/\\\/autosdelpodio.com\\\/autos\\\/#organization\"},\"potentialAction\":[{\"@type\":\"SearchAction\",\"target\":{\"@type\":\"EntryPoint\",\"urlTemplate\":\"http:\\\/\\\/autosdelpodio.com\\\/autos\\\/?s={search_term_string}\"},\"query-input\":{\"@type\":\"PropertyValueSpecification\",\"valueRequired\":true,\"valueName\":\"search_term_string\"}}],\"inLanguage\":\"es\"},{\"@type\":\"Organization\",\"@id\":\"http:\\\/\\\/autosdelpodio.com\\\/autos\\\/#organization\",\"name\":\"Autos del Podio\",\"url\":\"http:\\\/\\\/autosdelpodio.com\\\/autos\\\/\",\"logo\":{\"@type\":\"ImageObject\",\"inLanguage\":\"es\",\"@id\":\"http:\\\/\\\/autosdelpodio.com\\\/autos\\\/#\\\/schema\\\/logo\\\/image\\\/\",\"url\":\"http:\\\/\\\/autosdelpodio.com\\\/autos\\\/wp-content\\\/uploads\\\/2020\\\/08\\\/Logo_AR.jpg\",\"contentUrl\":\"http:\\\/\\\/autosdelpodio.com\\\/autos\\\/wp-content\\\/uploads\\\/2020\\\/08\\\/Logo_AR.jpg\",\"width\":1038,\"height\":1044,\"caption\":\"Autos del Podio\"},\"image\":{\"@id\":\"http:\\\/\\\/autosdelpodio.com\\\/autos\\\/#\\\/schema\\\/logo\\\/image\\\/\"},\"sameAs\":[\"https:\\\/\\\/www.facebook.com\\\/profile.php?id=100057192590976&amp;amp;amp;amp;amp;amp;amp;amp;amp;amp;amp;amp;amp;amp;amp;amp;amp;amp;ref=ts\",\"https:\\\/\\\/x.com\\\/autosdelpodio\",\"https:\\\/\\\/www.youtube.com\\\/user\\\/AutosdelPodio\"]},{\"@type\":\"Person\",\"@id\":\"http:\\\/\\\/autosdelpodio.com\\\/autos\\\/#\\\/schema\\\/person\\\/993527a4d01c3acdd3d6bce3770bc942\",\"name\":\"autosdelpodio\",\"image\":{\"@type\":\"ImageObject\",\"inLanguage\":\"es\",\"@id\":\"http:\\\/\\\/autosdelpodio.com\\\/autos\\\/wp-content\\\/litespeed\\\/avatar\\\/aa8f65cd201a80f6b844f63278aa84af.jpg?ver=1777403005\",\"url\":\"http:\\\/\\\/autosdelpodio.com\\\/autos\\\/wp-content\\\/litespeed\\\/avatar\\\/aa8f65cd201a80f6b844f63278aa84af.jpg?ver=1777403005\",\"contentUrl\":\"http:\\\/\\\/autosdelpodio.com\\\/autos\\\/wp-content\\\/litespeed\\\/avatar\\\/aa8f65cd201a80f6b844f63278aa84af.jpg?ver=1777403005\",\"caption\":\"autosdelpodio\"}}]}<\/script>\n<!-- \/ Yoast SEO plugin. -->","yoast_head_json":{"title":"Autos del Podio | R12: A medida de la clase media","description":"Autos del Podio","robots":{"index":"index","follow":"follow","max-snippet":"max-snippet:-1","max-image-preview":"max-image-preview:large","max-video-preview":"max-video-preview:-1"},"canonical":"http:\/\/autosdelpodio.com\/autos\/r12-a-medida-de-la-clase-media\/","og_locale":"es_ES","og_type":"article","og_title":"Autos del Podio | R12: A medida de la clase media","og_description":"Autos del Podio","og_url":"http:\/\/autosdelpodio.com\/autos\/r12-a-medida-de-la-clase-media\/","og_site_name":"Autos del Podio","article_publisher":"https:\/\/www.facebook.com\/profile.php?id=100057192590976&amp%3bamp%3bamp%3bamp%3bamp%3bamp%3bamp%3bamp%3bamp%3bamp%3bamp%3bamp%3bamp%3bamp%3bamp%3bamp%3bamp%3bamp%3bref=ts","article_published_time":"2020-03-31T17:26:02+00:00","article_modified_time":"2020-03-31T17:26:04+00:00","og_image":[{"width":1200,"height":800,"url":"http:\/\/autosdelpodio.com\/autos\/wp-content\/uploads\/2020\/03\/Renault-12-4.jpg","type":"image\/jpeg"}],"author":"autosdelpodio","twitter_card":"summary_large_image","twitter_creator":"@autosdelpodio","twitter_site":"@autosdelpodio","twitter_misc":{"Escrito por":"autosdelpodio","Tiempo de lectura":"5 minutos"},"schema":{"@context":"https:\/\/schema.org","@graph":[{"@type":"Article","@id":"http:\/\/autosdelpodio.com\/autos\/r12-a-medida-de-la-clase-media\/#article","isPartOf":{"@id":"http:\/\/autosdelpodio.com\/autos\/r12-a-medida-de-la-clase-media\/"},"author":{"name":"autosdelpodio","@id":"http:\/\/autosdelpodio.com\/autos\/#\/schema\/person\/993527a4d01c3acdd3d6bce3770bc942"},"headline":"R12: A medida de la clase media","datePublished":"2020-03-31T17:26:02+00:00","dateModified":"2020-03-31T17:26:04+00:00","mainEntityOfPage":{"@id":"http:\/\/autosdelpodio.com\/autos\/r12-a-medida-de-la-clase-media\/"},"wordCount":1085,"commentCount":1,"publisher":{"@id":"http:\/\/autosdelpodio.com\/autos\/#organization"},"image":{"@id":"http:\/\/autosdelpodio.com\/autos\/r12-a-medida-de-la-clase-media\/#primaryimage"},"thumbnailUrl":"http:\/\/autosdelpodio.com\/autos\/wp-content\/uploads\/2020\/03\/Renault-12-4.jpg","keywords":["IKA","Industria Automotriz","Renault","Santa Isabel"],"articleSection":["Autos Eternos"],"inLanguage":"es","potentialAction":[{"@type":"CommentAction","name":"Comment","target":["http:\/\/autosdelpodio.com\/autos\/r12-a-medida-de-la-clase-media\/#respond"]}]},{"@type":"WebPage","@id":"http:\/\/autosdelpodio.com\/autos\/r12-a-medida-de-la-clase-media\/","url":"http:\/\/autosdelpodio.com\/autos\/r12-a-medida-de-la-clase-media\/","name":"Autos del Podio | R12: A medida de la clase media","isPartOf":{"@id":"http:\/\/autosdelpodio.com\/autos\/#website"},"primaryImageOfPage":{"@id":"http:\/\/autosdelpodio.com\/autos\/r12-a-medida-de-la-clase-media\/#primaryimage"},"image":{"@id":"http:\/\/autosdelpodio.com\/autos\/r12-a-medida-de-la-clase-media\/#primaryimage"},"thumbnailUrl":"http:\/\/autosdelpodio.com\/autos\/wp-content\/uploads\/2020\/03\/Renault-12-4.jpg","datePublished":"2020-03-31T17:26:02+00:00","dateModified":"2020-03-31T17:26:04+00:00","description":"Autos del Podio","breadcrumb":{"@id":"http:\/\/autosdelpodio.com\/autos\/r12-a-medida-de-la-clase-media\/#breadcrumb"},"inLanguage":"es","potentialAction":[{"@type":"ReadAction","target":["http:\/\/autosdelpodio.com\/autos\/r12-a-medida-de-la-clase-media\/"]}]},{"@type":"ImageObject","inLanguage":"es","@id":"http:\/\/autosdelpodio.com\/autos\/r12-a-medida-de-la-clase-media\/#primaryimage","url":"http:\/\/autosdelpodio.com\/autos\/wp-content\/uploads\/2020\/03\/Renault-12-4.jpg","contentUrl":"http:\/\/autosdelpodio.com\/autos\/wp-content\/uploads\/2020\/03\/Renault-12-4.jpg","width":1200,"height":800},{"@type":"BreadcrumbList","@id":"http:\/\/autosdelpodio.com\/autos\/r12-a-medida-de-la-clase-media\/#breadcrumb","itemListElement":[{"@type":"ListItem","position":1,"name":"Portada","item":"http:\/\/autosdelpodio.com\/autos\/"},{"@type":"ListItem","position":2,"name":"R12: A medida de la clase media"}]},{"@type":"WebSite","@id":"http:\/\/autosdelpodio.com\/autos\/#website","url":"http:\/\/autosdelpodio.com\/autos\/","name":"Autos del Podio","description":"La sexta del deporte motor","publisher":{"@id":"http:\/\/autosdelpodio.com\/autos\/#organization"},"potentialAction":[{"@type":"SearchAction","target":{"@type":"EntryPoint","urlTemplate":"http:\/\/autosdelpodio.com\/autos\/?s={search_term_string}"},"query-input":{"@type":"PropertyValueSpecification","valueRequired":true,"valueName":"search_term_string"}}],"inLanguage":"es"},{"@type":"Organization","@id":"http:\/\/autosdelpodio.com\/autos\/#organization","name":"Autos del Podio","url":"http:\/\/autosdelpodio.com\/autos\/","logo":{"@type":"ImageObject","inLanguage":"es","@id":"http:\/\/autosdelpodio.com\/autos\/#\/schema\/logo\/image\/","url":"http:\/\/autosdelpodio.com\/autos\/wp-content\/uploads\/2020\/08\/Logo_AR.jpg","contentUrl":"http:\/\/autosdelpodio.com\/autos\/wp-content\/uploads\/2020\/08\/Logo_AR.jpg","width":1038,"height":1044,"caption":"Autos del Podio"},"image":{"@id":"http:\/\/autosdelpodio.com\/autos\/#\/schema\/logo\/image\/"},"sameAs":["https:\/\/www.facebook.com\/profile.php?id=100057192590976&amp;amp;amp;amp;amp;amp;amp;amp;amp;amp;amp;amp;amp;amp;amp;amp;amp;amp;ref=ts","https:\/\/x.com\/autosdelpodio","https:\/\/www.youtube.com\/user\/AutosdelPodio"]},{"@type":"Person","@id":"http:\/\/autosdelpodio.com\/autos\/#\/schema\/person\/993527a4d01c3acdd3d6bce3770bc942","name":"autosdelpodio","image":{"@type":"ImageObject","inLanguage":"es","@id":"http:\/\/autosdelpodio.com\/autos\/wp-content\/litespeed\/avatar\/aa8f65cd201a80f6b844f63278aa84af.jpg?ver=1777403005","url":"http:\/\/autosdelpodio.com\/autos\/wp-content\/litespeed\/avatar\/aa8f65cd201a80f6b844f63278aa84af.jpg?ver=1777403005","contentUrl":"http:\/\/autosdelpodio.com\/autos\/wp-content\/litespeed\/avatar\/aa8f65cd201a80f6b844f63278aa84af.jpg?ver=1777403005","caption":"autosdelpodio"}}]}},"views":771,"_links":{"self":[{"href":"http:\/\/autosdelpodio.com\/autos\/wp-json\/wp\/v2\/posts\/1486","targetHints":{"allow":["GET"]}}],"collection":[{"href":"http:\/\/autosdelpodio.com\/autos\/wp-json\/wp\/v2\/posts"}],"about":[{"href":"http:\/\/autosdelpodio.com\/autos\/wp-json\/wp\/v2\/types\/post"}],"author":[{"embeddable":true,"href":"http:\/\/autosdelpodio.com\/autos\/wp-json\/wp\/v2\/users\/3"}],"replies":[{"embeddable":true,"href":"http:\/\/autosdelpodio.com\/autos\/wp-json\/wp\/v2\/comments?post=1486"}],"version-history":[{"count":1,"href":"http:\/\/autosdelpodio.com\/autos\/wp-json\/wp\/v2\/posts\/1486\/revisions"}],"predecessor-version":[{"id":1488,"href":"http:\/\/autosdelpodio.com\/autos\/wp-json\/wp\/v2\/posts\/1486\/revisions\/1488"}],"wp:featuredmedia":[{"embeddable":true,"href":"http:\/\/autosdelpodio.com\/autos\/wp-json\/wp\/v2\/media\/1487"}],"wp:attachment":[{"href":"http:\/\/autosdelpodio.com\/autos\/wp-json\/wp\/v2\/media?parent=1486"}],"wp:term":[{"taxonomy":"category","embeddable":true,"href":"http:\/\/autosdelpodio.com\/autos\/wp-json\/wp\/v2\/categories?post=1486"},{"taxonomy":"post_tag","embeddable":true,"href":"http:\/\/autosdelpodio.com\/autos\/wp-json\/wp\/v2\/tags?post=1486"}],"curies":[{"name":"wp","href":"https:\/\/api.w.org\/{rel}","templated":true}]}}