{"id":1531,"date":"2020-04-01T01:46:09","date_gmt":"2020-04-01T01:46:09","guid":{"rendered":"http:\/\/autosdelpodio.com\/autos\/?p=1531"},"modified":"2020-05-17T23:35:41","modified_gmt":"2020-05-17T23:35:41","slug":"vivo-con-asombro-que-luego-de-casi-50-anos-aun-se-siga-hablando-de-esta-obra","status":"publish","type":"post","link":"http:\/\/autosdelpodio.com\/autos\/vivo-con-asombro-que-luego-de-casi-50-anos-aun-se-siga-hablando-de-esta-obra\/","title":{"rendered":"\u201cVivo con asombro que luego de casi 50 a\u00f1os aun se siga hablando de esta obra\u201d"},"content":{"rendered":"\n<p>15\/05\/2017<\/p>\n\n\n\n<p><strong>Luis Varela, el hacedor del Andino GT<\/strong><\/p>\n\n\n\n<p>Fue pensado para la nueva categor\u00eda de automovilismo Gran\nTurismo Argentino que nunca se lleg\u00f3 a formar.La concepci\u00f3n deportiva fue\nposible gracias al nuevo reglamento del TC.<\/p>\n\n\n\n<p>\u201cMi audacia y descaro de juventud me llev\u00f3 a dise\u00f1ar. No\nsab\u00eda distinguir pulgadas de mm, ni medir o distinguir un 3\/8, ni idea de un\namortiguador\u201d<\/p>\n\n\n\n<p>\u201cMi formaci\u00f3n escolar era muy b\u00e1sica. Estudi\u00e9 Agronom\u00eda en\nLa Plata pero me apasionaba el dibujo t\u00e9cnico de la vieja escuela secundaria\ndonde finalic\u00e9 mi Bachillerato\nespecializado en dibujo t\u00e9cnico y arquitect\u00f3nico\u201d<\/p>\n\n\n\n<p>\u201cNo hay nada nuevo bajo el sol a la hora de dise\u00f1ar. Todo se\nrecicla\u201d<\/p>\n\n\n\n<p>Todo lo mec\u00e1nico del Renault Gordini se respet\u00f3. Varela\nargumentaba con buen tino que todo lo hecho en fabrica&nbsp; IKA Renault a gran escala estaba sumamente testeado\ny avalado.<\/p>\n\n\n\n<p>El\nconjunto abarcaba Renault 850 cm3.\nPotencia estimada: 40 HP \/6800 RPM, Caja de velocidades, suspensi\u00f3n y\ndirecci\u00f3n.El peso total rondaba los 675 Kg.<\/p>\n\n\n\n<p>\u201cLo mas dif\u00edcil en un auto de competici\u00f3n\nes equiparar los pesos y trabajar muy bien a la hora de determinar un buen\ncentro de gravedad\u201d<\/p>\n\n\n\n<p>En 1967 se construye el primer prototipo\n\u201cen el cual busque hacer un dise\u00f1o lo mas curvo posible ya que cada l\u00ednea recta\no paneles rectos te quitan aerodin\u00e1mica, que se traduce en velocidad y consumo\nde combustible<\/p>\n\n\n\n<p>El 28 de Agosto de 1968 sale a pista en el\ncircuito de la ciudad bonaerense de 9 de Julio \u201cAl Andino lo am\u00e9 como a un\nhijo; fue todo.Sangre, sudor, lagrimas y dedicaci\u00f3n full time\u201d.<\/p>\n\n\n\n<p>El 20 de Enero de 1970 se presenta el\nAndino GT se present\u00f3 en sociedad ante la prensa en la Agencia Donati, ubicada\npor entonces entre Avenida Libertador y Rodr\u00edguez Pe\u00f1a con la destacada e\ninfluyente presencia de Juan Manuel Fangio.<\/p>\n\n\n\n<p>Del viejo pre dise\u00f1o en aluminio se pas\u00f3 a\nla innovadora construcci\u00f3n en pl\u00e1stico de cola y trompa de la cup\u00e9.<\/p>\n\n\n\n<p>Al quedar trunca la categor\u00eda GTA, fue necesario realizarle una serie de ajustes para la producci\u00f3n a baja escala.<\/p>\n\n\n\n<figure class=\"wp-block-gallery columns-1 is-cropped wp-block-gallery-1 is-layout-flex wp-block-gallery-is-layout-flex\"><ul class=\"blocks-gallery-grid\"><li class=\"blocks-gallery-item\"><figure><img decoding=\"async\" src=\"http:\/\/autosdelpodio.com\/autos\/wp-content\/uploads\/2020\/03\/AndinoGT-1.jpg\" alt=\"\" data-id=\"1522\" data-full-url=\"http:\/\/autosdelpodio.com\/autos\/wp-content\/uploads\/2020\/03\/AndinoGT-1.jpg\" data-link=\"http:\/\/autosdelpodio.com\/autos\/2020\/03\/31\/expo-auto-argentino-cumplio-10-anos\/andinogt-1\/\" class=\"wp-image-1522\"\/><figcaption class=\"blocks-gallery-item__caption\">Andino GT, un gran turismo<\/figcaption><\/figure><\/li><\/ul><\/figure>\n\n\n\n<p>Comercialmente, la versi\u00f3n m\u00e1s picante\ndesarrollada por Oreste\nBerta costaba casi lo mismo que un Torino 380W.<\/p>\n\n\n\n<p>Su fabricaci\u00f3n fue de 1970 a 1982.La\nprimera serie alcanz\u00f3 las 12 unidades. La segunda que se prove\u00eda a modo de Kit\n(todas las partes con una gu\u00eda de armado, como ocurr\u00eda con los Buggys) fueron\n90.<\/p>\n\n\n\n<p>Luis Varela se hab\u00eda trazado un objetivo m\u00ednimo de venta de 20 a 30 autos por a\u00f1o, que finalmente no pudo cumplir. Al no contar con apoyo oficial de la terminal, no ten\u00eda forma concreta de marketing.De hecho atin\u00f3 a utilizar los \u201cCorsificados\u201d de la Revista Corsa para publicar una l\u00ednea en los clasificados.<\/p>\n\n\n\n<p>Al presente estima que en condiciones de\nfuncionamiento habr\u00e1 un total de 18 o 20 Andino sobre un total de 110.<\/p>\n","protected":false},"excerpt":{"rendered":"<p>15\/05\/2017 Luis Varela, el hacedor del Andino GT Fue pensado para la nueva categor\u00eda de automovilismo Gran Turismo Argentino que<\/p>\n","protected":false},"author":3,"featured_media":1534,"comment_status":"open","ping_status":"open","sticky":false,"template":"","format":"standard","meta":{"colormag_page_container_layout":"default_layout","colormag_page_sidebar_layout":"default_layout","footnotes":""},"categories":[17],"tags":[73,29,72],"class_list":["post-1531","post","type-post","status-publish","format-standard","has-post-thumbnail","hentry","category-entrevistas","tag-andino-gt","tag-ika","tag-luis-varela"],"yoast_head":"<!-- This site is optimized with the Yoast SEO plugin v27.4 - https:\/\/yoast.com\/product\/yoast-seo-wordpress\/ -->\n<title>Autos del Podio | \u201cVivo con asombro que luego de casi 50 a\u00f1os aun se siga hablando de esta obra\u201d<\/title>\n<meta name=\"description\" content=\"Autos del Podio\" \/>\n<meta name=\"robots\" content=\"index, follow, max-snippet:-1, max-image-preview:large, max-video-preview:-1\" \/>\n<link rel=\"canonical\" href=\"http:\/\/autosdelpodio.com\/autos\/vivo-con-asombro-que-luego-de-casi-50-anos-aun-se-siga-hablando-de-esta-obra\/\" \/>\n<meta property=\"og:locale\" content=\"es_ES\" \/>\n<meta property=\"og:type\" content=\"article\" \/>\n<meta property=\"og:title\" content=\"Autos del Podio | \u201cVivo con asombro que luego de casi 50 a\u00f1os aun se siga hablando de esta obra\u201d\" \/>\n<meta property=\"og:description\" content=\"Autos del Podio\" \/>\n<meta property=\"og:url\" content=\"http:\/\/autosdelpodio.com\/autos\/vivo-con-asombro-que-luego-de-casi-50-anos-aun-se-siga-hablando-de-esta-obra\/\" \/>\n<meta property=\"og:site_name\" content=\"Autos del Podio\" \/>\n<meta property=\"article:publisher\" content=\"https:\/\/www.facebook.com\/profile.php?id=100057192590976&amp;amp%3bamp%3bamp%3bamp%3bamp%3bamp%3bamp%3bamp%3bamp%3bamp%3bamp%3bamp%3bamp%3bamp%3bamp%3bamp%3bamp%3bamp%3bref=ts\" \/>\n<meta property=\"article:published_time\" content=\"2020-04-01T01:46:09+00:00\" \/>\n<meta property=\"article:modified_time\" content=\"2020-05-17T23:35:41+00:00\" \/>\n<meta property=\"og:image\" content=\"http:\/\/autosdelpodio.com\/autos\/wp-content\/uploads\/2020\/04\/andino_gt_luis_varela-800x445-1.jpg\" \/>\n\t<meta property=\"og:image:width\" content=\"800\" \/>\n\t<meta property=\"og:image:height\" content=\"445\" \/>\n\t<meta property=\"og:image:type\" content=\"image\/jpeg\" \/>\n<meta name=\"author\" content=\"autosdelpodio\" \/>\n<meta name=\"twitter:card\" content=\"summary_large_image\" \/>\n<meta name=\"twitter:creator\" content=\"@autosdelpodio\" \/>\n<meta name=\"twitter:site\" content=\"@autosdelpodio\" \/>\n<meta name=\"twitter:label1\" content=\"Escrito por\" \/>\n\t<meta name=\"twitter:data1\" content=\"autosdelpodio\" \/>\n\t<meta name=\"twitter:label2\" content=\"Tiempo de lectura\" \/>\n\t<meta name=\"twitter:data2\" content=\"3 minutos\" \/>\n<script type=\"application\/ld+json\" class=\"yoast-schema-graph\">{\"@context\":\"https:\\\/\\\/schema.org\",\"@graph\":[{\"@type\":\"Article\",\"@id\":\"http:\\\/\\\/autosdelpodio.com\\\/autos\\\/vivo-con-asombro-que-luego-de-casi-50-anos-aun-se-siga-hablando-de-esta-obra\\\/#article\",\"isPartOf\":{\"@id\":\"http:\\\/\\\/autosdelpodio.com\\\/autos\\\/vivo-con-asombro-que-luego-de-casi-50-anos-aun-se-siga-hablando-de-esta-obra\\\/\"},\"author\":{\"name\":\"autosdelpodio\",\"@id\":\"http:\\\/\\\/autosdelpodio.com\\\/autos\\\/#\\\/schema\\\/person\\\/993527a4d01c3acdd3d6bce3770bc942\"},\"headline\":\"\u201cVivo con asombro que luego de casi 50 a\u00f1os aun se siga hablando de esta obra\u201d\",\"datePublished\":\"2020-04-01T01:46:09+00:00\",\"dateModified\":\"2020-05-17T23:35:41+00:00\",\"mainEntityOfPage\":{\"@id\":\"http:\\\/\\\/autosdelpodio.com\\\/autos\\\/vivo-con-asombro-que-luego-de-casi-50-anos-aun-se-siga-hablando-de-esta-obra\\\/\"},\"wordCount\":516,\"commentCount\":2,\"publisher\":{\"@id\":\"http:\\\/\\\/autosdelpodio.com\\\/autos\\\/#organization\"},\"image\":{\"@id\":\"http:\\\/\\\/autosdelpodio.com\\\/autos\\\/vivo-con-asombro-que-luego-de-casi-50-anos-aun-se-siga-hablando-de-esta-obra\\\/#primaryimage\"},\"thumbnailUrl\":\"http:\\\/\\\/autosdelpodio.com\\\/autos\\\/wp-content\\\/uploads\\\/2020\\\/04\\\/andino_gt_luis_varela-800x445-1.jpg\",\"keywords\":[\"Andino GT\",\"IKA\",\"Luis Varela\"],\"articleSection\":[\"Entrevistas\"],\"inLanguage\":\"es\",\"potentialAction\":[{\"@type\":\"CommentAction\",\"name\":\"Comment\",\"target\":[\"http:\\\/\\\/autosdelpodio.com\\\/autos\\\/vivo-con-asombro-que-luego-de-casi-50-anos-aun-se-siga-hablando-de-esta-obra\\\/#respond\"]}]},{\"@type\":\"WebPage\",\"@id\":\"http:\\\/\\\/autosdelpodio.com\\\/autos\\\/vivo-con-asombro-que-luego-de-casi-50-anos-aun-se-siga-hablando-de-esta-obra\\\/\",\"url\":\"http:\\\/\\\/autosdelpodio.com\\\/autos\\\/vivo-con-asombro-que-luego-de-casi-50-anos-aun-se-siga-hablando-de-esta-obra\\\/\",\"name\":\"Autos del Podio | \u201cVivo con asombro que luego de casi 50 a\u00f1os aun se siga hablando de esta obra\u201d\",\"isPartOf\":{\"@id\":\"http:\\\/\\\/autosdelpodio.com\\\/autos\\\/#website\"},\"primaryImageOfPage\":{\"@id\":\"http:\\\/\\\/autosdelpodio.com\\\/autos\\\/vivo-con-asombro-que-luego-de-casi-50-anos-aun-se-siga-hablando-de-esta-obra\\\/#primaryimage\"},\"image\":{\"@id\":\"http:\\\/\\\/autosdelpodio.com\\\/autos\\\/vivo-con-asombro-que-luego-de-casi-50-anos-aun-se-siga-hablando-de-esta-obra\\\/#primaryimage\"},\"thumbnailUrl\":\"http:\\\/\\\/autosdelpodio.com\\\/autos\\\/wp-content\\\/uploads\\\/2020\\\/04\\\/andino_gt_luis_varela-800x445-1.jpg\",\"datePublished\":\"2020-04-01T01:46:09+00:00\",\"dateModified\":\"2020-05-17T23:35:41+00:00\",\"description\":\"Autos del Podio\",\"breadcrumb\":{\"@id\":\"http:\\\/\\\/autosdelpodio.com\\\/autos\\\/vivo-con-asombro-que-luego-de-casi-50-anos-aun-se-siga-hablando-de-esta-obra\\\/#breadcrumb\"},\"inLanguage\":\"es\",\"potentialAction\":[{\"@type\":\"ReadAction\",\"target\":[\"http:\\\/\\\/autosdelpodio.com\\\/autos\\\/vivo-con-asombro-que-luego-de-casi-50-anos-aun-se-siga-hablando-de-esta-obra\\\/\"]}]},{\"@type\":\"ImageObject\",\"inLanguage\":\"es\",\"@id\":\"http:\\\/\\\/autosdelpodio.com\\\/autos\\\/vivo-con-asombro-que-luego-de-casi-50-anos-aun-se-siga-hablando-de-esta-obra\\\/#primaryimage\",\"url\":\"http:\\\/\\\/autosdelpodio.com\\\/autos\\\/wp-content\\\/uploads\\\/2020\\\/04\\\/andino_gt_luis_varela-800x445-1.jpg\",\"contentUrl\":\"http:\\\/\\\/autosdelpodio.com\\\/autos\\\/wp-content\\\/uploads\\\/2020\\\/04\\\/andino_gt_luis_varela-800x445-1.jpg\",\"width\":800,\"height\":445},{\"@type\":\"BreadcrumbList\",\"@id\":\"http:\\\/\\\/autosdelpodio.com\\\/autos\\\/vivo-con-asombro-que-luego-de-casi-50-anos-aun-se-siga-hablando-de-esta-obra\\\/#breadcrumb\",\"itemListElement\":[{\"@type\":\"ListItem\",\"position\":1,\"name\":\"Portada\",\"item\":\"http:\\\/\\\/autosdelpodio.com\\\/autos\\\/\"},{\"@type\":\"ListItem\",\"position\":2,\"name\":\"\u201cVivo con asombro que luego de casi 50 a\u00f1os aun se siga hablando de esta obra\u201d\"}]},{\"@type\":\"WebSite\",\"@id\":\"http:\\\/\\\/autosdelpodio.com\\\/autos\\\/#website\",\"url\":\"http:\\\/\\\/autosdelpodio.com\\\/autos\\\/\",\"name\":\"Autos del Podio\",\"description\":\"La sexta del deporte motor\",\"publisher\":{\"@id\":\"http:\\\/\\\/autosdelpodio.com\\\/autos\\\/#organization\"},\"potentialAction\":[{\"@type\":\"SearchAction\",\"target\":{\"@type\":\"EntryPoint\",\"urlTemplate\":\"http:\\\/\\\/autosdelpodio.com\\\/autos\\\/?s={search_term_string}\"},\"query-input\":{\"@type\":\"PropertyValueSpecification\",\"valueRequired\":true,\"valueName\":\"search_term_string\"}}],\"inLanguage\":\"es\"},{\"@type\":\"Organization\",\"@id\":\"http:\\\/\\\/autosdelpodio.com\\\/autos\\\/#organization\",\"name\":\"Autos del Podio\",\"url\":\"http:\\\/\\\/autosdelpodio.com\\\/autos\\\/\",\"logo\":{\"@type\":\"ImageObject\",\"inLanguage\":\"es\",\"@id\":\"http:\\\/\\\/autosdelpodio.com\\\/autos\\\/#\\\/schema\\\/logo\\\/image\\\/\",\"url\":\"http:\\\/\\\/autosdelpodio.com\\\/autos\\\/wp-content\\\/uploads\\\/2020\\\/08\\\/Logo_AR.jpg\",\"contentUrl\":\"http:\\\/\\\/autosdelpodio.com\\\/autos\\\/wp-content\\\/uploads\\\/2020\\\/08\\\/Logo_AR.jpg\",\"width\":1038,\"height\":1044,\"caption\":\"Autos del Podio\"},\"image\":{\"@id\":\"http:\\\/\\\/autosdelpodio.com\\\/autos\\\/#\\\/schema\\\/logo\\\/image\\\/\"},\"sameAs\":[\"https:\\\/\\\/www.facebook.com\\\/profile.php?id=100057192590976&amp;amp;amp;amp;amp;amp;amp;amp;amp;amp;amp;amp;amp;amp;amp;amp;amp;amp;ref=ts\",\"https:\\\/\\\/x.com\\\/autosdelpodio\",\"https:\\\/\\\/www.youtube.com\\\/user\\\/AutosdelPodio\"]},{\"@type\":\"Person\",\"@id\":\"http:\\\/\\\/autosdelpodio.com\\\/autos\\\/#\\\/schema\\\/person\\\/993527a4d01c3acdd3d6bce3770bc942\",\"name\":\"autosdelpodio\",\"image\":{\"@type\":\"ImageObject\",\"inLanguage\":\"es\",\"@id\":\"http:\\\/\\\/autosdelpodio.com\\\/autos\\\/wp-content\\\/litespeed\\\/avatar\\\/aa8f65cd201a80f6b844f63278aa84af.jpg?ver=1776798175\",\"url\":\"http:\\\/\\\/autosdelpodio.com\\\/autos\\\/wp-content\\\/litespeed\\\/avatar\\\/aa8f65cd201a80f6b844f63278aa84af.jpg?ver=1776798175\",\"contentUrl\":\"http:\\\/\\\/autosdelpodio.com\\\/autos\\\/wp-content\\\/litespeed\\\/avatar\\\/aa8f65cd201a80f6b844f63278aa84af.jpg?ver=1776798175\",\"caption\":\"autosdelpodio\"}}]}<\/script>\n<!-- \/ Yoast SEO plugin. -->","yoast_head_json":{"title":"Autos del Podio | \u201cVivo con asombro que luego de casi 50 a\u00f1os aun se siga hablando de esta obra\u201d","description":"Autos del Podio","robots":{"index":"index","follow":"follow","max-snippet":"max-snippet:-1","max-image-preview":"max-image-preview:large","max-video-preview":"max-video-preview:-1"},"canonical":"http:\/\/autosdelpodio.com\/autos\/vivo-con-asombro-que-luego-de-casi-50-anos-aun-se-siga-hablando-de-esta-obra\/","og_locale":"es_ES","og_type":"article","og_title":"Autos del Podio | \u201cVivo con asombro que luego de casi 50 a\u00f1os aun se siga hablando de esta obra\u201d","og_description":"Autos del Podio","og_url":"http:\/\/autosdelpodio.com\/autos\/vivo-con-asombro-que-luego-de-casi-50-anos-aun-se-siga-hablando-de-esta-obra\/","og_site_name":"Autos del Podio","article_publisher":"https:\/\/www.facebook.com\/profile.php?id=100057192590976&amp%3bamp%3bamp%3bamp%3bamp%3bamp%3bamp%3bamp%3bamp%3bamp%3bamp%3bamp%3bamp%3bamp%3bamp%3bamp%3bamp%3bamp%3bref=ts","article_published_time":"2020-04-01T01:46:09+00:00","article_modified_time":"2020-05-17T23:35:41+00:00","og_image":[{"width":800,"height":445,"url":"http:\/\/autosdelpodio.com\/autos\/wp-content\/uploads\/2020\/04\/andino_gt_luis_varela-800x445-1.jpg","type":"image\/jpeg"}],"author":"autosdelpodio","twitter_card":"summary_large_image","twitter_creator":"@autosdelpodio","twitter_site":"@autosdelpodio","twitter_misc":{"Escrito por":"autosdelpodio","Tiempo de lectura":"3 minutos"},"schema":{"@context":"https:\/\/schema.org","@graph":[{"@type":"Article","@id":"http:\/\/autosdelpodio.com\/autos\/vivo-con-asombro-que-luego-de-casi-50-anos-aun-se-siga-hablando-de-esta-obra\/#article","isPartOf":{"@id":"http:\/\/autosdelpodio.com\/autos\/vivo-con-asombro-que-luego-de-casi-50-anos-aun-se-siga-hablando-de-esta-obra\/"},"author":{"name":"autosdelpodio","@id":"http:\/\/autosdelpodio.com\/autos\/#\/schema\/person\/993527a4d01c3acdd3d6bce3770bc942"},"headline":"\u201cVivo con asombro que luego de casi 50 a\u00f1os aun se siga hablando de esta obra\u201d","datePublished":"2020-04-01T01:46:09+00:00","dateModified":"2020-05-17T23:35:41+00:00","mainEntityOfPage":{"@id":"http:\/\/autosdelpodio.com\/autos\/vivo-con-asombro-que-luego-de-casi-50-anos-aun-se-siga-hablando-de-esta-obra\/"},"wordCount":516,"commentCount":2,"publisher":{"@id":"http:\/\/autosdelpodio.com\/autos\/#organization"},"image":{"@id":"http:\/\/autosdelpodio.com\/autos\/vivo-con-asombro-que-luego-de-casi-50-anos-aun-se-siga-hablando-de-esta-obra\/#primaryimage"},"thumbnailUrl":"http:\/\/autosdelpodio.com\/autos\/wp-content\/uploads\/2020\/04\/andino_gt_luis_varela-800x445-1.jpg","keywords":["Andino GT","IKA","Luis Varela"],"articleSection":["Entrevistas"],"inLanguage":"es","potentialAction":[{"@type":"CommentAction","name":"Comment","target":["http:\/\/autosdelpodio.com\/autos\/vivo-con-asombro-que-luego-de-casi-50-anos-aun-se-siga-hablando-de-esta-obra\/#respond"]}]},{"@type":"WebPage","@id":"http:\/\/autosdelpodio.com\/autos\/vivo-con-asombro-que-luego-de-casi-50-anos-aun-se-siga-hablando-de-esta-obra\/","url":"http:\/\/autosdelpodio.com\/autos\/vivo-con-asombro-que-luego-de-casi-50-anos-aun-se-siga-hablando-de-esta-obra\/","name":"Autos del Podio | \u201cVivo con asombro que luego de casi 50 a\u00f1os aun se siga hablando de esta obra\u201d","isPartOf":{"@id":"http:\/\/autosdelpodio.com\/autos\/#website"},"primaryImageOfPage":{"@id":"http:\/\/autosdelpodio.com\/autos\/vivo-con-asombro-que-luego-de-casi-50-anos-aun-se-siga-hablando-de-esta-obra\/#primaryimage"},"image":{"@id":"http:\/\/autosdelpodio.com\/autos\/vivo-con-asombro-que-luego-de-casi-50-anos-aun-se-siga-hablando-de-esta-obra\/#primaryimage"},"thumbnailUrl":"http:\/\/autosdelpodio.com\/autos\/wp-content\/uploads\/2020\/04\/andino_gt_luis_varela-800x445-1.jpg","datePublished":"2020-04-01T01:46:09+00:00","dateModified":"2020-05-17T23:35:41+00:00","description":"Autos del Podio","breadcrumb":{"@id":"http:\/\/autosdelpodio.com\/autos\/vivo-con-asombro-que-luego-de-casi-50-anos-aun-se-siga-hablando-de-esta-obra\/#breadcrumb"},"inLanguage":"es","potentialAction":[{"@type":"ReadAction","target":["http:\/\/autosdelpodio.com\/autos\/vivo-con-asombro-que-luego-de-casi-50-anos-aun-se-siga-hablando-de-esta-obra\/"]}]},{"@type":"ImageObject","inLanguage":"es","@id":"http:\/\/autosdelpodio.com\/autos\/vivo-con-asombro-que-luego-de-casi-50-anos-aun-se-siga-hablando-de-esta-obra\/#primaryimage","url":"http:\/\/autosdelpodio.com\/autos\/wp-content\/uploads\/2020\/04\/andino_gt_luis_varela-800x445-1.jpg","contentUrl":"http:\/\/autosdelpodio.com\/autos\/wp-content\/uploads\/2020\/04\/andino_gt_luis_varela-800x445-1.jpg","width":800,"height":445},{"@type":"BreadcrumbList","@id":"http:\/\/autosdelpodio.com\/autos\/vivo-con-asombro-que-luego-de-casi-50-anos-aun-se-siga-hablando-de-esta-obra\/#breadcrumb","itemListElement":[{"@type":"ListItem","position":1,"name":"Portada","item":"http:\/\/autosdelpodio.com\/autos\/"},{"@type":"ListItem","position":2,"name":"\u201cVivo con asombro que luego de casi 50 a\u00f1os aun se siga hablando de esta obra\u201d"}]},{"@type":"WebSite","@id":"http:\/\/autosdelpodio.com\/autos\/#website","url":"http:\/\/autosdelpodio.com\/autos\/","name":"Autos del Podio","description":"La sexta del deporte motor","publisher":{"@id":"http:\/\/autosdelpodio.com\/autos\/#organization"},"potentialAction":[{"@type":"SearchAction","target":{"@type":"EntryPoint","urlTemplate":"http:\/\/autosdelpodio.com\/autos\/?s={search_term_string}"},"query-input":{"@type":"PropertyValueSpecification","valueRequired":true,"valueName":"search_term_string"}}],"inLanguage":"es"},{"@type":"Organization","@id":"http:\/\/autosdelpodio.com\/autos\/#organization","name":"Autos del Podio","url":"http:\/\/autosdelpodio.com\/autos\/","logo":{"@type":"ImageObject","inLanguage":"es","@id":"http:\/\/autosdelpodio.com\/autos\/#\/schema\/logo\/image\/","url":"http:\/\/autosdelpodio.com\/autos\/wp-content\/uploads\/2020\/08\/Logo_AR.jpg","contentUrl":"http:\/\/autosdelpodio.com\/autos\/wp-content\/uploads\/2020\/08\/Logo_AR.jpg","width":1038,"height":1044,"caption":"Autos del Podio"},"image":{"@id":"http:\/\/autosdelpodio.com\/autos\/#\/schema\/logo\/image\/"},"sameAs":["https:\/\/www.facebook.com\/profile.php?id=100057192590976&amp;amp;amp;amp;amp;amp;amp;amp;amp;amp;amp;amp;amp;amp;amp;amp;amp;amp;ref=ts","https:\/\/x.com\/autosdelpodio","https:\/\/www.youtube.com\/user\/AutosdelPodio"]},{"@type":"Person","@id":"http:\/\/autosdelpodio.com\/autos\/#\/schema\/person\/993527a4d01c3acdd3d6bce3770bc942","name":"autosdelpodio","image":{"@type":"ImageObject","inLanguage":"es","@id":"http:\/\/autosdelpodio.com\/autos\/wp-content\/litespeed\/avatar\/aa8f65cd201a80f6b844f63278aa84af.jpg?ver=1776798175","url":"http:\/\/autosdelpodio.com\/autos\/wp-content\/litespeed\/avatar\/aa8f65cd201a80f6b844f63278aa84af.jpg?ver=1776798175","contentUrl":"http:\/\/autosdelpodio.com\/autos\/wp-content\/litespeed\/avatar\/aa8f65cd201a80f6b844f63278aa84af.jpg?ver=1776798175","caption":"autosdelpodio"}}]}},"views":753,"_links":{"self":[{"href":"http:\/\/autosdelpodio.com\/autos\/wp-json\/wp\/v2\/posts\/1531","targetHints":{"allow":["GET"]}}],"collection":[{"href":"http:\/\/autosdelpodio.com\/autos\/wp-json\/wp\/v2\/posts"}],"about":[{"href":"http:\/\/autosdelpodio.com\/autos\/wp-json\/wp\/v2\/types\/post"}],"author":[{"embeddable":true,"href":"http:\/\/autosdelpodio.com\/autos\/wp-json\/wp\/v2\/users\/3"}],"replies":[{"embeddable":true,"href":"http:\/\/autosdelpodio.com\/autos\/wp-json\/wp\/v2\/comments?post=1531"}],"version-history":[{"count":2,"href":"http:\/\/autosdelpodio.com\/autos\/wp-json\/wp\/v2\/posts\/1531\/revisions"}],"predecessor-version":[{"id":1533,"href":"http:\/\/autosdelpodio.com\/autos\/wp-json\/wp\/v2\/posts\/1531\/revisions\/1533"}],"wp:featuredmedia":[{"embeddable":true,"href":"http:\/\/autosdelpodio.com\/autos\/wp-json\/wp\/v2\/media\/1534"}],"wp:attachment":[{"href":"http:\/\/autosdelpodio.com\/autos\/wp-json\/wp\/v2\/media?parent=1531"}],"wp:term":[{"taxonomy":"category","embeddable":true,"href":"http:\/\/autosdelpodio.com\/autos\/wp-json\/wp\/v2\/categories?post=1531"},{"taxonomy":"post_tag","embeddable":true,"href":"http:\/\/autosdelpodio.com\/autos\/wp-json\/wp\/v2\/tags?post=1531"}],"curies":[{"name":"wp","href":"https:\/\/api.w.org\/{rel}","templated":true}]}}