{"id":1663,"date":"2020-04-07T14:03:14","date_gmt":"2020-04-07T14:03:14","guid":{"rendered":"http:\/\/autosdelpodio.com\/autos\/?p=1663"},"modified":"2020-04-07T14:03:17","modified_gmt":"2020-04-07T14:03:17","slug":"ford-y-volkswagen-produciran-protectores-faciales-para-enfrentar-al-coronavirus","status":"publish","type":"post","link":"http:\/\/autosdelpodio.com\/autos\/ford-y-volkswagen-produciran-protectores-faciales-para-enfrentar-al-coronavirus\/","title":{"rendered":"Ford y Volkswagen producir\u00e1n protectores faciales para enfrentar al Coronavirus"},"content":{"rendered":"\n<p>En el marco de la pandemia de Coronavirus tanto Ford como Volkswagen producir\u00e1n Argentina protectores faciales destinados a los profesionales de la salud.<br>\nFord y Volkswagen producir\u00e1n en el pa\u00eds protectores faciales para los profesionales de la salud afectados a la pandemia del Coronavirus. Mediante comunicados de prensa, ambas automotrices hicieron p\u00fablica la decisi\u00f3n.<br>\nComunicado de prensa de VW Argentina<br>\nVolkswagen Group Argentina realiza m\u00e1scaras de protecci\u00f3n con impresoras 3D<br>\nVolkswagen Group Argentina, en conjunto con la Universidad Tecnol\u00f3gica Nacional Facultad Regional General Pacheco, est\u00e1 produciendo m\u00e1scaras protectoras con impresoras 3D. Se realizar\u00e1n 600 m\u00e1scaras que estar\u00e1n destinadas al personal m\u00e9dico del Municipio de Tigre.<br>\nEsta iniciativa tiene como objetivo continuar colaborando en la preservaci\u00f3n de la salud de la comunidad para contener el avance de la propagaci\u00f3n del COVID-19 en Argentina. El Grupo Volkswagen promueve iniciativas en todo el mundo en pos de la salud y seguridad de sus colaboradores y sus comunidades, y de todos aquellos que d\u00eda a d\u00eda trabajan para frenar el avance de la pandemia.<\/p>\n\n\n\n<p><strong>Comunicado de prensa de Ford Argentina<\/strong><br> Ford producir\u00e1 protectores faciales en sus plantas de Brasil y Argentina para combatir la pandemia de Coronavirus<br> Con el fin de ayudar a combatir la pandemia de coronavirus, Ford anuncia hoy que inicialmente producir\u00e1 50 mil protectores faciales en sus instalaciones de Cama\u00e7ari en Bah\u00eda, Brasil, y Pacheco, en Argentina, para equipar a profesionales de la salud que trabajan en la primera l\u00ednea tratando pacientes que contrajeron el virus.<br> Los protectores faciales, fabricados con l\u00e1minas de acetato y piezas de soporte, son parte del equipo esencial de protecci\u00f3n personal que necesitan los profesionales de la salud en este momento. La distribuci\u00f3n en los puntos de servicio a trabajadores de la salud se coordinar\u00e1 a trav\u00e9s de los Departamentos Municipales de Salud y de Cruz Roja, seg\u00fan cada pa\u00eds.<\/p>\n\n\n\n<p>La amplia experiencia de Ford en dise\u00f1o, cadena de suministro, fabricaci\u00f3n y log\u00edstica fueron esenciales para la creaci\u00f3n, en tiempo r\u00e9cord, de una l\u00ednea de producci\u00f3n para estos protectores faciales. Esta tarea ser\u00e1 realizada \u00fanica y exclusivamente por voluntarios, mientras se respetan el distanciamiento social, las pautas de protecci\u00f3n para el cuidado y la salvaguardia de higiene personal y del lugar de trabajo.<\/p>\n\n\n\n<p>\u201cLa familia est\u00e1 en el primer lugar de los valores de Ford y lo ha estado por m\u00e1s de 100 a\u00f1os. Nuestro deseo de ayudar y cuidar a las personas es una parte integral de nuestra tradici\u00f3n. En estos tiempos dif\u00edciles, nuestras acciones se vuelven a\u00fan m\u00e1s importantes\u201d, dice Lyle Watters, presidente de Ford Sudam\u00e9rica.<\/p>\n\n\n\n<p>Esta iniciativa forma parte de una serie de acciones que se est\u00e1n implementado por la empresa en Brasil y Argentina para hacer frente a los retos que todos enfrentamos en esta situaci\u00f3n sin precedentes. En Brasil, Ford se uni\u00f3 al grupo de trabajo formado por CNI \/ SENAI (Servicio Nacional de Aprendizaje Industrial) y a otras compa\u00f1\u00edas para restaurar respiradores artificiales mec\u00e1nicos, que han sido descartados o necesitan mantenimiento. Este equipo es cr\u00edtico en el tratamiento de algunos pacientes con Covid-19.<br>\nAdem\u00e1s, la compa\u00f1\u00eda est\u00e1 poniendo veh\u00edculos a disposici\u00f3n de Cruz Roja en Brasil, Argentina, Chile, Colombia y Per\u00fa para ayudar en el trabajo con el transporte de equipos y suministros. La flota incluye los modelos Ranger, Transit, Fusion, EcoSport y Ka, as\u00ed como tambi\u00e9n, una ambulancia.<br>\nEn Brasil, con el fin de ayudar a los consumidores que han financiado sus veh\u00edculos a trav\u00e9s de Ford Credit, la compa\u00f1\u00eda tambi\u00e9n anunci\u00f3 la posibilidad de posponer hasta tres cuotas del financiamiento hasta el final del contrato.<br>\n\u201cFord Sudam\u00e9rica est\u00e1 comprometida con la seguridad y la salud de sus empleados y colaborar\u00e1 con los esfuerzos para combatir esta pandemia y su impacto sin precedentes en todos los aspectos de la vida social y econ\u00f3mica\u201d, agrega Watters.<\/p>\n","protected":false},"excerpt":{"rendered":"<p>En el marco de la pandemia de Coronavirus tanto Ford como Volkswagen producir\u00e1n Argentina protectores faciales destinados a los profesionales<\/p>\n","protected":false},"author":3,"featured_media":0,"comment_status":"open","ping_status":"open","sticky":false,"template":"","format":"standard","meta":{"colormag_page_container_layout":"default_layout","colormag_page_sidebar_layout":"default_layout","footnotes":""},"categories":[16,5],"tags":[126,125,83,32,35,90],"class_list":["post-1663","post","type-post","status-publish","format-standard","hentry","category-recta-principal","category-latest-news","tag-coronavirus","tag-covid-19","tag-ford","tag-industria-automotriz","tag-republica-argentina","tag-volkswagen"],"yoast_head":"<!-- This site is optimized with the Yoast SEO plugin v27.5 - https:\/\/yoast.com\/product\/yoast-seo-wordpress\/ -->\n<title>Autos del Podio | Ford y Volkswagen producir\u00e1n protectores faciales para enfrentar al Coronavirus<\/title>\n<meta name=\"description\" content=\"Autos del Podio\" \/>\n<meta name=\"robots\" content=\"index, follow, max-snippet:-1, max-image-preview:large, max-video-preview:-1\" \/>\n<link rel=\"canonical\" href=\"https:\/\/autosdelpodio.com\/autos\/ford-y-volkswagen-produciran-protectores-faciales-para-enfrentar-al-coronavirus\/\" \/>\n<meta property=\"og:locale\" content=\"es_ES\" \/>\n<meta property=\"og:type\" content=\"article\" \/>\n<meta property=\"og:title\" content=\"Autos del Podio | Ford y Volkswagen producir\u00e1n protectores faciales para enfrentar al Coronavirus\" \/>\n<meta property=\"og:description\" content=\"Autos del Podio\" \/>\n<meta property=\"og:url\" content=\"https:\/\/autosdelpodio.com\/autos\/ford-y-volkswagen-produciran-protectores-faciales-para-enfrentar-al-coronavirus\/\" \/>\n<meta property=\"og:site_name\" content=\"Autos del Podio\" \/>\n<meta property=\"article:publisher\" content=\"https:\/\/www.facebook.com\/profile.php?id=100057192590976&amp;amp%3bamp%3bamp%3bamp%3bamp%3bamp%3bamp%3bamp%3bamp%3bamp%3bamp%3bamp%3bamp%3bamp%3bamp%3bamp%3bamp%3bamp%3bref=ts\" \/>\n<meta property=\"article:published_time\" content=\"2020-04-07T14:03:14+00:00\" \/>\n<meta property=\"article:modified_time\" content=\"2020-04-07T14:03:17+00:00\" \/>\n<meta name=\"author\" content=\"autosdelpodio\" \/>\n<meta name=\"twitter:card\" content=\"summary_large_image\" \/>\n<meta name=\"twitter:creator\" content=\"@autosdelpodio\" \/>\n<meta name=\"twitter:site\" content=\"@autosdelpodio\" \/>\n<meta name=\"twitter:label1\" content=\"Escrito por\" \/>\n\t<meta name=\"twitter:data1\" content=\"autosdelpodio\" \/>\n\t<meta name=\"twitter:label2\" content=\"Tiempo de lectura\" \/>\n\t<meta name=\"twitter:data2\" content=\"3 minutos\" \/>\n<script type=\"application\/ld+json\" class=\"yoast-schema-graph\">{\"@context\":\"https:\\\/\\\/schema.org\",\"@graph\":[{\"@type\":\"Article\",\"@id\":\"https:\\\/\\\/autosdelpodio.com\\\/autos\\\/ford-y-volkswagen-produciran-protectores-faciales-para-enfrentar-al-coronavirus\\\/#article\",\"isPartOf\":{\"@id\":\"https:\\\/\\\/autosdelpodio.com\\\/autos\\\/ford-y-volkswagen-produciran-protectores-faciales-para-enfrentar-al-coronavirus\\\/\"},\"author\":{\"name\":\"autosdelpodio\",\"@id\":\"http:\\\/\\\/autosdelpodio.com\\\/autos\\\/#\\\/schema\\\/person\\\/993527a4d01c3acdd3d6bce3770bc942\"},\"headline\":\"Ford y Volkswagen producir\u00e1n protectores faciales para enfrentar al Coronavirus\",\"datePublished\":\"2020-04-07T14:03:14+00:00\",\"dateModified\":\"2020-04-07T14:03:17+00:00\",\"mainEntityOfPage\":{\"@id\":\"https:\\\/\\\/autosdelpodio.com\\\/autos\\\/ford-y-volkswagen-produciran-protectores-faciales-para-enfrentar-al-coronavirus\\\/\"},\"wordCount\":690,\"commentCount\":0,\"publisher\":{\"@id\":\"http:\\\/\\\/autosdelpodio.com\\\/autos\\\/#organization\"},\"keywords\":[\"Coronavirus\",\"COVID-19\",\"Ford\",\"Industria Automotriz\",\"Republica Argentina\",\"Volkswagen\"],\"articleSection\":[\"Recta Principal\",\"\u00daltimas noticias\"],\"inLanguage\":\"es\",\"potentialAction\":[{\"@type\":\"CommentAction\",\"name\":\"Comment\",\"target\":[\"https:\\\/\\\/autosdelpodio.com\\\/autos\\\/ford-y-volkswagen-produciran-protectores-faciales-para-enfrentar-al-coronavirus\\\/#respond\"]}]},{\"@type\":\"WebPage\",\"@id\":\"https:\\\/\\\/autosdelpodio.com\\\/autos\\\/ford-y-volkswagen-produciran-protectores-faciales-para-enfrentar-al-coronavirus\\\/\",\"url\":\"https:\\\/\\\/autosdelpodio.com\\\/autos\\\/ford-y-volkswagen-produciran-protectores-faciales-para-enfrentar-al-coronavirus\\\/\",\"name\":\"Autos del Podio | Ford y Volkswagen producir\u00e1n protectores faciales para enfrentar al Coronavirus\",\"isPartOf\":{\"@id\":\"http:\\\/\\\/autosdelpodio.com\\\/autos\\\/#website\"},\"datePublished\":\"2020-04-07T14:03:14+00:00\",\"dateModified\":\"2020-04-07T14:03:17+00:00\",\"description\":\"Autos del Podio\",\"breadcrumb\":{\"@id\":\"https:\\\/\\\/autosdelpodio.com\\\/autos\\\/ford-y-volkswagen-produciran-protectores-faciales-para-enfrentar-al-coronavirus\\\/#breadcrumb\"},\"inLanguage\":\"es\",\"potentialAction\":[{\"@type\":\"ReadAction\",\"target\":[\"https:\\\/\\\/autosdelpodio.com\\\/autos\\\/ford-y-volkswagen-produciran-protectores-faciales-para-enfrentar-al-coronavirus\\\/\"]}]},{\"@type\":\"BreadcrumbList\",\"@id\":\"https:\\\/\\\/autosdelpodio.com\\\/autos\\\/ford-y-volkswagen-produciran-protectores-faciales-para-enfrentar-al-coronavirus\\\/#breadcrumb\",\"itemListElement\":[{\"@type\":\"ListItem\",\"position\":1,\"name\":\"Portada\",\"item\":\"http:\\\/\\\/autosdelpodio.com\\\/autos\\\/\"},{\"@type\":\"ListItem\",\"position\":2,\"name\":\"Ford y Volkswagen producir\u00e1n protectores faciales para enfrentar al Coronavirus\"}]},{\"@type\":\"WebSite\",\"@id\":\"http:\\\/\\\/autosdelpodio.com\\\/autos\\\/#website\",\"url\":\"http:\\\/\\\/autosdelpodio.com\\\/autos\\\/\",\"name\":\"Autos del Podio\",\"description\":\"La sexta del deporte motor\",\"publisher\":{\"@id\":\"http:\\\/\\\/autosdelpodio.com\\\/autos\\\/#organization\"},\"potentialAction\":[{\"@type\":\"SearchAction\",\"target\":{\"@type\":\"EntryPoint\",\"urlTemplate\":\"http:\\\/\\\/autosdelpodio.com\\\/autos\\\/?s={search_term_string}\"},\"query-input\":{\"@type\":\"PropertyValueSpecification\",\"valueRequired\":true,\"valueName\":\"search_term_string\"}}],\"inLanguage\":\"es\"},{\"@type\":\"Organization\",\"@id\":\"http:\\\/\\\/autosdelpodio.com\\\/autos\\\/#organization\",\"name\":\"Autos del Podio\",\"url\":\"http:\\\/\\\/autosdelpodio.com\\\/autos\\\/\",\"logo\":{\"@type\":\"ImageObject\",\"inLanguage\":\"es\",\"@id\":\"http:\\\/\\\/autosdelpodio.com\\\/autos\\\/#\\\/schema\\\/logo\\\/image\\\/\",\"url\":\"http:\\\/\\\/autosdelpodio.com\\\/autos\\\/wp-content\\\/uploads\\\/2020\\\/08\\\/Logo_AR.jpg\",\"contentUrl\":\"http:\\\/\\\/autosdelpodio.com\\\/autos\\\/wp-content\\\/uploads\\\/2020\\\/08\\\/Logo_AR.jpg\",\"width\":1038,\"height\":1044,\"caption\":\"Autos del Podio\"},\"image\":{\"@id\":\"http:\\\/\\\/autosdelpodio.com\\\/autos\\\/#\\\/schema\\\/logo\\\/image\\\/\"},\"sameAs\":[\"https:\\\/\\\/www.facebook.com\\\/profile.php?id=100057192590976&amp;amp;amp;amp;amp;amp;amp;amp;amp;amp;amp;amp;amp;amp;amp;amp;amp;amp;ref=ts\",\"https:\\\/\\\/x.com\\\/autosdelpodio\",\"https:\\\/\\\/www.youtube.com\\\/user\\\/AutosdelPodio\"]},{\"@type\":\"Person\",\"@id\":\"http:\\\/\\\/autosdelpodio.com\\\/autos\\\/#\\\/schema\\\/person\\\/993527a4d01c3acdd3d6bce3770bc942\",\"name\":\"autosdelpodio\",\"image\":{\"@type\":\"ImageObject\",\"inLanguage\":\"es\",\"@id\":\"http:\\\/\\\/autosdelpodio.com\\\/autos\\\/wp-content\\\/litespeed\\\/avatar\\\/aa8f65cd201a80f6b844f63278aa84af.jpg?ver=1777403005\",\"url\":\"http:\\\/\\\/autosdelpodio.com\\\/autos\\\/wp-content\\\/litespeed\\\/avatar\\\/aa8f65cd201a80f6b844f63278aa84af.jpg?ver=1777403005\",\"contentUrl\":\"http:\\\/\\\/autosdelpodio.com\\\/autos\\\/wp-content\\\/litespeed\\\/avatar\\\/aa8f65cd201a80f6b844f63278aa84af.jpg?ver=1777403005\",\"caption\":\"autosdelpodio\"}}]}<\/script>\n<!-- \/ Yoast SEO plugin. -->","yoast_head_json":{"title":"Autos del Podio | Ford y Volkswagen producir\u00e1n protectores faciales para enfrentar al Coronavirus","description":"Autos del Podio","robots":{"index":"index","follow":"follow","max-snippet":"max-snippet:-1","max-image-preview":"max-image-preview:large","max-video-preview":"max-video-preview:-1"},"canonical":"https:\/\/autosdelpodio.com\/autos\/ford-y-volkswagen-produciran-protectores-faciales-para-enfrentar-al-coronavirus\/","og_locale":"es_ES","og_type":"article","og_title":"Autos del Podio | Ford y Volkswagen producir\u00e1n protectores faciales para enfrentar al Coronavirus","og_description":"Autos del Podio","og_url":"https:\/\/autosdelpodio.com\/autos\/ford-y-volkswagen-produciran-protectores-faciales-para-enfrentar-al-coronavirus\/","og_site_name":"Autos del Podio","article_publisher":"https:\/\/www.facebook.com\/profile.php?id=100057192590976&amp%3bamp%3bamp%3bamp%3bamp%3bamp%3bamp%3bamp%3bamp%3bamp%3bamp%3bamp%3bamp%3bamp%3bamp%3bamp%3bamp%3bamp%3bref=ts","article_published_time":"2020-04-07T14:03:14+00:00","article_modified_time":"2020-04-07T14:03:17+00:00","author":"autosdelpodio","twitter_card":"summary_large_image","twitter_creator":"@autosdelpodio","twitter_site":"@autosdelpodio","twitter_misc":{"Escrito por":"autosdelpodio","Tiempo de lectura":"3 minutos"},"schema":{"@context":"https:\/\/schema.org","@graph":[{"@type":"Article","@id":"https:\/\/autosdelpodio.com\/autos\/ford-y-volkswagen-produciran-protectores-faciales-para-enfrentar-al-coronavirus\/#article","isPartOf":{"@id":"https:\/\/autosdelpodio.com\/autos\/ford-y-volkswagen-produciran-protectores-faciales-para-enfrentar-al-coronavirus\/"},"author":{"name":"autosdelpodio","@id":"http:\/\/autosdelpodio.com\/autos\/#\/schema\/person\/993527a4d01c3acdd3d6bce3770bc942"},"headline":"Ford y Volkswagen producir\u00e1n protectores faciales para enfrentar al Coronavirus","datePublished":"2020-04-07T14:03:14+00:00","dateModified":"2020-04-07T14:03:17+00:00","mainEntityOfPage":{"@id":"https:\/\/autosdelpodio.com\/autos\/ford-y-volkswagen-produciran-protectores-faciales-para-enfrentar-al-coronavirus\/"},"wordCount":690,"commentCount":0,"publisher":{"@id":"http:\/\/autosdelpodio.com\/autos\/#organization"},"keywords":["Coronavirus","COVID-19","Ford","Industria Automotriz","Republica Argentina","Volkswagen"],"articleSection":["Recta Principal","\u00daltimas noticias"],"inLanguage":"es","potentialAction":[{"@type":"CommentAction","name":"Comment","target":["https:\/\/autosdelpodio.com\/autos\/ford-y-volkswagen-produciran-protectores-faciales-para-enfrentar-al-coronavirus\/#respond"]}]},{"@type":"WebPage","@id":"https:\/\/autosdelpodio.com\/autos\/ford-y-volkswagen-produciran-protectores-faciales-para-enfrentar-al-coronavirus\/","url":"https:\/\/autosdelpodio.com\/autos\/ford-y-volkswagen-produciran-protectores-faciales-para-enfrentar-al-coronavirus\/","name":"Autos del Podio | Ford y Volkswagen producir\u00e1n protectores faciales para enfrentar al Coronavirus","isPartOf":{"@id":"http:\/\/autosdelpodio.com\/autos\/#website"},"datePublished":"2020-04-07T14:03:14+00:00","dateModified":"2020-04-07T14:03:17+00:00","description":"Autos del Podio","breadcrumb":{"@id":"https:\/\/autosdelpodio.com\/autos\/ford-y-volkswagen-produciran-protectores-faciales-para-enfrentar-al-coronavirus\/#breadcrumb"},"inLanguage":"es","potentialAction":[{"@type":"ReadAction","target":["https:\/\/autosdelpodio.com\/autos\/ford-y-volkswagen-produciran-protectores-faciales-para-enfrentar-al-coronavirus\/"]}]},{"@type":"BreadcrumbList","@id":"https:\/\/autosdelpodio.com\/autos\/ford-y-volkswagen-produciran-protectores-faciales-para-enfrentar-al-coronavirus\/#breadcrumb","itemListElement":[{"@type":"ListItem","position":1,"name":"Portada","item":"http:\/\/autosdelpodio.com\/autos\/"},{"@type":"ListItem","position":2,"name":"Ford y Volkswagen producir\u00e1n protectores faciales para enfrentar al Coronavirus"}]},{"@type":"WebSite","@id":"http:\/\/autosdelpodio.com\/autos\/#website","url":"http:\/\/autosdelpodio.com\/autos\/","name":"Autos del Podio","description":"La sexta del deporte motor","publisher":{"@id":"http:\/\/autosdelpodio.com\/autos\/#organization"},"potentialAction":[{"@type":"SearchAction","target":{"@type":"EntryPoint","urlTemplate":"http:\/\/autosdelpodio.com\/autos\/?s={search_term_string}"},"query-input":{"@type":"PropertyValueSpecification","valueRequired":true,"valueName":"search_term_string"}}],"inLanguage":"es"},{"@type":"Organization","@id":"http:\/\/autosdelpodio.com\/autos\/#organization","name":"Autos del Podio","url":"http:\/\/autosdelpodio.com\/autos\/","logo":{"@type":"ImageObject","inLanguage":"es","@id":"http:\/\/autosdelpodio.com\/autos\/#\/schema\/logo\/image\/","url":"http:\/\/autosdelpodio.com\/autos\/wp-content\/uploads\/2020\/08\/Logo_AR.jpg","contentUrl":"http:\/\/autosdelpodio.com\/autos\/wp-content\/uploads\/2020\/08\/Logo_AR.jpg","width":1038,"height":1044,"caption":"Autos del Podio"},"image":{"@id":"http:\/\/autosdelpodio.com\/autos\/#\/schema\/logo\/image\/"},"sameAs":["https:\/\/www.facebook.com\/profile.php?id=100057192590976&amp;amp;amp;amp;amp;amp;amp;amp;amp;amp;amp;amp;amp;amp;amp;amp;amp;amp;ref=ts","https:\/\/x.com\/autosdelpodio","https:\/\/www.youtube.com\/user\/AutosdelPodio"]},{"@type":"Person","@id":"http:\/\/autosdelpodio.com\/autos\/#\/schema\/person\/993527a4d01c3acdd3d6bce3770bc942","name":"autosdelpodio","image":{"@type":"ImageObject","inLanguage":"es","@id":"http:\/\/autosdelpodio.com\/autos\/wp-content\/litespeed\/avatar\/aa8f65cd201a80f6b844f63278aa84af.jpg?ver=1777403005","url":"http:\/\/autosdelpodio.com\/autos\/wp-content\/litespeed\/avatar\/aa8f65cd201a80f6b844f63278aa84af.jpg?ver=1777403005","contentUrl":"http:\/\/autosdelpodio.com\/autos\/wp-content\/litespeed\/avatar\/aa8f65cd201a80f6b844f63278aa84af.jpg?ver=1777403005","caption":"autosdelpodio"}}]}},"views":579,"_links":{"self":[{"href":"http:\/\/autosdelpodio.com\/autos\/wp-json\/wp\/v2\/posts\/1663","targetHints":{"allow":["GET"]}}],"collection":[{"href":"http:\/\/autosdelpodio.com\/autos\/wp-json\/wp\/v2\/posts"}],"about":[{"href":"http:\/\/autosdelpodio.com\/autos\/wp-json\/wp\/v2\/types\/post"}],"author":[{"embeddable":true,"href":"http:\/\/autosdelpodio.com\/autos\/wp-json\/wp\/v2\/users\/3"}],"replies":[{"embeddable":true,"href":"http:\/\/autosdelpodio.com\/autos\/wp-json\/wp\/v2\/comments?post=1663"}],"version-history":[{"count":1,"href":"http:\/\/autosdelpodio.com\/autos\/wp-json\/wp\/v2\/posts\/1663\/revisions"}],"predecessor-version":[{"id":1664,"href":"http:\/\/autosdelpodio.com\/autos\/wp-json\/wp\/v2\/posts\/1663\/revisions\/1664"}],"wp:attachment":[{"href":"http:\/\/autosdelpodio.com\/autos\/wp-json\/wp\/v2\/media?parent=1663"}],"wp:term":[{"taxonomy":"category","embeddable":true,"href":"http:\/\/autosdelpodio.com\/autos\/wp-json\/wp\/v2\/categories?post=1663"},{"taxonomy":"post_tag","embeddable":true,"href":"http:\/\/autosdelpodio.com\/autos\/wp-json\/wp\/v2\/tags?post=1663"}],"curies":[{"name":"wp","href":"https:\/\/api.w.org\/{rel}","templated":true}]}}