{"id":1724,"date":"2020-04-14T19:10:11","date_gmt":"2020-04-14T19:10:11","guid":{"rendered":"http:\/\/autosdelpodio.com\/autos\/?p=1724"},"modified":"2020-05-15T02:08:23","modified_gmt":"2020-05-15T02:08:23","slug":"se-confirmaron-nuevas-carreras-virtuales-de-tc-y-tc-pick-up","status":"publish","type":"post","link":"http:\/\/autosdelpodio.com\/autos\/se-confirmaron-nuevas-carreras-virtuales-de-tc-y-tc-pick-up\/","title":{"rendered":"Se confirmaron nuevas carreras virtuales de TC y TC Pick Up"},"content":{"rendered":"\n<p>La Copa #TCenCasa de Turismo Carretera Virtual Solidario se llevar\u00e1 a cabo este domingo 19, en el circuito de Toay. Tras el evento cancelado del pasado 12 de Abril en el mismo trazado pampeano y la primera experiencia de Concordia el mes pasado  la ACTC confirm\u00f3 nuevas fechas donde participar\u00e1n al menos 35 pilotos.<br> Se disputar\u00e1 una clasificaci\u00f3n a tres vueltas, luego se desarrollar\u00e1n dos series a cinco vueltas cada una, y por \u00faltimo, la final, a 18 vueltas. La jornada se llevar\u00e1 a cabo de 11 a 14 hs., y ser\u00e1 televisada por Televisi\u00f3n P\u00fablica Argentina, el canal de Youtube y Facebook Live de la ACTC.<br> El dinero recaudado por los sponsors de la categor\u00eda ser\u00e1 destinado, una vez m\u00e1s, a la compra de insumos y equipos de seguridad para los m\u00e9dicos y enfermeros argentinos.<br><em> Este es el calendario de carreras virtuales hasta el momanto confirmadas<br> 26 de abril \u2013 TC Pick Up (Aut\u00f3dromo Roberto Mouras de La Plata)<br> <strong>3 de mayo \u2013 Turismo Carretera (Villicum \u2013 San Juan)<\/strong><br> 10 de mayo \u2013 TC Pick Up (Toay \u2013 La Pampa)<br><strong> 17 de mayo \u2013 Turismo Carretera (Termas de R\u00edo Hondo \u2013 Santiago del Estero)<\/strong><br> 24 de mayo \u2013 TC Pick Up (Centenario \u2013 Neuqu\u00e9n)<br> <strong>31 de mayo \u2013 Turismo Carretera (Rafaela \u2013 Santa Fe)<\/strong><\/em><\/p>\n","protected":false},"excerpt":{"rendered":"<p>La Copa #TCenCasa de Turismo Carretera Virtual Solidario se llevar\u00e1 a cabo este domingo 19, en el circuito de Toay.<\/p>\n","protected":false},"author":3,"featured_media":0,"comment_status":"open","ping_status":"open","sticky":false,"template":"","format":"standard","meta":{"colormag_page_container_layout":"default_layout","colormag_page_sidebar_layout":"default_layout","footnotes":""},"categories":[5],"tags":[143,144,145,39],"class_list":["post-1724","post","type-post","status-publish","format-standard","hentry","category-latest-news","tag-actc","tag-carreras-virtuales","tag-tc-pick-up","tag-turismo-carretera"],"yoast_head":"<!-- This site is optimized with the Yoast SEO plugin v27.4 - https:\/\/yoast.com\/product\/yoast-seo-wordpress\/ -->\n<title>Autos del Podio | Se confirmaron nuevas carreras virtuales de TC y TC Pick Up<\/title>\n<meta name=\"description\" content=\"Autos del Podio\" \/>\n<meta name=\"robots\" content=\"index, follow, max-snippet:-1, max-image-preview:large, max-video-preview:-1\" \/>\n<link rel=\"canonical\" href=\"https:\/\/autosdelpodio.com\/autos\/se-confirmaron-nuevas-carreras-virtuales-de-tc-y-tc-pick-up\/\" \/>\n<meta property=\"og:locale\" content=\"es_ES\" \/>\n<meta property=\"og:type\" content=\"article\" \/>\n<meta property=\"og:title\" content=\"Autos del Podio | Se confirmaron nuevas carreras virtuales de TC y TC Pick Up\" \/>\n<meta property=\"og:description\" content=\"Autos del Podio\" \/>\n<meta property=\"og:url\" content=\"https:\/\/autosdelpodio.com\/autos\/se-confirmaron-nuevas-carreras-virtuales-de-tc-y-tc-pick-up\/\" \/>\n<meta property=\"og:site_name\" content=\"Autos del Podio\" \/>\n<meta property=\"article:publisher\" content=\"https:\/\/www.facebook.com\/profile.php?id=100057192590976&amp;amp%3bamp%3bamp%3bamp%3bamp%3bamp%3bamp%3bamp%3bamp%3bamp%3bamp%3bamp%3bamp%3bamp%3bamp%3bamp%3bamp%3bamp%3bref=ts\" \/>\n<meta property=\"article:published_time\" content=\"2020-04-14T19:10:11+00:00\" \/>\n<meta property=\"article:modified_time\" content=\"2020-05-15T02:08:23+00:00\" \/>\n<meta name=\"author\" content=\"autosdelpodio\" \/>\n<meta name=\"twitter:card\" content=\"summary_large_image\" \/>\n<meta name=\"twitter:creator\" content=\"@autosdelpodio\" \/>\n<meta name=\"twitter:site\" content=\"@autosdelpodio\" \/>\n<meta name=\"twitter:label1\" content=\"Escrito por\" \/>\n\t<meta name=\"twitter:data1\" content=\"autosdelpodio\" \/>\n\t<meta name=\"twitter:label2\" content=\"Tiempo de lectura\" \/>\n\t<meta name=\"twitter:data2\" content=\"1 minuto\" \/>\n<script type=\"application\/ld+json\" class=\"yoast-schema-graph\">{\"@context\":\"https:\\\/\\\/schema.org\",\"@graph\":[{\"@type\":\"Article\",\"@id\":\"https:\\\/\\\/autosdelpodio.com\\\/autos\\\/se-confirmaron-nuevas-carreras-virtuales-de-tc-y-tc-pick-up\\\/#article\",\"isPartOf\":{\"@id\":\"https:\\\/\\\/autosdelpodio.com\\\/autos\\\/se-confirmaron-nuevas-carreras-virtuales-de-tc-y-tc-pick-up\\\/\"},\"author\":{\"name\":\"autosdelpodio\",\"@id\":\"http:\\\/\\\/autosdelpodio.com\\\/autos\\\/#\\\/schema\\\/person\\\/993527a4d01c3acdd3d6bce3770bc942\"},\"headline\":\"Se confirmaron nuevas carreras virtuales de TC y TC Pick Up\",\"datePublished\":\"2020-04-14T19:10:11+00:00\",\"dateModified\":\"2020-05-15T02:08:23+00:00\",\"mainEntityOfPage\":{\"@id\":\"https:\\\/\\\/autosdelpodio.com\\\/autos\\\/se-confirmaron-nuevas-carreras-virtuales-de-tc-y-tc-pick-up\\\/\"},\"wordCount\":214,\"commentCount\":0,\"publisher\":{\"@id\":\"http:\\\/\\\/autosdelpodio.com\\\/autos\\\/#organization\"},\"keywords\":[\"ACTC\",\"Carreras Virtuales\",\"TC Pick Up\",\"Turismo Carretera\"],\"articleSection\":[\"\u00daltimas noticias\"],\"inLanguage\":\"es\",\"potentialAction\":[{\"@type\":\"CommentAction\",\"name\":\"Comment\",\"target\":[\"https:\\\/\\\/autosdelpodio.com\\\/autos\\\/se-confirmaron-nuevas-carreras-virtuales-de-tc-y-tc-pick-up\\\/#respond\"]}]},{\"@type\":\"WebPage\",\"@id\":\"https:\\\/\\\/autosdelpodio.com\\\/autos\\\/se-confirmaron-nuevas-carreras-virtuales-de-tc-y-tc-pick-up\\\/\",\"url\":\"https:\\\/\\\/autosdelpodio.com\\\/autos\\\/se-confirmaron-nuevas-carreras-virtuales-de-tc-y-tc-pick-up\\\/\",\"name\":\"Autos del Podio | Se confirmaron nuevas carreras virtuales de TC y TC Pick Up\",\"isPartOf\":{\"@id\":\"http:\\\/\\\/autosdelpodio.com\\\/autos\\\/#website\"},\"datePublished\":\"2020-04-14T19:10:11+00:00\",\"dateModified\":\"2020-05-15T02:08:23+00:00\",\"description\":\"Autos del Podio\",\"breadcrumb\":{\"@id\":\"https:\\\/\\\/autosdelpodio.com\\\/autos\\\/se-confirmaron-nuevas-carreras-virtuales-de-tc-y-tc-pick-up\\\/#breadcrumb\"},\"inLanguage\":\"es\",\"potentialAction\":[{\"@type\":\"ReadAction\",\"target\":[\"https:\\\/\\\/autosdelpodio.com\\\/autos\\\/se-confirmaron-nuevas-carreras-virtuales-de-tc-y-tc-pick-up\\\/\"]}]},{\"@type\":\"BreadcrumbList\",\"@id\":\"https:\\\/\\\/autosdelpodio.com\\\/autos\\\/se-confirmaron-nuevas-carreras-virtuales-de-tc-y-tc-pick-up\\\/#breadcrumb\",\"itemListElement\":[{\"@type\":\"ListItem\",\"position\":1,\"name\":\"Portada\",\"item\":\"http:\\\/\\\/autosdelpodio.com\\\/autos\\\/\"},{\"@type\":\"ListItem\",\"position\":2,\"name\":\"Se confirmaron nuevas carreras virtuales de TC y TC Pick Up\"}]},{\"@type\":\"WebSite\",\"@id\":\"http:\\\/\\\/autosdelpodio.com\\\/autos\\\/#website\",\"url\":\"http:\\\/\\\/autosdelpodio.com\\\/autos\\\/\",\"name\":\"Autos del Podio\",\"description\":\"La sexta del deporte motor\",\"publisher\":{\"@id\":\"http:\\\/\\\/autosdelpodio.com\\\/autos\\\/#organization\"},\"potentialAction\":[{\"@type\":\"SearchAction\",\"target\":{\"@type\":\"EntryPoint\",\"urlTemplate\":\"http:\\\/\\\/autosdelpodio.com\\\/autos\\\/?s={search_term_string}\"},\"query-input\":{\"@type\":\"PropertyValueSpecification\",\"valueRequired\":true,\"valueName\":\"search_term_string\"}}],\"inLanguage\":\"es\"},{\"@type\":\"Organization\",\"@id\":\"http:\\\/\\\/autosdelpodio.com\\\/autos\\\/#organization\",\"name\":\"Autos del Podio\",\"url\":\"http:\\\/\\\/autosdelpodio.com\\\/autos\\\/\",\"logo\":{\"@type\":\"ImageObject\",\"inLanguage\":\"es\",\"@id\":\"http:\\\/\\\/autosdelpodio.com\\\/autos\\\/#\\\/schema\\\/logo\\\/image\\\/\",\"url\":\"http:\\\/\\\/autosdelpodio.com\\\/autos\\\/wp-content\\\/uploads\\\/2020\\\/08\\\/Logo_AR.jpg\",\"contentUrl\":\"http:\\\/\\\/autosdelpodio.com\\\/autos\\\/wp-content\\\/uploads\\\/2020\\\/08\\\/Logo_AR.jpg\",\"width\":1038,\"height\":1044,\"caption\":\"Autos del Podio\"},\"image\":{\"@id\":\"http:\\\/\\\/autosdelpodio.com\\\/autos\\\/#\\\/schema\\\/logo\\\/image\\\/\"},\"sameAs\":[\"https:\\\/\\\/www.facebook.com\\\/profile.php?id=100057192590976&amp;amp;amp;amp;amp;amp;amp;amp;amp;amp;amp;amp;amp;amp;amp;amp;amp;amp;ref=ts\",\"https:\\\/\\\/x.com\\\/autosdelpodio\",\"https:\\\/\\\/www.youtube.com\\\/user\\\/AutosdelPodio\"]},{\"@type\":\"Person\",\"@id\":\"http:\\\/\\\/autosdelpodio.com\\\/autos\\\/#\\\/schema\\\/person\\\/993527a4d01c3acdd3d6bce3770bc942\",\"name\":\"autosdelpodio\",\"image\":{\"@type\":\"ImageObject\",\"inLanguage\":\"es\",\"@id\":\"http:\\\/\\\/autosdelpodio.com\\\/autos\\\/wp-content\\\/litespeed\\\/avatar\\\/aa8f65cd201a80f6b844f63278aa84af.jpg?ver=1776798175\",\"url\":\"http:\\\/\\\/autosdelpodio.com\\\/autos\\\/wp-content\\\/litespeed\\\/avatar\\\/aa8f65cd201a80f6b844f63278aa84af.jpg?ver=1776798175\",\"contentUrl\":\"http:\\\/\\\/autosdelpodio.com\\\/autos\\\/wp-content\\\/litespeed\\\/avatar\\\/aa8f65cd201a80f6b844f63278aa84af.jpg?ver=1776798175\",\"caption\":\"autosdelpodio\"}}]}<\/script>\n<!-- \/ Yoast SEO plugin. -->","yoast_head_json":{"title":"Autos del Podio | Se confirmaron nuevas carreras virtuales de TC y TC Pick Up","description":"Autos del Podio","robots":{"index":"index","follow":"follow","max-snippet":"max-snippet:-1","max-image-preview":"max-image-preview:large","max-video-preview":"max-video-preview:-1"},"canonical":"https:\/\/autosdelpodio.com\/autos\/se-confirmaron-nuevas-carreras-virtuales-de-tc-y-tc-pick-up\/","og_locale":"es_ES","og_type":"article","og_title":"Autos del Podio | Se confirmaron nuevas carreras virtuales de TC y TC Pick Up","og_description":"Autos del Podio","og_url":"https:\/\/autosdelpodio.com\/autos\/se-confirmaron-nuevas-carreras-virtuales-de-tc-y-tc-pick-up\/","og_site_name":"Autos del Podio","article_publisher":"https:\/\/www.facebook.com\/profile.php?id=100057192590976&amp%3bamp%3bamp%3bamp%3bamp%3bamp%3bamp%3bamp%3bamp%3bamp%3bamp%3bamp%3bamp%3bamp%3bamp%3bamp%3bamp%3bamp%3bref=ts","article_published_time":"2020-04-14T19:10:11+00:00","article_modified_time":"2020-05-15T02:08:23+00:00","author":"autosdelpodio","twitter_card":"summary_large_image","twitter_creator":"@autosdelpodio","twitter_site":"@autosdelpodio","twitter_misc":{"Escrito por":"autosdelpodio","Tiempo de lectura":"1 minuto"},"schema":{"@context":"https:\/\/schema.org","@graph":[{"@type":"Article","@id":"https:\/\/autosdelpodio.com\/autos\/se-confirmaron-nuevas-carreras-virtuales-de-tc-y-tc-pick-up\/#article","isPartOf":{"@id":"https:\/\/autosdelpodio.com\/autos\/se-confirmaron-nuevas-carreras-virtuales-de-tc-y-tc-pick-up\/"},"author":{"name":"autosdelpodio","@id":"http:\/\/autosdelpodio.com\/autos\/#\/schema\/person\/993527a4d01c3acdd3d6bce3770bc942"},"headline":"Se confirmaron nuevas carreras virtuales de TC y TC Pick Up","datePublished":"2020-04-14T19:10:11+00:00","dateModified":"2020-05-15T02:08:23+00:00","mainEntityOfPage":{"@id":"https:\/\/autosdelpodio.com\/autos\/se-confirmaron-nuevas-carreras-virtuales-de-tc-y-tc-pick-up\/"},"wordCount":214,"commentCount":0,"publisher":{"@id":"http:\/\/autosdelpodio.com\/autos\/#organization"},"keywords":["ACTC","Carreras Virtuales","TC Pick Up","Turismo Carretera"],"articleSection":["\u00daltimas noticias"],"inLanguage":"es","potentialAction":[{"@type":"CommentAction","name":"Comment","target":["https:\/\/autosdelpodio.com\/autos\/se-confirmaron-nuevas-carreras-virtuales-de-tc-y-tc-pick-up\/#respond"]}]},{"@type":"WebPage","@id":"https:\/\/autosdelpodio.com\/autos\/se-confirmaron-nuevas-carreras-virtuales-de-tc-y-tc-pick-up\/","url":"https:\/\/autosdelpodio.com\/autos\/se-confirmaron-nuevas-carreras-virtuales-de-tc-y-tc-pick-up\/","name":"Autos del Podio | Se confirmaron nuevas carreras virtuales de TC y TC Pick Up","isPartOf":{"@id":"http:\/\/autosdelpodio.com\/autos\/#website"},"datePublished":"2020-04-14T19:10:11+00:00","dateModified":"2020-05-15T02:08:23+00:00","description":"Autos del Podio","breadcrumb":{"@id":"https:\/\/autosdelpodio.com\/autos\/se-confirmaron-nuevas-carreras-virtuales-de-tc-y-tc-pick-up\/#breadcrumb"},"inLanguage":"es","potentialAction":[{"@type":"ReadAction","target":["https:\/\/autosdelpodio.com\/autos\/se-confirmaron-nuevas-carreras-virtuales-de-tc-y-tc-pick-up\/"]}]},{"@type":"BreadcrumbList","@id":"https:\/\/autosdelpodio.com\/autos\/se-confirmaron-nuevas-carreras-virtuales-de-tc-y-tc-pick-up\/#breadcrumb","itemListElement":[{"@type":"ListItem","position":1,"name":"Portada","item":"http:\/\/autosdelpodio.com\/autos\/"},{"@type":"ListItem","position":2,"name":"Se confirmaron nuevas carreras virtuales de TC y TC Pick Up"}]},{"@type":"WebSite","@id":"http:\/\/autosdelpodio.com\/autos\/#website","url":"http:\/\/autosdelpodio.com\/autos\/","name":"Autos del Podio","description":"La sexta del deporte motor","publisher":{"@id":"http:\/\/autosdelpodio.com\/autos\/#organization"},"potentialAction":[{"@type":"SearchAction","target":{"@type":"EntryPoint","urlTemplate":"http:\/\/autosdelpodio.com\/autos\/?s={search_term_string}"},"query-input":{"@type":"PropertyValueSpecification","valueRequired":true,"valueName":"search_term_string"}}],"inLanguage":"es"},{"@type":"Organization","@id":"http:\/\/autosdelpodio.com\/autos\/#organization","name":"Autos del Podio","url":"http:\/\/autosdelpodio.com\/autos\/","logo":{"@type":"ImageObject","inLanguage":"es","@id":"http:\/\/autosdelpodio.com\/autos\/#\/schema\/logo\/image\/","url":"http:\/\/autosdelpodio.com\/autos\/wp-content\/uploads\/2020\/08\/Logo_AR.jpg","contentUrl":"http:\/\/autosdelpodio.com\/autos\/wp-content\/uploads\/2020\/08\/Logo_AR.jpg","width":1038,"height":1044,"caption":"Autos del Podio"},"image":{"@id":"http:\/\/autosdelpodio.com\/autos\/#\/schema\/logo\/image\/"},"sameAs":["https:\/\/www.facebook.com\/profile.php?id=100057192590976&amp;amp;amp;amp;amp;amp;amp;amp;amp;amp;amp;amp;amp;amp;amp;amp;amp;amp;ref=ts","https:\/\/x.com\/autosdelpodio","https:\/\/www.youtube.com\/user\/AutosdelPodio"]},{"@type":"Person","@id":"http:\/\/autosdelpodio.com\/autos\/#\/schema\/person\/993527a4d01c3acdd3d6bce3770bc942","name":"autosdelpodio","image":{"@type":"ImageObject","inLanguage":"es","@id":"http:\/\/autosdelpodio.com\/autos\/wp-content\/litespeed\/avatar\/aa8f65cd201a80f6b844f63278aa84af.jpg?ver=1776798175","url":"http:\/\/autosdelpodio.com\/autos\/wp-content\/litespeed\/avatar\/aa8f65cd201a80f6b844f63278aa84af.jpg?ver=1776798175","contentUrl":"http:\/\/autosdelpodio.com\/autos\/wp-content\/litespeed\/avatar\/aa8f65cd201a80f6b844f63278aa84af.jpg?ver=1776798175","caption":"autosdelpodio"}}]}},"views":926,"_links":{"self":[{"href":"http:\/\/autosdelpodio.com\/autos\/wp-json\/wp\/v2\/posts\/1724","targetHints":{"allow":["GET"]}}],"collection":[{"href":"http:\/\/autosdelpodio.com\/autos\/wp-json\/wp\/v2\/posts"}],"about":[{"href":"http:\/\/autosdelpodio.com\/autos\/wp-json\/wp\/v2\/types\/post"}],"author":[{"embeddable":true,"href":"http:\/\/autosdelpodio.com\/autos\/wp-json\/wp\/v2\/users\/3"}],"replies":[{"embeddable":true,"href":"http:\/\/autosdelpodio.com\/autos\/wp-json\/wp\/v2\/comments?post=1724"}],"version-history":[{"count":2,"href":"http:\/\/autosdelpodio.com\/autos\/wp-json\/wp\/v2\/posts\/1724\/revisions"}],"predecessor-version":[{"id":1727,"href":"http:\/\/autosdelpodio.com\/autos\/wp-json\/wp\/v2\/posts\/1724\/revisions\/1727"}],"wp:attachment":[{"href":"http:\/\/autosdelpodio.com\/autos\/wp-json\/wp\/v2\/media?parent=1724"}],"wp:term":[{"taxonomy":"category","embeddable":true,"href":"http:\/\/autosdelpodio.com\/autos\/wp-json\/wp\/v2\/categories?post=1724"},{"taxonomy":"post_tag","embeddable":true,"href":"http:\/\/autosdelpodio.com\/autos\/wp-json\/wp\/v2\/tags?post=1724"}],"curies":[{"name":"wp","href":"https:\/\/api.w.org\/{rel}","templated":true}]}}