{"id":1817,"date":"2020-04-23T16:36:13","date_gmt":"2020-04-23T16:36:13","guid":{"rendered":"http:\/\/autosdelpodio.com\/autos\/?p=1817"},"modified":"2020-04-23T16:36:16","modified_gmt":"2020-04-23T16:36:16","slug":"el-proposito-es-conservar-la-originalidad-del-vehiculo","status":"publish","type":"post","link":"http:\/\/autosdelpodio.com\/autos\/el-proposito-es-conservar-la-originalidad-del-vehiculo\/","title":{"rendered":"\u201cEl prop\u00f3sito es conservar la originalidad del vehiculo\u201d"},"content":{"rendered":"\n<p>29\/3\/2018 Por Roberto Aubert, presidente de la Federaci\u00f3n Argentina de Clubes de Automotores Hist\u00f3ricos (FACAH) <\/p>\n\n\n\n<p>Los prop\u00f3sitos y objetivos principales que persiguen:<\/p>\n\n\n\n<ul class=\"wp-block-list\"><li><em>Propiciar para la conservaci\u00f3n  y restauraci\u00f3n de autos hist\u00f3ricos.<\/em><\/li><li><em>Realizar el Rally Nacional con  dichos veh\u00edculos.<\/em><\/li><li><em>Representar a los Clubes y Asociaciones ante las autoridades-<\/em><\/li><li><em>Actuar para la circulaci\u00f3n de veh\u00edculos hist\u00f3ricos.<\/em><\/li><li><em>Coordinar eventos, difundirlos   y armar conferencias.<\/em><\/li><\/ul>\n\n\n\n<p>La carpa de\nconferencias de la novena edici\u00f3n de Expo Auto Argentino fue el escenario ideal\nque abri\u00f3 la disertaci\u00f3n y posterior debate.<\/p>\n\n\n\n<p>Posteriormente\na la distendida charla, Roberto nos afirm\u00f3 que \u201cMediante un convenio con la\nProvincia de Buenos Aires se establece si un vehiculo abandonado en la v\u00eda\npublica tiene valor historico.De ser as\u00ed, se busca restaurarlo, ya que muy\nprobablemente haya un nicho de interesados.Caso contrario se desguasa y pasa a\nchatarra como viene ocurriendo\u201d<\/p>\n\n\n\n<p><strong>_Y para que ello ocurra, \u00bfNo habr\u00eda que agilizar un poco bastante tanto el accionar de los registros y la VTV, por citar 2 de los varios \u00edtems?<\/strong><\/p>\n\n\n\n<p>_ Bueno,\nson 2 temas muy complejos y particulares a la vez.En el primer caso hay que\ndesburocratizar las transferencias entre vehiculos.En el pa\u00eds est\u00e1 prohibido\nimportar veh\u00edculos usados (con ciertas excepciones tales como para uso diplom\u00e1tico,\nde salud, seguridad o para extranjeros que vengan a residir, etc).<\/p>\n\n\n\n<p>Con respecto a la VTV (Verificaci\u00f3n T\u00e9cnica Vehicular Obligatoria, que encierra complejidades en si misma apuntamos que sea mas flexible en el marco de la Ley de Circulaci\u00f3n 24449\/95 y Decreto Reg. 997\/95. <em>\u201cLo que hay que entender es el contexto y su finalidad, para facilitar su circulaci\u00f3n\u201d<\/em><\/p>\n\n\n\n<p><strong>Palos en la rueda:<\/strong><\/p>\n\n\n\n<p>Al\npresente, existe un proyecto de Ley que proh\u00edbe la circulaci\u00f3n en rutas\nnacionales de autos con una antig\u00fcedad de 20 o m\u00e1s a\u00f1os (a partir de 2019) con\nel pretexto de que se aumentar\u00eda la seguridad vial, se preservar\u00eda el medio\nambiente y fomentar\u00eda la industria nacional.<\/p>\n","protected":false},"excerpt":{"rendered":"<p>29\/3\/2018 Por Roberto Aubert, presidente de la Federaci\u00f3n Argentina de Clubes de Automotores Hist\u00f3ricos (FACAH) Los prop\u00f3sitos y objetivos principales<\/p>\n","protected":false},"author":3,"featured_media":1818,"comment_status":"open","ping_status":"open","sticky":false,"template":"","format":"standard","meta":{"colormag_page_container_layout":"default_layout","colormag_page_sidebar_layout":"default_layout","footnotes":""},"categories":[17],"tags":[117,118,53,156],"class_list":["post-1817","post","type-post","status-publish","format-standard","has-post-thumbnail","hentry","category-entrevistas","tag-autos-antiguos","tag-autos-clasicos","tag-expo-auto-argentino","tag-leyes"],"yoast_head":"<!-- This site is optimized with the Yoast SEO plugin v27.5 - https:\/\/yoast.com\/product\/yoast-seo-wordpress\/ -->\n<title>Autos del Podio | \u201cEl prop\u00f3sito es conservar la originalidad del vehiculo\u201d<\/title>\n<meta name=\"description\" content=\"Autos del Podio\" \/>\n<meta name=\"robots\" content=\"index, follow, max-snippet:-1, max-image-preview:large, max-video-preview:-1\" \/>\n<link rel=\"canonical\" href=\"http:\/\/autosdelpodio.com\/autos\/el-proposito-es-conservar-la-originalidad-del-vehiculo\/\" \/>\n<meta property=\"og:locale\" content=\"es_ES\" \/>\n<meta property=\"og:type\" content=\"article\" \/>\n<meta property=\"og:title\" content=\"Autos del Podio | \u201cEl prop\u00f3sito es conservar la originalidad del vehiculo\u201d\" \/>\n<meta property=\"og:description\" content=\"Autos del Podio\" \/>\n<meta property=\"og:url\" content=\"http:\/\/autosdelpodio.com\/autos\/el-proposito-es-conservar-la-originalidad-del-vehiculo\/\" \/>\n<meta property=\"og:site_name\" content=\"Autos del Podio\" \/>\n<meta property=\"article:publisher\" content=\"https:\/\/www.facebook.com\/profile.php?id=100057192590976&amp;amp%3bamp%3bamp%3bamp%3bamp%3bamp%3bamp%3bamp%3bamp%3bamp%3bamp%3bamp%3bamp%3bamp%3bamp%3bamp%3bamp%3bamp%3bref=ts\" \/>\n<meta property=\"article:published_time\" content=\"2020-04-23T16:36:13+00:00\" \/>\n<meta property=\"article:modified_time\" content=\"2020-04-23T16:36:16+00:00\" \/>\n<meta property=\"og:image\" content=\"http:\/\/autosdelpodio.com\/autos\/wp-content\/uploads\/2020\/04\/FACAH.jpg\" \/>\n\t<meta property=\"og:image:width\" content=\"447\" \/>\n\t<meta property=\"og:image:height\" content=\"458\" \/>\n\t<meta property=\"og:image:type\" content=\"image\/jpeg\" \/>\n<meta name=\"author\" content=\"autosdelpodio\" \/>\n<meta name=\"twitter:card\" content=\"summary_large_image\" \/>\n<meta name=\"twitter:creator\" content=\"@autosdelpodio\" \/>\n<meta name=\"twitter:site\" content=\"@autosdelpodio\" \/>\n<meta name=\"twitter:label1\" content=\"Escrito por\" \/>\n\t<meta name=\"twitter:data1\" content=\"autosdelpodio\" \/>\n\t<meta name=\"twitter:label2\" content=\"Tiempo de lectura\" \/>\n\t<meta name=\"twitter:data2\" content=\"2 minutos\" \/>\n<script type=\"application\/ld+json\" class=\"yoast-schema-graph\">{\"@context\":\"https:\\\/\\\/schema.org\",\"@graph\":[{\"@type\":\"Article\",\"@id\":\"http:\\\/\\\/autosdelpodio.com\\\/autos\\\/el-proposito-es-conservar-la-originalidad-del-vehiculo\\\/#article\",\"isPartOf\":{\"@id\":\"http:\\\/\\\/autosdelpodio.com\\\/autos\\\/el-proposito-es-conservar-la-originalidad-del-vehiculo\\\/\"},\"author\":{\"name\":\"autosdelpodio\",\"@id\":\"http:\\\/\\\/autosdelpodio.com\\\/autos\\\/#\\\/schema\\\/person\\\/993527a4d01c3acdd3d6bce3770bc942\"},\"headline\":\"\u201cEl prop\u00f3sito es conservar la originalidad del vehiculo\u201d\",\"datePublished\":\"2020-04-23T16:36:13+00:00\",\"dateModified\":\"2020-04-23T16:36:16+00:00\",\"mainEntityOfPage\":{\"@id\":\"http:\\\/\\\/autosdelpodio.com\\\/autos\\\/el-proposito-es-conservar-la-originalidad-del-vehiculo\\\/\"},\"wordCount\":348,\"commentCount\":0,\"publisher\":{\"@id\":\"http:\\\/\\\/autosdelpodio.com\\\/autos\\\/#organization\"},\"image\":{\"@id\":\"http:\\\/\\\/autosdelpodio.com\\\/autos\\\/el-proposito-es-conservar-la-originalidad-del-vehiculo\\\/#primaryimage\"},\"thumbnailUrl\":\"http:\\\/\\\/autosdelpodio.com\\\/autos\\\/wp-content\\\/uploads\\\/2020\\\/04\\\/FACAH.jpg\",\"keywords\":[\"Autos antiguos\",\"Autos Clasicos\",\"Expo Auto Argentino\",\"Leyes\"],\"articleSection\":[\"Entrevistas\"],\"inLanguage\":\"es\",\"potentialAction\":[{\"@type\":\"CommentAction\",\"name\":\"Comment\",\"target\":[\"http:\\\/\\\/autosdelpodio.com\\\/autos\\\/el-proposito-es-conservar-la-originalidad-del-vehiculo\\\/#respond\"]}]},{\"@type\":\"WebPage\",\"@id\":\"http:\\\/\\\/autosdelpodio.com\\\/autos\\\/el-proposito-es-conservar-la-originalidad-del-vehiculo\\\/\",\"url\":\"http:\\\/\\\/autosdelpodio.com\\\/autos\\\/el-proposito-es-conservar-la-originalidad-del-vehiculo\\\/\",\"name\":\"Autos del Podio | \u201cEl prop\u00f3sito es conservar la originalidad del vehiculo\u201d\",\"isPartOf\":{\"@id\":\"http:\\\/\\\/autosdelpodio.com\\\/autos\\\/#website\"},\"primaryImageOfPage\":{\"@id\":\"http:\\\/\\\/autosdelpodio.com\\\/autos\\\/el-proposito-es-conservar-la-originalidad-del-vehiculo\\\/#primaryimage\"},\"image\":{\"@id\":\"http:\\\/\\\/autosdelpodio.com\\\/autos\\\/el-proposito-es-conservar-la-originalidad-del-vehiculo\\\/#primaryimage\"},\"thumbnailUrl\":\"http:\\\/\\\/autosdelpodio.com\\\/autos\\\/wp-content\\\/uploads\\\/2020\\\/04\\\/FACAH.jpg\",\"datePublished\":\"2020-04-23T16:36:13+00:00\",\"dateModified\":\"2020-04-23T16:36:16+00:00\",\"description\":\"Autos del Podio\",\"breadcrumb\":{\"@id\":\"http:\\\/\\\/autosdelpodio.com\\\/autos\\\/el-proposito-es-conservar-la-originalidad-del-vehiculo\\\/#breadcrumb\"},\"inLanguage\":\"es\",\"potentialAction\":[{\"@type\":\"ReadAction\",\"target\":[\"http:\\\/\\\/autosdelpodio.com\\\/autos\\\/el-proposito-es-conservar-la-originalidad-del-vehiculo\\\/\"]}]},{\"@type\":\"ImageObject\",\"inLanguage\":\"es\",\"@id\":\"http:\\\/\\\/autosdelpodio.com\\\/autos\\\/el-proposito-es-conservar-la-originalidad-del-vehiculo\\\/#primaryimage\",\"url\":\"http:\\\/\\\/autosdelpodio.com\\\/autos\\\/wp-content\\\/uploads\\\/2020\\\/04\\\/FACAH.jpg\",\"contentUrl\":\"http:\\\/\\\/autosdelpodio.com\\\/autos\\\/wp-content\\\/uploads\\\/2020\\\/04\\\/FACAH.jpg\",\"width\":447,\"height\":458},{\"@type\":\"BreadcrumbList\",\"@id\":\"http:\\\/\\\/autosdelpodio.com\\\/autos\\\/el-proposito-es-conservar-la-originalidad-del-vehiculo\\\/#breadcrumb\",\"itemListElement\":[{\"@type\":\"ListItem\",\"position\":1,\"name\":\"Portada\",\"item\":\"http:\\\/\\\/autosdelpodio.com\\\/autos\\\/\"},{\"@type\":\"ListItem\",\"position\":2,\"name\":\"\u201cEl prop\u00f3sito es conservar la originalidad del vehiculo\u201d\"}]},{\"@type\":\"WebSite\",\"@id\":\"http:\\\/\\\/autosdelpodio.com\\\/autos\\\/#website\",\"url\":\"http:\\\/\\\/autosdelpodio.com\\\/autos\\\/\",\"name\":\"Autos del Podio\",\"description\":\"La sexta del deporte motor\",\"publisher\":{\"@id\":\"http:\\\/\\\/autosdelpodio.com\\\/autos\\\/#organization\"},\"potentialAction\":[{\"@type\":\"SearchAction\",\"target\":{\"@type\":\"EntryPoint\",\"urlTemplate\":\"http:\\\/\\\/autosdelpodio.com\\\/autos\\\/?s={search_term_string}\"},\"query-input\":{\"@type\":\"PropertyValueSpecification\",\"valueRequired\":true,\"valueName\":\"search_term_string\"}}],\"inLanguage\":\"es\"},{\"@type\":\"Organization\",\"@id\":\"http:\\\/\\\/autosdelpodio.com\\\/autos\\\/#organization\",\"name\":\"Autos del Podio\",\"url\":\"http:\\\/\\\/autosdelpodio.com\\\/autos\\\/\",\"logo\":{\"@type\":\"ImageObject\",\"inLanguage\":\"es\",\"@id\":\"http:\\\/\\\/autosdelpodio.com\\\/autos\\\/#\\\/schema\\\/logo\\\/image\\\/\",\"url\":\"http:\\\/\\\/autosdelpodio.com\\\/autos\\\/wp-content\\\/uploads\\\/2020\\\/08\\\/Logo_AR.jpg\",\"contentUrl\":\"http:\\\/\\\/autosdelpodio.com\\\/autos\\\/wp-content\\\/uploads\\\/2020\\\/08\\\/Logo_AR.jpg\",\"width\":1038,\"height\":1044,\"caption\":\"Autos del Podio\"},\"image\":{\"@id\":\"http:\\\/\\\/autosdelpodio.com\\\/autos\\\/#\\\/schema\\\/logo\\\/image\\\/\"},\"sameAs\":[\"https:\\\/\\\/www.facebook.com\\\/profile.php?id=100057192590976&amp;amp;amp;amp;amp;amp;amp;amp;amp;amp;amp;amp;amp;amp;amp;amp;amp;amp;ref=ts\",\"https:\\\/\\\/x.com\\\/autosdelpodio\",\"https:\\\/\\\/www.youtube.com\\\/user\\\/AutosdelPodio\"]},{\"@type\":\"Person\",\"@id\":\"http:\\\/\\\/autosdelpodio.com\\\/autos\\\/#\\\/schema\\\/person\\\/993527a4d01c3acdd3d6bce3770bc942\",\"name\":\"autosdelpodio\",\"image\":{\"@type\":\"ImageObject\",\"inLanguage\":\"es\",\"@id\":\"http:\\\/\\\/autosdelpodio.com\\\/autos\\\/wp-content\\\/litespeed\\\/avatar\\\/aa8f65cd201a80f6b844f63278aa84af.jpg?ver=1777403005\",\"url\":\"http:\\\/\\\/autosdelpodio.com\\\/autos\\\/wp-content\\\/litespeed\\\/avatar\\\/aa8f65cd201a80f6b844f63278aa84af.jpg?ver=1777403005\",\"contentUrl\":\"http:\\\/\\\/autosdelpodio.com\\\/autos\\\/wp-content\\\/litespeed\\\/avatar\\\/aa8f65cd201a80f6b844f63278aa84af.jpg?ver=1777403005\",\"caption\":\"autosdelpodio\"}}]}<\/script>\n<!-- \/ Yoast SEO plugin. -->","yoast_head_json":{"title":"Autos del Podio | \u201cEl prop\u00f3sito es conservar la originalidad del vehiculo\u201d","description":"Autos del Podio","robots":{"index":"index","follow":"follow","max-snippet":"max-snippet:-1","max-image-preview":"max-image-preview:large","max-video-preview":"max-video-preview:-1"},"canonical":"http:\/\/autosdelpodio.com\/autos\/el-proposito-es-conservar-la-originalidad-del-vehiculo\/","og_locale":"es_ES","og_type":"article","og_title":"Autos del Podio | \u201cEl prop\u00f3sito es conservar la originalidad del vehiculo\u201d","og_description":"Autos del Podio","og_url":"http:\/\/autosdelpodio.com\/autos\/el-proposito-es-conservar-la-originalidad-del-vehiculo\/","og_site_name":"Autos del Podio","article_publisher":"https:\/\/www.facebook.com\/profile.php?id=100057192590976&amp%3bamp%3bamp%3bamp%3bamp%3bamp%3bamp%3bamp%3bamp%3bamp%3bamp%3bamp%3bamp%3bamp%3bamp%3bamp%3bamp%3bamp%3bref=ts","article_published_time":"2020-04-23T16:36:13+00:00","article_modified_time":"2020-04-23T16:36:16+00:00","og_image":[{"width":447,"height":458,"url":"http:\/\/autosdelpodio.com\/autos\/wp-content\/uploads\/2020\/04\/FACAH.jpg","type":"image\/jpeg"}],"author":"autosdelpodio","twitter_card":"summary_large_image","twitter_creator":"@autosdelpodio","twitter_site":"@autosdelpodio","twitter_misc":{"Escrito por":"autosdelpodio","Tiempo de lectura":"2 minutos"},"schema":{"@context":"https:\/\/schema.org","@graph":[{"@type":"Article","@id":"http:\/\/autosdelpodio.com\/autos\/el-proposito-es-conservar-la-originalidad-del-vehiculo\/#article","isPartOf":{"@id":"http:\/\/autosdelpodio.com\/autos\/el-proposito-es-conservar-la-originalidad-del-vehiculo\/"},"author":{"name":"autosdelpodio","@id":"http:\/\/autosdelpodio.com\/autos\/#\/schema\/person\/993527a4d01c3acdd3d6bce3770bc942"},"headline":"\u201cEl prop\u00f3sito es conservar la originalidad del vehiculo\u201d","datePublished":"2020-04-23T16:36:13+00:00","dateModified":"2020-04-23T16:36:16+00:00","mainEntityOfPage":{"@id":"http:\/\/autosdelpodio.com\/autos\/el-proposito-es-conservar-la-originalidad-del-vehiculo\/"},"wordCount":348,"commentCount":0,"publisher":{"@id":"http:\/\/autosdelpodio.com\/autos\/#organization"},"image":{"@id":"http:\/\/autosdelpodio.com\/autos\/el-proposito-es-conservar-la-originalidad-del-vehiculo\/#primaryimage"},"thumbnailUrl":"http:\/\/autosdelpodio.com\/autos\/wp-content\/uploads\/2020\/04\/FACAH.jpg","keywords":["Autos antiguos","Autos Clasicos","Expo Auto Argentino","Leyes"],"articleSection":["Entrevistas"],"inLanguage":"es","potentialAction":[{"@type":"CommentAction","name":"Comment","target":["http:\/\/autosdelpodio.com\/autos\/el-proposito-es-conservar-la-originalidad-del-vehiculo\/#respond"]}]},{"@type":"WebPage","@id":"http:\/\/autosdelpodio.com\/autos\/el-proposito-es-conservar-la-originalidad-del-vehiculo\/","url":"http:\/\/autosdelpodio.com\/autos\/el-proposito-es-conservar-la-originalidad-del-vehiculo\/","name":"Autos del Podio | \u201cEl prop\u00f3sito es conservar la originalidad del vehiculo\u201d","isPartOf":{"@id":"http:\/\/autosdelpodio.com\/autos\/#website"},"primaryImageOfPage":{"@id":"http:\/\/autosdelpodio.com\/autos\/el-proposito-es-conservar-la-originalidad-del-vehiculo\/#primaryimage"},"image":{"@id":"http:\/\/autosdelpodio.com\/autos\/el-proposito-es-conservar-la-originalidad-del-vehiculo\/#primaryimage"},"thumbnailUrl":"http:\/\/autosdelpodio.com\/autos\/wp-content\/uploads\/2020\/04\/FACAH.jpg","datePublished":"2020-04-23T16:36:13+00:00","dateModified":"2020-04-23T16:36:16+00:00","description":"Autos del Podio","breadcrumb":{"@id":"http:\/\/autosdelpodio.com\/autos\/el-proposito-es-conservar-la-originalidad-del-vehiculo\/#breadcrumb"},"inLanguage":"es","potentialAction":[{"@type":"ReadAction","target":["http:\/\/autosdelpodio.com\/autos\/el-proposito-es-conservar-la-originalidad-del-vehiculo\/"]}]},{"@type":"ImageObject","inLanguage":"es","@id":"http:\/\/autosdelpodio.com\/autos\/el-proposito-es-conservar-la-originalidad-del-vehiculo\/#primaryimage","url":"http:\/\/autosdelpodio.com\/autos\/wp-content\/uploads\/2020\/04\/FACAH.jpg","contentUrl":"http:\/\/autosdelpodio.com\/autos\/wp-content\/uploads\/2020\/04\/FACAH.jpg","width":447,"height":458},{"@type":"BreadcrumbList","@id":"http:\/\/autosdelpodio.com\/autos\/el-proposito-es-conservar-la-originalidad-del-vehiculo\/#breadcrumb","itemListElement":[{"@type":"ListItem","position":1,"name":"Portada","item":"http:\/\/autosdelpodio.com\/autos\/"},{"@type":"ListItem","position":2,"name":"\u201cEl prop\u00f3sito es conservar la originalidad del vehiculo\u201d"}]},{"@type":"WebSite","@id":"http:\/\/autosdelpodio.com\/autos\/#website","url":"http:\/\/autosdelpodio.com\/autos\/","name":"Autos del Podio","description":"La sexta del deporte motor","publisher":{"@id":"http:\/\/autosdelpodio.com\/autos\/#organization"},"potentialAction":[{"@type":"SearchAction","target":{"@type":"EntryPoint","urlTemplate":"http:\/\/autosdelpodio.com\/autos\/?s={search_term_string}"},"query-input":{"@type":"PropertyValueSpecification","valueRequired":true,"valueName":"search_term_string"}}],"inLanguage":"es"},{"@type":"Organization","@id":"http:\/\/autosdelpodio.com\/autos\/#organization","name":"Autos del Podio","url":"http:\/\/autosdelpodio.com\/autos\/","logo":{"@type":"ImageObject","inLanguage":"es","@id":"http:\/\/autosdelpodio.com\/autos\/#\/schema\/logo\/image\/","url":"http:\/\/autosdelpodio.com\/autos\/wp-content\/uploads\/2020\/08\/Logo_AR.jpg","contentUrl":"http:\/\/autosdelpodio.com\/autos\/wp-content\/uploads\/2020\/08\/Logo_AR.jpg","width":1038,"height":1044,"caption":"Autos del Podio"},"image":{"@id":"http:\/\/autosdelpodio.com\/autos\/#\/schema\/logo\/image\/"},"sameAs":["https:\/\/www.facebook.com\/profile.php?id=100057192590976&amp;amp;amp;amp;amp;amp;amp;amp;amp;amp;amp;amp;amp;amp;amp;amp;amp;amp;ref=ts","https:\/\/x.com\/autosdelpodio","https:\/\/www.youtube.com\/user\/AutosdelPodio"]},{"@type":"Person","@id":"http:\/\/autosdelpodio.com\/autos\/#\/schema\/person\/993527a4d01c3acdd3d6bce3770bc942","name":"autosdelpodio","image":{"@type":"ImageObject","inLanguage":"es","@id":"http:\/\/autosdelpodio.com\/autos\/wp-content\/litespeed\/avatar\/aa8f65cd201a80f6b844f63278aa84af.jpg?ver=1777403005","url":"http:\/\/autosdelpodio.com\/autos\/wp-content\/litespeed\/avatar\/aa8f65cd201a80f6b844f63278aa84af.jpg?ver=1777403005","contentUrl":"http:\/\/autosdelpodio.com\/autos\/wp-content\/litespeed\/avatar\/aa8f65cd201a80f6b844f63278aa84af.jpg?ver=1777403005","caption":"autosdelpodio"}}]}},"views":597,"_links":{"self":[{"href":"http:\/\/autosdelpodio.com\/autos\/wp-json\/wp\/v2\/posts\/1817","targetHints":{"allow":["GET"]}}],"collection":[{"href":"http:\/\/autosdelpodio.com\/autos\/wp-json\/wp\/v2\/posts"}],"about":[{"href":"http:\/\/autosdelpodio.com\/autos\/wp-json\/wp\/v2\/types\/post"}],"author":[{"embeddable":true,"href":"http:\/\/autosdelpodio.com\/autos\/wp-json\/wp\/v2\/users\/3"}],"replies":[{"embeddable":true,"href":"http:\/\/autosdelpodio.com\/autos\/wp-json\/wp\/v2\/comments?post=1817"}],"version-history":[{"count":1,"href":"http:\/\/autosdelpodio.com\/autos\/wp-json\/wp\/v2\/posts\/1817\/revisions"}],"predecessor-version":[{"id":1819,"href":"http:\/\/autosdelpodio.com\/autos\/wp-json\/wp\/v2\/posts\/1817\/revisions\/1819"}],"wp:featuredmedia":[{"embeddable":true,"href":"http:\/\/autosdelpodio.com\/autos\/wp-json\/wp\/v2\/media\/1818"}],"wp:attachment":[{"href":"http:\/\/autosdelpodio.com\/autos\/wp-json\/wp\/v2\/media?parent=1817"}],"wp:term":[{"taxonomy":"category","embeddable":true,"href":"http:\/\/autosdelpodio.com\/autos\/wp-json\/wp\/v2\/categories?post=1817"},{"taxonomy":"post_tag","embeddable":true,"href":"http:\/\/autosdelpodio.com\/autos\/wp-json\/wp\/v2\/tags?post=1817"}],"curies":[{"name":"wp","href":"https:\/\/api.w.org\/{rel}","templated":true}]}}