{"id":1820,"date":"2020-04-23T17:22:47","date_gmt":"2020-04-23T17:22:47","guid":{"rendered":"http:\/\/autosdelpodio.com\/autos\/?p=1820"},"modified":"2020-04-23T17:22:49","modified_gmt":"2020-04-23T17:22:49","slug":"fangio-for-ever","status":"publish","type":"post","link":"http:\/\/autosdelpodio.com\/autos\/fangio-for-ever\/","title":{"rendered":"Fangio for ever"},"content":{"rendered":"\n<p>1\/5\/2018<br>\nEmplazado en el viejo palacio municipal y frente a la plaza de la ciudad bonaerense funciona desde el 22 de Noviembre de 1986 el Centro Cultural y Tecnol\u00f3gico Museo del Automovilismo \u201cJuan Manuel Fangio\u201d en una ciudad netamente fierrera, que respira automovilismo a trav\u00e9s de su escenario \u201cLa Barrosa\u201d que tambi\u00e9n lleva su nombre inaugurado en 1972  y su cl\u00e1sica Fiesta Nacional del Automovilismo, que en Febrero de 2018 cerr\u00f3 su 26\u00b0 edici\u00f3n.<\/p>\n\n\n\n<p>La muestra desplegada sobre una superficie de 7000 metros cuadrados no solo refleja la obra del Chueco de Balcarce, como suelen llamarlo en el pueblo, 5 veces campe\u00f3n del mundo en la Formula 1 Internacional (1951 con Alfa Romeo;  1954 y 55 con Mercedes Benz; 1956 con Ferrari y 1957 con Maserati) y en la temporada 1940\/41 de Turismo Carretera con Chevrolet.<\/p>\n\n\n\n<p>Recorrerlo con atenci\u00f3n requiere de un par de horas, que se pasan amigablemente entre bandeja y bandeja, 8 en total con diferentes tem\u00e1ticas que alojan epopeyas, su oficina personal ambientada, un taller mec\u00e1nico recreado, autos de Formula 1, Formula Nacional, Mec\u00e1nica Argentina y el popular Turismo Carretera.<\/p>\n\n\n\n<figure class=\"wp-block-gallery columns-3 is-cropped wp-block-gallery-1 is-layout-flex wp-block-gallery-is-layout-flex\"><ul class=\"blocks-gallery-grid\"><li class=\"blocks-gallery-item\"><figure><img fetchpriority=\"high\" decoding=\"async\" width=\"960\" height=\"720\" src=\"http:\/\/autosdelpodio.com\/autos\/wp-content\/uploads\/2020\/04\/Torino_Mision_1969.jpg\" alt=\"\" data-id=\"1824\" data-full-url=\"http:\/\/autosdelpodio.com\/autos\/wp-content\/uploads\/2020\/04\/Torino_Mision_1969.jpg\" data-link=\"http:\/\/autosdelpodio.com\/autos\/?attachment_id=1824\" class=\"wp-image-1824\" srcset=\"http:\/\/autosdelpodio.com\/autos\/wp-content\/uploads\/2020\/04\/Torino_Mision_1969.jpg 960w, http:\/\/autosdelpodio.com\/autos\/wp-content\/uploads\/2020\/04\/Torino_Mision_1969-300x225.jpg 300w, http:\/\/autosdelpodio.com\/autos\/wp-content\/uploads\/2020\/04\/Torino_Mision_1969-768x576.jpg 768w\" sizes=\"(max-width: 960px) 100vw, 960px\" \/><figcaption class=\"blocks-gallery-item__caption\"> Torino 380 W <\/figcaption><\/figure><\/li><li class=\"blocks-gallery-item\"><figure><img decoding=\"async\" width=\"960\" height=\"720\" src=\"http:\/\/autosdelpodio.com\/autos\/wp-content\/uploads\/2020\/04\/Vista_Museo_Fangio.jpg\" alt=\"\" data-id=\"1825\" data-full-url=\"http:\/\/autosdelpodio.com\/autos\/wp-content\/uploads\/2020\/04\/Vista_Museo_Fangio.jpg\" data-link=\"http:\/\/autosdelpodio.com\/autos\/?attachment_id=1825\" class=\"wp-image-1825\" srcset=\"http:\/\/autosdelpodio.com\/autos\/wp-content\/uploads\/2020\/04\/Vista_Museo_Fangio.jpg 960w, http:\/\/autosdelpodio.com\/autos\/wp-content\/uploads\/2020\/04\/Vista_Museo_Fangio-300x225.jpg 300w, http:\/\/autosdelpodio.com\/autos\/wp-content\/uploads\/2020\/04\/Vista_Museo_Fangio-768x576.jpg 768w\" sizes=\"(max-width: 960px) 100vw, 960px\" \/><figcaption class=\"blocks-gallery-item__caption\">Acceso a la bandeja 5 y 6. <\/figcaption><\/figure><\/li><li class=\"blocks-gallery-item\"><figure><img decoding=\"async\" width=\"960\" height=\"720\" src=\"http:\/\/autosdelpodio.com\/autos\/wp-content\/uploads\/2020\/04\/Mc-Laren-MP43B_-F1_1988.jpg\" alt=\"\" data-id=\"1830\" data-full-url=\"http:\/\/autosdelpodio.com\/autos\/wp-content\/uploads\/2020\/04\/Mc-Laren-MP43B_-F1_1988.jpg\" data-link=\"http:\/\/autosdelpodio.com\/autos\/?attachment_id=1830\" class=\"wp-image-1830\" srcset=\"http:\/\/autosdelpodio.com\/autos\/wp-content\/uploads\/2020\/04\/Mc-Laren-MP43B_-F1_1988.jpg 960w, http:\/\/autosdelpodio.com\/autos\/wp-content\/uploads\/2020\/04\/Mc-Laren-MP43B_-F1_1988-300x225.jpg 300w, http:\/\/autosdelpodio.com\/autos\/wp-content\/uploads\/2020\/04\/Mc-Laren-MP43B_-F1_1988-768x576.jpg 768w\" sizes=\"(max-width: 960px) 100vw, 960px\" \/><figcaption class=\"blocks-gallery-item__caption\">Mc Laren  F1_1988<\/figcaption><\/figure><\/li><li class=\"blocks-gallery-item\"><figure><img loading=\"lazy\" decoding=\"async\" width=\"960\" height=\"720\" src=\"http:\/\/autosdelpodio.com\/autos\/wp-content\/uploads\/2020\/04\/TC_Fangio.jpg\" alt=\"\" data-id=\"1826\" data-full-url=\"http:\/\/autosdelpodio.com\/autos\/wp-content\/uploads\/2020\/04\/TC_Fangio.jpg\" data-link=\"http:\/\/autosdelpodio.com\/autos\/?attachment_id=1826\" class=\"wp-image-1826\" srcset=\"http:\/\/autosdelpodio.com\/autos\/wp-content\/uploads\/2020\/04\/TC_Fangio.jpg 960w, http:\/\/autosdelpodio.com\/autos\/wp-content\/uploads\/2020\/04\/TC_Fangio-300x225.jpg 300w, http:\/\/autosdelpodio.com\/autos\/wp-content\/uploads\/2020\/04\/TC_Fangio-768x576.jpg 768w\" sizes=\"(max-width: 960px) 100vw, 960px\" \/><figcaption class=\"blocks-gallery-item__caption\">En Argentina se celebra el D\u00eda Nacional del Automovilismo Deportivo, en conmemoraci\u00f3n a Juan Manuel Fangio, quien muri\u00f3 el 17 de julio de 1995.<\/figcaption><\/figure><\/li><\/ul><\/figure>\n\n\n\n<p>All\u00ed no solo se alojan veh\u00edculos, adem\u00e1s abundan trofeos, medallas, material period\u00edstico, copas, plaquetas, buzos antiflamas y cascos de los pilotos nacionales e internacionales m\u00e1s destacados.<\/p>\n\n\n\n<p>En Abril de 2016, sitio especializado estadounidense Independent Motors lo consider\u00f3 entre los 25 de los mejores museos del mundo del automovilismo.<\/p>\n\n\n\n<p>La historia del deporte vive all\u00ed y visitar esta obra es una cita obligada para los amantes del mundo de los autos y el automovilismo.<br>\nCabe aclarar que el espacio cuenta con servicio de ascensor y servicio de bar en el \u201cCaf\u00e9 Fecha de Plata\u201d con precios de mercado y material audiovisual.Sumado a ello convive un sector dedicado al Merchandising oficial.<\/p>\n\n\n\n<p>De marzo a diciembre el horario abre sus puertas de lunes a viernes de 10 a 17 horas.Sabados, Domingos y Feriados desde las 10:00 y hasta las 18.<\/p>\n\n\n\n<p>Visitado por primera vez en Mayo de 2018. <em>Mas fotos disponibles en nuestro  Fan Page de Facebook Autos del Podio<\/em><\/p>\n","protected":false},"excerpt":{"rendered":"<p>1\/5\/2018 Emplazado en el viejo palacio municipal y frente a la plaza de la ciudad bonaerense funciona desde el 22<\/p>\n","protected":false},"author":3,"featured_media":1822,"comment_status":"open","ping_status":"open","sticky":false,"template":"","format":"standard","meta":{"colormag_page_container_layout":"default_layout","colormag_page_sidebar_layout":"default_layout","footnotes":""},"categories":[6],"tags":[76,82,75,157,62,58],"class_list":["post-1820","post","type-post","status-publish","format-standard","has-post-thumbnail","hentry","category-newsflash","tag-automovilismo","tag-campeones","tag-formula-1","tag-juan-manuel-fangio","tag-museos","tag-tc"],"yoast_head":"<!-- This site is optimized with the Yoast SEO plugin v27.5 - https:\/\/yoast.com\/product\/yoast-seo-wordpress\/ -->\n<title>Autos del Podio | Fangio for ever<\/title>\n<meta name=\"description\" content=\"Autos del Podio\" \/>\n<meta name=\"robots\" content=\"index, follow, max-snippet:-1, max-image-preview:large, max-video-preview:-1\" \/>\n<link rel=\"canonical\" href=\"http:\/\/autosdelpodio.com\/autos\/fangio-for-ever\/\" \/>\n<meta property=\"og:locale\" content=\"es_ES\" \/>\n<meta property=\"og:type\" content=\"article\" \/>\n<meta property=\"og:title\" content=\"Autos del Podio | Fangio for ever\" \/>\n<meta property=\"og:description\" content=\"Autos del Podio\" \/>\n<meta property=\"og:url\" content=\"http:\/\/autosdelpodio.com\/autos\/fangio-for-ever\/\" \/>\n<meta property=\"og:site_name\" content=\"Autos del Podio\" \/>\n<meta property=\"article:publisher\" content=\"https:\/\/www.facebook.com\/profile.php?id=100057192590976&amp;amp%3bamp%3bamp%3bamp%3bamp%3bamp%3bamp%3bamp%3bamp%3bamp%3bamp%3bamp%3bamp%3bamp%3bamp%3bamp%3bamp%3bamp%3bref=ts\" \/>\n<meta property=\"article:published_time\" content=\"2020-04-23T17:22:47+00:00\" \/>\n<meta property=\"article:modified_time\" content=\"2020-04-23T17:22:49+00:00\" \/>\n<meta property=\"og:image\" content=\"http:\/\/autosdelpodio.com\/autos\/wp-content\/uploads\/2020\/04\/Fachada_Museo_Fangio.jpg\" \/>\n\t<meta property=\"og:image:width\" content=\"719\" \/>\n\t<meta property=\"og:image:height\" content=\"855\" \/>\n\t<meta property=\"og:image:type\" content=\"image\/jpeg\" \/>\n<meta name=\"author\" content=\"autosdelpodio\" \/>\n<meta name=\"twitter:card\" content=\"summary_large_image\" \/>\n<meta name=\"twitter:creator\" content=\"@autosdelpodio\" \/>\n<meta name=\"twitter:site\" content=\"@autosdelpodio\" \/>\n<meta name=\"twitter:label1\" content=\"Escrito por\" \/>\n\t<meta name=\"twitter:data1\" content=\"autosdelpodio\" \/>\n\t<meta name=\"twitter:label2\" content=\"Tiempo de lectura\" \/>\n\t<meta name=\"twitter:data2\" content=\"2 minutos\" \/>\n<script type=\"application\/ld+json\" class=\"yoast-schema-graph\">{\"@context\":\"https:\\\/\\\/schema.org\",\"@graph\":[{\"@type\":\"Article\",\"@id\":\"http:\\\/\\\/autosdelpodio.com\\\/autos\\\/fangio-for-ever\\\/#article\",\"isPartOf\":{\"@id\":\"http:\\\/\\\/autosdelpodio.com\\\/autos\\\/fangio-for-ever\\\/\"},\"author\":{\"name\":\"autosdelpodio\",\"@id\":\"http:\\\/\\\/autosdelpodio.com\\\/autos\\\/#\\\/schema\\\/person\\\/993527a4d01c3acdd3d6bce3770bc942\"},\"headline\":\"Fangio for ever\",\"datePublished\":\"2020-04-23T17:22:47+00:00\",\"dateModified\":\"2020-04-23T17:22:49+00:00\",\"mainEntityOfPage\":{\"@id\":\"http:\\\/\\\/autosdelpodio.com\\\/autos\\\/fangio-for-ever\\\/\"},\"wordCount\":369,\"commentCount\":4,\"publisher\":{\"@id\":\"http:\\\/\\\/autosdelpodio.com\\\/autos\\\/#organization\"},\"image\":{\"@id\":\"http:\\\/\\\/autosdelpodio.com\\\/autos\\\/fangio-for-ever\\\/#primaryimage\"},\"thumbnailUrl\":\"http:\\\/\\\/autosdelpodio.com\\\/autos\\\/wp-content\\\/uploads\\\/2020\\\/04\\\/Fachada_Museo_Fangio.jpg\",\"keywords\":[\"Automovilismo\",\"Campeones\",\"Formula 1\",\"Juan Manuel Fangio\",\"Museos\",\"TC\"],\"articleSection\":[\"Destacado\"],\"inLanguage\":\"es\",\"potentialAction\":[{\"@type\":\"CommentAction\",\"name\":\"Comment\",\"target\":[\"http:\\\/\\\/autosdelpodio.com\\\/autos\\\/fangio-for-ever\\\/#respond\"]}]},{\"@type\":\"WebPage\",\"@id\":\"http:\\\/\\\/autosdelpodio.com\\\/autos\\\/fangio-for-ever\\\/\",\"url\":\"http:\\\/\\\/autosdelpodio.com\\\/autos\\\/fangio-for-ever\\\/\",\"name\":\"Autos del Podio | Fangio for ever\",\"isPartOf\":{\"@id\":\"http:\\\/\\\/autosdelpodio.com\\\/autos\\\/#website\"},\"primaryImageOfPage\":{\"@id\":\"http:\\\/\\\/autosdelpodio.com\\\/autos\\\/fangio-for-ever\\\/#primaryimage\"},\"image\":{\"@id\":\"http:\\\/\\\/autosdelpodio.com\\\/autos\\\/fangio-for-ever\\\/#primaryimage\"},\"thumbnailUrl\":\"http:\\\/\\\/autosdelpodio.com\\\/autos\\\/wp-content\\\/uploads\\\/2020\\\/04\\\/Fachada_Museo_Fangio.jpg\",\"datePublished\":\"2020-04-23T17:22:47+00:00\",\"dateModified\":\"2020-04-23T17:22:49+00:00\",\"description\":\"Autos del Podio\",\"breadcrumb\":{\"@id\":\"http:\\\/\\\/autosdelpodio.com\\\/autos\\\/fangio-for-ever\\\/#breadcrumb\"},\"inLanguage\":\"es\",\"potentialAction\":[{\"@type\":\"ReadAction\",\"target\":[\"http:\\\/\\\/autosdelpodio.com\\\/autos\\\/fangio-for-ever\\\/\"]}]},{\"@type\":\"ImageObject\",\"inLanguage\":\"es\",\"@id\":\"http:\\\/\\\/autosdelpodio.com\\\/autos\\\/fangio-for-ever\\\/#primaryimage\",\"url\":\"http:\\\/\\\/autosdelpodio.com\\\/autos\\\/wp-content\\\/uploads\\\/2020\\\/04\\\/Fachada_Museo_Fangio.jpg\",\"contentUrl\":\"http:\\\/\\\/autosdelpodio.com\\\/autos\\\/wp-content\\\/uploads\\\/2020\\\/04\\\/Fachada_Museo_Fangio.jpg\",\"width\":719,\"height\":855},{\"@type\":\"BreadcrumbList\",\"@id\":\"http:\\\/\\\/autosdelpodio.com\\\/autos\\\/fangio-for-ever\\\/#breadcrumb\",\"itemListElement\":[{\"@type\":\"ListItem\",\"position\":1,\"name\":\"Portada\",\"item\":\"http:\\\/\\\/autosdelpodio.com\\\/autos\\\/\"},{\"@type\":\"ListItem\",\"position\":2,\"name\":\"Fangio for ever\"}]},{\"@type\":\"WebSite\",\"@id\":\"http:\\\/\\\/autosdelpodio.com\\\/autos\\\/#website\",\"url\":\"http:\\\/\\\/autosdelpodio.com\\\/autos\\\/\",\"name\":\"Autos del Podio\",\"description\":\"La sexta del deporte motor\",\"publisher\":{\"@id\":\"http:\\\/\\\/autosdelpodio.com\\\/autos\\\/#organization\"},\"potentialAction\":[{\"@type\":\"SearchAction\",\"target\":{\"@type\":\"EntryPoint\",\"urlTemplate\":\"http:\\\/\\\/autosdelpodio.com\\\/autos\\\/?s={search_term_string}\"},\"query-input\":{\"@type\":\"PropertyValueSpecification\",\"valueRequired\":true,\"valueName\":\"search_term_string\"}}],\"inLanguage\":\"es\"},{\"@type\":\"Organization\",\"@id\":\"http:\\\/\\\/autosdelpodio.com\\\/autos\\\/#organization\",\"name\":\"Autos del Podio\",\"url\":\"http:\\\/\\\/autosdelpodio.com\\\/autos\\\/\",\"logo\":{\"@type\":\"ImageObject\",\"inLanguage\":\"es\",\"@id\":\"http:\\\/\\\/autosdelpodio.com\\\/autos\\\/#\\\/schema\\\/logo\\\/image\\\/\",\"url\":\"http:\\\/\\\/autosdelpodio.com\\\/autos\\\/wp-content\\\/uploads\\\/2020\\\/08\\\/Logo_AR.jpg\",\"contentUrl\":\"http:\\\/\\\/autosdelpodio.com\\\/autos\\\/wp-content\\\/uploads\\\/2020\\\/08\\\/Logo_AR.jpg\",\"width\":1038,\"height\":1044,\"caption\":\"Autos del Podio\"},\"image\":{\"@id\":\"http:\\\/\\\/autosdelpodio.com\\\/autos\\\/#\\\/schema\\\/logo\\\/image\\\/\"},\"sameAs\":[\"https:\\\/\\\/www.facebook.com\\\/profile.php?id=100057192590976&amp;amp;amp;amp;amp;amp;amp;amp;amp;amp;amp;amp;amp;amp;amp;amp;amp;amp;ref=ts\",\"https:\\\/\\\/x.com\\\/autosdelpodio\",\"https:\\\/\\\/www.youtube.com\\\/user\\\/AutosdelPodio\"]},{\"@type\":\"Person\",\"@id\":\"http:\\\/\\\/autosdelpodio.com\\\/autos\\\/#\\\/schema\\\/person\\\/993527a4d01c3acdd3d6bce3770bc942\",\"name\":\"autosdelpodio\",\"image\":{\"@type\":\"ImageObject\",\"inLanguage\":\"es\",\"@id\":\"http:\\\/\\\/autosdelpodio.com\\\/autos\\\/wp-content\\\/litespeed\\\/avatar\\\/aa8f65cd201a80f6b844f63278aa84af.jpg?ver=1777403005\",\"url\":\"http:\\\/\\\/autosdelpodio.com\\\/autos\\\/wp-content\\\/litespeed\\\/avatar\\\/aa8f65cd201a80f6b844f63278aa84af.jpg?ver=1777403005\",\"contentUrl\":\"http:\\\/\\\/autosdelpodio.com\\\/autos\\\/wp-content\\\/litespeed\\\/avatar\\\/aa8f65cd201a80f6b844f63278aa84af.jpg?ver=1777403005\",\"caption\":\"autosdelpodio\"}}]}<\/script>\n<!-- \/ Yoast SEO plugin. -->","yoast_head_json":{"title":"Autos del Podio | Fangio for ever","description":"Autos del Podio","robots":{"index":"index","follow":"follow","max-snippet":"max-snippet:-1","max-image-preview":"max-image-preview:large","max-video-preview":"max-video-preview:-1"},"canonical":"http:\/\/autosdelpodio.com\/autos\/fangio-for-ever\/","og_locale":"es_ES","og_type":"article","og_title":"Autos del Podio | Fangio for ever","og_description":"Autos del Podio","og_url":"http:\/\/autosdelpodio.com\/autos\/fangio-for-ever\/","og_site_name":"Autos del Podio","article_publisher":"https:\/\/www.facebook.com\/profile.php?id=100057192590976&amp%3bamp%3bamp%3bamp%3bamp%3bamp%3bamp%3bamp%3bamp%3bamp%3bamp%3bamp%3bamp%3bamp%3bamp%3bamp%3bamp%3bamp%3bref=ts","article_published_time":"2020-04-23T17:22:47+00:00","article_modified_time":"2020-04-23T17:22:49+00:00","og_image":[{"width":719,"height":855,"url":"http:\/\/autosdelpodio.com\/autos\/wp-content\/uploads\/2020\/04\/Fachada_Museo_Fangio.jpg","type":"image\/jpeg"}],"author":"autosdelpodio","twitter_card":"summary_large_image","twitter_creator":"@autosdelpodio","twitter_site":"@autosdelpodio","twitter_misc":{"Escrito por":"autosdelpodio","Tiempo de lectura":"2 minutos"},"schema":{"@context":"https:\/\/schema.org","@graph":[{"@type":"Article","@id":"http:\/\/autosdelpodio.com\/autos\/fangio-for-ever\/#article","isPartOf":{"@id":"http:\/\/autosdelpodio.com\/autos\/fangio-for-ever\/"},"author":{"name":"autosdelpodio","@id":"http:\/\/autosdelpodio.com\/autos\/#\/schema\/person\/993527a4d01c3acdd3d6bce3770bc942"},"headline":"Fangio for ever","datePublished":"2020-04-23T17:22:47+00:00","dateModified":"2020-04-23T17:22:49+00:00","mainEntityOfPage":{"@id":"http:\/\/autosdelpodio.com\/autos\/fangio-for-ever\/"},"wordCount":369,"commentCount":4,"publisher":{"@id":"http:\/\/autosdelpodio.com\/autos\/#organization"},"image":{"@id":"http:\/\/autosdelpodio.com\/autos\/fangio-for-ever\/#primaryimage"},"thumbnailUrl":"http:\/\/autosdelpodio.com\/autos\/wp-content\/uploads\/2020\/04\/Fachada_Museo_Fangio.jpg","keywords":["Automovilismo","Campeones","Formula 1","Juan Manuel Fangio","Museos","TC"],"articleSection":["Destacado"],"inLanguage":"es","potentialAction":[{"@type":"CommentAction","name":"Comment","target":["http:\/\/autosdelpodio.com\/autos\/fangio-for-ever\/#respond"]}]},{"@type":"WebPage","@id":"http:\/\/autosdelpodio.com\/autos\/fangio-for-ever\/","url":"http:\/\/autosdelpodio.com\/autos\/fangio-for-ever\/","name":"Autos del Podio | Fangio for ever","isPartOf":{"@id":"http:\/\/autosdelpodio.com\/autos\/#website"},"primaryImageOfPage":{"@id":"http:\/\/autosdelpodio.com\/autos\/fangio-for-ever\/#primaryimage"},"image":{"@id":"http:\/\/autosdelpodio.com\/autos\/fangio-for-ever\/#primaryimage"},"thumbnailUrl":"http:\/\/autosdelpodio.com\/autos\/wp-content\/uploads\/2020\/04\/Fachada_Museo_Fangio.jpg","datePublished":"2020-04-23T17:22:47+00:00","dateModified":"2020-04-23T17:22:49+00:00","description":"Autos del Podio","breadcrumb":{"@id":"http:\/\/autosdelpodio.com\/autos\/fangio-for-ever\/#breadcrumb"},"inLanguage":"es","potentialAction":[{"@type":"ReadAction","target":["http:\/\/autosdelpodio.com\/autos\/fangio-for-ever\/"]}]},{"@type":"ImageObject","inLanguage":"es","@id":"http:\/\/autosdelpodio.com\/autos\/fangio-for-ever\/#primaryimage","url":"http:\/\/autosdelpodio.com\/autos\/wp-content\/uploads\/2020\/04\/Fachada_Museo_Fangio.jpg","contentUrl":"http:\/\/autosdelpodio.com\/autos\/wp-content\/uploads\/2020\/04\/Fachada_Museo_Fangio.jpg","width":719,"height":855},{"@type":"BreadcrumbList","@id":"http:\/\/autosdelpodio.com\/autos\/fangio-for-ever\/#breadcrumb","itemListElement":[{"@type":"ListItem","position":1,"name":"Portada","item":"http:\/\/autosdelpodio.com\/autos\/"},{"@type":"ListItem","position":2,"name":"Fangio for ever"}]},{"@type":"WebSite","@id":"http:\/\/autosdelpodio.com\/autos\/#website","url":"http:\/\/autosdelpodio.com\/autos\/","name":"Autos del Podio","description":"La sexta del deporte motor","publisher":{"@id":"http:\/\/autosdelpodio.com\/autos\/#organization"},"potentialAction":[{"@type":"SearchAction","target":{"@type":"EntryPoint","urlTemplate":"http:\/\/autosdelpodio.com\/autos\/?s={search_term_string}"},"query-input":{"@type":"PropertyValueSpecification","valueRequired":true,"valueName":"search_term_string"}}],"inLanguage":"es"},{"@type":"Organization","@id":"http:\/\/autosdelpodio.com\/autos\/#organization","name":"Autos del Podio","url":"http:\/\/autosdelpodio.com\/autos\/","logo":{"@type":"ImageObject","inLanguage":"es","@id":"http:\/\/autosdelpodio.com\/autos\/#\/schema\/logo\/image\/","url":"http:\/\/autosdelpodio.com\/autos\/wp-content\/uploads\/2020\/08\/Logo_AR.jpg","contentUrl":"http:\/\/autosdelpodio.com\/autos\/wp-content\/uploads\/2020\/08\/Logo_AR.jpg","width":1038,"height":1044,"caption":"Autos del Podio"},"image":{"@id":"http:\/\/autosdelpodio.com\/autos\/#\/schema\/logo\/image\/"},"sameAs":["https:\/\/www.facebook.com\/profile.php?id=100057192590976&amp;amp;amp;amp;amp;amp;amp;amp;amp;amp;amp;amp;amp;amp;amp;amp;amp;amp;ref=ts","https:\/\/x.com\/autosdelpodio","https:\/\/www.youtube.com\/user\/AutosdelPodio"]},{"@type":"Person","@id":"http:\/\/autosdelpodio.com\/autos\/#\/schema\/person\/993527a4d01c3acdd3d6bce3770bc942","name":"autosdelpodio","image":{"@type":"ImageObject","inLanguage":"es","@id":"http:\/\/autosdelpodio.com\/autos\/wp-content\/litespeed\/avatar\/aa8f65cd201a80f6b844f63278aa84af.jpg?ver=1777403005","url":"http:\/\/autosdelpodio.com\/autos\/wp-content\/litespeed\/avatar\/aa8f65cd201a80f6b844f63278aa84af.jpg?ver=1777403005","contentUrl":"http:\/\/autosdelpodio.com\/autos\/wp-content\/litespeed\/avatar\/aa8f65cd201a80f6b844f63278aa84af.jpg?ver=1777403005","caption":"autosdelpodio"}}]}},"views":617,"_links":{"self":[{"href":"http:\/\/autosdelpodio.com\/autos\/wp-json\/wp\/v2\/posts\/1820","targetHints":{"allow":["GET"]}}],"collection":[{"href":"http:\/\/autosdelpodio.com\/autos\/wp-json\/wp\/v2\/posts"}],"about":[{"href":"http:\/\/autosdelpodio.com\/autos\/wp-json\/wp\/v2\/types\/post"}],"author":[{"embeddable":true,"href":"http:\/\/autosdelpodio.com\/autos\/wp-json\/wp\/v2\/users\/3"}],"replies":[{"embeddable":true,"href":"http:\/\/autosdelpodio.com\/autos\/wp-json\/wp\/v2\/comments?post=1820"}],"version-history":[{"count":6,"href":"http:\/\/autosdelpodio.com\/autos\/wp-json\/wp\/v2\/posts\/1820\/revisions"}],"predecessor-version":[{"id":1832,"href":"http:\/\/autosdelpodio.com\/autos\/wp-json\/wp\/v2\/posts\/1820\/revisions\/1832"}],"wp:featuredmedia":[{"embeddable":true,"href":"http:\/\/autosdelpodio.com\/autos\/wp-json\/wp\/v2\/media\/1822"}],"wp:attachment":[{"href":"http:\/\/autosdelpodio.com\/autos\/wp-json\/wp\/v2\/media?parent=1820"}],"wp:term":[{"taxonomy":"category","embeddable":true,"href":"http:\/\/autosdelpodio.com\/autos\/wp-json\/wp\/v2\/categories?post=1820"},{"taxonomy":"post_tag","embeddable":true,"href":"http:\/\/autosdelpodio.com\/autos\/wp-json\/wp\/v2\/tags?post=1820"}],"curies":[{"name":"wp","href":"https:\/\/api.w.org\/{rel}","templated":true}]}}