{"id":1955,"date":"2020-05-07T00:04:01","date_gmt":"2020-05-07T00:04:01","guid":{"rendered":"http:\/\/autosdelpodio.com\/autos\/?p=1955"},"modified":"2020-05-07T01:02:14","modified_gmt":"2020-05-07T01:02:14","slug":"9-de-julio-continua-trabajando-para-volver-a-tener-ruido-de-motores","status":"publish","type":"post","link":"http:\/\/autosdelpodio.com\/autos\/9-de-julio-continua-trabajando-para-volver-a-tener-ruido-de-motores\/","title":{"rendered":"9 de Julio contin\u00faa trabajando para volver a tener ruido de motores"},"content":{"rendered":"\n<p>Tras la visita en Diciembre de 2019 del Top Race V6, el trazado de la ciudad bonaerense que el pr\u00f3ximo 26 de Junio cumplir\u00e1 50 a\u00f1os, contin\u00faa con su plan de refacciones e intenta a corto plazo recuperar actividad.<br>Ante el buen dato que ten\u00edamos desde Autos del Podio que el Autodromo continuaba en obra, nuestro colega Guillermo Rocca una vez m\u00e1s gentilmente nos ampli\u00f3 la informaci\u00f3n al respecto. <strong><em>\u00abPor suerte, con ayuda del municipio, antes de la cuarentena se habian podido adelantar los trabajos colocado de la emulsi\u00f3n en la pista.Se ten\u00eda que hacer la recta que une el primer curvon con la olla y la olla, que era la segunda etapa que hab\u00eda pedido la CDA del ACA.Pero se aprovech\u00f3 que estaban las m\u00e1quinas y con un aporte econ\u00f3mico del municipio, se hizo hasta despu\u00e9s de la primera curva plana. Esto significa casi la mitad del circuito grande<\/em><\/strong><em>\u00ab<\/em><br> En la zona de Boxes se tir\u00f3 el pared\u00f3n en el ingreso, que proteg\u00eda el silo, y se hizo uno m\u00e1s atr\u00e1s para que el ingreso al mismo sea m\u00e1s r\u00e1pido, adem\u00e1s, la presencia del silo hacia dif\u00edcil acceder al primer Box.<br>Se construy\u00f3 o ampli\u00f3 el sector de prensa que estaba ubicado en la base de la torre de control, utilizando parte de lo que era la casa del cuidador, permitiendo que quede una Sala de Prensa mas c\u00f3moda.<br>El resto de la  casa, en una tercera etapa, va a ser adaptada para que cumpla la funci\u00f3n de Sala de Emergencia para atenci\u00f3n en caso de accidente.<br>Todo lo mencionado, menos la Sala de Emergencia, fue realizado antes del 20 de Marzo. <br> Hace un mes, aproximadamente, el Municipio extendi\u00f3 el permiso para cortar pasto en la ciudad, y eso posibilit\u00f3 que se pueda mantener el predio en condiciones, m\u00e1s all\u00e1 que reci\u00e9n hoy a la ma\u00f1ana, el intendente Mariano Barroso, autoriz\u00f3 la \u00abVuelta al trabajo\u00bb de muchas actividades, que van a permitir continuar con las obras desde ma\u00f1ana.<br><em><strong>\u00abM\u00e1s o menos por ah\u00ed viene la mano. Si vuelve el automovilismo, 9 de Julio estar\u00eda en condiciones de ser utilizado y en lugar que puede ser conveniente para las categor\u00edas que no quieran hacer muchos kil\u00f3metros.Estamos medianamente cerca de varias provincias\u00bb<\/strong><\/em><\/p>\n","protected":false},"excerpt":{"rendered":"<p>Tras la visita en Diciembre de 2019 del Top Race V6, el trazado de la ciudad bonaerense que el pr\u00f3ximo<\/p>\n","protected":false},"author":3,"featured_media":1958,"comment_status":"open","ping_status":"open","sticky":false,"template":"","format":"standard","meta":{"colormag_page_container_layout":"default_layout","colormag_page_sidebar_layout":"default_layout","footnotes":""},"categories":[6,5],"tags":[185,76,186,152],"class_list":["post-1955","post","type-post","status-publish","format-standard","has-post-thumbnail","hentry","category-newsflash","category-latest-news","tag-autodromo-9-de-julio","tag-automovilismo","tag-buenos-aires","tag-calendarios"],"yoast_head":"<!-- This site is optimized with the Yoast SEO plugin v27.4 - https:\/\/yoast.com\/product\/yoast-seo-wordpress\/ -->\n<title>Autos del Podio | 9 de Julio contin\u00faa trabajando para volver a tener ruido de motores<\/title>\n<meta name=\"description\" content=\"Autos del Podio\" \/>\n<meta name=\"robots\" content=\"index, follow, max-snippet:-1, max-image-preview:large, max-video-preview:-1\" \/>\n<link rel=\"canonical\" href=\"http:\/\/autosdelpodio.com\/autos\/9-de-julio-continua-trabajando-para-volver-a-tener-ruido-de-motores\/\" \/>\n<meta property=\"og:locale\" content=\"es_ES\" \/>\n<meta property=\"og:type\" content=\"article\" \/>\n<meta property=\"og:title\" content=\"Autos del Podio | 9 de Julio contin\u00faa trabajando para volver a tener ruido de motores\" \/>\n<meta property=\"og:description\" content=\"Autos del Podio\" \/>\n<meta property=\"og:url\" content=\"http:\/\/autosdelpodio.com\/autos\/9-de-julio-continua-trabajando-para-volver-a-tener-ruido-de-motores\/\" \/>\n<meta property=\"og:site_name\" content=\"Autos del Podio\" \/>\n<meta property=\"article:publisher\" content=\"https:\/\/www.facebook.com\/profile.php?id=100057192590976&amp;amp%3bamp%3bamp%3bamp%3bamp%3bamp%3bamp%3bamp%3bamp%3bamp%3bamp%3bamp%3bamp%3bamp%3bamp%3bamp%3bamp%3bamp%3bref=ts\" \/>\n<meta property=\"article:published_time\" content=\"2020-05-07T00:04:01+00:00\" \/>\n<meta property=\"article:modified_time\" content=\"2020-05-07T01:02:14+00:00\" \/>\n<meta property=\"og:image\" content=\"http:\/\/autosdelpodio.com\/autos\/wp-content\/uploads\/2020\/05\/Recta_ppal_9_de_Julio.jpg\" \/>\n\t<meta property=\"og:image:width\" content=\"1280\" \/>\n\t<meta property=\"og:image:height\" content=\"591\" \/>\n\t<meta property=\"og:image:type\" content=\"image\/jpeg\" \/>\n<meta name=\"author\" content=\"autosdelpodio\" \/>\n<meta name=\"twitter:card\" content=\"summary_large_image\" \/>\n<meta name=\"twitter:creator\" content=\"@autosdelpodio\" \/>\n<meta name=\"twitter:site\" content=\"@autosdelpodio\" \/>\n<meta name=\"twitter:label1\" content=\"Escrito por\" \/>\n\t<meta name=\"twitter:data1\" content=\"autosdelpodio\" \/>\n\t<meta name=\"twitter:label2\" content=\"Tiempo de lectura\" \/>\n\t<meta name=\"twitter:data2\" content=\"2 minutos\" \/>\n<script type=\"application\/ld+json\" class=\"yoast-schema-graph\">{\"@context\":\"https:\\\/\\\/schema.org\",\"@graph\":[{\"@type\":\"Article\",\"@id\":\"http:\\\/\\\/autosdelpodio.com\\\/autos\\\/9-de-julio-continua-trabajando-para-volver-a-tener-ruido-de-motores\\\/#article\",\"isPartOf\":{\"@id\":\"http:\\\/\\\/autosdelpodio.com\\\/autos\\\/9-de-julio-continua-trabajando-para-volver-a-tener-ruido-de-motores\\\/\"},\"author\":{\"name\":\"autosdelpodio\",\"@id\":\"http:\\\/\\\/autosdelpodio.com\\\/autos\\\/#\\\/schema\\\/person\\\/993527a4d01c3acdd3d6bce3770bc942\"},\"headline\":\"9 de Julio contin\u00faa trabajando para volver a tener ruido de motores\",\"datePublished\":\"2020-05-07T00:04:01+00:00\",\"dateModified\":\"2020-05-07T01:02:14+00:00\",\"mainEntityOfPage\":{\"@id\":\"http:\\\/\\\/autosdelpodio.com\\\/autos\\\/9-de-julio-continua-trabajando-para-volver-a-tener-ruido-de-motores\\\/\"},\"wordCount\":412,\"commentCount\":1,\"publisher\":{\"@id\":\"http:\\\/\\\/autosdelpodio.com\\\/autos\\\/#organization\"},\"image\":{\"@id\":\"http:\\\/\\\/autosdelpodio.com\\\/autos\\\/9-de-julio-continua-trabajando-para-volver-a-tener-ruido-de-motores\\\/#primaryimage\"},\"thumbnailUrl\":\"http:\\\/\\\/autosdelpodio.com\\\/autos\\\/wp-content\\\/uploads\\\/2020\\\/05\\\/Recta_ppal_9_de_Julio.jpg\",\"keywords\":[\"Autodromo 9 de Julio\",\"Automovilismo\",\"Buenos Aires\",\"Calendarios\"],\"articleSection\":[\"Destacado\",\"\u00daltimas noticias\"],\"inLanguage\":\"es\",\"potentialAction\":[{\"@type\":\"CommentAction\",\"name\":\"Comment\",\"target\":[\"http:\\\/\\\/autosdelpodio.com\\\/autos\\\/9-de-julio-continua-trabajando-para-volver-a-tener-ruido-de-motores\\\/#respond\"]}]},{\"@type\":\"WebPage\",\"@id\":\"http:\\\/\\\/autosdelpodio.com\\\/autos\\\/9-de-julio-continua-trabajando-para-volver-a-tener-ruido-de-motores\\\/\",\"url\":\"http:\\\/\\\/autosdelpodio.com\\\/autos\\\/9-de-julio-continua-trabajando-para-volver-a-tener-ruido-de-motores\\\/\",\"name\":\"Autos del Podio | 9 de Julio contin\u00faa trabajando para volver a tener ruido de motores\",\"isPartOf\":{\"@id\":\"http:\\\/\\\/autosdelpodio.com\\\/autos\\\/#website\"},\"primaryImageOfPage\":{\"@id\":\"http:\\\/\\\/autosdelpodio.com\\\/autos\\\/9-de-julio-continua-trabajando-para-volver-a-tener-ruido-de-motores\\\/#primaryimage\"},\"image\":{\"@id\":\"http:\\\/\\\/autosdelpodio.com\\\/autos\\\/9-de-julio-continua-trabajando-para-volver-a-tener-ruido-de-motores\\\/#primaryimage\"},\"thumbnailUrl\":\"http:\\\/\\\/autosdelpodio.com\\\/autos\\\/wp-content\\\/uploads\\\/2020\\\/05\\\/Recta_ppal_9_de_Julio.jpg\",\"datePublished\":\"2020-05-07T00:04:01+00:00\",\"dateModified\":\"2020-05-07T01:02:14+00:00\",\"description\":\"Autos del Podio\",\"breadcrumb\":{\"@id\":\"http:\\\/\\\/autosdelpodio.com\\\/autos\\\/9-de-julio-continua-trabajando-para-volver-a-tener-ruido-de-motores\\\/#breadcrumb\"},\"inLanguage\":\"es\",\"potentialAction\":[{\"@type\":\"ReadAction\",\"target\":[\"http:\\\/\\\/autosdelpodio.com\\\/autos\\\/9-de-julio-continua-trabajando-para-volver-a-tener-ruido-de-motores\\\/\"]}]},{\"@type\":\"ImageObject\",\"inLanguage\":\"es\",\"@id\":\"http:\\\/\\\/autosdelpodio.com\\\/autos\\\/9-de-julio-continua-trabajando-para-volver-a-tener-ruido-de-motores\\\/#primaryimage\",\"url\":\"http:\\\/\\\/autosdelpodio.com\\\/autos\\\/wp-content\\\/uploads\\\/2020\\\/05\\\/Recta_ppal_9_de_Julio.jpg\",\"contentUrl\":\"http:\\\/\\\/autosdelpodio.com\\\/autos\\\/wp-content\\\/uploads\\\/2020\\\/05\\\/Recta_ppal_9_de_Julio.jpg\",\"width\":1280,\"height\":591},{\"@type\":\"BreadcrumbList\",\"@id\":\"http:\\\/\\\/autosdelpodio.com\\\/autos\\\/9-de-julio-continua-trabajando-para-volver-a-tener-ruido-de-motores\\\/#breadcrumb\",\"itemListElement\":[{\"@type\":\"ListItem\",\"position\":1,\"name\":\"Portada\",\"item\":\"http:\\\/\\\/autosdelpodio.com\\\/autos\\\/\"},{\"@type\":\"ListItem\",\"position\":2,\"name\":\"9 de Julio contin\u00faa trabajando para volver a tener ruido de motores\"}]},{\"@type\":\"WebSite\",\"@id\":\"http:\\\/\\\/autosdelpodio.com\\\/autos\\\/#website\",\"url\":\"http:\\\/\\\/autosdelpodio.com\\\/autos\\\/\",\"name\":\"Autos del Podio\",\"description\":\"La sexta del deporte motor\",\"publisher\":{\"@id\":\"http:\\\/\\\/autosdelpodio.com\\\/autos\\\/#organization\"},\"potentialAction\":[{\"@type\":\"SearchAction\",\"target\":{\"@type\":\"EntryPoint\",\"urlTemplate\":\"http:\\\/\\\/autosdelpodio.com\\\/autos\\\/?s={search_term_string}\"},\"query-input\":{\"@type\":\"PropertyValueSpecification\",\"valueRequired\":true,\"valueName\":\"search_term_string\"}}],\"inLanguage\":\"es\"},{\"@type\":\"Organization\",\"@id\":\"http:\\\/\\\/autosdelpodio.com\\\/autos\\\/#organization\",\"name\":\"Autos del Podio\",\"url\":\"http:\\\/\\\/autosdelpodio.com\\\/autos\\\/\",\"logo\":{\"@type\":\"ImageObject\",\"inLanguage\":\"es\",\"@id\":\"http:\\\/\\\/autosdelpodio.com\\\/autos\\\/#\\\/schema\\\/logo\\\/image\\\/\",\"url\":\"http:\\\/\\\/autosdelpodio.com\\\/autos\\\/wp-content\\\/uploads\\\/2020\\\/08\\\/Logo_AR.jpg\",\"contentUrl\":\"http:\\\/\\\/autosdelpodio.com\\\/autos\\\/wp-content\\\/uploads\\\/2020\\\/08\\\/Logo_AR.jpg\",\"width\":1038,\"height\":1044,\"caption\":\"Autos del Podio\"},\"image\":{\"@id\":\"http:\\\/\\\/autosdelpodio.com\\\/autos\\\/#\\\/schema\\\/logo\\\/image\\\/\"},\"sameAs\":[\"https:\\\/\\\/www.facebook.com\\\/profile.php?id=100057192590976&amp;amp;amp;amp;amp;amp;amp;amp;amp;amp;amp;amp;amp;amp;amp;amp;amp;amp;ref=ts\",\"https:\\\/\\\/x.com\\\/autosdelpodio\",\"https:\\\/\\\/www.youtube.com\\\/user\\\/AutosdelPodio\"]},{\"@type\":\"Person\",\"@id\":\"http:\\\/\\\/autosdelpodio.com\\\/autos\\\/#\\\/schema\\\/person\\\/993527a4d01c3acdd3d6bce3770bc942\",\"name\":\"autosdelpodio\",\"image\":{\"@type\":\"ImageObject\",\"inLanguage\":\"es\",\"@id\":\"http:\\\/\\\/autosdelpodio.com\\\/autos\\\/wp-content\\\/litespeed\\\/avatar\\\/aa8f65cd201a80f6b844f63278aa84af.jpg?ver=1776798175\",\"url\":\"http:\\\/\\\/autosdelpodio.com\\\/autos\\\/wp-content\\\/litespeed\\\/avatar\\\/aa8f65cd201a80f6b844f63278aa84af.jpg?ver=1776798175\",\"contentUrl\":\"http:\\\/\\\/autosdelpodio.com\\\/autos\\\/wp-content\\\/litespeed\\\/avatar\\\/aa8f65cd201a80f6b844f63278aa84af.jpg?ver=1776798175\",\"caption\":\"autosdelpodio\"}}]}<\/script>\n<!-- \/ Yoast SEO plugin. -->","yoast_head_json":{"title":"Autos del Podio | 9 de Julio contin\u00faa trabajando para volver a tener ruido de motores","description":"Autos del Podio","robots":{"index":"index","follow":"follow","max-snippet":"max-snippet:-1","max-image-preview":"max-image-preview:large","max-video-preview":"max-video-preview:-1"},"canonical":"http:\/\/autosdelpodio.com\/autos\/9-de-julio-continua-trabajando-para-volver-a-tener-ruido-de-motores\/","og_locale":"es_ES","og_type":"article","og_title":"Autos del Podio | 9 de Julio contin\u00faa trabajando para volver a tener ruido de motores","og_description":"Autos del Podio","og_url":"http:\/\/autosdelpodio.com\/autos\/9-de-julio-continua-trabajando-para-volver-a-tener-ruido-de-motores\/","og_site_name":"Autos del Podio","article_publisher":"https:\/\/www.facebook.com\/profile.php?id=100057192590976&amp%3bamp%3bamp%3bamp%3bamp%3bamp%3bamp%3bamp%3bamp%3bamp%3bamp%3bamp%3bamp%3bamp%3bamp%3bamp%3bamp%3bamp%3bref=ts","article_published_time":"2020-05-07T00:04:01+00:00","article_modified_time":"2020-05-07T01:02:14+00:00","og_image":[{"width":1280,"height":591,"url":"http:\/\/autosdelpodio.com\/autos\/wp-content\/uploads\/2020\/05\/Recta_ppal_9_de_Julio.jpg","type":"image\/jpeg"}],"author":"autosdelpodio","twitter_card":"summary_large_image","twitter_creator":"@autosdelpodio","twitter_site":"@autosdelpodio","twitter_misc":{"Escrito por":"autosdelpodio","Tiempo de lectura":"2 minutos"},"schema":{"@context":"https:\/\/schema.org","@graph":[{"@type":"Article","@id":"http:\/\/autosdelpodio.com\/autos\/9-de-julio-continua-trabajando-para-volver-a-tener-ruido-de-motores\/#article","isPartOf":{"@id":"http:\/\/autosdelpodio.com\/autos\/9-de-julio-continua-trabajando-para-volver-a-tener-ruido-de-motores\/"},"author":{"name":"autosdelpodio","@id":"http:\/\/autosdelpodio.com\/autos\/#\/schema\/person\/993527a4d01c3acdd3d6bce3770bc942"},"headline":"9 de Julio contin\u00faa trabajando para volver a tener ruido de motores","datePublished":"2020-05-07T00:04:01+00:00","dateModified":"2020-05-07T01:02:14+00:00","mainEntityOfPage":{"@id":"http:\/\/autosdelpodio.com\/autos\/9-de-julio-continua-trabajando-para-volver-a-tener-ruido-de-motores\/"},"wordCount":412,"commentCount":1,"publisher":{"@id":"http:\/\/autosdelpodio.com\/autos\/#organization"},"image":{"@id":"http:\/\/autosdelpodio.com\/autos\/9-de-julio-continua-trabajando-para-volver-a-tener-ruido-de-motores\/#primaryimage"},"thumbnailUrl":"http:\/\/autosdelpodio.com\/autos\/wp-content\/uploads\/2020\/05\/Recta_ppal_9_de_Julio.jpg","keywords":["Autodromo 9 de Julio","Automovilismo","Buenos Aires","Calendarios"],"articleSection":["Destacado","\u00daltimas noticias"],"inLanguage":"es","potentialAction":[{"@type":"CommentAction","name":"Comment","target":["http:\/\/autosdelpodio.com\/autos\/9-de-julio-continua-trabajando-para-volver-a-tener-ruido-de-motores\/#respond"]}]},{"@type":"WebPage","@id":"http:\/\/autosdelpodio.com\/autos\/9-de-julio-continua-trabajando-para-volver-a-tener-ruido-de-motores\/","url":"http:\/\/autosdelpodio.com\/autos\/9-de-julio-continua-trabajando-para-volver-a-tener-ruido-de-motores\/","name":"Autos del Podio | 9 de Julio contin\u00faa trabajando para volver a tener ruido de motores","isPartOf":{"@id":"http:\/\/autosdelpodio.com\/autos\/#website"},"primaryImageOfPage":{"@id":"http:\/\/autosdelpodio.com\/autos\/9-de-julio-continua-trabajando-para-volver-a-tener-ruido-de-motores\/#primaryimage"},"image":{"@id":"http:\/\/autosdelpodio.com\/autos\/9-de-julio-continua-trabajando-para-volver-a-tener-ruido-de-motores\/#primaryimage"},"thumbnailUrl":"http:\/\/autosdelpodio.com\/autos\/wp-content\/uploads\/2020\/05\/Recta_ppal_9_de_Julio.jpg","datePublished":"2020-05-07T00:04:01+00:00","dateModified":"2020-05-07T01:02:14+00:00","description":"Autos del Podio","breadcrumb":{"@id":"http:\/\/autosdelpodio.com\/autos\/9-de-julio-continua-trabajando-para-volver-a-tener-ruido-de-motores\/#breadcrumb"},"inLanguage":"es","potentialAction":[{"@type":"ReadAction","target":["http:\/\/autosdelpodio.com\/autos\/9-de-julio-continua-trabajando-para-volver-a-tener-ruido-de-motores\/"]}]},{"@type":"ImageObject","inLanguage":"es","@id":"http:\/\/autosdelpodio.com\/autos\/9-de-julio-continua-trabajando-para-volver-a-tener-ruido-de-motores\/#primaryimage","url":"http:\/\/autosdelpodio.com\/autos\/wp-content\/uploads\/2020\/05\/Recta_ppal_9_de_Julio.jpg","contentUrl":"http:\/\/autosdelpodio.com\/autos\/wp-content\/uploads\/2020\/05\/Recta_ppal_9_de_Julio.jpg","width":1280,"height":591},{"@type":"BreadcrumbList","@id":"http:\/\/autosdelpodio.com\/autos\/9-de-julio-continua-trabajando-para-volver-a-tener-ruido-de-motores\/#breadcrumb","itemListElement":[{"@type":"ListItem","position":1,"name":"Portada","item":"http:\/\/autosdelpodio.com\/autos\/"},{"@type":"ListItem","position":2,"name":"9 de Julio contin\u00faa trabajando para volver a tener ruido de motores"}]},{"@type":"WebSite","@id":"http:\/\/autosdelpodio.com\/autos\/#website","url":"http:\/\/autosdelpodio.com\/autos\/","name":"Autos del Podio","description":"La sexta del deporte motor","publisher":{"@id":"http:\/\/autosdelpodio.com\/autos\/#organization"},"potentialAction":[{"@type":"SearchAction","target":{"@type":"EntryPoint","urlTemplate":"http:\/\/autosdelpodio.com\/autos\/?s={search_term_string}"},"query-input":{"@type":"PropertyValueSpecification","valueRequired":true,"valueName":"search_term_string"}}],"inLanguage":"es"},{"@type":"Organization","@id":"http:\/\/autosdelpodio.com\/autos\/#organization","name":"Autos del Podio","url":"http:\/\/autosdelpodio.com\/autos\/","logo":{"@type":"ImageObject","inLanguage":"es","@id":"http:\/\/autosdelpodio.com\/autos\/#\/schema\/logo\/image\/","url":"http:\/\/autosdelpodio.com\/autos\/wp-content\/uploads\/2020\/08\/Logo_AR.jpg","contentUrl":"http:\/\/autosdelpodio.com\/autos\/wp-content\/uploads\/2020\/08\/Logo_AR.jpg","width":1038,"height":1044,"caption":"Autos del Podio"},"image":{"@id":"http:\/\/autosdelpodio.com\/autos\/#\/schema\/logo\/image\/"},"sameAs":["https:\/\/www.facebook.com\/profile.php?id=100057192590976&amp;amp;amp;amp;amp;amp;amp;amp;amp;amp;amp;amp;amp;amp;amp;amp;amp;amp;ref=ts","https:\/\/x.com\/autosdelpodio","https:\/\/www.youtube.com\/user\/AutosdelPodio"]},{"@type":"Person","@id":"http:\/\/autosdelpodio.com\/autos\/#\/schema\/person\/993527a4d01c3acdd3d6bce3770bc942","name":"autosdelpodio","image":{"@type":"ImageObject","inLanguage":"es","@id":"http:\/\/autosdelpodio.com\/autos\/wp-content\/litespeed\/avatar\/aa8f65cd201a80f6b844f63278aa84af.jpg?ver=1776798175","url":"http:\/\/autosdelpodio.com\/autos\/wp-content\/litespeed\/avatar\/aa8f65cd201a80f6b844f63278aa84af.jpg?ver=1776798175","contentUrl":"http:\/\/autosdelpodio.com\/autos\/wp-content\/litespeed\/avatar\/aa8f65cd201a80f6b844f63278aa84af.jpg?ver=1776798175","caption":"autosdelpodio"}}]}},"views":612,"_links":{"self":[{"href":"http:\/\/autosdelpodio.com\/autos\/wp-json\/wp\/v2\/posts\/1955","targetHints":{"allow":["GET"]}}],"collection":[{"href":"http:\/\/autosdelpodio.com\/autos\/wp-json\/wp\/v2\/posts"}],"about":[{"href":"http:\/\/autosdelpodio.com\/autos\/wp-json\/wp\/v2\/types\/post"}],"author":[{"embeddable":true,"href":"http:\/\/autosdelpodio.com\/autos\/wp-json\/wp\/v2\/users\/3"}],"replies":[{"embeddable":true,"href":"http:\/\/autosdelpodio.com\/autos\/wp-json\/wp\/v2\/comments?post=1955"}],"version-history":[{"count":3,"href":"http:\/\/autosdelpodio.com\/autos\/wp-json\/wp\/v2\/posts\/1955\/revisions"}],"predecessor-version":[{"id":1959,"href":"http:\/\/autosdelpodio.com\/autos\/wp-json\/wp\/v2\/posts\/1955\/revisions\/1959"}],"wp:featuredmedia":[{"embeddable":true,"href":"http:\/\/autosdelpodio.com\/autos\/wp-json\/wp\/v2\/media\/1958"}],"wp:attachment":[{"href":"http:\/\/autosdelpodio.com\/autos\/wp-json\/wp\/v2\/media?parent=1955"}],"wp:term":[{"taxonomy":"category","embeddable":true,"href":"http:\/\/autosdelpodio.com\/autos\/wp-json\/wp\/v2\/categories?post=1955"},{"taxonomy":"post_tag","embeddable":true,"href":"http:\/\/autosdelpodio.com\/autos\/wp-json\/wp\/v2\/tags?post=1955"}],"curies":[{"name":"wp","href":"https:\/\/api.w.org\/{rel}","templated":true}]}}