{"id":1976,"date":"2020-05-09T19:28:32","date_gmt":"2020-05-09T19:28:32","guid":{"rendered":"http:\/\/autosdelpodio.com\/autos\/?p=1976"},"modified":"2020-05-09T19:37:13","modified_gmt":"2020-05-09T19:37:13","slug":"a-pepe-froilan-gonzalez-el-tiempo-le-dio-la-razon","status":"publish","type":"post","link":"http:\/\/autosdelpodio.com\/autos\/a-pepe-froilan-gonzalez-el-tiempo-le-dio-la-razon\/","title":{"rendered":"A Pepe Froilan Gonzalez el tiempo le di\u00f3 la razon"},"content":{"rendered":"\n<p>Cuando un 9 de Mayo de 1965 en la competencia de la \u00abVuelta de Pergamino\u201d de Turismo Carretera, Jorge Cupeiro con <a rel=\"noreferrer noopener\" aria-label=\"el Chevyt\u00fa (se abre en una nueva pesta\u00f1a)\" href=\"http:\/\/autosdelpodio.com\/autos\/2020\/04\/12\/el-chevitu-llego-de-la-mano-de-pepe\/\" target=\"_blank\">el Chevyt\u00fa<\/a> lograba una contundente victoria, aventajando por mas de 3 minutos a la \u00abGalera\u00bb de los hermanos Dante y Torcuato Emiliozzi, referentes en los veh\u00edculos de la vieja generaci\u00f3n de cupecitas.<br> El Gallego Cupeiro tambi\u00e9n se qued\u00f3 en aquella ocasi\u00f3n con el r\u00e9cord de vuelta en 32m 38s 2\/10<\/p>\n\n\n\n<p><br> <em>1\u00ba Jorge Cupeiro -Chevit\u00fa 2h47m55s4<br> 2\u00ba Dante Emiliozzi \u2013 La Galera\/Ford a 2m 4s 8\/10<br> 3\u00ba Hugo Gimeno \u2013 De Soto a 2m 21s 6\/10<br> 4\u00ba Ra\u00fal Gougy \u2013 Chevrolet a 5m 7s<br> 5\u00ba Carlos Lo\u00ebffel \u2013 Chevrolet a 6m 8s 6\/10<\/em><\/p>\n","protected":false},"excerpt":{"rendered":"<p>Cuando un 9 de Mayo de 1965 en la competencia de la \u00abVuelta de Pergamino\u201d de Turismo Carretera, Jorge Cupeiro<\/p>\n","protected":false},"author":3,"featured_media":0,"comment_status":"open","ping_status":"open","sticky":false,"template":"","format":"standard","meta":{"colormag_page_container_layout":"default_layout","colormag_page_sidebar_layout":"default_layout","footnotes":""},"categories":[14],"tags":[141,140,139,39],"class_list":["post-1976","post","type-post","status-publish","format-standard","hentry","category-efemerides","tag-chevitu","tag-jorge-cupeiro","tag-pepe-froilan-gonzalez","tag-turismo-carretera"],"yoast_head":"<!-- This site is optimized with the Yoast SEO plugin v27.5 - https:\/\/yoast.com\/product\/yoast-seo-wordpress\/ -->\n<title>Autos del Podio | A Pepe Froilan Gonzalez el tiempo le di\u00f3 la razon<\/title>\n<meta name=\"description\" content=\"Autos del Podio\" \/>\n<meta name=\"robots\" content=\"index, follow, max-snippet:-1, max-image-preview:large, max-video-preview:-1\" \/>\n<link rel=\"canonical\" href=\"http:\/\/autosdelpodio.com\/autos\/a-pepe-froilan-gonzalez-el-tiempo-le-dio-la-razon\/\" \/>\n<meta property=\"og:locale\" content=\"es_ES\" \/>\n<meta property=\"og:type\" content=\"article\" \/>\n<meta property=\"og:title\" content=\"Autos del Podio | A Pepe Froilan Gonzalez el tiempo le di\u00f3 la razon\" \/>\n<meta property=\"og:description\" content=\"Autos del Podio\" \/>\n<meta property=\"og:url\" content=\"http:\/\/autosdelpodio.com\/autos\/a-pepe-froilan-gonzalez-el-tiempo-le-dio-la-razon\/\" \/>\n<meta property=\"og:site_name\" content=\"Autos del Podio\" \/>\n<meta property=\"article:publisher\" content=\"https:\/\/www.facebook.com\/profile.php?id=100057192590976&amp;amp%3bamp%3bamp%3bamp%3bamp%3bamp%3bamp%3bamp%3bamp%3bamp%3bamp%3bamp%3bamp%3bamp%3bamp%3bamp%3bamp%3bamp%3bref=ts\" \/>\n<meta property=\"article:published_time\" content=\"2020-05-09T19:28:32+00:00\" \/>\n<meta property=\"article:modified_time\" content=\"2020-05-09T19:37:13+00:00\" \/>\n<meta name=\"author\" content=\"autosdelpodio\" \/>\n<meta name=\"twitter:card\" content=\"summary_large_image\" \/>\n<meta name=\"twitter:creator\" content=\"@autosdelpodio\" \/>\n<meta name=\"twitter:site\" content=\"@autosdelpodio\" \/>\n<meta name=\"twitter:label1\" content=\"Escrito por\" \/>\n\t<meta name=\"twitter:data1\" content=\"autosdelpodio\" \/>\n\t<meta name=\"twitter:label2\" content=\"Tiempo de lectura\" \/>\n\t<meta name=\"twitter:data2\" content=\"1 minuto\" \/>\n<script type=\"application\/ld+json\" class=\"yoast-schema-graph\">{\"@context\":\"https:\\\/\\\/schema.org\",\"@graph\":[{\"@type\":\"Article\",\"@id\":\"http:\\\/\\\/autosdelpodio.com\\\/autos\\\/a-pepe-froilan-gonzalez-el-tiempo-le-dio-la-razon\\\/#article\",\"isPartOf\":{\"@id\":\"http:\\\/\\\/autosdelpodio.com\\\/autos\\\/a-pepe-froilan-gonzalez-el-tiempo-le-dio-la-razon\\\/\"},\"author\":{\"name\":\"autosdelpodio\",\"@id\":\"http:\\\/\\\/autosdelpodio.com\\\/autos\\\/#\\\/schema\\\/person\\\/993527a4d01c3acdd3d6bce3770bc942\"},\"headline\":\"A Pepe Froilan Gonzalez el tiempo le di\u00f3 la razon\",\"datePublished\":\"2020-05-09T19:28:32+00:00\",\"dateModified\":\"2020-05-09T19:37:13+00:00\",\"mainEntityOfPage\":{\"@id\":\"http:\\\/\\\/autosdelpodio.com\\\/autos\\\/a-pepe-froilan-gonzalez-el-tiempo-le-dio-la-razon\\\/\"},\"wordCount\":117,\"commentCount\":0,\"publisher\":{\"@id\":\"http:\\\/\\\/autosdelpodio.com\\\/autos\\\/#organization\"},\"keywords\":[\"Chevitu\",\"Jorge Cupeiro\",\"Pepe Froilan Gonzalez\",\"Turismo Carretera\"],\"articleSection\":[\"Efem\u00e9rides\"],\"inLanguage\":\"es\",\"potentialAction\":[{\"@type\":\"CommentAction\",\"name\":\"Comment\",\"target\":[\"http:\\\/\\\/autosdelpodio.com\\\/autos\\\/a-pepe-froilan-gonzalez-el-tiempo-le-dio-la-razon\\\/#respond\"]}]},{\"@type\":\"WebPage\",\"@id\":\"http:\\\/\\\/autosdelpodio.com\\\/autos\\\/a-pepe-froilan-gonzalez-el-tiempo-le-dio-la-razon\\\/\",\"url\":\"http:\\\/\\\/autosdelpodio.com\\\/autos\\\/a-pepe-froilan-gonzalez-el-tiempo-le-dio-la-razon\\\/\",\"name\":\"Autos del Podio | A Pepe Froilan Gonzalez el tiempo le di\u00f3 la razon\",\"isPartOf\":{\"@id\":\"http:\\\/\\\/autosdelpodio.com\\\/autos\\\/#website\"},\"datePublished\":\"2020-05-09T19:28:32+00:00\",\"dateModified\":\"2020-05-09T19:37:13+00:00\",\"description\":\"Autos del Podio\",\"breadcrumb\":{\"@id\":\"http:\\\/\\\/autosdelpodio.com\\\/autos\\\/a-pepe-froilan-gonzalez-el-tiempo-le-dio-la-razon\\\/#breadcrumb\"},\"inLanguage\":\"es\",\"potentialAction\":[{\"@type\":\"ReadAction\",\"target\":[\"http:\\\/\\\/autosdelpodio.com\\\/autos\\\/a-pepe-froilan-gonzalez-el-tiempo-le-dio-la-razon\\\/\"]}]},{\"@type\":\"BreadcrumbList\",\"@id\":\"http:\\\/\\\/autosdelpodio.com\\\/autos\\\/a-pepe-froilan-gonzalez-el-tiempo-le-dio-la-razon\\\/#breadcrumb\",\"itemListElement\":[{\"@type\":\"ListItem\",\"position\":1,\"name\":\"Portada\",\"item\":\"http:\\\/\\\/autosdelpodio.com\\\/autos\\\/\"},{\"@type\":\"ListItem\",\"position\":2,\"name\":\"A Pepe Froilan Gonzalez el tiempo le di\u00f3 la razon\"}]},{\"@type\":\"WebSite\",\"@id\":\"http:\\\/\\\/autosdelpodio.com\\\/autos\\\/#website\",\"url\":\"http:\\\/\\\/autosdelpodio.com\\\/autos\\\/\",\"name\":\"Autos del Podio\",\"description\":\"La sexta del deporte motor\",\"publisher\":{\"@id\":\"http:\\\/\\\/autosdelpodio.com\\\/autos\\\/#organization\"},\"potentialAction\":[{\"@type\":\"SearchAction\",\"target\":{\"@type\":\"EntryPoint\",\"urlTemplate\":\"http:\\\/\\\/autosdelpodio.com\\\/autos\\\/?s={search_term_string}\"},\"query-input\":{\"@type\":\"PropertyValueSpecification\",\"valueRequired\":true,\"valueName\":\"search_term_string\"}}],\"inLanguage\":\"es\"},{\"@type\":\"Organization\",\"@id\":\"http:\\\/\\\/autosdelpodio.com\\\/autos\\\/#organization\",\"name\":\"Autos del Podio\",\"url\":\"http:\\\/\\\/autosdelpodio.com\\\/autos\\\/\",\"logo\":{\"@type\":\"ImageObject\",\"inLanguage\":\"es\",\"@id\":\"http:\\\/\\\/autosdelpodio.com\\\/autos\\\/#\\\/schema\\\/logo\\\/image\\\/\",\"url\":\"http:\\\/\\\/autosdelpodio.com\\\/autos\\\/wp-content\\\/uploads\\\/2020\\\/08\\\/Logo_AR.jpg\",\"contentUrl\":\"http:\\\/\\\/autosdelpodio.com\\\/autos\\\/wp-content\\\/uploads\\\/2020\\\/08\\\/Logo_AR.jpg\",\"width\":1038,\"height\":1044,\"caption\":\"Autos del Podio\"},\"image\":{\"@id\":\"http:\\\/\\\/autosdelpodio.com\\\/autos\\\/#\\\/schema\\\/logo\\\/image\\\/\"},\"sameAs\":[\"https:\\\/\\\/www.facebook.com\\\/profile.php?id=100057192590976&amp;amp;amp;amp;amp;amp;amp;amp;amp;amp;amp;amp;amp;amp;amp;amp;amp;amp;ref=ts\",\"https:\\\/\\\/x.com\\\/autosdelpodio\",\"https:\\\/\\\/www.youtube.com\\\/user\\\/AutosdelPodio\"]},{\"@type\":\"Person\",\"@id\":\"http:\\\/\\\/autosdelpodio.com\\\/autos\\\/#\\\/schema\\\/person\\\/993527a4d01c3acdd3d6bce3770bc942\",\"name\":\"autosdelpodio\",\"image\":{\"@type\":\"ImageObject\",\"inLanguage\":\"es\",\"@id\":\"http:\\\/\\\/autosdelpodio.com\\\/autos\\\/wp-content\\\/litespeed\\\/avatar\\\/aa8f65cd201a80f6b844f63278aa84af.jpg?ver=1776798175\",\"url\":\"http:\\\/\\\/autosdelpodio.com\\\/autos\\\/wp-content\\\/litespeed\\\/avatar\\\/aa8f65cd201a80f6b844f63278aa84af.jpg?ver=1776798175\",\"contentUrl\":\"http:\\\/\\\/autosdelpodio.com\\\/autos\\\/wp-content\\\/litespeed\\\/avatar\\\/aa8f65cd201a80f6b844f63278aa84af.jpg?ver=1776798175\",\"caption\":\"autosdelpodio\"}}]}<\/script>\n<!-- \/ Yoast SEO plugin. -->","yoast_head_json":{"title":"Autos del Podio | A Pepe Froilan Gonzalez el tiempo le di\u00f3 la razon","description":"Autos del Podio","robots":{"index":"index","follow":"follow","max-snippet":"max-snippet:-1","max-image-preview":"max-image-preview:large","max-video-preview":"max-video-preview:-1"},"canonical":"http:\/\/autosdelpodio.com\/autos\/a-pepe-froilan-gonzalez-el-tiempo-le-dio-la-razon\/","og_locale":"es_ES","og_type":"article","og_title":"Autos del Podio | A Pepe Froilan Gonzalez el tiempo le di\u00f3 la razon","og_description":"Autos del Podio","og_url":"http:\/\/autosdelpodio.com\/autos\/a-pepe-froilan-gonzalez-el-tiempo-le-dio-la-razon\/","og_site_name":"Autos del Podio","article_publisher":"https:\/\/www.facebook.com\/profile.php?id=100057192590976&amp%3bamp%3bamp%3bamp%3bamp%3bamp%3bamp%3bamp%3bamp%3bamp%3bamp%3bamp%3bamp%3bamp%3bamp%3bamp%3bamp%3bamp%3bref=ts","article_published_time":"2020-05-09T19:28:32+00:00","article_modified_time":"2020-05-09T19:37:13+00:00","author":"autosdelpodio","twitter_card":"summary_large_image","twitter_creator":"@autosdelpodio","twitter_site":"@autosdelpodio","twitter_misc":{"Escrito por":"autosdelpodio","Tiempo de lectura":"1 minuto"},"schema":{"@context":"https:\/\/schema.org","@graph":[{"@type":"Article","@id":"http:\/\/autosdelpodio.com\/autos\/a-pepe-froilan-gonzalez-el-tiempo-le-dio-la-razon\/#article","isPartOf":{"@id":"http:\/\/autosdelpodio.com\/autos\/a-pepe-froilan-gonzalez-el-tiempo-le-dio-la-razon\/"},"author":{"name":"autosdelpodio","@id":"http:\/\/autosdelpodio.com\/autos\/#\/schema\/person\/993527a4d01c3acdd3d6bce3770bc942"},"headline":"A Pepe Froilan Gonzalez el tiempo le di\u00f3 la razon","datePublished":"2020-05-09T19:28:32+00:00","dateModified":"2020-05-09T19:37:13+00:00","mainEntityOfPage":{"@id":"http:\/\/autosdelpodio.com\/autos\/a-pepe-froilan-gonzalez-el-tiempo-le-dio-la-razon\/"},"wordCount":117,"commentCount":0,"publisher":{"@id":"http:\/\/autosdelpodio.com\/autos\/#organization"},"keywords":["Chevitu","Jorge Cupeiro","Pepe Froilan Gonzalez","Turismo Carretera"],"articleSection":["Efem\u00e9rides"],"inLanguage":"es","potentialAction":[{"@type":"CommentAction","name":"Comment","target":["http:\/\/autosdelpodio.com\/autos\/a-pepe-froilan-gonzalez-el-tiempo-le-dio-la-razon\/#respond"]}]},{"@type":"WebPage","@id":"http:\/\/autosdelpodio.com\/autos\/a-pepe-froilan-gonzalez-el-tiempo-le-dio-la-razon\/","url":"http:\/\/autosdelpodio.com\/autos\/a-pepe-froilan-gonzalez-el-tiempo-le-dio-la-razon\/","name":"Autos del Podio | A Pepe Froilan Gonzalez el tiempo le di\u00f3 la razon","isPartOf":{"@id":"http:\/\/autosdelpodio.com\/autos\/#website"},"datePublished":"2020-05-09T19:28:32+00:00","dateModified":"2020-05-09T19:37:13+00:00","description":"Autos del Podio","breadcrumb":{"@id":"http:\/\/autosdelpodio.com\/autos\/a-pepe-froilan-gonzalez-el-tiempo-le-dio-la-razon\/#breadcrumb"},"inLanguage":"es","potentialAction":[{"@type":"ReadAction","target":["http:\/\/autosdelpodio.com\/autos\/a-pepe-froilan-gonzalez-el-tiempo-le-dio-la-razon\/"]}]},{"@type":"BreadcrumbList","@id":"http:\/\/autosdelpodio.com\/autos\/a-pepe-froilan-gonzalez-el-tiempo-le-dio-la-razon\/#breadcrumb","itemListElement":[{"@type":"ListItem","position":1,"name":"Portada","item":"http:\/\/autosdelpodio.com\/autos\/"},{"@type":"ListItem","position":2,"name":"A Pepe Froilan Gonzalez el tiempo le di\u00f3 la razon"}]},{"@type":"WebSite","@id":"http:\/\/autosdelpodio.com\/autos\/#website","url":"http:\/\/autosdelpodio.com\/autos\/","name":"Autos del Podio","description":"La sexta del deporte motor","publisher":{"@id":"http:\/\/autosdelpodio.com\/autos\/#organization"},"potentialAction":[{"@type":"SearchAction","target":{"@type":"EntryPoint","urlTemplate":"http:\/\/autosdelpodio.com\/autos\/?s={search_term_string}"},"query-input":{"@type":"PropertyValueSpecification","valueRequired":true,"valueName":"search_term_string"}}],"inLanguage":"es"},{"@type":"Organization","@id":"http:\/\/autosdelpodio.com\/autos\/#organization","name":"Autos del Podio","url":"http:\/\/autosdelpodio.com\/autos\/","logo":{"@type":"ImageObject","inLanguage":"es","@id":"http:\/\/autosdelpodio.com\/autos\/#\/schema\/logo\/image\/","url":"http:\/\/autosdelpodio.com\/autos\/wp-content\/uploads\/2020\/08\/Logo_AR.jpg","contentUrl":"http:\/\/autosdelpodio.com\/autos\/wp-content\/uploads\/2020\/08\/Logo_AR.jpg","width":1038,"height":1044,"caption":"Autos del Podio"},"image":{"@id":"http:\/\/autosdelpodio.com\/autos\/#\/schema\/logo\/image\/"},"sameAs":["https:\/\/www.facebook.com\/profile.php?id=100057192590976&amp;amp;amp;amp;amp;amp;amp;amp;amp;amp;amp;amp;amp;amp;amp;amp;amp;amp;ref=ts","https:\/\/x.com\/autosdelpodio","https:\/\/www.youtube.com\/user\/AutosdelPodio"]},{"@type":"Person","@id":"http:\/\/autosdelpodio.com\/autos\/#\/schema\/person\/993527a4d01c3acdd3d6bce3770bc942","name":"autosdelpodio","image":{"@type":"ImageObject","inLanguage":"es","@id":"http:\/\/autosdelpodio.com\/autos\/wp-content\/litespeed\/avatar\/aa8f65cd201a80f6b844f63278aa84af.jpg?ver=1776798175","url":"http:\/\/autosdelpodio.com\/autos\/wp-content\/litespeed\/avatar\/aa8f65cd201a80f6b844f63278aa84af.jpg?ver=1776798175","contentUrl":"http:\/\/autosdelpodio.com\/autos\/wp-content\/litespeed\/avatar\/aa8f65cd201a80f6b844f63278aa84af.jpg?ver=1776798175","caption":"autosdelpodio"}}]}},"views":551,"_links":{"self":[{"href":"http:\/\/autosdelpodio.com\/autos\/wp-json\/wp\/v2\/posts\/1976","targetHints":{"allow":["GET"]}}],"collection":[{"href":"http:\/\/autosdelpodio.com\/autos\/wp-json\/wp\/v2\/posts"}],"about":[{"href":"http:\/\/autosdelpodio.com\/autos\/wp-json\/wp\/v2\/types\/post"}],"author":[{"embeddable":true,"href":"http:\/\/autosdelpodio.com\/autos\/wp-json\/wp\/v2\/users\/3"}],"replies":[{"embeddable":true,"href":"http:\/\/autosdelpodio.com\/autos\/wp-json\/wp\/v2\/comments?post=1976"}],"version-history":[{"count":3,"href":"http:\/\/autosdelpodio.com\/autos\/wp-json\/wp\/v2\/posts\/1976\/revisions"}],"predecessor-version":[{"id":1979,"href":"http:\/\/autosdelpodio.com\/autos\/wp-json\/wp\/v2\/posts\/1976\/revisions\/1979"}],"wp:attachment":[{"href":"http:\/\/autosdelpodio.com\/autos\/wp-json\/wp\/v2\/media?parent=1976"}],"wp:term":[{"taxonomy":"category","embeddable":true,"href":"http:\/\/autosdelpodio.com\/autos\/wp-json\/wp\/v2\/categories?post=1976"},{"taxonomy":"post_tag","embeddable":true,"href":"http:\/\/autosdelpodio.com\/autos\/wp-json\/wp\/v2\/tags?post=1976"}],"curies":[{"name":"wp","href":"https:\/\/api.w.org\/{rel}","templated":true}]}}