{"id":2039,"date":"2020-05-18T13:57:44","date_gmt":"2020-05-18T13:57:44","guid":{"rendered":"http:\/\/autosdelpodio.com\/autos\/?p=2039"},"modified":"2020-06-02T21:31:42","modified_gmt":"2020-06-02T21:31:42","slug":"la-formula-1-reestructuro-su-calendario","status":"publish","type":"post","link":"http:\/\/autosdelpodio.com\/autos\/la-formula-1-reestructuro-su-calendario\/","title":{"rendered":"La Formula 1 reestructur\u00f3 su calendario"},"content":{"rendered":"\n<p>La m\u00e1xima di\u00f3 a conocer un cronograma provisional que comenzar\u00e1 con la actividad motor <a href=\"http:\/\/autosdelpodio.com\/autos\/2020\/04\/28\/la-formula-1-quiere-volver-en-julio\/\" target=\"_blank\" rel=\"noreferrer noopener\" aria-label=\"el 5 de Julio tal como viene anunciando en Austria (se abre en una nueva pesta\u00f1a)\">el 5 de Julio tal como viene anunciando en Austria<\/a> y cerrar\u00eda participaci\u00f3n el 13 de Diciembre en Abu Dhabi.<br>Sin las ya oficialmente canceladas fechas de Australia, Monaco y Francia, tampoco figuran Canad\u00e1 y Singapur, la F1 afrontar\u00e1 el desaf\u00edo inicial de completar 18 GP en apenas 24 semanas.Todo esto claramente estar\u00e1 sujeto a lo que suceda con la Pandemia del Covid &#8211; 19.<\/p>\n\n\n\n<p><strong><em> Calendario 2020 reprogramado<\/em><\/strong><\/p>\n\n\n\n<p> <em><strong>5 de julio    1 <\/strong>   GP de Austria Red Bull Ring<br><strong> 12 de julio  2<\/strong>    GP de Austria (2)  Red Bull Ring<br> 26 de julio  3    GP de Gran Breta\u00f1a o Alemania \/ Silverstone o Hockenheim<br> <strong>2 de agosto 4  <\/strong>  GP de Gran Breta\u00f1a o Alemania (2) \/ Silverstone o Hockenheim<br><strong> 9 de agosto 5<\/strong>    GP de Hungr\u00eda Hungaroring   <br> <strong>23 de agosto 6<\/strong>    GP de Espa\u00f1a Barcelona  <br> <strong>30 de agosto 7<\/strong>    GP de B\u00e9lgica Spa-Francorchamps <br> <strong>6 de septiembre  8<\/strong> GP de Italia Monza    <br> <strong>20 de septiembre 9<\/strong> GP de Azerbaiy\u00e1n Bak\u00fa    <br> <strong>27 de septiembre 10<\/strong> GP de Rusia Sochi    <br> <strong>4 de octubre 11<\/strong> GP de China Shangh\u00e1i    <br> <strong>11 de octubre 12<\/strong> GP de Jap\u00f3n Suzuka    <br> <strong>25 de octubre 13<\/strong> GP de Estados Unidos Austin<br> <strong>1 de noviembre 14<\/strong> GP de M\u00e9xico Aut\u00f3dromo Hermanos Rodr\u00edguez<br> <strong>8 de noviembre 15<\/strong> GP de Brasil Interlagos    <br> <strong>22 de noviembre 16<\/strong> GP de Vietnam Hanoi    <br> <strong>6 de diciembre 17<\/strong> GP de Bahr\u00e9in Sakhir<br> <strong>13 de diciembre 18<\/strong> GP de Abu Dhabi Yas Marina<\/em><\/p>\n","protected":false},"excerpt":{"rendered":"<p>La m\u00e1xima di\u00f3 a conocer un cronograma provisional que comenzar\u00e1 con la actividad motor el 5 de Julio tal como<\/p>\n","protected":false},"author":3,"featured_media":0,"comment_status":"open","ping_status":"open","sticky":false,"template":"","format":"standard","meta":{"colormag_page_container_layout":"default_layout","colormag_page_sidebar_layout":"default_layout","footnotes":""},"categories":[5],"tags":[152,148,75,161],"class_list":["post-2039","post","type-post","status-publish","format-standard","hentry","category-latest-news","tag-calendarios","tag-fia","tag-formula-1","tag-gp"],"yoast_head":"<!-- This site is optimized with the Yoast SEO plugin v27.4 - https:\/\/yoast.com\/product\/yoast-seo-wordpress\/ -->\n<title>Autos del Podio | La Formula 1 reestructur\u00f3 su calendario<\/title>\n<meta name=\"description\" content=\"Autos del Podio\" \/>\n<meta name=\"robots\" content=\"index, follow, max-snippet:-1, max-image-preview:large, max-video-preview:-1\" \/>\n<link rel=\"canonical\" href=\"http:\/\/autosdelpodio.com\/autos\/la-formula-1-reestructuro-su-calendario\/\" \/>\n<meta property=\"og:locale\" content=\"es_ES\" \/>\n<meta property=\"og:type\" content=\"article\" \/>\n<meta property=\"og:title\" content=\"Autos del Podio | La Formula 1 reestructur\u00f3 su calendario\" \/>\n<meta property=\"og:description\" content=\"Autos del Podio\" \/>\n<meta property=\"og:url\" content=\"http:\/\/autosdelpodio.com\/autos\/la-formula-1-reestructuro-su-calendario\/\" \/>\n<meta property=\"og:site_name\" content=\"Autos del Podio\" \/>\n<meta property=\"article:publisher\" content=\"https:\/\/www.facebook.com\/profile.php?id=100057192590976&amp;amp%3bamp%3bamp%3bamp%3bamp%3bamp%3bamp%3bamp%3bamp%3bamp%3bamp%3bamp%3bamp%3bamp%3bamp%3bamp%3bamp%3bamp%3bref=ts\" \/>\n<meta property=\"article:published_time\" content=\"2020-05-18T13:57:44+00:00\" \/>\n<meta property=\"article:modified_time\" content=\"2020-06-02T21:31:42+00:00\" \/>\n<meta name=\"author\" content=\"autosdelpodio\" \/>\n<meta name=\"twitter:card\" content=\"summary_large_image\" \/>\n<meta name=\"twitter:creator\" content=\"@autosdelpodio\" \/>\n<meta name=\"twitter:site\" content=\"@autosdelpodio\" \/>\n<meta name=\"twitter:label1\" content=\"Escrito por\" \/>\n\t<meta name=\"twitter:data1\" content=\"autosdelpodio\" \/>\n\t<meta name=\"twitter:label2\" content=\"Tiempo de lectura\" \/>\n\t<meta name=\"twitter:data2\" content=\"1 minuto\" \/>\n<script type=\"application\/ld+json\" class=\"yoast-schema-graph\">{\"@context\":\"https:\\\/\\\/schema.org\",\"@graph\":[{\"@type\":\"Article\",\"@id\":\"http:\\\/\\\/autosdelpodio.com\\\/autos\\\/la-formula-1-reestructuro-su-calendario\\\/#article\",\"isPartOf\":{\"@id\":\"http:\\\/\\\/autosdelpodio.com\\\/autos\\\/la-formula-1-reestructuro-su-calendario\\\/\"},\"author\":{\"name\":\"autosdelpodio\",\"@id\":\"http:\\\/\\\/autosdelpodio.com\\\/autos\\\/#\\\/schema\\\/person\\\/993527a4d01c3acdd3d6bce3770bc942\"},\"headline\":\"La Formula 1 reestructur\u00f3 su calendario\",\"datePublished\":\"2020-05-18T13:57:44+00:00\",\"dateModified\":\"2020-06-02T21:31:42+00:00\",\"mainEntityOfPage\":{\"@id\":\"http:\\\/\\\/autosdelpodio.com\\\/autos\\\/la-formula-1-reestructuro-su-calendario\\\/\"},\"wordCount\":225,\"commentCount\":2,\"publisher\":{\"@id\":\"http:\\\/\\\/autosdelpodio.com\\\/autos\\\/#organization\"},\"keywords\":[\"Calendarios\",\"FIA\",\"Formula 1\",\"GP\"],\"articleSection\":[\"\u00daltimas noticias\"],\"inLanguage\":\"es\",\"potentialAction\":[{\"@type\":\"CommentAction\",\"name\":\"Comment\",\"target\":[\"http:\\\/\\\/autosdelpodio.com\\\/autos\\\/la-formula-1-reestructuro-su-calendario\\\/#respond\"]}]},{\"@type\":\"WebPage\",\"@id\":\"http:\\\/\\\/autosdelpodio.com\\\/autos\\\/la-formula-1-reestructuro-su-calendario\\\/\",\"url\":\"http:\\\/\\\/autosdelpodio.com\\\/autos\\\/la-formula-1-reestructuro-su-calendario\\\/\",\"name\":\"Autos del Podio | La Formula 1 reestructur\u00f3 su calendario\",\"isPartOf\":{\"@id\":\"http:\\\/\\\/autosdelpodio.com\\\/autos\\\/#website\"},\"datePublished\":\"2020-05-18T13:57:44+00:00\",\"dateModified\":\"2020-06-02T21:31:42+00:00\",\"description\":\"Autos del Podio\",\"breadcrumb\":{\"@id\":\"http:\\\/\\\/autosdelpodio.com\\\/autos\\\/la-formula-1-reestructuro-su-calendario\\\/#breadcrumb\"},\"inLanguage\":\"es\",\"potentialAction\":[{\"@type\":\"ReadAction\",\"target\":[\"http:\\\/\\\/autosdelpodio.com\\\/autos\\\/la-formula-1-reestructuro-su-calendario\\\/\"]}]},{\"@type\":\"BreadcrumbList\",\"@id\":\"http:\\\/\\\/autosdelpodio.com\\\/autos\\\/la-formula-1-reestructuro-su-calendario\\\/#breadcrumb\",\"itemListElement\":[{\"@type\":\"ListItem\",\"position\":1,\"name\":\"Portada\",\"item\":\"http:\\\/\\\/autosdelpodio.com\\\/autos\\\/\"},{\"@type\":\"ListItem\",\"position\":2,\"name\":\"La Formula 1 reestructur\u00f3 su calendario\"}]},{\"@type\":\"WebSite\",\"@id\":\"http:\\\/\\\/autosdelpodio.com\\\/autos\\\/#website\",\"url\":\"http:\\\/\\\/autosdelpodio.com\\\/autos\\\/\",\"name\":\"Autos del Podio\",\"description\":\"La sexta del deporte motor\",\"publisher\":{\"@id\":\"http:\\\/\\\/autosdelpodio.com\\\/autos\\\/#organization\"},\"potentialAction\":[{\"@type\":\"SearchAction\",\"target\":{\"@type\":\"EntryPoint\",\"urlTemplate\":\"http:\\\/\\\/autosdelpodio.com\\\/autos\\\/?s={search_term_string}\"},\"query-input\":{\"@type\":\"PropertyValueSpecification\",\"valueRequired\":true,\"valueName\":\"search_term_string\"}}],\"inLanguage\":\"es\"},{\"@type\":\"Organization\",\"@id\":\"http:\\\/\\\/autosdelpodio.com\\\/autos\\\/#organization\",\"name\":\"Autos del Podio\",\"url\":\"http:\\\/\\\/autosdelpodio.com\\\/autos\\\/\",\"logo\":{\"@type\":\"ImageObject\",\"inLanguage\":\"es\",\"@id\":\"http:\\\/\\\/autosdelpodio.com\\\/autos\\\/#\\\/schema\\\/logo\\\/image\\\/\",\"url\":\"http:\\\/\\\/autosdelpodio.com\\\/autos\\\/wp-content\\\/uploads\\\/2020\\\/08\\\/Logo_AR.jpg\",\"contentUrl\":\"http:\\\/\\\/autosdelpodio.com\\\/autos\\\/wp-content\\\/uploads\\\/2020\\\/08\\\/Logo_AR.jpg\",\"width\":1038,\"height\":1044,\"caption\":\"Autos del Podio\"},\"image\":{\"@id\":\"http:\\\/\\\/autosdelpodio.com\\\/autos\\\/#\\\/schema\\\/logo\\\/image\\\/\"},\"sameAs\":[\"https:\\\/\\\/www.facebook.com\\\/profile.php?id=100057192590976&amp;amp;amp;amp;amp;amp;amp;amp;amp;amp;amp;amp;amp;amp;amp;amp;amp;amp;ref=ts\",\"https:\\\/\\\/x.com\\\/autosdelpodio\",\"https:\\\/\\\/www.youtube.com\\\/user\\\/AutosdelPodio\"]},{\"@type\":\"Person\",\"@id\":\"http:\\\/\\\/autosdelpodio.com\\\/autos\\\/#\\\/schema\\\/person\\\/993527a4d01c3acdd3d6bce3770bc942\",\"name\":\"autosdelpodio\",\"image\":{\"@type\":\"ImageObject\",\"inLanguage\":\"es\",\"@id\":\"http:\\\/\\\/autosdelpodio.com\\\/autos\\\/wp-content\\\/litespeed\\\/avatar\\\/aa8f65cd201a80f6b844f63278aa84af.jpg?ver=1776798175\",\"url\":\"http:\\\/\\\/autosdelpodio.com\\\/autos\\\/wp-content\\\/litespeed\\\/avatar\\\/aa8f65cd201a80f6b844f63278aa84af.jpg?ver=1776798175\",\"contentUrl\":\"http:\\\/\\\/autosdelpodio.com\\\/autos\\\/wp-content\\\/litespeed\\\/avatar\\\/aa8f65cd201a80f6b844f63278aa84af.jpg?ver=1776798175\",\"caption\":\"autosdelpodio\"}}]}<\/script>\n<!-- \/ Yoast SEO plugin. -->","yoast_head_json":{"title":"Autos del Podio | La Formula 1 reestructur\u00f3 su calendario","description":"Autos del Podio","robots":{"index":"index","follow":"follow","max-snippet":"max-snippet:-1","max-image-preview":"max-image-preview:large","max-video-preview":"max-video-preview:-1"},"canonical":"http:\/\/autosdelpodio.com\/autos\/la-formula-1-reestructuro-su-calendario\/","og_locale":"es_ES","og_type":"article","og_title":"Autos del Podio | La Formula 1 reestructur\u00f3 su calendario","og_description":"Autos del Podio","og_url":"http:\/\/autosdelpodio.com\/autos\/la-formula-1-reestructuro-su-calendario\/","og_site_name":"Autos del Podio","article_publisher":"https:\/\/www.facebook.com\/profile.php?id=100057192590976&amp%3bamp%3bamp%3bamp%3bamp%3bamp%3bamp%3bamp%3bamp%3bamp%3bamp%3bamp%3bamp%3bamp%3bamp%3bamp%3bamp%3bamp%3bref=ts","article_published_time":"2020-05-18T13:57:44+00:00","article_modified_time":"2020-06-02T21:31:42+00:00","author":"autosdelpodio","twitter_card":"summary_large_image","twitter_creator":"@autosdelpodio","twitter_site":"@autosdelpodio","twitter_misc":{"Escrito por":"autosdelpodio","Tiempo de lectura":"1 minuto"},"schema":{"@context":"https:\/\/schema.org","@graph":[{"@type":"Article","@id":"http:\/\/autosdelpodio.com\/autos\/la-formula-1-reestructuro-su-calendario\/#article","isPartOf":{"@id":"http:\/\/autosdelpodio.com\/autos\/la-formula-1-reestructuro-su-calendario\/"},"author":{"name":"autosdelpodio","@id":"http:\/\/autosdelpodio.com\/autos\/#\/schema\/person\/993527a4d01c3acdd3d6bce3770bc942"},"headline":"La Formula 1 reestructur\u00f3 su calendario","datePublished":"2020-05-18T13:57:44+00:00","dateModified":"2020-06-02T21:31:42+00:00","mainEntityOfPage":{"@id":"http:\/\/autosdelpodio.com\/autos\/la-formula-1-reestructuro-su-calendario\/"},"wordCount":225,"commentCount":2,"publisher":{"@id":"http:\/\/autosdelpodio.com\/autos\/#organization"},"keywords":["Calendarios","FIA","Formula 1","GP"],"articleSection":["\u00daltimas noticias"],"inLanguage":"es","potentialAction":[{"@type":"CommentAction","name":"Comment","target":["http:\/\/autosdelpodio.com\/autos\/la-formula-1-reestructuro-su-calendario\/#respond"]}]},{"@type":"WebPage","@id":"http:\/\/autosdelpodio.com\/autos\/la-formula-1-reestructuro-su-calendario\/","url":"http:\/\/autosdelpodio.com\/autos\/la-formula-1-reestructuro-su-calendario\/","name":"Autos del Podio | La Formula 1 reestructur\u00f3 su calendario","isPartOf":{"@id":"http:\/\/autosdelpodio.com\/autos\/#website"},"datePublished":"2020-05-18T13:57:44+00:00","dateModified":"2020-06-02T21:31:42+00:00","description":"Autos del Podio","breadcrumb":{"@id":"http:\/\/autosdelpodio.com\/autos\/la-formula-1-reestructuro-su-calendario\/#breadcrumb"},"inLanguage":"es","potentialAction":[{"@type":"ReadAction","target":["http:\/\/autosdelpodio.com\/autos\/la-formula-1-reestructuro-su-calendario\/"]}]},{"@type":"BreadcrumbList","@id":"http:\/\/autosdelpodio.com\/autos\/la-formula-1-reestructuro-su-calendario\/#breadcrumb","itemListElement":[{"@type":"ListItem","position":1,"name":"Portada","item":"http:\/\/autosdelpodio.com\/autos\/"},{"@type":"ListItem","position":2,"name":"La Formula 1 reestructur\u00f3 su calendario"}]},{"@type":"WebSite","@id":"http:\/\/autosdelpodio.com\/autos\/#website","url":"http:\/\/autosdelpodio.com\/autos\/","name":"Autos del Podio","description":"La sexta del deporte motor","publisher":{"@id":"http:\/\/autosdelpodio.com\/autos\/#organization"},"potentialAction":[{"@type":"SearchAction","target":{"@type":"EntryPoint","urlTemplate":"http:\/\/autosdelpodio.com\/autos\/?s={search_term_string}"},"query-input":{"@type":"PropertyValueSpecification","valueRequired":true,"valueName":"search_term_string"}}],"inLanguage":"es"},{"@type":"Organization","@id":"http:\/\/autosdelpodio.com\/autos\/#organization","name":"Autos del Podio","url":"http:\/\/autosdelpodio.com\/autos\/","logo":{"@type":"ImageObject","inLanguage":"es","@id":"http:\/\/autosdelpodio.com\/autos\/#\/schema\/logo\/image\/","url":"http:\/\/autosdelpodio.com\/autos\/wp-content\/uploads\/2020\/08\/Logo_AR.jpg","contentUrl":"http:\/\/autosdelpodio.com\/autos\/wp-content\/uploads\/2020\/08\/Logo_AR.jpg","width":1038,"height":1044,"caption":"Autos del Podio"},"image":{"@id":"http:\/\/autosdelpodio.com\/autos\/#\/schema\/logo\/image\/"},"sameAs":["https:\/\/www.facebook.com\/profile.php?id=100057192590976&amp;amp;amp;amp;amp;amp;amp;amp;amp;amp;amp;amp;amp;amp;amp;amp;amp;amp;ref=ts","https:\/\/x.com\/autosdelpodio","https:\/\/www.youtube.com\/user\/AutosdelPodio"]},{"@type":"Person","@id":"http:\/\/autosdelpodio.com\/autos\/#\/schema\/person\/993527a4d01c3acdd3d6bce3770bc942","name":"autosdelpodio","image":{"@type":"ImageObject","inLanguage":"es","@id":"http:\/\/autosdelpodio.com\/autos\/wp-content\/litespeed\/avatar\/aa8f65cd201a80f6b844f63278aa84af.jpg?ver=1776798175","url":"http:\/\/autosdelpodio.com\/autos\/wp-content\/litespeed\/avatar\/aa8f65cd201a80f6b844f63278aa84af.jpg?ver=1776798175","contentUrl":"http:\/\/autosdelpodio.com\/autos\/wp-content\/litespeed\/avatar\/aa8f65cd201a80f6b844f63278aa84af.jpg?ver=1776798175","caption":"autosdelpodio"}}]}},"views":529,"_links":{"self":[{"href":"http:\/\/autosdelpodio.com\/autos\/wp-json\/wp\/v2\/posts\/2039","targetHints":{"allow":["GET"]}}],"collection":[{"href":"http:\/\/autosdelpodio.com\/autos\/wp-json\/wp\/v2\/posts"}],"about":[{"href":"http:\/\/autosdelpodio.com\/autos\/wp-json\/wp\/v2\/types\/post"}],"author":[{"embeddable":true,"href":"http:\/\/autosdelpodio.com\/autos\/wp-json\/wp\/v2\/users\/3"}],"replies":[{"embeddable":true,"href":"http:\/\/autosdelpodio.com\/autos\/wp-json\/wp\/v2\/comments?post=2039"}],"version-history":[{"count":4,"href":"http:\/\/autosdelpodio.com\/autos\/wp-json\/wp\/v2\/posts\/2039\/revisions"}],"predecessor-version":[{"id":2043,"href":"http:\/\/autosdelpodio.com\/autos\/wp-json\/wp\/v2\/posts\/2039\/revisions\/2043"}],"wp:attachment":[{"href":"http:\/\/autosdelpodio.com\/autos\/wp-json\/wp\/v2\/media?parent=2039"}],"wp:term":[{"taxonomy":"category","embeddable":true,"href":"http:\/\/autosdelpodio.com\/autos\/wp-json\/wp\/v2\/categories?post=2039"},{"taxonomy":"post_tag","embeddable":true,"href":"http:\/\/autosdelpodio.com\/autos\/wp-json\/wp\/v2\/tags?post=2039"}],"curies":[{"name":"wp","href":"https:\/\/api.w.org\/{rel}","templated":true}]}}