{"id":2267,"date":"2020-05-24T01:26:02","date_gmt":"2020-05-24T01:26:02","guid":{"rendered":"http:\/\/autosdelpodio.com\/autos\/?p=2267"},"modified":"2020-06-25T01:59:23","modified_gmt":"2020-06-25T01:59:23","slug":"el-sierra-la-burbuja-revolucionaria-de-ford-parte-1","status":"publish","type":"post","link":"http:\/\/autosdelpodio.com\/autos\/el-sierra-la-burbuja-revolucionaria-de-ford-parte-1\/","title":{"rendered":"El Sierra: La burbuja revolucionaria de Ford &#8211; Parte 1"},"content":{"rendered":"\n<p>A fines de mayo de 1984, la ciudad de Buenos Aires se vio invadida por una campa\u00f1a inc\u00f3gnita que empapel\u00f3 de curiosidad vastos sectores de su v\u00eda p\u00fablica. Desde los espacios publicitarios se apreciaba el logo de Ford, en posici\u00f3n central sobre un fondo azul, envuelto por unos haces celestiales y acompa\u00f1ado de un mensaje que dec\u00eda \u201cManeje el viento\u201d. La inc\u00f3gnita se revel\u00f3 semanas m\u00e1s tarde cuando la terminal de Pacheco present\u00f3 el Ford Sierra.&nbsp;<\/p>\n\n\n\n<p>El p\u00fablico argentino se sorprendi\u00f3 con una in\u00e9dita silueta aerodin\u00e1mica que no se parec\u00eda en nada a todo lo producido hasta entonces por Ford en el pa\u00eds. La silueta del Sierra no pasaba desapercibida en la calle, a\u00fan para los transe\u00fantes con escasa o nula sensibilidad automovil\u00edstica. Su dise\u00f1o de dos vol\u00famenes y medio, con port\u00f3n trasero, contrastaba con todo lo conocido en el mercado local, abarrotado de tradicionales sedanes cuatro puertas y de tres vol\u00famenes.<\/p>\n\n\n\n<p>El Sierra incorporaba soluciones innovadoras en su carrocer\u00eda como el parabrisas, luneta y tercera ventanilla lateral enrazadas y pegadas, combinadas con una serie de elementos dise\u00f1ados en funci\u00f3n de optimizar su performance aerodin\u00e1mica.&nbsp;<\/p>\n\n\n\n<p>La apuesta de Ford era fuerte y arriesgada. Remplazar al exitoso Taunus era una estrategia que pocos comprend\u00edan y de la que muchos desconfiaban. El proyecto \u201cTony\u201d, como se lo conoc\u00eda internamente, implic\u00f3 una inversi\u00f3n de 70 millones de d\u00f3lares. La producci\u00f3n de este avanzado modelo fue toda una revoluci\u00f3n para la planta de Pacheco que debi\u00f3 reequiparse con nuevas tecnolog\u00edas acorde a los elevados est\u00e1ndares de calidad que requer\u00eda su fabricaci\u00f3n. Una parte sustancial de los millones invertidos fueron destinados a la instalaci\u00f3n de robots para garantizar la absoluta precisi\u00f3n en el armado de las carrocer\u00edas. El conjunto ten\u00eda capacidad para fabricar 60 unidades por hora, una exageraci\u00f3n para el alica\u00eddo mercado de aquellos a\u00f1os.<\/p>\n\n\n\n<p>El novedoso auto de Ford hab\u00eda sido lanzado en el mercado europeo el 21 de septiembre de 1982. Su dise\u00f1o fue derivado del prototipo Probe III que la marca del \u00f3valo present\u00f3 en el Sal\u00f3n de Frankfurt apenas un a\u00f1o antes. El auto de concepto result\u00f3 un ensayo que ten\u00eda como objetivo obtener una forma que redujera el coeficiente de resistencia aerodin\u00e1mica a valores in\u00e9ditos para una carrocer\u00eda de tipo berlina, con cinco puertas y capacidad para cinco pasajeros. Para ajustarlo a la producci\u00f3n seriada, su dise\u00f1o fue optimizado por un grupo de dise\u00f1adores liderados por Uwe Bahnsen, Robert Lutz y Patrick Le Quement.<\/p>\n\n\n\n<p>Meses m\u00e1s tarde de su exitoso lanzamiento europeo, Ford Motor Argentina tom\u00f3 la decisi\u00f3n de producirlo en el pa\u00eds. Para nuestro mercado se eligieron inicialmente dos versiones y dos propulsiones. El modelo base era el \u201cL\u201d, equipado con un in\u00e9dito motor de cuatro cilindros en l\u00ednea de 1.600 cc y 75 CV a un r\u00e9gimen de 5.000 rpm. En este motor, totalmente nuevo, se introdujeron una serie de mejoras para reducir la fricci\u00f3n, como la forma del pist\u00f3n que reduc\u00eda la superficie de contacto pist\u00f3n-cilindro.&nbsp;<\/p>\n\n\n\n<p>La versi\u00f3n de lujo era el Ghia. Su propulsor de 2.300 cc y 105 CV derivaba del Taunus, pero introduc\u00eda modificaciones que mejoraron su comportamiento, en especial en relaci\u00f3n a su consumo<\/p>\n\n\n\n<p>Tanto el \u201cL\u201d como el Ghia compart\u00edan la misma carrocer\u00eda, aunque con una leve diferencia en el frontal y en los elementos decorativos. La trompa del \u201cL\u201d presentaba una parrilla de tipo persiana de tres aberturas horizontales con el logo de Ford en el centro, mientras que el Ghia se destacaba por un frente sin aberturas y con faros de profundidad integrales de mayores dimensiones. El flujo de aire para refrigerar el motor pasaba por una m\u00ednima abertura que dejaba una moldura superior del paragolpes. El exterior del Ghia inclu\u00eda baguetas protectoras laterales de PVC con apliques cromados y tazas enrazadas de dise\u00f1o aerodin\u00e1mico.<\/p>\n\n\n\n<p>A pesar de la incertidumbre que acompa\u00f1\u00f3 su presentaci\u00f3n, el p\u00fablico argentino reaccion\u00f3 favorablemente a la propuesta de Ford. Apenas hab\u00edan pasado 60 d\u00edas de su lanzamiento cuando las 4.400 unidades comercializadas lo convirtieron en el auto m\u00e1s vendido de su categor\u00eda.<\/p>\n\n\n\n<p><em><strong><a href=\"http:\/\/autosdelpodio.com\/autos\/2020\/06\/24\/el-sierra-la-burbuja-revolucionaria-de-ford-parte-1\/\" target=\"_blank\" rel=\"noreferrer noopener\" aria-label=\"Ver : El Sierra: La burbuja revolucionaria de Ford - Parte 2 (se abre en una nueva pesta\u00f1a)\">Ver : El Sierra: La burbuja revolucionaria de Ford &#8211; Parte 2<\/a><\/strong><\/em><\/p>\n","protected":false},"excerpt":{"rendered":"<p>A fines de mayo de 1984, la ciudad de Buenos Aires se vio invadida por una campa\u00f1a inc\u00f3gnita que empapel\u00f3<\/p>\n","protected":false},"author":3,"featured_media":2268,"comment_status":"open","ping_status":"open","sticky":false,"template":"","format":"standard","meta":{"colormag_page_container_layout":"default_layout","colormag_page_sidebar_layout":"default_layout","footnotes":""},"categories":[21,5],"tags":[273,32,35],"class_list":["post-2267","post","type-post","status-publish","format-standard","has-post-thumbnail","hentry","category-autos-eternos","category-latest-news","tag-ford-sierra","tag-industria-automotriz","tag-republica-argentina"],"yoast_head":"<!-- This site is optimized with the Yoast SEO plugin v27.4 - https:\/\/yoast.com\/product\/yoast-seo-wordpress\/ -->\n<title>Autos del Podio | El Sierra: La burbuja revolucionaria de Ford - Parte 1<\/title>\n<meta name=\"description\" content=\"Autos del Podio\" \/>\n<meta name=\"robots\" content=\"index, follow, max-snippet:-1, max-image-preview:large, max-video-preview:-1\" \/>\n<link rel=\"canonical\" href=\"http:\/\/autosdelpodio.com\/autos\/el-sierra-la-burbuja-revolucionaria-de-ford-parte-1\/\" \/>\n<meta property=\"og:locale\" content=\"es_ES\" \/>\n<meta property=\"og:type\" content=\"article\" \/>\n<meta property=\"og:title\" content=\"Autos del Podio | El Sierra: La burbuja revolucionaria de Ford - Parte 1\" \/>\n<meta property=\"og:description\" content=\"Autos del Podio\" \/>\n<meta property=\"og:url\" content=\"http:\/\/autosdelpodio.com\/autos\/el-sierra-la-burbuja-revolucionaria-de-ford-parte-1\/\" \/>\n<meta property=\"og:site_name\" content=\"Autos del Podio\" \/>\n<meta property=\"article:publisher\" content=\"https:\/\/www.facebook.com\/profile.php?id=100057192590976&amp;amp%3bamp%3bamp%3bamp%3bamp%3bamp%3bamp%3bamp%3bamp%3bamp%3bamp%3bamp%3bamp%3bamp%3bamp%3bamp%3bamp%3bamp%3bref=ts\" \/>\n<meta property=\"article:published_time\" content=\"2020-05-24T01:26:02+00:00\" \/>\n<meta property=\"article:modified_time\" content=\"2020-06-25T01:59:23+00:00\" \/>\n<meta property=\"og:image\" content=\"http:\/\/autosdelpodio.com\/autos\/wp-content\/uploads\/2020\/06\/Ford_Sierra-e1592961753499.jpg\" \/>\n\t<meta property=\"og:image:width\" content=\"800\" \/>\n\t<meta property=\"og:image:height\" content=\"533\" \/>\n\t<meta property=\"og:image:type\" content=\"image\/jpeg\" \/>\n<meta name=\"author\" content=\"autosdelpodio\" \/>\n<meta name=\"twitter:card\" content=\"summary_large_image\" \/>\n<meta name=\"twitter:creator\" content=\"@autosdelpodio\" \/>\n<meta name=\"twitter:site\" content=\"@autosdelpodio\" \/>\n<meta name=\"twitter:label1\" content=\"Escrito por\" \/>\n\t<meta name=\"twitter:data1\" content=\"autosdelpodio\" \/>\n\t<meta name=\"twitter:label2\" content=\"Tiempo de lectura\" \/>\n\t<meta name=\"twitter:data2\" content=\"4 minutos\" \/>\n<script type=\"application\/ld+json\" class=\"yoast-schema-graph\">{\"@context\":\"https:\\\/\\\/schema.org\",\"@graph\":[{\"@type\":\"Article\",\"@id\":\"http:\\\/\\\/autosdelpodio.com\\\/autos\\\/el-sierra-la-burbuja-revolucionaria-de-ford-parte-1\\\/#article\",\"isPartOf\":{\"@id\":\"http:\\\/\\\/autosdelpodio.com\\\/autos\\\/el-sierra-la-burbuja-revolucionaria-de-ford-parte-1\\\/\"},\"author\":{\"name\":\"autosdelpodio\",\"@id\":\"http:\\\/\\\/autosdelpodio.com\\\/autos\\\/#\\\/schema\\\/person\\\/993527a4d01c3acdd3d6bce3770bc942\"},\"headline\":\"El Sierra: La burbuja revolucionaria de Ford &#8211; Parte 1\",\"datePublished\":\"2020-05-24T01:26:02+00:00\",\"dateModified\":\"2020-06-25T01:59:23+00:00\",\"mainEntityOfPage\":{\"@id\":\"http:\\\/\\\/autosdelpodio.com\\\/autos\\\/el-sierra-la-burbuja-revolucionaria-de-ford-parte-1\\\/\"},\"wordCount\":756,\"commentCount\":2,\"publisher\":{\"@id\":\"http:\\\/\\\/autosdelpodio.com\\\/autos\\\/#organization\"},\"image\":{\"@id\":\"http:\\\/\\\/autosdelpodio.com\\\/autos\\\/el-sierra-la-burbuja-revolucionaria-de-ford-parte-1\\\/#primaryimage\"},\"thumbnailUrl\":\"http:\\\/\\\/autosdelpodio.com\\\/autos\\\/wp-content\\\/uploads\\\/2020\\\/06\\\/Ford_Sierra-e1592961753499.jpg\",\"keywords\":[\"Ford Sierra\",\"Industria Automotriz\",\"Republica Argentina\"],\"articleSection\":[\"Autos Eternos\",\"\u00daltimas noticias\"],\"inLanguage\":\"es\",\"potentialAction\":[{\"@type\":\"CommentAction\",\"name\":\"Comment\",\"target\":[\"http:\\\/\\\/autosdelpodio.com\\\/autos\\\/el-sierra-la-burbuja-revolucionaria-de-ford-parte-1\\\/#respond\"]}]},{\"@type\":\"WebPage\",\"@id\":\"http:\\\/\\\/autosdelpodio.com\\\/autos\\\/el-sierra-la-burbuja-revolucionaria-de-ford-parte-1\\\/\",\"url\":\"http:\\\/\\\/autosdelpodio.com\\\/autos\\\/el-sierra-la-burbuja-revolucionaria-de-ford-parte-1\\\/\",\"name\":\"Autos del Podio | El Sierra: La burbuja revolucionaria de Ford - Parte 1\",\"isPartOf\":{\"@id\":\"http:\\\/\\\/autosdelpodio.com\\\/autos\\\/#website\"},\"primaryImageOfPage\":{\"@id\":\"http:\\\/\\\/autosdelpodio.com\\\/autos\\\/el-sierra-la-burbuja-revolucionaria-de-ford-parte-1\\\/#primaryimage\"},\"image\":{\"@id\":\"http:\\\/\\\/autosdelpodio.com\\\/autos\\\/el-sierra-la-burbuja-revolucionaria-de-ford-parte-1\\\/#primaryimage\"},\"thumbnailUrl\":\"http:\\\/\\\/autosdelpodio.com\\\/autos\\\/wp-content\\\/uploads\\\/2020\\\/06\\\/Ford_Sierra-e1592961753499.jpg\",\"datePublished\":\"2020-05-24T01:26:02+00:00\",\"dateModified\":\"2020-06-25T01:59:23+00:00\",\"description\":\"Autos del Podio\",\"breadcrumb\":{\"@id\":\"http:\\\/\\\/autosdelpodio.com\\\/autos\\\/el-sierra-la-burbuja-revolucionaria-de-ford-parte-1\\\/#breadcrumb\"},\"inLanguage\":\"es\",\"potentialAction\":[{\"@type\":\"ReadAction\",\"target\":[\"http:\\\/\\\/autosdelpodio.com\\\/autos\\\/el-sierra-la-burbuja-revolucionaria-de-ford-parte-1\\\/\"]}]},{\"@type\":\"ImageObject\",\"inLanguage\":\"es\",\"@id\":\"http:\\\/\\\/autosdelpodio.com\\\/autos\\\/el-sierra-la-burbuja-revolucionaria-de-ford-parte-1\\\/#primaryimage\",\"url\":\"http:\\\/\\\/autosdelpodio.com\\\/autos\\\/wp-content\\\/uploads\\\/2020\\\/06\\\/Ford_Sierra-e1592961753499.jpg\",\"contentUrl\":\"http:\\\/\\\/autosdelpodio.com\\\/autos\\\/wp-content\\\/uploads\\\/2020\\\/06\\\/Ford_Sierra-e1592961753499.jpg\",\"width\":800,\"height\":533},{\"@type\":\"BreadcrumbList\",\"@id\":\"http:\\\/\\\/autosdelpodio.com\\\/autos\\\/el-sierra-la-burbuja-revolucionaria-de-ford-parte-1\\\/#breadcrumb\",\"itemListElement\":[{\"@type\":\"ListItem\",\"position\":1,\"name\":\"Portada\",\"item\":\"http:\\\/\\\/autosdelpodio.com\\\/autos\\\/\"},{\"@type\":\"ListItem\",\"position\":2,\"name\":\"El Sierra: La burbuja revolucionaria de Ford &#8211; Parte 1\"}]},{\"@type\":\"WebSite\",\"@id\":\"http:\\\/\\\/autosdelpodio.com\\\/autos\\\/#website\",\"url\":\"http:\\\/\\\/autosdelpodio.com\\\/autos\\\/\",\"name\":\"Autos del Podio\",\"description\":\"La sexta del deporte motor\",\"publisher\":{\"@id\":\"http:\\\/\\\/autosdelpodio.com\\\/autos\\\/#organization\"},\"potentialAction\":[{\"@type\":\"SearchAction\",\"target\":{\"@type\":\"EntryPoint\",\"urlTemplate\":\"http:\\\/\\\/autosdelpodio.com\\\/autos\\\/?s={search_term_string}\"},\"query-input\":{\"@type\":\"PropertyValueSpecification\",\"valueRequired\":true,\"valueName\":\"search_term_string\"}}],\"inLanguage\":\"es\"},{\"@type\":\"Organization\",\"@id\":\"http:\\\/\\\/autosdelpodio.com\\\/autos\\\/#organization\",\"name\":\"Autos del Podio\",\"url\":\"http:\\\/\\\/autosdelpodio.com\\\/autos\\\/\",\"logo\":{\"@type\":\"ImageObject\",\"inLanguage\":\"es\",\"@id\":\"http:\\\/\\\/autosdelpodio.com\\\/autos\\\/#\\\/schema\\\/logo\\\/image\\\/\",\"url\":\"http:\\\/\\\/autosdelpodio.com\\\/autos\\\/wp-content\\\/uploads\\\/2020\\\/08\\\/Logo_AR.jpg\",\"contentUrl\":\"http:\\\/\\\/autosdelpodio.com\\\/autos\\\/wp-content\\\/uploads\\\/2020\\\/08\\\/Logo_AR.jpg\",\"width\":1038,\"height\":1044,\"caption\":\"Autos del Podio\"},\"image\":{\"@id\":\"http:\\\/\\\/autosdelpodio.com\\\/autos\\\/#\\\/schema\\\/logo\\\/image\\\/\"},\"sameAs\":[\"https:\\\/\\\/www.facebook.com\\\/profile.php?id=100057192590976&amp;amp;amp;amp;amp;amp;amp;amp;amp;amp;amp;amp;amp;amp;amp;amp;amp;amp;ref=ts\",\"https:\\\/\\\/x.com\\\/autosdelpodio\",\"https:\\\/\\\/www.youtube.com\\\/user\\\/AutosdelPodio\"]},{\"@type\":\"Person\",\"@id\":\"http:\\\/\\\/autosdelpodio.com\\\/autos\\\/#\\\/schema\\\/person\\\/993527a4d01c3acdd3d6bce3770bc942\",\"name\":\"autosdelpodio\",\"image\":{\"@type\":\"ImageObject\",\"inLanguage\":\"es\",\"@id\":\"http:\\\/\\\/autosdelpodio.com\\\/autos\\\/wp-content\\\/litespeed\\\/avatar\\\/aa8f65cd201a80f6b844f63278aa84af.jpg?ver=1776798175\",\"url\":\"http:\\\/\\\/autosdelpodio.com\\\/autos\\\/wp-content\\\/litespeed\\\/avatar\\\/aa8f65cd201a80f6b844f63278aa84af.jpg?ver=1776798175\",\"contentUrl\":\"http:\\\/\\\/autosdelpodio.com\\\/autos\\\/wp-content\\\/litespeed\\\/avatar\\\/aa8f65cd201a80f6b844f63278aa84af.jpg?ver=1776798175\",\"caption\":\"autosdelpodio\"}}]}<\/script>\n<!-- \/ Yoast SEO plugin. -->","yoast_head_json":{"title":"Autos del Podio | El Sierra: La burbuja revolucionaria de Ford - Parte 1","description":"Autos del Podio","robots":{"index":"index","follow":"follow","max-snippet":"max-snippet:-1","max-image-preview":"max-image-preview:large","max-video-preview":"max-video-preview:-1"},"canonical":"http:\/\/autosdelpodio.com\/autos\/el-sierra-la-burbuja-revolucionaria-de-ford-parte-1\/","og_locale":"es_ES","og_type":"article","og_title":"Autos del Podio | El Sierra: La burbuja revolucionaria de Ford - Parte 1","og_description":"Autos del Podio","og_url":"http:\/\/autosdelpodio.com\/autos\/el-sierra-la-burbuja-revolucionaria-de-ford-parte-1\/","og_site_name":"Autos del Podio","article_publisher":"https:\/\/www.facebook.com\/profile.php?id=100057192590976&amp%3bamp%3bamp%3bamp%3bamp%3bamp%3bamp%3bamp%3bamp%3bamp%3bamp%3bamp%3bamp%3bamp%3bamp%3bamp%3bamp%3bamp%3bref=ts","article_published_time":"2020-05-24T01:26:02+00:00","article_modified_time":"2020-06-25T01:59:23+00:00","og_image":[{"width":800,"height":533,"url":"http:\/\/autosdelpodio.com\/autos\/wp-content\/uploads\/2020\/06\/Ford_Sierra-e1592961753499.jpg","type":"image\/jpeg"}],"author":"autosdelpodio","twitter_card":"summary_large_image","twitter_creator":"@autosdelpodio","twitter_site":"@autosdelpodio","twitter_misc":{"Escrito por":"autosdelpodio","Tiempo de lectura":"4 minutos"},"schema":{"@context":"https:\/\/schema.org","@graph":[{"@type":"Article","@id":"http:\/\/autosdelpodio.com\/autos\/el-sierra-la-burbuja-revolucionaria-de-ford-parte-1\/#article","isPartOf":{"@id":"http:\/\/autosdelpodio.com\/autos\/el-sierra-la-burbuja-revolucionaria-de-ford-parte-1\/"},"author":{"name":"autosdelpodio","@id":"http:\/\/autosdelpodio.com\/autos\/#\/schema\/person\/993527a4d01c3acdd3d6bce3770bc942"},"headline":"El Sierra: La burbuja revolucionaria de Ford &#8211; Parte 1","datePublished":"2020-05-24T01:26:02+00:00","dateModified":"2020-06-25T01:59:23+00:00","mainEntityOfPage":{"@id":"http:\/\/autosdelpodio.com\/autos\/el-sierra-la-burbuja-revolucionaria-de-ford-parte-1\/"},"wordCount":756,"commentCount":2,"publisher":{"@id":"http:\/\/autosdelpodio.com\/autos\/#organization"},"image":{"@id":"http:\/\/autosdelpodio.com\/autos\/el-sierra-la-burbuja-revolucionaria-de-ford-parte-1\/#primaryimage"},"thumbnailUrl":"http:\/\/autosdelpodio.com\/autos\/wp-content\/uploads\/2020\/06\/Ford_Sierra-e1592961753499.jpg","keywords":["Ford Sierra","Industria Automotriz","Republica Argentina"],"articleSection":["Autos Eternos","\u00daltimas noticias"],"inLanguage":"es","potentialAction":[{"@type":"CommentAction","name":"Comment","target":["http:\/\/autosdelpodio.com\/autos\/el-sierra-la-burbuja-revolucionaria-de-ford-parte-1\/#respond"]}]},{"@type":"WebPage","@id":"http:\/\/autosdelpodio.com\/autos\/el-sierra-la-burbuja-revolucionaria-de-ford-parte-1\/","url":"http:\/\/autosdelpodio.com\/autos\/el-sierra-la-burbuja-revolucionaria-de-ford-parte-1\/","name":"Autos del Podio | El Sierra: La burbuja revolucionaria de Ford - Parte 1","isPartOf":{"@id":"http:\/\/autosdelpodio.com\/autos\/#website"},"primaryImageOfPage":{"@id":"http:\/\/autosdelpodio.com\/autos\/el-sierra-la-burbuja-revolucionaria-de-ford-parte-1\/#primaryimage"},"image":{"@id":"http:\/\/autosdelpodio.com\/autos\/el-sierra-la-burbuja-revolucionaria-de-ford-parte-1\/#primaryimage"},"thumbnailUrl":"http:\/\/autosdelpodio.com\/autos\/wp-content\/uploads\/2020\/06\/Ford_Sierra-e1592961753499.jpg","datePublished":"2020-05-24T01:26:02+00:00","dateModified":"2020-06-25T01:59:23+00:00","description":"Autos del Podio","breadcrumb":{"@id":"http:\/\/autosdelpodio.com\/autos\/el-sierra-la-burbuja-revolucionaria-de-ford-parte-1\/#breadcrumb"},"inLanguage":"es","potentialAction":[{"@type":"ReadAction","target":["http:\/\/autosdelpodio.com\/autos\/el-sierra-la-burbuja-revolucionaria-de-ford-parte-1\/"]}]},{"@type":"ImageObject","inLanguage":"es","@id":"http:\/\/autosdelpodio.com\/autos\/el-sierra-la-burbuja-revolucionaria-de-ford-parte-1\/#primaryimage","url":"http:\/\/autosdelpodio.com\/autos\/wp-content\/uploads\/2020\/06\/Ford_Sierra-e1592961753499.jpg","contentUrl":"http:\/\/autosdelpodio.com\/autos\/wp-content\/uploads\/2020\/06\/Ford_Sierra-e1592961753499.jpg","width":800,"height":533},{"@type":"BreadcrumbList","@id":"http:\/\/autosdelpodio.com\/autos\/el-sierra-la-burbuja-revolucionaria-de-ford-parte-1\/#breadcrumb","itemListElement":[{"@type":"ListItem","position":1,"name":"Portada","item":"http:\/\/autosdelpodio.com\/autos\/"},{"@type":"ListItem","position":2,"name":"El Sierra: La burbuja revolucionaria de Ford &#8211; Parte 1"}]},{"@type":"WebSite","@id":"http:\/\/autosdelpodio.com\/autos\/#website","url":"http:\/\/autosdelpodio.com\/autos\/","name":"Autos del Podio","description":"La sexta del deporte motor","publisher":{"@id":"http:\/\/autosdelpodio.com\/autos\/#organization"},"potentialAction":[{"@type":"SearchAction","target":{"@type":"EntryPoint","urlTemplate":"http:\/\/autosdelpodio.com\/autos\/?s={search_term_string}"},"query-input":{"@type":"PropertyValueSpecification","valueRequired":true,"valueName":"search_term_string"}}],"inLanguage":"es"},{"@type":"Organization","@id":"http:\/\/autosdelpodio.com\/autos\/#organization","name":"Autos del Podio","url":"http:\/\/autosdelpodio.com\/autos\/","logo":{"@type":"ImageObject","inLanguage":"es","@id":"http:\/\/autosdelpodio.com\/autos\/#\/schema\/logo\/image\/","url":"http:\/\/autosdelpodio.com\/autos\/wp-content\/uploads\/2020\/08\/Logo_AR.jpg","contentUrl":"http:\/\/autosdelpodio.com\/autos\/wp-content\/uploads\/2020\/08\/Logo_AR.jpg","width":1038,"height":1044,"caption":"Autos del Podio"},"image":{"@id":"http:\/\/autosdelpodio.com\/autos\/#\/schema\/logo\/image\/"},"sameAs":["https:\/\/www.facebook.com\/profile.php?id=100057192590976&amp;amp;amp;amp;amp;amp;amp;amp;amp;amp;amp;amp;amp;amp;amp;amp;amp;amp;ref=ts","https:\/\/x.com\/autosdelpodio","https:\/\/www.youtube.com\/user\/AutosdelPodio"]},{"@type":"Person","@id":"http:\/\/autosdelpodio.com\/autos\/#\/schema\/person\/993527a4d01c3acdd3d6bce3770bc942","name":"autosdelpodio","image":{"@type":"ImageObject","inLanguage":"es","@id":"http:\/\/autosdelpodio.com\/autos\/wp-content\/litespeed\/avatar\/aa8f65cd201a80f6b844f63278aa84af.jpg?ver=1776798175","url":"http:\/\/autosdelpodio.com\/autos\/wp-content\/litespeed\/avatar\/aa8f65cd201a80f6b844f63278aa84af.jpg?ver=1776798175","contentUrl":"http:\/\/autosdelpodio.com\/autos\/wp-content\/litespeed\/avatar\/aa8f65cd201a80f6b844f63278aa84af.jpg?ver=1776798175","caption":"autosdelpodio"}}]}},"views":667,"_links":{"self":[{"href":"http:\/\/autosdelpodio.com\/autos\/wp-json\/wp\/v2\/posts\/2267","targetHints":{"allow":["GET"]}}],"collection":[{"href":"http:\/\/autosdelpodio.com\/autos\/wp-json\/wp\/v2\/posts"}],"about":[{"href":"http:\/\/autosdelpodio.com\/autos\/wp-json\/wp\/v2\/types\/post"}],"author":[{"embeddable":true,"href":"http:\/\/autosdelpodio.com\/autos\/wp-json\/wp\/v2\/users\/3"}],"replies":[{"embeddable":true,"href":"http:\/\/autosdelpodio.com\/autos\/wp-json\/wp\/v2\/comments?post=2267"}],"version-history":[{"count":2,"href":"http:\/\/autosdelpodio.com\/autos\/wp-json\/wp\/v2\/posts\/2267\/revisions"}],"predecessor-version":[{"id":2277,"href":"http:\/\/autosdelpodio.com\/autos\/wp-json\/wp\/v2\/posts\/2267\/revisions\/2277"}],"wp:featuredmedia":[{"embeddable":true,"href":"http:\/\/autosdelpodio.com\/autos\/wp-json\/wp\/v2\/media\/2268"}],"wp:attachment":[{"href":"http:\/\/autosdelpodio.com\/autos\/wp-json\/wp\/v2\/media?parent=2267"}],"wp:term":[{"taxonomy":"category","embeddable":true,"href":"http:\/\/autosdelpodio.com\/autos\/wp-json\/wp\/v2\/categories?post=2267"},{"taxonomy":"post_tag","embeddable":true,"href":"http:\/\/autosdelpodio.com\/autos\/wp-json\/wp\/v2\/tags?post=2267"}],"curies":[{"name":"wp","href":"https:\/\/api.w.org\/{rel}","templated":true}]}}