{"id":2301,"date":"2020-07-02T00:00:00","date_gmt":"2020-07-02T00:00:00","guid":{"rendered":"http:\/\/autosdelpodio.com\/autos\/?p=2301"},"modified":"2020-07-13T20:28:38","modified_gmt":"2020-07-13T20:28:38","slug":"ford-galaxy-la-segunda-oportunidad","status":"publish","type":"post","link":"http:\/\/autosdelpodio.com\/autos\/ford-galaxy-la-segunda-oportunidad\/","title":{"rendered":"Ford Galaxy, la segunda oportunidad"},"content":{"rendered":"\n<p>Cuando Autolatina discontinu\u00f3 al <a href=\"http:\/\/autosdelpodio.com\/autos\/2015\/04\/26\/el-ford-falcon-argentino\/\" target=\"_blank\" rel=\"noreferrer noopener\" aria-label=\"Falcon (se abre en una nueva pesta\u00f1a)\">Falcon<\/a>, en 1991, dej\u00f3 vacante el espacio ocupado por el \u201ccl\u00e1sico argentino\u201d. La compa\u00f1\u00eda, nacida como fusi\u00f3n de Ford y Volkswagen en Argentina y Brasil, intent\u00f3 ocuparlo con un modelo desarrollado en Brasil: el Galaxy.<br> La particularidad result\u00f3 que no se trataba de un leg\u00edtimo producto del \u00f3valo sino un Volkswagen \u201cdisfrazado\u201d de Ford. El auto fue gestado en el pa\u00eds vecino a partir de la segunda generaci\u00f3n del Santana, primo hermano del desafortunado <a href=\"http:\/\/autosdelpodio.com\/autos\/2020\/06\/25\/vw-carat-el-sedan-del-segmento-d\/\" target=\"_blank\" rel=\"noreferrer noopener\" aria-label=\"Carat (se abre en una nueva pesta\u00f1a)\">Carat<\/a>.<br> Con un frontal y colas personalizadas y el mismo lateral que el auto de Volkswagen, el Galaxy llag\u00f3 a la Argentina en 1992 para ocupar la gama alta de Ford de producci\u00f3n regional.<br> Y esta vez, la apuesta sali\u00f3 bien. Evidentemente, mejoras en las prestaciones y el magnetismo que la marca del \u00f3valo genera en el p\u00fablico argentino hizo que el auto fuese aceptado como hijo legitimo de la marca de Don Henry.<br> Ford desdobl\u00f3 la oferta en dos variantes. El modelo base, equipado con el mismo motor del Carat alimentado a carburador de doble boca, y el modelo Ghia, propulsado por el AP\/2.000i que con la misma cilindrada, pero alimentado por inyecci\u00f3n electr\u00f3nica, hab\u00eda incrementado sus prestaciones a 111 cv y su velocidad final a poco m\u00e1s de 190 km\/h. <br> Distintos de niveles de terminaci\u00f3n y equipamiento diferenciaban a las versiones del Galaxy. El Ghia introduc\u00eda sistema antibloqueo de frenos ABS, primer auto de producci\u00f3n regional en incorporarlo.<br> Las mejoras de equipamiento y prestaciones, y el remplazo del c\u00edrculo de la V y la W por el \u00f3valo, permitieron al Galaxy superar la performance comercial del Carat.<br> Pero la alegr\u00eda dur\u00f3 poco. En 1995 Autolatina fue disuelta y con la separaci\u00f3n de Ford y Volkswagen la producci\u00f3n del Galaxy fue discontinuada un a\u00f1o m\u00e1s tarde.<\/p>\n","protected":false},"excerpt":{"rendered":"<p>Cuando Autolatina discontinu\u00f3 al Falcon, en 1991, dej\u00f3 vacante el espacio ocupado por el \u201ccl\u00e1sico argentino\u201d. La compa\u00f1\u00eda, nacida como<\/p>\n","protected":false},"author":3,"featured_media":2303,"comment_status":"open","ping_status":"open","sticky":false,"template":"","format":"standard","meta":{"colormag_page_container_layout":"default_layout","colormag_page_sidebar_layout":"default_layout","footnotes":""},"categories":[21,5],"tags":[272,87,276,32,35],"class_list":["post-2301","post","type-post","status-publish","format-standard","has-post-thumbnail","hentry","category-autos-eternos","category-latest-news","tag-autolatina","tag-ford-falcon","tag-ford-galaxy","tag-industria-automotriz","tag-republica-argentina"],"yoast_head":"<!-- This site is optimized with the Yoast SEO plugin v27.5 - https:\/\/yoast.com\/product\/yoast-seo-wordpress\/ -->\n<title>Autos del Podio | Ford Galaxy, la segunda oportunidad<\/title>\n<meta name=\"description\" content=\"Autos del Podio\" \/>\n<meta name=\"robots\" content=\"index, follow, max-snippet:-1, max-image-preview:large, max-video-preview:-1\" \/>\n<link rel=\"canonical\" href=\"http:\/\/autosdelpodio.com\/autos\/ford-galaxy-la-segunda-oportunidad\/\" \/>\n<meta property=\"og:locale\" content=\"es_ES\" \/>\n<meta property=\"og:type\" content=\"article\" \/>\n<meta property=\"og:title\" content=\"Autos del Podio | Ford Galaxy, la segunda oportunidad\" \/>\n<meta property=\"og:description\" content=\"Autos del Podio\" \/>\n<meta property=\"og:url\" content=\"http:\/\/autosdelpodio.com\/autos\/ford-galaxy-la-segunda-oportunidad\/\" \/>\n<meta property=\"og:site_name\" content=\"Autos del Podio\" \/>\n<meta property=\"article:publisher\" content=\"https:\/\/www.facebook.com\/profile.php?id=100057192590976&amp;amp%3bamp%3bamp%3bamp%3bamp%3bamp%3bamp%3bamp%3bamp%3bamp%3bamp%3bamp%3bamp%3bamp%3bamp%3bamp%3bamp%3bamp%3bref=ts\" \/>\n<meta property=\"article:published_time\" content=\"2020-07-02T00:00:00+00:00\" \/>\n<meta property=\"article:modified_time\" content=\"2020-07-13T20:28:38+00:00\" \/>\n<meta property=\"og:image\" content=\"http:\/\/autosdelpodio.com\/autos\/wp-content\/uploads\/2020\/07\/Ford-Galaxy-e1593566151203.jpg\" \/>\n\t<meta property=\"og:image:width\" content=\"800\" \/>\n\t<meta property=\"og:image:height\" content=\"531\" \/>\n\t<meta property=\"og:image:type\" content=\"image\/jpeg\" \/>\n<meta name=\"author\" content=\"autosdelpodio\" \/>\n<meta name=\"twitter:card\" content=\"summary_large_image\" \/>\n<meta name=\"twitter:creator\" content=\"@autosdelpodio\" \/>\n<meta name=\"twitter:site\" content=\"@autosdelpodio\" \/>\n<meta name=\"twitter:label1\" content=\"Escrito por\" \/>\n\t<meta name=\"twitter:data1\" content=\"autosdelpodio\" \/>\n\t<meta name=\"twitter:label2\" content=\"Tiempo de lectura\" \/>\n\t<meta name=\"twitter:data2\" content=\"2 minutos\" \/>\n<script type=\"application\/ld+json\" class=\"yoast-schema-graph\">{\"@context\":\"https:\\\/\\\/schema.org\",\"@graph\":[{\"@type\":\"Article\",\"@id\":\"http:\\\/\\\/autosdelpodio.com\\\/autos\\\/ford-galaxy-la-segunda-oportunidad\\\/#article\",\"isPartOf\":{\"@id\":\"http:\\\/\\\/autosdelpodio.com\\\/autos\\\/ford-galaxy-la-segunda-oportunidad\\\/\"},\"author\":{\"name\":\"autosdelpodio\",\"@id\":\"http:\\\/\\\/autosdelpodio.com\\\/autos\\\/#\\\/schema\\\/person\\\/993527a4d01c3acdd3d6bce3770bc942\"},\"headline\":\"Ford Galaxy, la segunda oportunidad\",\"datePublished\":\"2020-07-02T00:00:00+00:00\",\"dateModified\":\"2020-07-13T20:28:38+00:00\",\"mainEntityOfPage\":{\"@id\":\"http:\\\/\\\/autosdelpodio.com\\\/autos\\\/ford-galaxy-la-segunda-oportunidad\\\/\"},\"wordCount\":318,\"commentCount\":0,\"publisher\":{\"@id\":\"http:\\\/\\\/autosdelpodio.com\\\/autos\\\/#organization\"},\"image\":{\"@id\":\"http:\\\/\\\/autosdelpodio.com\\\/autos\\\/ford-galaxy-la-segunda-oportunidad\\\/#primaryimage\"},\"thumbnailUrl\":\"http:\\\/\\\/autosdelpodio.com\\\/autos\\\/wp-content\\\/uploads\\\/2020\\\/07\\\/Ford-Galaxy-e1593566151203.jpg\",\"keywords\":[\"Autolatina\",\"Ford Falcon\",\"Ford Galaxy\",\"Industria Automotriz\",\"Republica Argentina\"],\"articleSection\":[\"Autos Eternos\",\"\u00daltimas noticias\"],\"inLanguage\":\"es\",\"potentialAction\":[{\"@type\":\"CommentAction\",\"name\":\"Comment\",\"target\":[\"http:\\\/\\\/autosdelpodio.com\\\/autos\\\/ford-galaxy-la-segunda-oportunidad\\\/#respond\"]}]},{\"@type\":\"WebPage\",\"@id\":\"http:\\\/\\\/autosdelpodio.com\\\/autos\\\/ford-galaxy-la-segunda-oportunidad\\\/\",\"url\":\"http:\\\/\\\/autosdelpodio.com\\\/autos\\\/ford-galaxy-la-segunda-oportunidad\\\/\",\"name\":\"Autos del Podio | Ford Galaxy, la segunda oportunidad\",\"isPartOf\":{\"@id\":\"http:\\\/\\\/autosdelpodio.com\\\/autos\\\/#website\"},\"primaryImageOfPage\":{\"@id\":\"http:\\\/\\\/autosdelpodio.com\\\/autos\\\/ford-galaxy-la-segunda-oportunidad\\\/#primaryimage\"},\"image\":{\"@id\":\"http:\\\/\\\/autosdelpodio.com\\\/autos\\\/ford-galaxy-la-segunda-oportunidad\\\/#primaryimage\"},\"thumbnailUrl\":\"http:\\\/\\\/autosdelpodio.com\\\/autos\\\/wp-content\\\/uploads\\\/2020\\\/07\\\/Ford-Galaxy-e1593566151203.jpg\",\"datePublished\":\"2020-07-02T00:00:00+00:00\",\"dateModified\":\"2020-07-13T20:28:38+00:00\",\"description\":\"Autos del Podio\",\"breadcrumb\":{\"@id\":\"http:\\\/\\\/autosdelpodio.com\\\/autos\\\/ford-galaxy-la-segunda-oportunidad\\\/#breadcrumb\"},\"inLanguage\":\"es\",\"potentialAction\":[{\"@type\":\"ReadAction\",\"target\":[\"http:\\\/\\\/autosdelpodio.com\\\/autos\\\/ford-galaxy-la-segunda-oportunidad\\\/\"]}]},{\"@type\":\"ImageObject\",\"inLanguage\":\"es\",\"@id\":\"http:\\\/\\\/autosdelpodio.com\\\/autos\\\/ford-galaxy-la-segunda-oportunidad\\\/#primaryimage\",\"url\":\"http:\\\/\\\/autosdelpodio.com\\\/autos\\\/wp-content\\\/uploads\\\/2020\\\/07\\\/Ford-Galaxy-e1593566151203.jpg\",\"contentUrl\":\"http:\\\/\\\/autosdelpodio.com\\\/autos\\\/wp-content\\\/uploads\\\/2020\\\/07\\\/Ford-Galaxy-e1593566151203.jpg\",\"width\":800,\"height\":531},{\"@type\":\"BreadcrumbList\",\"@id\":\"http:\\\/\\\/autosdelpodio.com\\\/autos\\\/ford-galaxy-la-segunda-oportunidad\\\/#breadcrumb\",\"itemListElement\":[{\"@type\":\"ListItem\",\"position\":1,\"name\":\"Portada\",\"item\":\"http:\\\/\\\/autosdelpodio.com\\\/autos\\\/\"},{\"@type\":\"ListItem\",\"position\":2,\"name\":\"Ford Galaxy, la segunda oportunidad\"}]},{\"@type\":\"WebSite\",\"@id\":\"http:\\\/\\\/autosdelpodio.com\\\/autos\\\/#website\",\"url\":\"http:\\\/\\\/autosdelpodio.com\\\/autos\\\/\",\"name\":\"Autos del Podio\",\"description\":\"La sexta del deporte motor\",\"publisher\":{\"@id\":\"http:\\\/\\\/autosdelpodio.com\\\/autos\\\/#organization\"},\"potentialAction\":[{\"@type\":\"SearchAction\",\"target\":{\"@type\":\"EntryPoint\",\"urlTemplate\":\"http:\\\/\\\/autosdelpodio.com\\\/autos\\\/?s={search_term_string}\"},\"query-input\":{\"@type\":\"PropertyValueSpecification\",\"valueRequired\":true,\"valueName\":\"search_term_string\"}}],\"inLanguage\":\"es\"},{\"@type\":\"Organization\",\"@id\":\"http:\\\/\\\/autosdelpodio.com\\\/autos\\\/#organization\",\"name\":\"Autos del Podio\",\"url\":\"http:\\\/\\\/autosdelpodio.com\\\/autos\\\/\",\"logo\":{\"@type\":\"ImageObject\",\"inLanguage\":\"es\",\"@id\":\"http:\\\/\\\/autosdelpodio.com\\\/autos\\\/#\\\/schema\\\/logo\\\/image\\\/\",\"url\":\"http:\\\/\\\/autosdelpodio.com\\\/autos\\\/wp-content\\\/uploads\\\/2020\\\/08\\\/Logo_AR.jpg\",\"contentUrl\":\"http:\\\/\\\/autosdelpodio.com\\\/autos\\\/wp-content\\\/uploads\\\/2020\\\/08\\\/Logo_AR.jpg\",\"width\":1038,\"height\":1044,\"caption\":\"Autos del Podio\"},\"image\":{\"@id\":\"http:\\\/\\\/autosdelpodio.com\\\/autos\\\/#\\\/schema\\\/logo\\\/image\\\/\"},\"sameAs\":[\"https:\\\/\\\/www.facebook.com\\\/profile.php?id=100057192590976&amp;amp;amp;amp;amp;amp;amp;amp;amp;amp;amp;amp;amp;amp;amp;amp;amp;amp;ref=ts\",\"https:\\\/\\\/x.com\\\/autosdelpodio\",\"https:\\\/\\\/www.youtube.com\\\/user\\\/AutosdelPodio\"]},{\"@type\":\"Person\",\"@id\":\"http:\\\/\\\/autosdelpodio.com\\\/autos\\\/#\\\/schema\\\/person\\\/993527a4d01c3acdd3d6bce3770bc942\",\"name\":\"autosdelpodio\",\"image\":{\"@type\":\"ImageObject\",\"inLanguage\":\"es\",\"@id\":\"http:\\\/\\\/autosdelpodio.com\\\/autos\\\/wp-content\\\/litespeed\\\/avatar\\\/aa8f65cd201a80f6b844f63278aa84af.jpg?ver=1777403005\",\"url\":\"http:\\\/\\\/autosdelpodio.com\\\/autos\\\/wp-content\\\/litespeed\\\/avatar\\\/aa8f65cd201a80f6b844f63278aa84af.jpg?ver=1777403005\",\"contentUrl\":\"http:\\\/\\\/autosdelpodio.com\\\/autos\\\/wp-content\\\/litespeed\\\/avatar\\\/aa8f65cd201a80f6b844f63278aa84af.jpg?ver=1777403005\",\"caption\":\"autosdelpodio\"}}]}<\/script>\n<!-- \/ Yoast SEO plugin. -->","yoast_head_json":{"title":"Autos del Podio | Ford Galaxy, la segunda oportunidad","description":"Autos del Podio","robots":{"index":"index","follow":"follow","max-snippet":"max-snippet:-1","max-image-preview":"max-image-preview:large","max-video-preview":"max-video-preview:-1"},"canonical":"http:\/\/autosdelpodio.com\/autos\/ford-galaxy-la-segunda-oportunidad\/","og_locale":"es_ES","og_type":"article","og_title":"Autos del Podio | Ford Galaxy, la segunda oportunidad","og_description":"Autos del Podio","og_url":"http:\/\/autosdelpodio.com\/autos\/ford-galaxy-la-segunda-oportunidad\/","og_site_name":"Autos del Podio","article_publisher":"https:\/\/www.facebook.com\/profile.php?id=100057192590976&amp%3bamp%3bamp%3bamp%3bamp%3bamp%3bamp%3bamp%3bamp%3bamp%3bamp%3bamp%3bamp%3bamp%3bamp%3bamp%3bamp%3bamp%3bref=ts","article_published_time":"2020-07-02T00:00:00+00:00","article_modified_time":"2020-07-13T20:28:38+00:00","og_image":[{"width":800,"height":531,"url":"http:\/\/autosdelpodio.com\/autos\/wp-content\/uploads\/2020\/07\/Ford-Galaxy-e1593566151203.jpg","type":"image\/jpeg"}],"author":"autosdelpodio","twitter_card":"summary_large_image","twitter_creator":"@autosdelpodio","twitter_site":"@autosdelpodio","twitter_misc":{"Escrito por":"autosdelpodio","Tiempo de lectura":"2 minutos"},"schema":{"@context":"https:\/\/schema.org","@graph":[{"@type":"Article","@id":"http:\/\/autosdelpodio.com\/autos\/ford-galaxy-la-segunda-oportunidad\/#article","isPartOf":{"@id":"http:\/\/autosdelpodio.com\/autos\/ford-galaxy-la-segunda-oportunidad\/"},"author":{"name":"autosdelpodio","@id":"http:\/\/autosdelpodio.com\/autos\/#\/schema\/person\/993527a4d01c3acdd3d6bce3770bc942"},"headline":"Ford Galaxy, la segunda oportunidad","datePublished":"2020-07-02T00:00:00+00:00","dateModified":"2020-07-13T20:28:38+00:00","mainEntityOfPage":{"@id":"http:\/\/autosdelpodio.com\/autos\/ford-galaxy-la-segunda-oportunidad\/"},"wordCount":318,"commentCount":0,"publisher":{"@id":"http:\/\/autosdelpodio.com\/autos\/#organization"},"image":{"@id":"http:\/\/autosdelpodio.com\/autos\/ford-galaxy-la-segunda-oportunidad\/#primaryimage"},"thumbnailUrl":"http:\/\/autosdelpodio.com\/autos\/wp-content\/uploads\/2020\/07\/Ford-Galaxy-e1593566151203.jpg","keywords":["Autolatina","Ford Falcon","Ford Galaxy","Industria Automotriz","Republica Argentina"],"articleSection":["Autos Eternos","\u00daltimas noticias"],"inLanguage":"es","potentialAction":[{"@type":"CommentAction","name":"Comment","target":["http:\/\/autosdelpodio.com\/autos\/ford-galaxy-la-segunda-oportunidad\/#respond"]}]},{"@type":"WebPage","@id":"http:\/\/autosdelpodio.com\/autos\/ford-galaxy-la-segunda-oportunidad\/","url":"http:\/\/autosdelpodio.com\/autos\/ford-galaxy-la-segunda-oportunidad\/","name":"Autos del Podio | Ford Galaxy, la segunda oportunidad","isPartOf":{"@id":"http:\/\/autosdelpodio.com\/autos\/#website"},"primaryImageOfPage":{"@id":"http:\/\/autosdelpodio.com\/autos\/ford-galaxy-la-segunda-oportunidad\/#primaryimage"},"image":{"@id":"http:\/\/autosdelpodio.com\/autos\/ford-galaxy-la-segunda-oportunidad\/#primaryimage"},"thumbnailUrl":"http:\/\/autosdelpodio.com\/autos\/wp-content\/uploads\/2020\/07\/Ford-Galaxy-e1593566151203.jpg","datePublished":"2020-07-02T00:00:00+00:00","dateModified":"2020-07-13T20:28:38+00:00","description":"Autos del Podio","breadcrumb":{"@id":"http:\/\/autosdelpodio.com\/autos\/ford-galaxy-la-segunda-oportunidad\/#breadcrumb"},"inLanguage":"es","potentialAction":[{"@type":"ReadAction","target":["http:\/\/autosdelpodio.com\/autos\/ford-galaxy-la-segunda-oportunidad\/"]}]},{"@type":"ImageObject","inLanguage":"es","@id":"http:\/\/autosdelpodio.com\/autos\/ford-galaxy-la-segunda-oportunidad\/#primaryimage","url":"http:\/\/autosdelpodio.com\/autos\/wp-content\/uploads\/2020\/07\/Ford-Galaxy-e1593566151203.jpg","contentUrl":"http:\/\/autosdelpodio.com\/autos\/wp-content\/uploads\/2020\/07\/Ford-Galaxy-e1593566151203.jpg","width":800,"height":531},{"@type":"BreadcrumbList","@id":"http:\/\/autosdelpodio.com\/autos\/ford-galaxy-la-segunda-oportunidad\/#breadcrumb","itemListElement":[{"@type":"ListItem","position":1,"name":"Portada","item":"http:\/\/autosdelpodio.com\/autos\/"},{"@type":"ListItem","position":2,"name":"Ford Galaxy, la segunda oportunidad"}]},{"@type":"WebSite","@id":"http:\/\/autosdelpodio.com\/autos\/#website","url":"http:\/\/autosdelpodio.com\/autos\/","name":"Autos del Podio","description":"La sexta del deporte motor","publisher":{"@id":"http:\/\/autosdelpodio.com\/autos\/#organization"},"potentialAction":[{"@type":"SearchAction","target":{"@type":"EntryPoint","urlTemplate":"http:\/\/autosdelpodio.com\/autos\/?s={search_term_string}"},"query-input":{"@type":"PropertyValueSpecification","valueRequired":true,"valueName":"search_term_string"}}],"inLanguage":"es"},{"@type":"Organization","@id":"http:\/\/autosdelpodio.com\/autos\/#organization","name":"Autos del Podio","url":"http:\/\/autosdelpodio.com\/autos\/","logo":{"@type":"ImageObject","inLanguage":"es","@id":"http:\/\/autosdelpodio.com\/autos\/#\/schema\/logo\/image\/","url":"http:\/\/autosdelpodio.com\/autos\/wp-content\/uploads\/2020\/08\/Logo_AR.jpg","contentUrl":"http:\/\/autosdelpodio.com\/autos\/wp-content\/uploads\/2020\/08\/Logo_AR.jpg","width":1038,"height":1044,"caption":"Autos del Podio"},"image":{"@id":"http:\/\/autosdelpodio.com\/autos\/#\/schema\/logo\/image\/"},"sameAs":["https:\/\/www.facebook.com\/profile.php?id=100057192590976&amp;amp;amp;amp;amp;amp;amp;amp;amp;amp;amp;amp;amp;amp;amp;amp;amp;amp;ref=ts","https:\/\/x.com\/autosdelpodio","https:\/\/www.youtube.com\/user\/AutosdelPodio"]},{"@type":"Person","@id":"http:\/\/autosdelpodio.com\/autos\/#\/schema\/person\/993527a4d01c3acdd3d6bce3770bc942","name":"autosdelpodio","image":{"@type":"ImageObject","inLanguage":"es","@id":"http:\/\/autosdelpodio.com\/autos\/wp-content\/litespeed\/avatar\/aa8f65cd201a80f6b844f63278aa84af.jpg?ver=1777403005","url":"http:\/\/autosdelpodio.com\/autos\/wp-content\/litespeed\/avatar\/aa8f65cd201a80f6b844f63278aa84af.jpg?ver=1777403005","contentUrl":"http:\/\/autosdelpodio.com\/autos\/wp-content\/litespeed\/avatar\/aa8f65cd201a80f6b844f63278aa84af.jpg?ver=1777403005","caption":"autosdelpodio"}}]}},"views":4930,"_links":{"self":[{"href":"http:\/\/autosdelpodio.com\/autos\/wp-json\/wp\/v2\/posts\/2301","targetHints":{"allow":["GET"]}}],"collection":[{"href":"http:\/\/autosdelpodio.com\/autos\/wp-json\/wp\/v2\/posts"}],"about":[{"href":"http:\/\/autosdelpodio.com\/autos\/wp-json\/wp\/v2\/types\/post"}],"author":[{"embeddable":true,"href":"http:\/\/autosdelpodio.com\/autos\/wp-json\/wp\/v2\/users\/3"}],"replies":[{"embeddable":true,"href":"http:\/\/autosdelpodio.com\/autos\/wp-json\/wp\/v2\/comments?post=2301"}],"version-history":[{"count":1,"href":"http:\/\/autosdelpodio.com\/autos\/wp-json\/wp\/v2\/posts\/2301\/revisions"}],"predecessor-version":[{"id":2302,"href":"http:\/\/autosdelpodio.com\/autos\/wp-json\/wp\/v2\/posts\/2301\/revisions\/2302"}],"wp:featuredmedia":[{"embeddable":true,"href":"http:\/\/autosdelpodio.com\/autos\/wp-json\/wp\/v2\/media\/2303"}],"wp:attachment":[{"href":"http:\/\/autosdelpodio.com\/autos\/wp-json\/wp\/v2\/media?parent=2301"}],"wp:term":[{"taxonomy":"category","embeddable":true,"href":"http:\/\/autosdelpodio.com\/autos\/wp-json\/wp\/v2\/categories?post=2301"},{"taxonomy":"post_tag","embeddable":true,"href":"http:\/\/autosdelpodio.com\/autos\/wp-json\/wp\/v2\/tags?post=2301"}],"curies":[{"name":"wp","href":"https:\/\/api.w.org\/{rel}","templated":true}]}}