{"id":2336,"date":"2020-07-13T19:46:56","date_gmt":"2020-07-13T19:46:56","guid":{"rendered":"http:\/\/autosdelpodio.com\/autos\/?p=2336"},"modified":"2020-07-14T20:39:53","modified_gmt":"2020-07-14T20:39:53","slug":"historias-con-acento-cordobes","status":"publish","type":"post","link":"http:\/\/autosdelpodio.com\/autos\/historias-con-acento-cordobes\/","title":{"rendered":"Historias con acento cordob\u00e9s"},"content":{"rendered":"\n<p>El Museo de la Industria fue inaugurado el 19 de diciembre de\n1996 por el entonces intendente municipal, Dr. Rub\u00e9n Am\u00e9rico Mart\u00ed, con la\nintenci\u00f3n de homenajear a los pioneros de la industria nacional que tuvo su\nepicentro en C\u00f3rdoba. <\/p>\n\n\n\n<p>El edificio donde funciona es un t\u00edpico exponente de la\narquitectura ferroviaria inglesa. Fue construido en 1896 en el extremo noreste\ndel Barrio General Paz, dentro de lo que fuera el viejo play\u00f3n de carga y\ndescarga del Ferrocarril Central Argentino (FFCC Manuel Belgrano). Est\u00e1\nconstituido por una serie de cinco naves apareadas con sus fachadas realizadas\nen ladrillo a la vista. En\nsus molduras, detalles de terminaci\u00f3n, remates, cornisas y enmarques de\naberturas, se puede apreciar un delicado manejo artesanal del ladrillo.<br>\nLa techumbre de cada m\u00f3dulo se resuelve a dos aguas, con bellas cabriadas de\npinotea y una lucera cenital ubicada en la cumbrera, lo que favorece el\naprovechamiento al m\u00e1ximo de la luz natural (ideal para fotos sin flash). El techo\nest\u00e1 recubierto con tejas francesas.<br>\nEste espacio rectangular de 70&nbsp;x 34 m. se ve saturado por 36 columnas de\nfundici\u00f3n de hierro (ghisa), espaciadas 3,50 m. en sentido longitudinal y 13,50 m. en el sentido\ntransversal.<br>\nEn sus primeros a\u00f1os funcion\u00f3 como taller de reparaciones de locomotoras y\nvagones, hasta que esta actividad fue trasladada a Cruz del Eje. A partir de\nentonces fue utilizado como dep\u00f3sito de los explosivos empleados para la\nconstrucci\u00f3n del trazado del tren de las sierras, tarea que requiri\u00f3 como\nmedida de seguridad de un sistema especial de pararrayos.<br>\nTiempo despu\u00e9s sirvi\u00f3 como dep\u00f3sito de carpinter\u00eda y en 1980, a partir del cierre\nde IME S.A. (Industrias Mec\u00e1nicas del Estado), una cooperativa de ex empleados\nde la empresa intent\u00f3 en sus instalaciones continuar con la construcci\u00f3n del popular\nRastrojero. <\/p>\n\n\n\n<p>La Municipalidad de C\u00f3rdoba rescat\u00f3 este patrimonio cultural,\nluego de un trabajo de refuncializaci\u00f3n y puesta en valor donde fue dotado de\ninstalaciones apropiadas para su nueva actividad. El reciclaje del edificio se\nrealiz\u00f3 preservando su gran val\u00eda arquitect\u00f3nica, llegando en algunos casos a\nrealizar verdaderas tareas de restauraci\u00f3n, como por ejemplo en las columnas de\nfundici\u00f3n, tiranter\u00eda y carpinter\u00eda de madera, como as\u00ed tambi\u00e9n en las\nhermos\u00edsimas tejas francesas, todos ellos elementos de alto valor, ya sea por\nla calidad de su ejecuci\u00f3n como por la bondad de sus materiales. <\/p>\n\n\n\n<p>A trav\u00e9s de sus de 2.500 m2&nbsp;de superficie es posible recorrer gran parte de la historia de la industria nacional representada por los m\u00e1s variados rubros que reflejan la diversidad de f\u00e1bricas que se fueron creando desde la \u00e9poca de la colonizaci\u00f3n, cuando se realiz\u00f3 la primera exportaci\u00f3n textil a Brasil, precisamente desde C\u00f3rdoba.<br> Desde aviones a computadoras, un abanico de productos industriales se exhibe como testigo de una \u00e9poca de acelerada industrializaci\u00f3n, que transform\u00f3 a la provincia mediterr\u00e1nea en el mayor polo de desarrollo tecnol\u00f3gico, con una actividad enfocada prioritariamente en el sector metalmec\u00e1nico, donde su rol pionero en el desarrollo de la industria aeron\u00e1utica primero y automotriz despu\u00e9s, se ve mayoritariamente representado con la profusa presencia de aviones, planeadores, autom\u00f3viles y utilitarios que salieron de las l\u00edneas de montaje de lo que originalmente fue la F\u00e1brica Militar de Aviones (FMA) inaugurada en 1927. Este avanzado complejo industrial, en su momento \u00fanico en Latinoam\u00e9rica, fue el punto de partida a partir de la segunda mitad de la d\u00e9cada de 1940, para la aparici\u00f3n de un importante anillo de proveedores industriales privados que crecieron a la par de esta iniciativa estatal y sentaron las bases de una s\u00f3lida industria con ramificaciones en el sector autopartista a partir de los a\u00f1os 50, cuando las actividades de la fabrica se extendieron a la producci\u00f3n de autom\u00f3viles, motos y tractores bajo la orbita de la nueva estructura que dio origen a <a href=\"http:\/\/autosdelpodio.com\/autos\/2020\/04\/04\/el-rastrojero-taxi\/\" target=\"_blank\" rel=\"noreferrer noopener\" aria-label=\"IAME (se abre en una nueva pesta\u00f1a)\">IAME<\/a> (Industrias Aeron\u00e1uticas y Mec\u00e1nicas del Estado).<br> La huella de <a href=\"http:\/\/autosdelpodio.com\/autos\/2020\/05\/18\/entrevista-a-heriberto-pronello\/\" target=\"_blank\" rel=\"noreferrer noopener\" aria-label=\"Industrias Kaiser Argentina (se abre en una nueva pesta\u00f1a)\">Industrias Kaiser Argentina<\/a> (IKA), la primera f\u00e1brica de producci\u00f3n masiva de automotores de origen extranjero radicada en 1955, se puede seguir desde <a href=\"http:\/\/autosdelpodio.com\/autos\/2020\/04\/27\/el-nacimiento-del-jeep\/\" target=\"_blank\" rel=\"noreferrer noopener\" aria-label=\"el primer Jeep argentino (se abre en una nueva pesta\u00f1a)\">el primer Jeep argentino<\/a> fabricado el 27 de abril de 1956, hasta la amplia gama de modelos Renault, pasando por&nbsp; los confortables y aristocr\u00e1ticos <a href=\"http:\/\/autosdelpodio.com\/autos\/2015\/12\/13\/el-rambler-el-compacto-insignia-de-ika\/\" target=\"_blank\" rel=\"noreferrer noopener\" aria-label=\"Rambler (se abre en una nueva pesta\u00f1a)\">Rambler<\/a> en versiones Ambassador y Cross Country, el Kaiser Bergant\u00edn y el Kaiser Carabela, primer auto de pasajeros de alta gama fabricado en Argentina. <br> Adem\u00e1s de los objetos hist\u00f3ricos, el museo brinda un espacio destacado a los proyectos contempor\u00e1neos que surgen de la iniciativa y creatividad de estudiantes y profesionales cordobeses como la pick up y el motor diesel turbo desarrollado por L\u00f3pez Orozco y un vehiculo de concepto proyectado por un grupo de estudiantes de la carrera de Dise\u00f1o Industrial de la Universidad de C\u00f3rdoba.<\/p>\n\n\n\n<figure class=\"wp-block-image size-large\"><img fetchpriority=\"high\" decoding=\"async\" width=\"800\" height=\"533\" src=\"http:\/\/autosdelpodio.com\/autos\/wp-content\/uploads\/2020\/07\/Sumario.jpg\" alt=\"\" class=\"wp-image-2340\" srcset=\"http:\/\/autosdelpodio.com\/autos\/wp-content\/uploads\/2020\/07\/Sumario.jpg 800w, http:\/\/autosdelpodio.com\/autos\/wp-content\/uploads\/2020\/07\/Sumario-300x200.jpg 300w, http:\/\/autosdelpodio.com\/autos\/wp-content\/uploads\/2020\/07\/Sumario-768x512.jpg 768w\" sizes=\"(max-width: 800px) 100vw, 800px\" \/><figcaption><strong>Los clasicos de IAME presentes en el Museo de La Docta<\/strong><\/figcaption><\/figure>\n\n\n\n<p> Un lugar destacado poseen los veh\u00edculos que surgieron de IAME, que &nbsp;juegan de local en el museo, su diversidad se ve reflejada en un sed\u00e1n Graciela, dos chatitas Institec, un Rastrojero Pick Up y una versi\u00f3n doble cabina, cuatro puertas denominada <a href=\"http:\/\/autosdelpodio.com\/autos\/2020\/04\/04\/el-rastrojero-taxi\/\" target=\"_blank\" rel=\"noreferrer noopener\" aria-label=\"Conosur (se abre en una nueva pesta\u00f1a)\">Conosur<\/a>, que fue proyectada especialmente para el servicio de taxi. Adem\u00e1s del tractor Pampa, el primero fabricado en Argentina, no pod\u00edan faltar la producci\u00f3n aeron\u00e1utica representada en el avi\u00f3n Guaran\u00ed y las alas voladoras de Reiman Horten. Durante un tiempo fueron exhibidos all\u00ed los aviones con propulsi\u00f3n a reacci\u00f3n Pulqui I y Pulqui II.<br> Entre los veh\u00edculos pioneros se destaca el primer cami\u00f3n Fiat 619 fabricado en la planta de Ferreyra en febrero de 1969, un exponente del poderoso complejo industrial que hab\u00eda edificado Fiat en C\u00f3rdoba integrado por las f\u00e1bricas Concord, Materfer y Grandes Motores Diesel.<br> Una de las curiosidades mas llamativas es el prototipo R-40, proyecto \u00edntegramente realizado por IKA \u2013 Renault en 1973 para remplazar al legendario Torino. Otro veh\u00edculo destacado es el Papam\u00f3vil, construido en la planta Renault Santa Isabel sobre el chasis de una pick up Traffic para uso oficial de Juan Pablo II en su segunda visita al pa\u00eds en abril de 1987. En otro sector llaman la atenci\u00f3n por su construcci\u00f3n la Ferrari 3500 CC y el Maserati 4500, r\u00e9plicas construidas especialmente para el rodaje de \u201cOperaci\u00f3n Fangio\u201d, la pel\u00edcula protagonizada por Dar\u00edo Grandinetti que recuerda el secuestro del quintuple en Cuba en febrero de 1958.<\/p>\n\n\n\n<p>El automovilismo deportivo tiene su espacio representado por las r\u00e9plicas del Falcon F-100 de 1967 y la  cupecita Chevrolet 1939, veh\u00edculos que condujera el recordado Oscar Cabal\u00e9n. Teniendo en cuenta el rol protag\u00f3nico de C\u00f3rdoba como sede oficial del Rally argentino y del World Rally Championship, dos <a href=\"http:\/\/autosdelpodio.com\/autos\/2020\/03\/31\/r18-nuevo-por-fuera-y-por-dentro\/\" target=\"_blank\" rel=\"noreferrer noopener\" aria-label=\"Renault 18 (se abre en una nueva pesta\u00f1a)\">Renault 18<\/a>, un Clio y un Megane Coup\u00e9, todos del equipo oficial Renault, dan testimonio de este v\u00ednculo estrecho entre la marca, la provincia y esta exigente competencia.<\/p>\n\n\n\n<p>Para los curiosos de la mec\u00e1nica se exhiben cortes del motor Institec de dos tiempos y del motor y cajas de velocidades Borgward que empleaba el Rastrojero.<\/p>\n\n\n\n<figure class=\"wp-block-gallery aligncenter columns-3 is-cropped wp-block-gallery-1 is-layout-flex wp-block-gallery-is-layout-flex\"><ul class=\"blocks-gallery-grid\"><li class=\"blocks-gallery-item\"><figure><img decoding=\"async\" width=\"886\" height=\"749\" src=\"http:\/\/autosdelpodio.com\/autos\/wp-content\/uploads\/2020\/07\/Papamovil-1.jpg\" alt=\"\" data-id=\"2346\" data-full-url=\"http:\/\/autosdelpodio.com\/autos\/wp-content\/uploads\/2020\/07\/Papamovil-1.jpg\" data-link=\"http:\/\/autosdelpodio.com\/autos\/2020\/07\/13\/historias-con-acento-cordobes\/papamovil-1\/\" class=\"wp-image-2346\" srcset=\"http:\/\/autosdelpodio.com\/autos\/wp-content\/uploads\/2020\/07\/Papamovil-1.jpg 886w, http:\/\/autosdelpodio.com\/autos\/wp-content\/uploads\/2020\/07\/Papamovil-1-300x254.jpg 300w, http:\/\/autosdelpodio.com\/autos\/wp-content\/uploads\/2020\/07\/Papamovil-1-768x649.jpg 768w\" sizes=\"(max-width: 886px) 100vw, 886px\" \/><figcaption class=\"blocks-gallery-item__caption\">El Papamovil utilizado por Juan Pablo II<\/figcaption><\/figure><\/li><li class=\"blocks-gallery-item\"><figure><img decoding=\"async\" width=\"886\" height=\"590\" src=\"http:\/\/autosdelpodio.com\/autos\/wp-content\/uploads\/2020\/07\/R-40.jpg\" alt=\"\" data-id=\"2347\" data-full-url=\"http:\/\/autosdelpodio.com\/autos\/wp-content\/uploads\/2020\/07\/R-40.jpg\" data-link=\"http:\/\/autosdelpodio.com\/autos\/2020\/07\/13\/historias-con-acento-cordobes\/r-40\/\" class=\"wp-image-2347\" srcset=\"http:\/\/autosdelpodio.com\/autos\/wp-content\/uploads\/2020\/07\/R-40.jpg 886w, http:\/\/autosdelpodio.com\/autos\/wp-content\/uploads\/2020\/07\/R-40-300x200.jpg 300w, http:\/\/autosdelpodio.com\/autos\/wp-content\/uploads\/2020\/07\/R-40-768x511.jpg 768w\" sizes=\"(max-width: 886px) 100vw, 886px\" \/><figcaption class=\"blocks-gallery-item__caption\">R40<\/figcaption><\/figure><\/li><li class=\"blocks-gallery-item\"><figure><img loading=\"lazy\" decoding=\"async\" width=\"591\" height=\"393\" src=\"http:\/\/autosdelpodio.com\/autos\/wp-content\/uploads\/2020\/07\/Jeep.jpg\" alt=\"\" data-id=\"2341\" data-full-url=\"http:\/\/autosdelpodio.com\/autos\/wp-content\/uploads\/2020\/07\/Jeep.jpg\" data-link=\"http:\/\/autosdelpodio.com\/autos\/2020\/07\/13\/historias-con-acento-cordobes\/jeep\/\" class=\"wp-image-2341\" srcset=\"http:\/\/autosdelpodio.com\/autos\/wp-content\/uploads\/2020\/07\/Jeep.jpg 591w, http:\/\/autosdelpodio.com\/autos\/wp-content\/uploads\/2020\/07\/Jeep-300x199.jpg 300w\" sizes=\"(max-width: 591px) 100vw, 591px\" \/><figcaption class=\"blocks-gallery-item__caption\">El clasico Jeep<\/figcaption><\/figure><\/li><li class=\"blocks-gallery-item\"><figure><img loading=\"lazy\" decoding=\"async\" width=\"886\" height=\"590\" src=\"http:\/\/autosdelpodio.com\/autos\/wp-content\/uploads\/2020\/07\/Motos.jpg\" alt=\"\" data-id=\"2344\" data-full-url=\"http:\/\/autosdelpodio.com\/autos\/wp-content\/uploads\/2020\/07\/Motos.jpg\" data-link=\"http:\/\/autosdelpodio.com\/autos\/2020\/07\/13\/historias-con-acento-cordobes\/motos-2\/\" class=\"wp-image-2344\" srcset=\"http:\/\/autosdelpodio.com\/autos\/wp-content\/uploads\/2020\/07\/Motos.jpg 886w, http:\/\/autosdelpodio.com\/autos\/wp-content\/uploads\/2020\/07\/Motos-300x200.jpg 300w, http:\/\/autosdelpodio.com\/autos\/wp-content\/uploads\/2020\/07\/Motos-768x511.jpg 768w\" sizes=\"(max-width: 886px) 100vw, 886px\" \/><figcaption class=\"blocks-gallery-item__caption\">Motos aut\u00f3ctonas<\/figcaption><\/figure><\/li><\/ul><\/figure>\n\n\n\n<p>Pero no todos son autos. Medio centenar de motos de variadas marcas como Ancon, Aydil, Gilera, Puma, Tehuelche, Zanella, entre otras, rivalizan en protagonismo con los veh\u00edculos de cuatro ruedas.<\/p>\n\n\n\n<p>Entre\nlos objetos no orientados al transporte se destacan computadoras Microsistemas\nde comienzos de la d\u00e9cada del \u00b470 y la reproducci\u00f3n de un set de televisi\u00f3n de\nla misma \u00e9poca. La actividad del museo no se limita a la exhibici\u00f3n de las\npiezas hist\u00f3ricas, sino que en forma peri\u00f3dica realiza eventos relacionados con\naniversarios de las distintas industrias, homenajes a los protagonistas de la\nindustria y ciclos de conferencias en su amplio auditorio.<\/p>\n\n\n\n<p>El\nMuseo no est\u00e1 solo, cuenta con una Asociaci\u00f3n de Amigos, integrada por\ndestacadas personalidades de la industria nacional, cuya misi\u00f3n es restaurar,\ncolaborar en la obtenci\u00f3n de elementos para exposici\u00f3n y organizar un archivo\nhist\u00f3rico de todo lo producido por la industria nacional.<\/p>\n\n\n\n<p><strong><em>Donde y cuando<\/em><\/strong><\/p>\n\n\n\n<p>Libertad\ny Pringles de barrio General Paz.<\/p>\n\n\n\n<p>Martes a S\u00e1bados de 9:00 a 19:00 &#8211; Domingos de 13.00 a 19:00.<\/p>\n\n\n\n<p><em>Foto y texto: Gustavo Feder, editor de <a href=\"http:\/\/www.autohistoria.com.ar\/\" target=\"_blank\" rel=\"noreferrer noopener\" aria-label=\"Autohistoria (se abre en una nueva pesta\u00f1a)\">Autohistoria<\/a> <\/em><\/p>\n","protected":false},"excerpt":{"rendered":"<p>El Museo de la Industria fue inaugurado el 19 de diciembre de 1996 por el entonces intendente municipal, Dr. Rub\u00e9n<\/p>\n","protected":false},"author":3,"featured_media":2337,"comment_status":"open","ping_status":"open","sticky":false,"template":"","format":"standard","meta":{"colormag_page_container_layout":"default_layout","colormag_page_sidebar_layout":"default_layout","footnotes":""},"categories":[6,5],"tags":[111,290,113,62,35],"class_list":["post-2336","post","type-post","status-publish","format-standard","has-post-thumbnail","hentry","category-newsflash","category-latest-news","tag-cordoba","tag-la-docta","tag-museo-de-la-industria","tag-museos","tag-republica-argentina"],"yoast_head":"<!-- This site is optimized with the Yoast SEO plugin v27.5 - https:\/\/yoast.com\/product\/yoast-seo-wordpress\/ -->\n<title>Autos del Podio | Historias con acento cordob\u00e9s<\/title>\n<meta name=\"description\" content=\"Autos del Podio\" \/>\n<meta name=\"robots\" content=\"index, follow, max-snippet:-1, max-image-preview:large, max-video-preview:-1\" \/>\n<link rel=\"canonical\" href=\"http:\/\/autosdelpodio.com\/autos\/historias-con-acento-cordobes\/\" \/>\n<meta property=\"og:locale\" content=\"es_ES\" \/>\n<meta property=\"og:type\" content=\"article\" \/>\n<meta property=\"og:title\" content=\"Autos del Podio | Historias con acento cordob\u00e9s\" \/>\n<meta property=\"og:description\" content=\"Autos del Podio\" \/>\n<meta property=\"og:url\" content=\"http:\/\/autosdelpodio.com\/autos\/historias-con-acento-cordobes\/\" \/>\n<meta property=\"og:site_name\" content=\"Autos del Podio\" \/>\n<meta property=\"article:publisher\" content=\"https:\/\/www.facebook.com\/profile.php?id=100057192590976&amp;amp%3bamp%3bamp%3bamp%3bamp%3bamp%3bamp%3bamp%3bamp%3bamp%3bamp%3bamp%3bamp%3bamp%3bamp%3bamp%3bamp%3bamp%3bref=ts\" \/>\n<meta property=\"article:published_time\" content=\"2020-07-13T19:46:56+00:00\" \/>\n<meta property=\"article:modified_time\" content=\"2020-07-14T20:39:53+00:00\" \/>\n<meta property=\"og:image\" content=\"http:\/\/autosdelpodio.com\/autos\/wp-content\/uploads\/2020\/07\/Apertura-e1594669524128.jpg\" \/>\n\t<meta property=\"og:image:width\" content=\"840\" \/>\n\t<meta property=\"og:image:height\" content=\"486\" \/>\n\t<meta property=\"og:image:type\" content=\"image\/jpeg\" \/>\n<meta name=\"author\" content=\"autosdelpodio\" \/>\n<meta name=\"twitter:card\" content=\"summary_large_image\" \/>\n<meta name=\"twitter:creator\" content=\"@autosdelpodio\" \/>\n<meta name=\"twitter:site\" content=\"@autosdelpodio\" \/>\n<meta name=\"twitter:label1\" content=\"Escrito por\" \/>\n\t<meta name=\"twitter:data1\" content=\"autosdelpodio\" \/>\n\t<meta name=\"twitter:label2\" content=\"Tiempo de lectura\" \/>\n\t<meta name=\"twitter:data2\" content=\"7 minutos\" \/>\n<script type=\"application\/ld+json\" class=\"yoast-schema-graph\">{\"@context\":\"https:\\\/\\\/schema.org\",\"@graph\":[{\"@type\":\"Article\",\"@id\":\"http:\\\/\\\/autosdelpodio.com\\\/autos\\\/historias-con-acento-cordobes\\\/#article\",\"isPartOf\":{\"@id\":\"http:\\\/\\\/autosdelpodio.com\\\/autos\\\/historias-con-acento-cordobes\\\/\"},\"author\":{\"name\":\"autosdelpodio\",\"@id\":\"http:\\\/\\\/autosdelpodio.com\\\/autos\\\/#\\\/schema\\\/person\\\/993527a4d01c3acdd3d6bce3770bc942\"},\"headline\":\"Historias con acento cordob\u00e9s\",\"datePublished\":\"2020-07-13T19:46:56+00:00\",\"dateModified\":\"2020-07-14T20:39:53+00:00\",\"mainEntityOfPage\":{\"@id\":\"http:\\\/\\\/autosdelpodio.com\\\/autos\\\/historias-con-acento-cordobes\\\/\"},\"wordCount\":1405,\"commentCount\":0,\"publisher\":{\"@id\":\"http:\\\/\\\/autosdelpodio.com\\\/autos\\\/#organization\"},\"image\":{\"@id\":\"http:\\\/\\\/autosdelpodio.com\\\/autos\\\/historias-con-acento-cordobes\\\/#primaryimage\"},\"thumbnailUrl\":\"http:\\\/\\\/autosdelpodio.com\\\/autos\\\/wp-content\\\/uploads\\\/2020\\\/07\\\/Apertura-e1594669524128.jpg\",\"keywords\":[\"Cordoba\",\"La Docta\",\"Museo de la Industria\",\"Museos\",\"Republica Argentina\"],\"articleSection\":[\"Destacado\",\"\u00daltimas noticias\"],\"inLanguage\":\"es\",\"potentialAction\":[{\"@type\":\"CommentAction\",\"name\":\"Comment\",\"target\":[\"http:\\\/\\\/autosdelpodio.com\\\/autos\\\/historias-con-acento-cordobes\\\/#respond\"]}]},{\"@type\":\"WebPage\",\"@id\":\"http:\\\/\\\/autosdelpodio.com\\\/autos\\\/historias-con-acento-cordobes\\\/\",\"url\":\"http:\\\/\\\/autosdelpodio.com\\\/autos\\\/historias-con-acento-cordobes\\\/\",\"name\":\"Autos del Podio | Historias con acento cordob\u00e9s\",\"isPartOf\":{\"@id\":\"http:\\\/\\\/autosdelpodio.com\\\/autos\\\/#website\"},\"primaryImageOfPage\":{\"@id\":\"http:\\\/\\\/autosdelpodio.com\\\/autos\\\/historias-con-acento-cordobes\\\/#primaryimage\"},\"image\":{\"@id\":\"http:\\\/\\\/autosdelpodio.com\\\/autos\\\/historias-con-acento-cordobes\\\/#primaryimage\"},\"thumbnailUrl\":\"http:\\\/\\\/autosdelpodio.com\\\/autos\\\/wp-content\\\/uploads\\\/2020\\\/07\\\/Apertura-e1594669524128.jpg\",\"datePublished\":\"2020-07-13T19:46:56+00:00\",\"dateModified\":\"2020-07-14T20:39:53+00:00\",\"description\":\"Autos del Podio\",\"breadcrumb\":{\"@id\":\"http:\\\/\\\/autosdelpodio.com\\\/autos\\\/historias-con-acento-cordobes\\\/#breadcrumb\"},\"inLanguage\":\"es\",\"potentialAction\":[{\"@type\":\"ReadAction\",\"target\":[\"http:\\\/\\\/autosdelpodio.com\\\/autos\\\/historias-con-acento-cordobes\\\/\"]}]},{\"@type\":\"ImageObject\",\"inLanguage\":\"es\",\"@id\":\"http:\\\/\\\/autosdelpodio.com\\\/autos\\\/historias-con-acento-cordobes\\\/#primaryimage\",\"url\":\"http:\\\/\\\/autosdelpodio.com\\\/autos\\\/wp-content\\\/uploads\\\/2020\\\/07\\\/Apertura-e1594669524128.jpg\",\"contentUrl\":\"http:\\\/\\\/autosdelpodio.com\\\/autos\\\/wp-content\\\/uploads\\\/2020\\\/07\\\/Apertura-e1594669524128.jpg\",\"width\":840,\"height\":486},{\"@type\":\"BreadcrumbList\",\"@id\":\"http:\\\/\\\/autosdelpodio.com\\\/autos\\\/historias-con-acento-cordobes\\\/#breadcrumb\",\"itemListElement\":[{\"@type\":\"ListItem\",\"position\":1,\"name\":\"Portada\",\"item\":\"http:\\\/\\\/autosdelpodio.com\\\/autos\\\/\"},{\"@type\":\"ListItem\",\"position\":2,\"name\":\"Historias con acento cordob\u00e9s\"}]},{\"@type\":\"WebSite\",\"@id\":\"http:\\\/\\\/autosdelpodio.com\\\/autos\\\/#website\",\"url\":\"http:\\\/\\\/autosdelpodio.com\\\/autos\\\/\",\"name\":\"Autos del Podio\",\"description\":\"La sexta del deporte motor\",\"publisher\":{\"@id\":\"http:\\\/\\\/autosdelpodio.com\\\/autos\\\/#organization\"},\"potentialAction\":[{\"@type\":\"SearchAction\",\"target\":{\"@type\":\"EntryPoint\",\"urlTemplate\":\"http:\\\/\\\/autosdelpodio.com\\\/autos\\\/?s={search_term_string}\"},\"query-input\":{\"@type\":\"PropertyValueSpecification\",\"valueRequired\":true,\"valueName\":\"search_term_string\"}}],\"inLanguage\":\"es\"},{\"@type\":\"Organization\",\"@id\":\"http:\\\/\\\/autosdelpodio.com\\\/autos\\\/#organization\",\"name\":\"Autos del Podio\",\"url\":\"http:\\\/\\\/autosdelpodio.com\\\/autos\\\/\",\"logo\":{\"@type\":\"ImageObject\",\"inLanguage\":\"es\",\"@id\":\"http:\\\/\\\/autosdelpodio.com\\\/autos\\\/#\\\/schema\\\/logo\\\/image\\\/\",\"url\":\"http:\\\/\\\/autosdelpodio.com\\\/autos\\\/wp-content\\\/uploads\\\/2020\\\/08\\\/Logo_AR.jpg\",\"contentUrl\":\"http:\\\/\\\/autosdelpodio.com\\\/autos\\\/wp-content\\\/uploads\\\/2020\\\/08\\\/Logo_AR.jpg\",\"width\":1038,\"height\":1044,\"caption\":\"Autos del Podio\"},\"image\":{\"@id\":\"http:\\\/\\\/autosdelpodio.com\\\/autos\\\/#\\\/schema\\\/logo\\\/image\\\/\"},\"sameAs\":[\"https:\\\/\\\/www.facebook.com\\\/profile.php?id=100057192590976&amp;amp;amp;amp;amp;amp;amp;amp;amp;amp;amp;amp;amp;amp;amp;amp;amp;amp;ref=ts\",\"https:\\\/\\\/x.com\\\/autosdelpodio\",\"https:\\\/\\\/www.youtube.com\\\/user\\\/AutosdelPodio\"]},{\"@type\":\"Person\",\"@id\":\"http:\\\/\\\/autosdelpodio.com\\\/autos\\\/#\\\/schema\\\/person\\\/993527a4d01c3acdd3d6bce3770bc942\",\"name\":\"autosdelpodio\",\"image\":{\"@type\":\"ImageObject\",\"inLanguage\":\"es\",\"@id\":\"http:\\\/\\\/autosdelpodio.com\\\/autos\\\/wp-content\\\/litespeed\\\/avatar\\\/aa8f65cd201a80f6b844f63278aa84af.jpg?ver=1777403005\",\"url\":\"http:\\\/\\\/autosdelpodio.com\\\/autos\\\/wp-content\\\/litespeed\\\/avatar\\\/aa8f65cd201a80f6b844f63278aa84af.jpg?ver=1777403005\",\"contentUrl\":\"http:\\\/\\\/autosdelpodio.com\\\/autos\\\/wp-content\\\/litespeed\\\/avatar\\\/aa8f65cd201a80f6b844f63278aa84af.jpg?ver=1777403005\",\"caption\":\"autosdelpodio\"}}]}<\/script>\n<!-- \/ Yoast SEO plugin. -->","yoast_head_json":{"title":"Autos del Podio | Historias con acento cordob\u00e9s","description":"Autos del Podio","robots":{"index":"index","follow":"follow","max-snippet":"max-snippet:-1","max-image-preview":"max-image-preview:large","max-video-preview":"max-video-preview:-1"},"canonical":"http:\/\/autosdelpodio.com\/autos\/historias-con-acento-cordobes\/","og_locale":"es_ES","og_type":"article","og_title":"Autos del Podio | Historias con acento cordob\u00e9s","og_description":"Autos del Podio","og_url":"http:\/\/autosdelpodio.com\/autos\/historias-con-acento-cordobes\/","og_site_name":"Autos del Podio","article_publisher":"https:\/\/www.facebook.com\/profile.php?id=100057192590976&amp%3bamp%3bamp%3bamp%3bamp%3bamp%3bamp%3bamp%3bamp%3bamp%3bamp%3bamp%3bamp%3bamp%3bamp%3bamp%3bamp%3bamp%3bref=ts","article_published_time":"2020-07-13T19:46:56+00:00","article_modified_time":"2020-07-14T20:39:53+00:00","og_image":[{"width":840,"height":486,"url":"http:\/\/autosdelpodio.com\/autos\/wp-content\/uploads\/2020\/07\/Apertura-e1594669524128.jpg","type":"image\/jpeg"}],"author":"autosdelpodio","twitter_card":"summary_large_image","twitter_creator":"@autosdelpodio","twitter_site":"@autosdelpodio","twitter_misc":{"Escrito por":"autosdelpodio","Tiempo de lectura":"7 minutos"},"schema":{"@context":"https:\/\/schema.org","@graph":[{"@type":"Article","@id":"http:\/\/autosdelpodio.com\/autos\/historias-con-acento-cordobes\/#article","isPartOf":{"@id":"http:\/\/autosdelpodio.com\/autos\/historias-con-acento-cordobes\/"},"author":{"name":"autosdelpodio","@id":"http:\/\/autosdelpodio.com\/autos\/#\/schema\/person\/993527a4d01c3acdd3d6bce3770bc942"},"headline":"Historias con acento cordob\u00e9s","datePublished":"2020-07-13T19:46:56+00:00","dateModified":"2020-07-14T20:39:53+00:00","mainEntityOfPage":{"@id":"http:\/\/autosdelpodio.com\/autos\/historias-con-acento-cordobes\/"},"wordCount":1405,"commentCount":0,"publisher":{"@id":"http:\/\/autosdelpodio.com\/autos\/#organization"},"image":{"@id":"http:\/\/autosdelpodio.com\/autos\/historias-con-acento-cordobes\/#primaryimage"},"thumbnailUrl":"http:\/\/autosdelpodio.com\/autos\/wp-content\/uploads\/2020\/07\/Apertura-e1594669524128.jpg","keywords":["Cordoba","La Docta","Museo de la Industria","Museos","Republica Argentina"],"articleSection":["Destacado","\u00daltimas noticias"],"inLanguage":"es","potentialAction":[{"@type":"CommentAction","name":"Comment","target":["http:\/\/autosdelpodio.com\/autos\/historias-con-acento-cordobes\/#respond"]}]},{"@type":"WebPage","@id":"http:\/\/autosdelpodio.com\/autos\/historias-con-acento-cordobes\/","url":"http:\/\/autosdelpodio.com\/autos\/historias-con-acento-cordobes\/","name":"Autos del Podio | Historias con acento cordob\u00e9s","isPartOf":{"@id":"http:\/\/autosdelpodio.com\/autos\/#website"},"primaryImageOfPage":{"@id":"http:\/\/autosdelpodio.com\/autos\/historias-con-acento-cordobes\/#primaryimage"},"image":{"@id":"http:\/\/autosdelpodio.com\/autos\/historias-con-acento-cordobes\/#primaryimage"},"thumbnailUrl":"http:\/\/autosdelpodio.com\/autos\/wp-content\/uploads\/2020\/07\/Apertura-e1594669524128.jpg","datePublished":"2020-07-13T19:46:56+00:00","dateModified":"2020-07-14T20:39:53+00:00","description":"Autos del Podio","breadcrumb":{"@id":"http:\/\/autosdelpodio.com\/autos\/historias-con-acento-cordobes\/#breadcrumb"},"inLanguage":"es","potentialAction":[{"@type":"ReadAction","target":["http:\/\/autosdelpodio.com\/autos\/historias-con-acento-cordobes\/"]}]},{"@type":"ImageObject","inLanguage":"es","@id":"http:\/\/autosdelpodio.com\/autos\/historias-con-acento-cordobes\/#primaryimage","url":"http:\/\/autosdelpodio.com\/autos\/wp-content\/uploads\/2020\/07\/Apertura-e1594669524128.jpg","contentUrl":"http:\/\/autosdelpodio.com\/autos\/wp-content\/uploads\/2020\/07\/Apertura-e1594669524128.jpg","width":840,"height":486},{"@type":"BreadcrumbList","@id":"http:\/\/autosdelpodio.com\/autos\/historias-con-acento-cordobes\/#breadcrumb","itemListElement":[{"@type":"ListItem","position":1,"name":"Portada","item":"http:\/\/autosdelpodio.com\/autos\/"},{"@type":"ListItem","position":2,"name":"Historias con acento cordob\u00e9s"}]},{"@type":"WebSite","@id":"http:\/\/autosdelpodio.com\/autos\/#website","url":"http:\/\/autosdelpodio.com\/autos\/","name":"Autos del Podio","description":"La sexta del deporte motor","publisher":{"@id":"http:\/\/autosdelpodio.com\/autos\/#organization"},"potentialAction":[{"@type":"SearchAction","target":{"@type":"EntryPoint","urlTemplate":"http:\/\/autosdelpodio.com\/autos\/?s={search_term_string}"},"query-input":{"@type":"PropertyValueSpecification","valueRequired":true,"valueName":"search_term_string"}}],"inLanguage":"es"},{"@type":"Organization","@id":"http:\/\/autosdelpodio.com\/autos\/#organization","name":"Autos del Podio","url":"http:\/\/autosdelpodio.com\/autos\/","logo":{"@type":"ImageObject","inLanguage":"es","@id":"http:\/\/autosdelpodio.com\/autos\/#\/schema\/logo\/image\/","url":"http:\/\/autosdelpodio.com\/autos\/wp-content\/uploads\/2020\/08\/Logo_AR.jpg","contentUrl":"http:\/\/autosdelpodio.com\/autos\/wp-content\/uploads\/2020\/08\/Logo_AR.jpg","width":1038,"height":1044,"caption":"Autos del Podio"},"image":{"@id":"http:\/\/autosdelpodio.com\/autos\/#\/schema\/logo\/image\/"},"sameAs":["https:\/\/www.facebook.com\/profile.php?id=100057192590976&amp;amp;amp;amp;amp;amp;amp;amp;amp;amp;amp;amp;amp;amp;amp;amp;amp;amp;ref=ts","https:\/\/x.com\/autosdelpodio","https:\/\/www.youtube.com\/user\/AutosdelPodio"]},{"@type":"Person","@id":"http:\/\/autosdelpodio.com\/autos\/#\/schema\/person\/993527a4d01c3acdd3d6bce3770bc942","name":"autosdelpodio","image":{"@type":"ImageObject","inLanguage":"es","@id":"http:\/\/autosdelpodio.com\/autos\/wp-content\/litespeed\/avatar\/aa8f65cd201a80f6b844f63278aa84af.jpg?ver=1777403005","url":"http:\/\/autosdelpodio.com\/autos\/wp-content\/litespeed\/avatar\/aa8f65cd201a80f6b844f63278aa84af.jpg?ver=1777403005","contentUrl":"http:\/\/autosdelpodio.com\/autos\/wp-content\/litespeed\/avatar\/aa8f65cd201a80f6b844f63278aa84af.jpg?ver=1777403005","caption":"autosdelpodio"}}]}},"views":1326,"_links":{"self":[{"href":"http:\/\/autosdelpodio.com\/autos\/wp-json\/wp\/v2\/posts\/2336","targetHints":{"allow":["GET"]}}],"collection":[{"href":"http:\/\/autosdelpodio.com\/autos\/wp-json\/wp\/v2\/posts"}],"about":[{"href":"http:\/\/autosdelpodio.com\/autos\/wp-json\/wp\/v2\/types\/post"}],"author":[{"embeddable":true,"href":"http:\/\/autosdelpodio.com\/autos\/wp-json\/wp\/v2\/users\/3"}],"replies":[{"embeddable":true,"href":"http:\/\/autosdelpodio.com\/autos\/wp-json\/wp\/v2\/comments?post=2336"}],"version-history":[{"count":7,"href":"http:\/\/autosdelpodio.com\/autos\/wp-json\/wp\/v2\/posts\/2336\/revisions"}],"predecessor-version":[{"id":2363,"href":"http:\/\/autosdelpodio.com\/autos\/wp-json\/wp\/v2\/posts\/2336\/revisions\/2363"}],"wp:featuredmedia":[{"embeddable":true,"href":"http:\/\/autosdelpodio.com\/autos\/wp-json\/wp\/v2\/media\/2337"}],"wp:attachment":[{"href":"http:\/\/autosdelpodio.com\/autos\/wp-json\/wp\/v2\/media?parent=2336"}],"wp:term":[{"taxonomy":"category","embeddable":true,"href":"http:\/\/autosdelpodio.com\/autos\/wp-json\/wp\/v2\/categories?post=2336"},{"taxonomy":"post_tag","embeddable":true,"href":"http:\/\/autosdelpodio.com\/autos\/wp-json\/wp\/v2\/tags?post=2336"}],"curies":[{"name":"wp","href":"https:\/\/api.w.org\/{rel}","templated":true}]}}