{"id":2369,"date":"2020-07-15T19:29:32","date_gmt":"2020-07-15T19:29:32","guid":{"rendered":"http:\/\/autosdelpodio.com\/autos\/?p=2369"},"modified":"2020-07-21T22:52:43","modified_gmt":"2020-07-21T22:52:43","slug":"el-autodromo-de-9-de-julio-pasara-a-llamarse-autodromo-guillermo-yoyo-maldonado","status":"publish","type":"post","link":"http:\/\/autosdelpodio.com\/autos\/el-autodromo-de-9-de-julio-pasara-a-llamarse-autodromo-guillermo-yoyo-maldonado\/","title":{"rendered":"El Aut\u00f3dromo de 9 de Julio pasar\u00e1 a llamarse Guillermo \u00abYoyo\u00bb Maldonado"},"content":{"rendered":"\n<p>La imposici\u00f3n del nombre es un hecho que se confirmar\u00e1 el Jueves 23 de Julio en la sesi\u00f3n del Consejo Deliberante de la ciudad bonaerense.<br> Por iniciativa del bloque de Concejales de Juntos para el Cambio, oficialismo en 9 de Julio, se impuls\u00f3 un proyecto para que el Aut\u00f3dromo Municipal Ciudad de 9 de Julio pase a llamarse \u00abGuillermo Yoyo Maldonado\u00bb. Se espera que la iniciativa sea tratada y posteriormente aprobada (el bloque oficialista est\u00e1 compuesto 12 de los 18 concejales que integran el HCD, aunque esperan que sea por unanimidad) en la pr\u00f3xima sesi\u00f3n del cuerpo estipulada para el d\u00eda mi\u00e9rcoles 23 de julio.<br> En principio, los 50 a\u00f1os del Aut\u00f3dromo, que se cumplen el Domingo 26, se van a celebrar un con acto donde se impondr\u00e1 el nombre al aut\u00f3dromo y descubrir\u00e1 un recordatorio a los pioneros que llevaron adelante la construcci\u00f3n del cl\u00e1sico y veloz circuito <a rel=\"noreferrer noopener\" aria-label=\"que viene trabajando en una serie de reformas para volver a recibir a las diferentes categorias  (se abre en una nueva pesta\u00f1a)\" href=\"http:\/\/autosdelpodio.com\/autos\/2020\/05\/07\/9-de-julio-continua-trabajando-para-volver-a-tener-ruido-de-motores\/\" target=\"_blank\">que viene trabajando en una serie de reformas para volver a recibir a las diferentes categorias <\/a>del automovilismo zonal y nacional.<br> Adem\u00e1s se present\u00f3 un protocolo para comenzar con pruebas para los pilotos locales, que tambi\u00e9n estaba pr\u00e1cticamente aprobado.<\/p>\n","protected":false},"excerpt":{"rendered":"<p>La imposici\u00f3n del nombre es un hecho que se confirmar\u00e1 el Jueves 23 de Julio en la sesi\u00f3n del Consejo<\/p>\n","protected":false},"author":3,"featured_media":2370,"comment_status":"open","ping_status":"open","sticky":false,"template":"","format":"standard","meta":{"colormag_page_container_layout":"default_layout","colormag_page_sidebar_layout":"default_layout","footnotes":""},"categories":[16,5],"tags":[185,186,292],"class_list":["post-2369","post","type-post","status-publish","format-standard","has-post-thumbnail","hentry","category-recta-principal","category-latest-news","tag-autodromo-9-de-julio","tag-buenos-aires","tag-eventos"],"yoast_head":"<!-- This site is optimized with the Yoast SEO plugin v27.5 - https:\/\/yoast.com\/product\/yoast-seo-wordpress\/ -->\n<title>Autos del Podio | El Aut\u00f3dromo de 9 de Julio pasar\u00e1 a llamarse Guillermo &quot;Yoyo&quot; Maldonado<\/title>\n<meta name=\"description\" content=\"Autos del Podio\" \/>\n<meta name=\"robots\" content=\"index, follow, max-snippet:-1, max-image-preview:large, max-video-preview:-1\" \/>\n<link rel=\"canonical\" href=\"http:\/\/autosdelpodio.com\/autos\/el-autodromo-de-9-de-julio-pasara-a-llamarse-autodromo-guillermo-yoyo-maldonado\/\" \/>\n<meta property=\"og:locale\" content=\"es_ES\" \/>\n<meta property=\"og:type\" content=\"article\" \/>\n<meta property=\"og:title\" content=\"Autos del Podio | El Aut\u00f3dromo de 9 de Julio pasar\u00e1 a llamarse Guillermo &quot;Yoyo&quot; Maldonado\" \/>\n<meta property=\"og:description\" content=\"Autos del Podio\" \/>\n<meta property=\"og:url\" content=\"http:\/\/autosdelpodio.com\/autos\/el-autodromo-de-9-de-julio-pasara-a-llamarse-autodromo-guillermo-yoyo-maldonado\/\" \/>\n<meta property=\"og:site_name\" content=\"Autos del Podio\" \/>\n<meta property=\"article:publisher\" content=\"https:\/\/www.facebook.com\/profile.php?id=100057192590976&amp;amp%3bamp%3bamp%3bamp%3bamp%3bamp%3bamp%3bamp%3bamp%3bamp%3bamp%3bamp%3bamp%3bamp%3bamp%3bamp%3bamp%3bamp%3bref=ts\" \/>\n<meta property=\"article:published_time\" content=\"2020-07-15T19:29:32+00:00\" \/>\n<meta property=\"article:modified_time\" content=\"2020-07-21T22:52:43+00:00\" \/>\n<meta property=\"og:image\" content=\"http:\/\/autosdelpodio.com\/autos\/wp-content\/uploads\/2020\/07\/Recta_ppal_9_de_Julio-e1594841341690.jpg\" \/>\n\t<meta property=\"og:image:width\" content=\"800\" \/>\n\t<meta property=\"og:image:height\" content=\"502\" \/>\n\t<meta property=\"og:image:type\" content=\"image\/jpeg\" \/>\n<meta name=\"author\" content=\"autosdelpodio\" \/>\n<meta name=\"twitter:card\" content=\"summary_large_image\" \/>\n<meta name=\"twitter:creator\" content=\"@autosdelpodio\" \/>\n<meta name=\"twitter:site\" content=\"@autosdelpodio\" \/>\n<meta name=\"twitter:label1\" content=\"Escrito por\" \/>\n\t<meta name=\"twitter:data1\" content=\"autosdelpodio\" \/>\n\t<meta name=\"twitter:label2\" content=\"Tiempo de lectura\" \/>\n\t<meta name=\"twitter:data2\" content=\"1 minuto\" \/>\n<script type=\"application\/ld+json\" class=\"yoast-schema-graph\">{\"@context\":\"https:\\\/\\\/schema.org\",\"@graph\":[{\"@type\":\"Article\",\"@id\":\"http:\\\/\\\/autosdelpodio.com\\\/autos\\\/el-autodromo-de-9-de-julio-pasara-a-llamarse-autodromo-guillermo-yoyo-maldonado\\\/#article\",\"isPartOf\":{\"@id\":\"http:\\\/\\\/autosdelpodio.com\\\/autos\\\/el-autodromo-de-9-de-julio-pasara-a-llamarse-autodromo-guillermo-yoyo-maldonado\\\/\"},\"author\":{\"name\":\"autosdelpodio\",\"@id\":\"http:\\\/\\\/autosdelpodio.com\\\/autos\\\/#\\\/schema\\\/person\\\/993527a4d01c3acdd3d6bce3770bc942\"},\"headline\":\"El Aut\u00f3dromo de 9 de Julio pasar\u00e1 a llamarse Guillermo \u00abYoyo\u00bb Maldonado\",\"datePublished\":\"2020-07-15T19:29:32+00:00\",\"dateModified\":\"2020-07-21T22:52:43+00:00\",\"mainEntityOfPage\":{\"@id\":\"http:\\\/\\\/autosdelpodio.com\\\/autos\\\/el-autodromo-de-9-de-julio-pasara-a-llamarse-autodromo-guillermo-yoyo-maldonado\\\/\"},\"wordCount\":207,\"commentCount\":1,\"publisher\":{\"@id\":\"http:\\\/\\\/autosdelpodio.com\\\/autos\\\/#organization\"},\"image\":{\"@id\":\"http:\\\/\\\/autosdelpodio.com\\\/autos\\\/el-autodromo-de-9-de-julio-pasara-a-llamarse-autodromo-guillermo-yoyo-maldonado\\\/#primaryimage\"},\"thumbnailUrl\":\"http:\\\/\\\/autosdelpodio.com\\\/autos\\\/wp-content\\\/uploads\\\/2020\\\/07\\\/Recta_ppal_9_de_Julio-e1594841341690.jpg\",\"keywords\":[\"Autodromo 9 de Julio\",\"Buenos Aires\",\"Eventos\"],\"articleSection\":[\"Recta Principal\",\"\u00daltimas noticias\"],\"inLanguage\":\"es\",\"potentialAction\":[{\"@type\":\"CommentAction\",\"name\":\"Comment\",\"target\":[\"http:\\\/\\\/autosdelpodio.com\\\/autos\\\/el-autodromo-de-9-de-julio-pasara-a-llamarse-autodromo-guillermo-yoyo-maldonado\\\/#respond\"]}]},{\"@type\":\"WebPage\",\"@id\":\"http:\\\/\\\/autosdelpodio.com\\\/autos\\\/el-autodromo-de-9-de-julio-pasara-a-llamarse-autodromo-guillermo-yoyo-maldonado\\\/\",\"url\":\"http:\\\/\\\/autosdelpodio.com\\\/autos\\\/el-autodromo-de-9-de-julio-pasara-a-llamarse-autodromo-guillermo-yoyo-maldonado\\\/\",\"name\":\"Autos del Podio | El Aut\u00f3dromo de 9 de Julio pasar\u00e1 a llamarse Guillermo \\\"Yoyo\\\" Maldonado\",\"isPartOf\":{\"@id\":\"http:\\\/\\\/autosdelpodio.com\\\/autos\\\/#website\"},\"primaryImageOfPage\":{\"@id\":\"http:\\\/\\\/autosdelpodio.com\\\/autos\\\/el-autodromo-de-9-de-julio-pasara-a-llamarse-autodromo-guillermo-yoyo-maldonado\\\/#primaryimage\"},\"image\":{\"@id\":\"http:\\\/\\\/autosdelpodio.com\\\/autos\\\/el-autodromo-de-9-de-julio-pasara-a-llamarse-autodromo-guillermo-yoyo-maldonado\\\/#primaryimage\"},\"thumbnailUrl\":\"http:\\\/\\\/autosdelpodio.com\\\/autos\\\/wp-content\\\/uploads\\\/2020\\\/07\\\/Recta_ppal_9_de_Julio-e1594841341690.jpg\",\"datePublished\":\"2020-07-15T19:29:32+00:00\",\"dateModified\":\"2020-07-21T22:52:43+00:00\",\"description\":\"Autos del Podio\",\"breadcrumb\":{\"@id\":\"http:\\\/\\\/autosdelpodio.com\\\/autos\\\/el-autodromo-de-9-de-julio-pasara-a-llamarse-autodromo-guillermo-yoyo-maldonado\\\/#breadcrumb\"},\"inLanguage\":\"es\",\"potentialAction\":[{\"@type\":\"ReadAction\",\"target\":[\"http:\\\/\\\/autosdelpodio.com\\\/autos\\\/el-autodromo-de-9-de-julio-pasara-a-llamarse-autodromo-guillermo-yoyo-maldonado\\\/\"]}]},{\"@type\":\"ImageObject\",\"inLanguage\":\"es\",\"@id\":\"http:\\\/\\\/autosdelpodio.com\\\/autos\\\/el-autodromo-de-9-de-julio-pasara-a-llamarse-autodromo-guillermo-yoyo-maldonado\\\/#primaryimage\",\"url\":\"http:\\\/\\\/autosdelpodio.com\\\/autos\\\/wp-content\\\/uploads\\\/2020\\\/07\\\/Recta_ppal_9_de_Julio-e1594841341690.jpg\",\"contentUrl\":\"http:\\\/\\\/autosdelpodio.com\\\/autos\\\/wp-content\\\/uploads\\\/2020\\\/07\\\/Recta_ppal_9_de_Julio-e1594841341690.jpg\",\"width\":800,\"height\":502},{\"@type\":\"BreadcrumbList\",\"@id\":\"http:\\\/\\\/autosdelpodio.com\\\/autos\\\/el-autodromo-de-9-de-julio-pasara-a-llamarse-autodromo-guillermo-yoyo-maldonado\\\/#breadcrumb\",\"itemListElement\":[{\"@type\":\"ListItem\",\"position\":1,\"name\":\"Portada\",\"item\":\"http:\\\/\\\/autosdelpodio.com\\\/autos\\\/\"},{\"@type\":\"ListItem\",\"position\":2,\"name\":\"El Aut\u00f3dromo de 9 de Julio pasar\u00e1 a llamarse Guillermo \u00abYoyo\u00bb Maldonado\"}]},{\"@type\":\"WebSite\",\"@id\":\"http:\\\/\\\/autosdelpodio.com\\\/autos\\\/#website\",\"url\":\"http:\\\/\\\/autosdelpodio.com\\\/autos\\\/\",\"name\":\"Autos del Podio\",\"description\":\"La sexta del deporte motor\",\"publisher\":{\"@id\":\"http:\\\/\\\/autosdelpodio.com\\\/autos\\\/#organization\"},\"potentialAction\":[{\"@type\":\"SearchAction\",\"target\":{\"@type\":\"EntryPoint\",\"urlTemplate\":\"http:\\\/\\\/autosdelpodio.com\\\/autos\\\/?s={search_term_string}\"},\"query-input\":{\"@type\":\"PropertyValueSpecification\",\"valueRequired\":true,\"valueName\":\"search_term_string\"}}],\"inLanguage\":\"es\"},{\"@type\":\"Organization\",\"@id\":\"http:\\\/\\\/autosdelpodio.com\\\/autos\\\/#organization\",\"name\":\"Autos del Podio\",\"url\":\"http:\\\/\\\/autosdelpodio.com\\\/autos\\\/\",\"logo\":{\"@type\":\"ImageObject\",\"inLanguage\":\"es\",\"@id\":\"http:\\\/\\\/autosdelpodio.com\\\/autos\\\/#\\\/schema\\\/logo\\\/image\\\/\",\"url\":\"http:\\\/\\\/autosdelpodio.com\\\/autos\\\/wp-content\\\/uploads\\\/2020\\\/08\\\/Logo_AR.jpg\",\"contentUrl\":\"http:\\\/\\\/autosdelpodio.com\\\/autos\\\/wp-content\\\/uploads\\\/2020\\\/08\\\/Logo_AR.jpg\",\"width\":1038,\"height\":1044,\"caption\":\"Autos del Podio\"},\"image\":{\"@id\":\"http:\\\/\\\/autosdelpodio.com\\\/autos\\\/#\\\/schema\\\/logo\\\/image\\\/\"},\"sameAs\":[\"https:\\\/\\\/www.facebook.com\\\/profile.php?id=100057192590976&amp;amp;amp;amp;amp;amp;amp;amp;amp;amp;amp;amp;amp;amp;amp;amp;amp;amp;ref=ts\",\"https:\\\/\\\/x.com\\\/autosdelpodio\",\"https:\\\/\\\/www.youtube.com\\\/user\\\/AutosdelPodio\"]},{\"@type\":\"Person\",\"@id\":\"http:\\\/\\\/autosdelpodio.com\\\/autos\\\/#\\\/schema\\\/person\\\/993527a4d01c3acdd3d6bce3770bc942\",\"name\":\"autosdelpodio\",\"image\":{\"@type\":\"ImageObject\",\"inLanguage\":\"es\",\"@id\":\"http:\\\/\\\/autosdelpodio.com\\\/autos\\\/wp-content\\\/litespeed\\\/avatar\\\/aa8f65cd201a80f6b844f63278aa84af.jpg?ver=1777403005\",\"url\":\"http:\\\/\\\/autosdelpodio.com\\\/autos\\\/wp-content\\\/litespeed\\\/avatar\\\/aa8f65cd201a80f6b844f63278aa84af.jpg?ver=1777403005\",\"contentUrl\":\"http:\\\/\\\/autosdelpodio.com\\\/autos\\\/wp-content\\\/litespeed\\\/avatar\\\/aa8f65cd201a80f6b844f63278aa84af.jpg?ver=1777403005\",\"caption\":\"autosdelpodio\"}}]}<\/script>\n<!-- \/ Yoast SEO plugin. -->","yoast_head_json":{"title":"Autos del Podio | El Aut\u00f3dromo de 9 de Julio pasar\u00e1 a llamarse Guillermo \"Yoyo\" Maldonado","description":"Autos del Podio","robots":{"index":"index","follow":"follow","max-snippet":"max-snippet:-1","max-image-preview":"max-image-preview:large","max-video-preview":"max-video-preview:-1"},"canonical":"http:\/\/autosdelpodio.com\/autos\/el-autodromo-de-9-de-julio-pasara-a-llamarse-autodromo-guillermo-yoyo-maldonado\/","og_locale":"es_ES","og_type":"article","og_title":"Autos del Podio | El Aut\u00f3dromo de 9 de Julio pasar\u00e1 a llamarse Guillermo \"Yoyo\" Maldonado","og_description":"Autos del Podio","og_url":"http:\/\/autosdelpodio.com\/autos\/el-autodromo-de-9-de-julio-pasara-a-llamarse-autodromo-guillermo-yoyo-maldonado\/","og_site_name":"Autos del Podio","article_publisher":"https:\/\/www.facebook.com\/profile.php?id=100057192590976&amp%3bamp%3bamp%3bamp%3bamp%3bamp%3bamp%3bamp%3bamp%3bamp%3bamp%3bamp%3bamp%3bamp%3bamp%3bamp%3bamp%3bamp%3bref=ts","article_published_time":"2020-07-15T19:29:32+00:00","article_modified_time":"2020-07-21T22:52:43+00:00","og_image":[{"width":800,"height":502,"url":"http:\/\/autosdelpodio.com\/autos\/wp-content\/uploads\/2020\/07\/Recta_ppal_9_de_Julio-e1594841341690.jpg","type":"image\/jpeg"}],"author":"autosdelpodio","twitter_card":"summary_large_image","twitter_creator":"@autosdelpodio","twitter_site":"@autosdelpodio","twitter_misc":{"Escrito por":"autosdelpodio","Tiempo de lectura":"1 minuto"},"schema":{"@context":"https:\/\/schema.org","@graph":[{"@type":"Article","@id":"http:\/\/autosdelpodio.com\/autos\/el-autodromo-de-9-de-julio-pasara-a-llamarse-autodromo-guillermo-yoyo-maldonado\/#article","isPartOf":{"@id":"http:\/\/autosdelpodio.com\/autos\/el-autodromo-de-9-de-julio-pasara-a-llamarse-autodromo-guillermo-yoyo-maldonado\/"},"author":{"name":"autosdelpodio","@id":"http:\/\/autosdelpodio.com\/autos\/#\/schema\/person\/993527a4d01c3acdd3d6bce3770bc942"},"headline":"El Aut\u00f3dromo de 9 de Julio pasar\u00e1 a llamarse Guillermo \u00abYoyo\u00bb Maldonado","datePublished":"2020-07-15T19:29:32+00:00","dateModified":"2020-07-21T22:52:43+00:00","mainEntityOfPage":{"@id":"http:\/\/autosdelpodio.com\/autos\/el-autodromo-de-9-de-julio-pasara-a-llamarse-autodromo-guillermo-yoyo-maldonado\/"},"wordCount":207,"commentCount":1,"publisher":{"@id":"http:\/\/autosdelpodio.com\/autos\/#organization"},"image":{"@id":"http:\/\/autosdelpodio.com\/autos\/el-autodromo-de-9-de-julio-pasara-a-llamarse-autodromo-guillermo-yoyo-maldonado\/#primaryimage"},"thumbnailUrl":"http:\/\/autosdelpodio.com\/autos\/wp-content\/uploads\/2020\/07\/Recta_ppal_9_de_Julio-e1594841341690.jpg","keywords":["Autodromo 9 de Julio","Buenos Aires","Eventos"],"articleSection":["Recta Principal","\u00daltimas noticias"],"inLanguage":"es","potentialAction":[{"@type":"CommentAction","name":"Comment","target":["http:\/\/autosdelpodio.com\/autos\/el-autodromo-de-9-de-julio-pasara-a-llamarse-autodromo-guillermo-yoyo-maldonado\/#respond"]}]},{"@type":"WebPage","@id":"http:\/\/autosdelpodio.com\/autos\/el-autodromo-de-9-de-julio-pasara-a-llamarse-autodromo-guillermo-yoyo-maldonado\/","url":"http:\/\/autosdelpodio.com\/autos\/el-autodromo-de-9-de-julio-pasara-a-llamarse-autodromo-guillermo-yoyo-maldonado\/","name":"Autos del Podio | El Aut\u00f3dromo de 9 de Julio pasar\u00e1 a llamarse Guillermo \"Yoyo\" Maldonado","isPartOf":{"@id":"http:\/\/autosdelpodio.com\/autos\/#website"},"primaryImageOfPage":{"@id":"http:\/\/autosdelpodio.com\/autos\/el-autodromo-de-9-de-julio-pasara-a-llamarse-autodromo-guillermo-yoyo-maldonado\/#primaryimage"},"image":{"@id":"http:\/\/autosdelpodio.com\/autos\/el-autodromo-de-9-de-julio-pasara-a-llamarse-autodromo-guillermo-yoyo-maldonado\/#primaryimage"},"thumbnailUrl":"http:\/\/autosdelpodio.com\/autos\/wp-content\/uploads\/2020\/07\/Recta_ppal_9_de_Julio-e1594841341690.jpg","datePublished":"2020-07-15T19:29:32+00:00","dateModified":"2020-07-21T22:52:43+00:00","description":"Autos del Podio","breadcrumb":{"@id":"http:\/\/autosdelpodio.com\/autos\/el-autodromo-de-9-de-julio-pasara-a-llamarse-autodromo-guillermo-yoyo-maldonado\/#breadcrumb"},"inLanguage":"es","potentialAction":[{"@type":"ReadAction","target":["http:\/\/autosdelpodio.com\/autos\/el-autodromo-de-9-de-julio-pasara-a-llamarse-autodromo-guillermo-yoyo-maldonado\/"]}]},{"@type":"ImageObject","inLanguage":"es","@id":"http:\/\/autosdelpodio.com\/autos\/el-autodromo-de-9-de-julio-pasara-a-llamarse-autodromo-guillermo-yoyo-maldonado\/#primaryimage","url":"http:\/\/autosdelpodio.com\/autos\/wp-content\/uploads\/2020\/07\/Recta_ppal_9_de_Julio-e1594841341690.jpg","contentUrl":"http:\/\/autosdelpodio.com\/autos\/wp-content\/uploads\/2020\/07\/Recta_ppal_9_de_Julio-e1594841341690.jpg","width":800,"height":502},{"@type":"BreadcrumbList","@id":"http:\/\/autosdelpodio.com\/autos\/el-autodromo-de-9-de-julio-pasara-a-llamarse-autodromo-guillermo-yoyo-maldonado\/#breadcrumb","itemListElement":[{"@type":"ListItem","position":1,"name":"Portada","item":"http:\/\/autosdelpodio.com\/autos\/"},{"@type":"ListItem","position":2,"name":"El Aut\u00f3dromo de 9 de Julio pasar\u00e1 a llamarse Guillermo \u00abYoyo\u00bb Maldonado"}]},{"@type":"WebSite","@id":"http:\/\/autosdelpodio.com\/autos\/#website","url":"http:\/\/autosdelpodio.com\/autos\/","name":"Autos del Podio","description":"La sexta del deporte motor","publisher":{"@id":"http:\/\/autosdelpodio.com\/autos\/#organization"},"potentialAction":[{"@type":"SearchAction","target":{"@type":"EntryPoint","urlTemplate":"http:\/\/autosdelpodio.com\/autos\/?s={search_term_string}"},"query-input":{"@type":"PropertyValueSpecification","valueRequired":true,"valueName":"search_term_string"}}],"inLanguage":"es"},{"@type":"Organization","@id":"http:\/\/autosdelpodio.com\/autos\/#organization","name":"Autos del Podio","url":"http:\/\/autosdelpodio.com\/autos\/","logo":{"@type":"ImageObject","inLanguage":"es","@id":"http:\/\/autosdelpodio.com\/autos\/#\/schema\/logo\/image\/","url":"http:\/\/autosdelpodio.com\/autos\/wp-content\/uploads\/2020\/08\/Logo_AR.jpg","contentUrl":"http:\/\/autosdelpodio.com\/autos\/wp-content\/uploads\/2020\/08\/Logo_AR.jpg","width":1038,"height":1044,"caption":"Autos del Podio"},"image":{"@id":"http:\/\/autosdelpodio.com\/autos\/#\/schema\/logo\/image\/"},"sameAs":["https:\/\/www.facebook.com\/profile.php?id=100057192590976&amp;amp;amp;amp;amp;amp;amp;amp;amp;amp;amp;amp;amp;amp;amp;amp;amp;amp;ref=ts","https:\/\/x.com\/autosdelpodio","https:\/\/www.youtube.com\/user\/AutosdelPodio"]},{"@type":"Person","@id":"http:\/\/autosdelpodio.com\/autos\/#\/schema\/person\/993527a4d01c3acdd3d6bce3770bc942","name":"autosdelpodio","image":{"@type":"ImageObject","inLanguage":"es","@id":"http:\/\/autosdelpodio.com\/autos\/wp-content\/litespeed\/avatar\/aa8f65cd201a80f6b844f63278aa84af.jpg?ver=1777403005","url":"http:\/\/autosdelpodio.com\/autos\/wp-content\/litespeed\/avatar\/aa8f65cd201a80f6b844f63278aa84af.jpg?ver=1777403005","contentUrl":"http:\/\/autosdelpodio.com\/autos\/wp-content\/litespeed\/avatar\/aa8f65cd201a80f6b844f63278aa84af.jpg?ver=1777403005","caption":"autosdelpodio"}}]}},"views":688,"_links":{"self":[{"href":"http:\/\/autosdelpodio.com\/autos\/wp-json\/wp\/v2\/posts\/2369","targetHints":{"allow":["GET"]}}],"collection":[{"href":"http:\/\/autosdelpodio.com\/autos\/wp-json\/wp\/v2\/posts"}],"about":[{"href":"http:\/\/autosdelpodio.com\/autos\/wp-json\/wp\/v2\/types\/post"}],"author":[{"embeddable":true,"href":"http:\/\/autosdelpodio.com\/autos\/wp-json\/wp\/v2\/users\/3"}],"replies":[{"embeddable":true,"href":"http:\/\/autosdelpodio.com\/autos\/wp-json\/wp\/v2\/comments?post=2369"}],"version-history":[{"count":6,"href":"http:\/\/autosdelpodio.com\/autos\/wp-json\/wp\/v2\/posts\/2369\/revisions"}],"predecessor-version":[{"id":2396,"href":"http:\/\/autosdelpodio.com\/autos\/wp-json\/wp\/v2\/posts\/2369\/revisions\/2396"}],"wp:featuredmedia":[{"embeddable":true,"href":"http:\/\/autosdelpodio.com\/autos\/wp-json\/wp\/v2\/media\/2370"}],"wp:attachment":[{"href":"http:\/\/autosdelpodio.com\/autos\/wp-json\/wp\/v2\/media?parent=2369"}],"wp:term":[{"taxonomy":"category","embeddable":true,"href":"http:\/\/autosdelpodio.com\/autos\/wp-json\/wp\/v2\/categories?post=2369"},{"taxonomy":"post_tag","embeddable":true,"href":"http:\/\/autosdelpodio.com\/autos\/wp-json\/wp\/v2\/tags?post=2369"}],"curies":[{"name":"wp","href":"https:\/\/api.w.org\/{rel}","templated":true}]}}