{"id":2555,"date":"2020-08-25T20:32:28","date_gmt":"2020-08-25T23:32:28","guid":{"rendered":"http:\/\/autosdelpodio.com\/autos\/?p=2555"},"modified":"2020-09-07T16:46:02","modified_gmt":"2020-09-07T19:46:02","slug":"se-posterga-la-vuelta-del-tc-y-del-automovilismo-en-general","status":"publish","type":"post","link":"http:\/\/autosdelpodio.com\/autos\/se-posterga-la-vuelta-del-tc-y-del-automovilismo-en-general\/","title":{"rendered":"Se posterga la vuelta del TC ( y del automovilismo en general)"},"content":{"rendered":"\n<p>Luego de una reuni\u00f3n desarrollada este martes, la Comisi\u00f3n Directiva de la ACTC inform\u00f3 la postergaci\u00f3n del reinicio de la actividad para el Turismo Carretera.<br>Lo concreto es que cada fin de semana sin actividad, 23 en lo que va del a\u00f1o, no solo genera perdidas economicas y pone en riesgo fuentes laborales, sino que ademas no hay certeza de que arranque el fin el primer fin de semana de Septiembre, ya que la idea original era que en el Autodromo platense hubiera fecha doble.Y si esta situaci\u00f3n se posterga en el tiempo, habr\u00e1 que reorganizar una vez mas todos los calendarios.<\/p>\n\n\n\n<p>En sinton\u00eda con esta decisi\u00f3n gubernamental, el Top Race V6 tuvo que aplazar su regreso pautado para el 6 de Septiembre.<\/p>\n\n\n\n<p><strong>COMUNICADO DE LA ACTC <\/strong><\/p>\n\n\n\n<p><em>\u00abLuego de tomar contacto con las autoridades del Gobierno de la Naci\u00f3n, las mismas le manifestaron a la Comisi\u00f3n Directiva de la Asociaci\u00f3n Corredores Turismo Carretera, que no est\u00e1n dadas las condiciones para que la categor\u00eda reinicie su campeonato 2020 el fin de semana del 29 y 30 de agosto, en el Aut\u00f3dromo Roberto Mouras de La Plata\u00bb<\/em><\/p>\n","protected":false},"excerpt":{"rendered":"<p>Luego de una reuni\u00f3n desarrollada este martes, la Comisi\u00f3n Directiva de la ACTC inform\u00f3 la postergaci\u00f3n del reinicio de la<\/p>\n","protected":false},"author":3,"featured_media":0,"comment_status":"open","ping_status":"open","sticky":false,"template":"","format":"standard","meta":{"colormag_page_container_layout":"default_layout","colormag_page_sidebar_layout":"default_layout","footnotes":""},"categories":[5],"tags":[319,152,86,58],"class_list":["post-2555","post","type-post","status-publish","format-standard","hentry","category-latest-news","tag-autodromos","tag-calendarios","tag-pilotos-y-categorias","tag-tc"],"yoast_head":"<!-- This site is optimized with the Yoast SEO plugin v27.4 - https:\/\/yoast.com\/product\/yoast-seo-wordpress\/ -->\n<title>Autos del Podio | Se posterga la vuelta del TC ( y del automovilismo en general)<\/title>\n<meta name=\"description\" content=\"Autos del Podio\" \/>\n<meta name=\"robots\" content=\"index, follow, max-snippet:-1, max-image-preview:large, max-video-preview:-1\" \/>\n<link rel=\"canonical\" href=\"http:\/\/autosdelpodio.com\/autos\/se-posterga-la-vuelta-del-tc-y-del-automovilismo-en-general\/\" \/>\n<meta property=\"og:locale\" content=\"es_ES\" \/>\n<meta property=\"og:type\" content=\"article\" \/>\n<meta property=\"og:title\" content=\"Autos del Podio | Se posterga la vuelta del TC ( y del automovilismo en general)\" \/>\n<meta property=\"og:description\" content=\"Autos del Podio\" \/>\n<meta property=\"og:url\" content=\"http:\/\/autosdelpodio.com\/autos\/se-posterga-la-vuelta-del-tc-y-del-automovilismo-en-general\/\" \/>\n<meta property=\"og:site_name\" content=\"Autos del Podio\" \/>\n<meta property=\"article:publisher\" content=\"https:\/\/www.facebook.com\/profile.php?id=100057192590976&amp;amp%3bamp%3bamp%3bamp%3bamp%3bamp%3bamp%3bamp%3bamp%3bamp%3bamp%3bamp%3bamp%3bamp%3bamp%3bamp%3bamp%3bamp%3bref=ts\" \/>\n<meta property=\"article:published_time\" content=\"2020-08-25T23:32:28+00:00\" \/>\n<meta property=\"article:modified_time\" content=\"2020-09-07T19:46:02+00:00\" \/>\n<meta name=\"author\" content=\"autosdelpodio\" \/>\n<meta name=\"twitter:card\" content=\"summary_large_image\" \/>\n<meta name=\"twitter:creator\" content=\"@autosdelpodio\" \/>\n<meta name=\"twitter:site\" content=\"@autosdelpodio\" \/>\n<meta name=\"twitter:label1\" content=\"Escrito por\" \/>\n\t<meta name=\"twitter:data1\" content=\"autosdelpodio\" \/>\n\t<meta name=\"twitter:label2\" content=\"Tiempo de lectura\" \/>\n\t<meta name=\"twitter:data2\" content=\"1 minuto\" \/>\n<script type=\"application\/ld+json\" class=\"yoast-schema-graph\">{\"@context\":\"https:\\\/\\\/schema.org\",\"@graph\":[{\"@type\":\"Article\",\"@id\":\"http:\\\/\\\/autosdelpodio.com\\\/autos\\\/se-posterga-la-vuelta-del-tc-y-del-automovilismo-en-general\\\/#article\",\"isPartOf\":{\"@id\":\"http:\\\/\\\/autosdelpodio.com\\\/autos\\\/se-posterga-la-vuelta-del-tc-y-del-automovilismo-en-general\\\/\"},\"author\":{\"name\":\"autosdelpodio\",\"@id\":\"http:\\\/\\\/autosdelpodio.com\\\/autos\\\/#\\\/schema\\\/person\\\/993527a4d01c3acdd3d6bce3770bc942\"},\"headline\":\"Se posterga la vuelta del TC ( y del automovilismo en general)\",\"datePublished\":\"2020-08-25T23:32:28+00:00\",\"dateModified\":\"2020-09-07T19:46:02+00:00\",\"mainEntityOfPage\":{\"@id\":\"http:\\\/\\\/autosdelpodio.com\\\/autos\\\/se-posterga-la-vuelta-del-tc-y-del-automovilismo-en-general\\\/\"},\"wordCount\":205,\"commentCount\":1,\"publisher\":{\"@id\":\"http:\\\/\\\/autosdelpodio.com\\\/autos\\\/#organization\"},\"keywords\":[\"Autodromos\",\"Calendarios\",\"Pilotos y Categorias\",\"TC\"],\"articleSection\":[\"\u00daltimas noticias\"],\"inLanguage\":\"es\",\"potentialAction\":[{\"@type\":\"CommentAction\",\"name\":\"Comment\",\"target\":[\"http:\\\/\\\/autosdelpodio.com\\\/autos\\\/se-posterga-la-vuelta-del-tc-y-del-automovilismo-en-general\\\/#respond\"]}]},{\"@type\":\"WebPage\",\"@id\":\"http:\\\/\\\/autosdelpodio.com\\\/autos\\\/se-posterga-la-vuelta-del-tc-y-del-automovilismo-en-general\\\/\",\"url\":\"http:\\\/\\\/autosdelpodio.com\\\/autos\\\/se-posterga-la-vuelta-del-tc-y-del-automovilismo-en-general\\\/\",\"name\":\"Autos del Podio | Se posterga la vuelta del TC ( y del automovilismo en general)\",\"isPartOf\":{\"@id\":\"http:\\\/\\\/autosdelpodio.com\\\/autos\\\/#website\"},\"datePublished\":\"2020-08-25T23:32:28+00:00\",\"dateModified\":\"2020-09-07T19:46:02+00:00\",\"description\":\"Autos del Podio\",\"breadcrumb\":{\"@id\":\"http:\\\/\\\/autosdelpodio.com\\\/autos\\\/se-posterga-la-vuelta-del-tc-y-del-automovilismo-en-general\\\/#breadcrumb\"},\"inLanguage\":\"es\",\"potentialAction\":[{\"@type\":\"ReadAction\",\"target\":[\"http:\\\/\\\/autosdelpodio.com\\\/autos\\\/se-posterga-la-vuelta-del-tc-y-del-automovilismo-en-general\\\/\"]}]},{\"@type\":\"BreadcrumbList\",\"@id\":\"http:\\\/\\\/autosdelpodio.com\\\/autos\\\/se-posterga-la-vuelta-del-tc-y-del-automovilismo-en-general\\\/#breadcrumb\",\"itemListElement\":[{\"@type\":\"ListItem\",\"position\":1,\"name\":\"Portada\",\"item\":\"http:\\\/\\\/autosdelpodio.com\\\/autos\\\/\"},{\"@type\":\"ListItem\",\"position\":2,\"name\":\"Se posterga la vuelta del TC ( y del automovilismo en general)\"}]},{\"@type\":\"WebSite\",\"@id\":\"http:\\\/\\\/autosdelpodio.com\\\/autos\\\/#website\",\"url\":\"http:\\\/\\\/autosdelpodio.com\\\/autos\\\/\",\"name\":\"Autos del Podio\",\"description\":\"La sexta del deporte motor\",\"publisher\":{\"@id\":\"http:\\\/\\\/autosdelpodio.com\\\/autos\\\/#organization\"},\"potentialAction\":[{\"@type\":\"SearchAction\",\"target\":{\"@type\":\"EntryPoint\",\"urlTemplate\":\"http:\\\/\\\/autosdelpodio.com\\\/autos\\\/?s={search_term_string}\"},\"query-input\":{\"@type\":\"PropertyValueSpecification\",\"valueRequired\":true,\"valueName\":\"search_term_string\"}}],\"inLanguage\":\"es\"},{\"@type\":\"Organization\",\"@id\":\"http:\\\/\\\/autosdelpodio.com\\\/autos\\\/#organization\",\"name\":\"Autos del Podio\",\"url\":\"http:\\\/\\\/autosdelpodio.com\\\/autos\\\/\",\"logo\":{\"@type\":\"ImageObject\",\"inLanguage\":\"es\",\"@id\":\"http:\\\/\\\/autosdelpodio.com\\\/autos\\\/#\\\/schema\\\/logo\\\/image\\\/\",\"url\":\"http:\\\/\\\/autosdelpodio.com\\\/autos\\\/wp-content\\\/uploads\\\/2020\\\/08\\\/Logo_AR.jpg\",\"contentUrl\":\"http:\\\/\\\/autosdelpodio.com\\\/autos\\\/wp-content\\\/uploads\\\/2020\\\/08\\\/Logo_AR.jpg\",\"width\":1038,\"height\":1044,\"caption\":\"Autos del Podio\"},\"image\":{\"@id\":\"http:\\\/\\\/autosdelpodio.com\\\/autos\\\/#\\\/schema\\\/logo\\\/image\\\/\"},\"sameAs\":[\"https:\\\/\\\/www.facebook.com\\\/profile.php?id=100057192590976&amp;amp;amp;amp;amp;amp;amp;amp;amp;amp;amp;amp;amp;amp;amp;amp;amp;amp;ref=ts\",\"https:\\\/\\\/x.com\\\/autosdelpodio\",\"https:\\\/\\\/www.youtube.com\\\/user\\\/AutosdelPodio\"]},{\"@type\":\"Person\",\"@id\":\"http:\\\/\\\/autosdelpodio.com\\\/autos\\\/#\\\/schema\\\/person\\\/993527a4d01c3acdd3d6bce3770bc942\",\"name\":\"autosdelpodio\",\"image\":{\"@type\":\"ImageObject\",\"inLanguage\":\"es\",\"@id\":\"http:\\\/\\\/autosdelpodio.com\\\/autos\\\/wp-content\\\/litespeed\\\/avatar\\\/aa8f65cd201a80f6b844f63278aa84af.jpg?ver=1776798175\",\"url\":\"http:\\\/\\\/autosdelpodio.com\\\/autos\\\/wp-content\\\/litespeed\\\/avatar\\\/aa8f65cd201a80f6b844f63278aa84af.jpg?ver=1776798175\",\"contentUrl\":\"http:\\\/\\\/autosdelpodio.com\\\/autos\\\/wp-content\\\/litespeed\\\/avatar\\\/aa8f65cd201a80f6b844f63278aa84af.jpg?ver=1776798175\",\"caption\":\"autosdelpodio\"}}]}<\/script>\n<!-- \/ Yoast SEO plugin. -->","yoast_head_json":{"title":"Autos del Podio | Se posterga la vuelta del TC ( y del automovilismo en general)","description":"Autos del Podio","robots":{"index":"index","follow":"follow","max-snippet":"max-snippet:-1","max-image-preview":"max-image-preview:large","max-video-preview":"max-video-preview:-1"},"canonical":"http:\/\/autosdelpodio.com\/autos\/se-posterga-la-vuelta-del-tc-y-del-automovilismo-en-general\/","og_locale":"es_ES","og_type":"article","og_title":"Autos del Podio | Se posterga la vuelta del TC ( y del automovilismo en general)","og_description":"Autos del Podio","og_url":"http:\/\/autosdelpodio.com\/autos\/se-posterga-la-vuelta-del-tc-y-del-automovilismo-en-general\/","og_site_name":"Autos del Podio","article_publisher":"https:\/\/www.facebook.com\/profile.php?id=100057192590976&amp%3bamp%3bamp%3bamp%3bamp%3bamp%3bamp%3bamp%3bamp%3bamp%3bamp%3bamp%3bamp%3bamp%3bamp%3bamp%3bamp%3bamp%3bref=ts","article_published_time":"2020-08-25T23:32:28+00:00","article_modified_time":"2020-09-07T19:46:02+00:00","author":"autosdelpodio","twitter_card":"summary_large_image","twitter_creator":"@autosdelpodio","twitter_site":"@autosdelpodio","twitter_misc":{"Escrito por":"autosdelpodio","Tiempo de lectura":"1 minuto"},"schema":{"@context":"https:\/\/schema.org","@graph":[{"@type":"Article","@id":"http:\/\/autosdelpodio.com\/autos\/se-posterga-la-vuelta-del-tc-y-del-automovilismo-en-general\/#article","isPartOf":{"@id":"http:\/\/autosdelpodio.com\/autos\/se-posterga-la-vuelta-del-tc-y-del-automovilismo-en-general\/"},"author":{"name":"autosdelpodio","@id":"http:\/\/autosdelpodio.com\/autos\/#\/schema\/person\/993527a4d01c3acdd3d6bce3770bc942"},"headline":"Se posterga la vuelta del TC ( y del automovilismo en general)","datePublished":"2020-08-25T23:32:28+00:00","dateModified":"2020-09-07T19:46:02+00:00","mainEntityOfPage":{"@id":"http:\/\/autosdelpodio.com\/autos\/se-posterga-la-vuelta-del-tc-y-del-automovilismo-en-general\/"},"wordCount":205,"commentCount":1,"publisher":{"@id":"http:\/\/autosdelpodio.com\/autos\/#organization"},"keywords":["Autodromos","Calendarios","Pilotos y Categorias","TC"],"articleSection":["\u00daltimas noticias"],"inLanguage":"es","potentialAction":[{"@type":"CommentAction","name":"Comment","target":["http:\/\/autosdelpodio.com\/autos\/se-posterga-la-vuelta-del-tc-y-del-automovilismo-en-general\/#respond"]}]},{"@type":"WebPage","@id":"http:\/\/autosdelpodio.com\/autos\/se-posterga-la-vuelta-del-tc-y-del-automovilismo-en-general\/","url":"http:\/\/autosdelpodio.com\/autos\/se-posterga-la-vuelta-del-tc-y-del-automovilismo-en-general\/","name":"Autos del Podio | Se posterga la vuelta del TC ( y del automovilismo en general)","isPartOf":{"@id":"http:\/\/autosdelpodio.com\/autos\/#website"},"datePublished":"2020-08-25T23:32:28+00:00","dateModified":"2020-09-07T19:46:02+00:00","description":"Autos del Podio","breadcrumb":{"@id":"http:\/\/autosdelpodio.com\/autos\/se-posterga-la-vuelta-del-tc-y-del-automovilismo-en-general\/#breadcrumb"},"inLanguage":"es","potentialAction":[{"@type":"ReadAction","target":["http:\/\/autosdelpodio.com\/autos\/se-posterga-la-vuelta-del-tc-y-del-automovilismo-en-general\/"]}]},{"@type":"BreadcrumbList","@id":"http:\/\/autosdelpodio.com\/autos\/se-posterga-la-vuelta-del-tc-y-del-automovilismo-en-general\/#breadcrumb","itemListElement":[{"@type":"ListItem","position":1,"name":"Portada","item":"http:\/\/autosdelpodio.com\/autos\/"},{"@type":"ListItem","position":2,"name":"Se posterga la vuelta del TC ( y del automovilismo en general)"}]},{"@type":"WebSite","@id":"http:\/\/autosdelpodio.com\/autos\/#website","url":"http:\/\/autosdelpodio.com\/autos\/","name":"Autos del Podio","description":"La sexta del deporte motor","publisher":{"@id":"http:\/\/autosdelpodio.com\/autos\/#organization"},"potentialAction":[{"@type":"SearchAction","target":{"@type":"EntryPoint","urlTemplate":"http:\/\/autosdelpodio.com\/autos\/?s={search_term_string}"},"query-input":{"@type":"PropertyValueSpecification","valueRequired":true,"valueName":"search_term_string"}}],"inLanguage":"es"},{"@type":"Organization","@id":"http:\/\/autosdelpodio.com\/autos\/#organization","name":"Autos del Podio","url":"http:\/\/autosdelpodio.com\/autos\/","logo":{"@type":"ImageObject","inLanguage":"es","@id":"http:\/\/autosdelpodio.com\/autos\/#\/schema\/logo\/image\/","url":"http:\/\/autosdelpodio.com\/autos\/wp-content\/uploads\/2020\/08\/Logo_AR.jpg","contentUrl":"http:\/\/autosdelpodio.com\/autos\/wp-content\/uploads\/2020\/08\/Logo_AR.jpg","width":1038,"height":1044,"caption":"Autos del Podio"},"image":{"@id":"http:\/\/autosdelpodio.com\/autos\/#\/schema\/logo\/image\/"},"sameAs":["https:\/\/www.facebook.com\/profile.php?id=100057192590976&amp;amp;amp;amp;amp;amp;amp;amp;amp;amp;amp;amp;amp;amp;amp;amp;amp;amp;ref=ts","https:\/\/x.com\/autosdelpodio","https:\/\/www.youtube.com\/user\/AutosdelPodio"]},{"@type":"Person","@id":"http:\/\/autosdelpodio.com\/autos\/#\/schema\/person\/993527a4d01c3acdd3d6bce3770bc942","name":"autosdelpodio","image":{"@type":"ImageObject","inLanguage":"es","@id":"http:\/\/autosdelpodio.com\/autos\/wp-content\/litespeed\/avatar\/aa8f65cd201a80f6b844f63278aa84af.jpg?ver=1776798175","url":"http:\/\/autosdelpodio.com\/autos\/wp-content\/litespeed\/avatar\/aa8f65cd201a80f6b844f63278aa84af.jpg?ver=1776798175","contentUrl":"http:\/\/autosdelpodio.com\/autos\/wp-content\/litespeed\/avatar\/aa8f65cd201a80f6b844f63278aa84af.jpg?ver=1776798175","caption":"autosdelpodio"}}]}},"views":675,"_links":{"self":[{"href":"http:\/\/autosdelpodio.com\/autos\/wp-json\/wp\/v2\/posts\/2555","targetHints":{"allow":["GET"]}}],"collection":[{"href":"http:\/\/autosdelpodio.com\/autos\/wp-json\/wp\/v2\/posts"}],"about":[{"href":"http:\/\/autosdelpodio.com\/autos\/wp-json\/wp\/v2\/types\/post"}],"author":[{"embeddable":true,"href":"http:\/\/autosdelpodio.com\/autos\/wp-json\/wp\/v2\/users\/3"}],"replies":[{"embeddable":true,"href":"http:\/\/autosdelpodio.com\/autos\/wp-json\/wp\/v2\/comments?post=2555"}],"version-history":[{"count":2,"href":"http:\/\/autosdelpodio.com\/autos\/wp-json\/wp\/v2\/posts\/2555\/revisions"}],"predecessor-version":[{"id":2557,"href":"http:\/\/autosdelpodio.com\/autos\/wp-json\/wp\/v2\/posts\/2555\/revisions\/2557"}],"wp:attachment":[{"href":"http:\/\/autosdelpodio.com\/autos\/wp-json\/wp\/v2\/media?parent=2555"}],"wp:term":[{"taxonomy":"category","embeddable":true,"href":"http:\/\/autosdelpodio.com\/autos\/wp-json\/wp\/v2\/categories?post=2555"},{"taxonomy":"post_tag","embeddable":true,"href":"http:\/\/autosdelpodio.com\/autos\/wp-json\/wp\/v2\/tags?post=2555"}],"curies":[{"name":"wp","href":"https:\/\/api.w.org\/{rel}","templated":true}]}}