{"id":2561,"date":"2020-08-29T10:47:20","date_gmt":"2020-08-29T13:47:20","guid":{"rendered":"http:\/\/autosdelpodio.com\/autos\/?p=2561"},"modified":"2020-08-29T10:59:28","modified_gmt":"2020-08-29T13:59:28","slug":"es-oficial-el-gobierno-autorizo-la-vuelta-del-automovilismo","status":"publish","type":"post","link":"http:\/\/autosdelpodio.com\/autos\/es-oficial-el-gobierno-autorizo-la-vuelta-del-automovilismo\/","title":{"rendered":"Es oficial: el Gobierno autoriz\u00f3 la vuelta del automovilismo"},"content":{"rendered":"\n<p>El Boletin Oficial del 29 de Agosto indica que except\u00faa del aislamiento a la pr\u00e1ctica de competencias automovil\u00edsticas.<\/p>\n\n\n\n<p><strong>Se autoriza el desarrollo de competencias automovil\u00edsticas en Argentina bajo las normas que cada Provincia y la Ciudad Aut\u00f3noma de Buenos Aires dicten, seg\u00fan decisi\u00f3n del Jefe de Gabinete de Ministros de la Naci\u00f3n publicada en el Bolet\u00edn Oficial de la Rep\u00fablica Argentina del s\u00e1bado 29 de agosto de 2020 (Decisi\u00f3n Administrativa 1592\/2020).<\/strong><br>La publicaci\u00f3n afirma que se incorpora al \u00abAnexo de Protocolos autorizados por la autoridad sanitaria nacional\u00bb el documento denominado \u00abCOVID-19 RECOMENDACIONES PARA EL REINICIO DE COMPETENCIAS AUTOMOVIL\u00cdSTICAS\u00bb<\/p>\n\n\n\n<p>Cabe agregar que previamente, el pasado Jueves 19 el Ministerio de Salud de la Naci\u00f3n aprob\u00f3 el Protocolo Sanitario de la ACTC, el cual \u00a0por pedido de la misma cartera, ser\u00e1 el que se aplique a todo el automovilismo nacional.<\/p>\n","protected":false},"excerpt":{"rendered":"<p>El Boletin Oficial del 29 de Agosto indica que except\u00faa del aislamiento a la pr\u00e1ctica de competencias automovil\u00edsticas. Se autoriza<\/p>\n","protected":false},"author":3,"featured_media":774,"comment_status":"open","ping_status":"open","sticky":false,"template":"","format":"standard","meta":{"colormag_page_container_layout":"default_layout","colormag_page_sidebar_layout":"default_layout","footnotes":""},"categories":[6,5],"tags":[321,143,76,86,35],"class_list":["post-2561","post","type-post","status-publish","format-standard","has-post-thumbnail","hentry","category-newsflash","category-latest-news","tag-aca","tag-actc","tag-automovilismo","tag-pilotos-y-categorias","tag-republica-argentina"],"yoast_head":"<!-- This site is optimized with the Yoast SEO plugin v27.4 - https:\/\/yoast.com\/product\/yoast-seo-wordpress\/ -->\n<title>Autos del Podio | Es oficial: el Gobierno autoriz\u00f3 la vuelta del automovilismo<\/title>\n<meta name=\"description\" content=\"Autos del Podio\" \/>\n<meta name=\"robots\" content=\"index, follow, max-snippet:-1, max-image-preview:large, max-video-preview:-1\" \/>\n<link rel=\"canonical\" href=\"http:\/\/autosdelpodio.com\/autos\/es-oficial-el-gobierno-autorizo-la-vuelta-del-automovilismo\/\" \/>\n<meta property=\"og:locale\" content=\"es_ES\" \/>\n<meta property=\"og:type\" content=\"article\" \/>\n<meta property=\"og:title\" content=\"Autos del Podio | Es oficial: el Gobierno autoriz\u00f3 la vuelta del automovilismo\" \/>\n<meta property=\"og:description\" content=\"Autos del Podio\" \/>\n<meta property=\"og:url\" content=\"http:\/\/autosdelpodio.com\/autos\/es-oficial-el-gobierno-autorizo-la-vuelta-del-automovilismo\/\" \/>\n<meta property=\"og:site_name\" content=\"Autos del Podio\" \/>\n<meta property=\"article:publisher\" content=\"https:\/\/www.facebook.com\/profile.php?id=100057192590976&amp;amp%3bamp%3bamp%3bamp%3bamp%3bamp%3bamp%3bamp%3bamp%3bamp%3bamp%3bamp%3bamp%3bamp%3bamp%3bamp%3bamp%3bamp%3bref=ts\" \/>\n<meta property=\"article:published_time\" content=\"2020-08-29T13:47:20+00:00\" \/>\n<meta property=\"article:modified_time\" content=\"2020-08-29T13:59:28+00:00\" \/>\n<meta property=\"og:image\" content=\"http:\/\/autosdelpodio.com\/autos\/wp-content\/uploads\/2013\/07\/aut_bs_as.jpg\" \/>\n\t<meta property=\"og:image:width\" content=\"2046\" \/>\n\t<meta property=\"og:image:height\" content=\"1189\" \/>\n\t<meta property=\"og:image:type\" content=\"image\/jpeg\" \/>\n<meta name=\"author\" content=\"autosdelpodio\" \/>\n<meta name=\"twitter:card\" content=\"summary_large_image\" \/>\n<meta name=\"twitter:creator\" content=\"@autosdelpodio\" \/>\n<meta name=\"twitter:site\" content=\"@autosdelpodio\" \/>\n<meta name=\"twitter:label1\" content=\"Escrito por\" \/>\n\t<meta name=\"twitter:data1\" content=\"autosdelpodio\" \/>\n\t<meta name=\"twitter:label2\" content=\"Tiempo de lectura\" \/>\n\t<meta name=\"twitter:data2\" content=\"1 minuto\" \/>\n<script type=\"application\/ld+json\" class=\"yoast-schema-graph\">{\"@context\":\"https:\\\/\\\/schema.org\",\"@graph\":[{\"@type\":\"Article\",\"@id\":\"http:\\\/\\\/autosdelpodio.com\\\/autos\\\/es-oficial-el-gobierno-autorizo-la-vuelta-del-automovilismo\\\/#article\",\"isPartOf\":{\"@id\":\"http:\\\/\\\/autosdelpodio.com\\\/autos\\\/es-oficial-el-gobierno-autorizo-la-vuelta-del-automovilismo\\\/\"},\"author\":{\"name\":\"autosdelpodio\",\"@id\":\"http:\\\/\\\/autosdelpodio.com\\\/autos\\\/#\\\/schema\\\/person\\\/993527a4d01c3acdd3d6bce3770bc942\"},\"headline\":\"Es oficial: el Gobierno autoriz\u00f3 la vuelta del automovilismo\",\"datePublished\":\"2020-08-29T13:47:20+00:00\",\"dateModified\":\"2020-08-29T13:59:28+00:00\",\"mainEntityOfPage\":{\"@id\":\"http:\\\/\\\/autosdelpodio.com\\\/autos\\\/es-oficial-el-gobierno-autorizo-la-vuelta-del-automovilismo\\\/\"},\"wordCount\":157,\"commentCount\":1,\"publisher\":{\"@id\":\"http:\\\/\\\/autosdelpodio.com\\\/autos\\\/#organization\"},\"image\":{\"@id\":\"http:\\\/\\\/autosdelpodio.com\\\/autos\\\/es-oficial-el-gobierno-autorizo-la-vuelta-del-automovilismo\\\/#primaryimage\"},\"thumbnailUrl\":\"http:\\\/\\\/autosdelpodio.com\\\/autos\\\/wp-content\\\/uploads\\\/2013\\\/07\\\/aut_bs_as.jpg\",\"keywords\":[\"ACA\",\"ACTC\",\"Automovilismo\",\"Pilotos y Categorias\",\"Republica Argentina\"],\"articleSection\":[\"Destacado\",\"\u00daltimas noticias\"],\"inLanguage\":\"es\",\"potentialAction\":[{\"@type\":\"CommentAction\",\"name\":\"Comment\",\"target\":[\"http:\\\/\\\/autosdelpodio.com\\\/autos\\\/es-oficial-el-gobierno-autorizo-la-vuelta-del-automovilismo\\\/#respond\"]}]},{\"@type\":\"WebPage\",\"@id\":\"http:\\\/\\\/autosdelpodio.com\\\/autos\\\/es-oficial-el-gobierno-autorizo-la-vuelta-del-automovilismo\\\/\",\"url\":\"http:\\\/\\\/autosdelpodio.com\\\/autos\\\/es-oficial-el-gobierno-autorizo-la-vuelta-del-automovilismo\\\/\",\"name\":\"Autos del Podio | Es oficial: el Gobierno autoriz\u00f3 la vuelta del automovilismo\",\"isPartOf\":{\"@id\":\"http:\\\/\\\/autosdelpodio.com\\\/autos\\\/#website\"},\"primaryImageOfPage\":{\"@id\":\"http:\\\/\\\/autosdelpodio.com\\\/autos\\\/es-oficial-el-gobierno-autorizo-la-vuelta-del-automovilismo\\\/#primaryimage\"},\"image\":{\"@id\":\"http:\\\/\\\/autosdelpodio.com\\\/autos\\\/es-oficial-el-gobierno-autorizo-la-vuelta-del-automovilismo\\\/#primaryimage\"},\"thumbnailUrl\":\"http:\\\/\\\/autosdelpodio.com\\\/autos\\\/wp-content\\\/uploads\\\/2013\\\/07\\\/aut_bs_as.jpg\",\"datePublished\":\"2020-08-29T13:47:20+00:00\",\"dateModified\":\"2020-08-29T13:59:28+00:00\",\"description\":\"Autos del Podio\",\"breadcrumb\":{\"@id\":\"http:\\\/\\\/autosdelpodio.com\\\/autos\\\/es-oficial-el-gobierno-autorizo-la-vuelta-del-automovilismo\\\/#breadcrumb\"},\"inLanguage\":\"es\",\"potentialAction\":[{\"@type\":\"ReadAction\",\"target\":[\"http:\\\/\\\/autosdelpodio.com\\\/autos\\\/es-oficial-el-gobierno-autorizo-la-vuelta-del-automovilismo\\\/\"]}]},{\"@type\":\"ImageObject\",\"inLanguage\":\"es\",\"@id\":\"http:\\\/\\\/autosdelpodio.com\\\/autos\\\/es-oficial-el-gobierno-autorizo-la-vuelta-del-automovilismo\\\/#primaryimage\",\"url\":\"http:\\\/\\\/autosdelpodio.com\\\/autos\\\/wp-content\\\/uploads\\\/2013\\\/07\\\/aut_bs_as.jpg\",\"contentUrl\":\"http:\\\/\\\/autosdelpodio.com\\\/autos\\\/wp-content\\\/uploads\\\/2013\\\/07\\\/aut_bs_as.jpg\",\"width\":2046,\"height\":1189},{\"@type\":\"BreadcrumbList\",\"@id\":\"http:\\\/\\\/autosdelpodio.com\\\/autos\\\/es-oficial-el-gobierno-autorizo-la-vuelta-del-automovilismo\\\/#breadcrumb\",\"itemListElement\":[{\"@type\":\"ListItem\",\"position\":1,\"name\":\"Portada\",\"item\":\"http:\\\/\\\/autosdelpodio.com\\\/autos\\\/\"},{\"@type\":\"ListItem\",\"position\":2,\"name\":\"Es oficial: el Gobierno autoriz\u00f3 la vuelta del automovilismo\"}]},{\"@type\":\"WebSite\",\"@id\":\"http:\\\/\\\/autosdelpodio.com\\\/autos\\\/#website\",\"url\":\"http:\\\/\\\/autosdelpodio.com\\\/autos\\\/\",\"name\":\"Autos del Podio\",\"description\":\"La sexta del deporte motor\",\"publisher\":{\"@id\":\"http:\\\/\\\/autosdelpodio.com\\\/autos\\\/#organization\"},\"potentialAction\":[{\"@type\":\"SearchAction\",\"target\":{\"@type\":\"EntryPoint\",\"urlTemplate\":\"http:\\\/\\\/autosdelpodio.com\\\/autos\\\/?s={search_term_string}\"},\"query-input\":{\"@type\":\"PropertyValueSpecification\",\"valueRequired\":true,\"valueName\":\"search_term_string\"}}],\"inLanguage\":\"es\"},{\"@type\":\"Organization\",\"@id\":\"http:\\\/\\\/autosdelpodio.com\\\/autos\\\/#organization\",\"name\":\"Autos del Podio\",\"url\":\"http:\\\/\\\/autosdelpodio.com\\\/autos\\\/\",\"logo\":{\"@type\":\"ImageObject\",\"inLanguage\":\"es\",\"@id\":\"http:\\\/\\\/autosdelpodio.com\\\/autos\\\/#\\\/schema\\\/logo\\\/image\\\/\",\"url\":\"http:\\\/\\\/autosdelpodio.com\\\/autos\\\/wp-content\\\/uploads\\\/2020\\\/08\\\/Logo_AR.jpg\",\"contentUrl\":\"http:\\\/\\\/autosdelpodio.com\\\/autos\\\/wp-content\\\/uploads\\\/2020\\\/08\\\/Logo_AR.jpg\",\"width\":1038,\"height\":1044,\"caption\":\"Autos del Podio\"},\"image\":{\"@id\":\"http:\\\/\\\/autosdelpodio.com\\\/autos\\\/#\\\/schema\\\/logo\\\/image\\\/\"},\"sameAs\":[\"https:\\\/\\\/www.facebook.com\\\/profile.php?id=100057192590976&amp;amp;amp;amp;amp;amp;amp;amp;amp;amp;amp;amp;amp;amp;amp;amp;amp;amp;ref=ts\",\"https:\\\/\\\/x.com\\\/autosdelpodio\",\"https:\\\/\\\/www.youtube.com\\\/user\\\/AutosdelPodio\"]},{\"@type\":\"Person\",\"@id\":\"http:\\\/\\\/autosdelpodio.com\\\/autos\\\/#\\\/schema\\\/person\\\/993527a4d01c3acdd3d6bce3770bc942\",\"name\":\"autosdelpodio\",\"image\":{\"@type\":\"ImageObject\",\"inLanguage\":\"es\",\"@id\":\"http:\\\/\\\/autosdelpodio.com\\\/autos\\\/wp-content\\\/litespeed\\\/avatar\\\/aa8f65cd201a80f6b844f63278aa84af.jpg?ver=1776798175\",\"url\":\"http:\\\/\\\/autosdelpodio.com\\\/autos\\\/wp-content\\\/litespeed\\\/avatar\\\/aa8f65cd201a80f6b844f63278aa84af.jpg?ver=1776798175\",\"contentUrl\":\"http:\\\/\\\/autosdelpodio.com\\\/autos\\\/wp-content\\\/litespeed\\\/avatar\\\/aa8f65cd201a80f6b844f63278aa84af.jpg?ver=1776798175\",\"caption\":\"autosdelpodio\"}}]}<\/script>\n<!-- \/ Yoast SEO plugin. -->","yoast_head_json":{"title":"Autos del Podio | Es oficial: el Gobierno autoriz\u00f3 la vuelta del automovilismo","description":"Autos del Podio","robots":{"index":"index","follow":"follow","max-snippet":"max-snippet:-1","max-image-preview":"max-image-preview:large","max-video-preview":"max-video-preview:-1"},"canonical":"http:\/\/autosdelpodio.com\/autos\/es-oficial-el-gobierno-autorizo-la-vuelta-del-automovilismo\/","og_locale":"es_ES","og_type":"article","og_title":"Autos del Podio | Es oficial: el Gobierno autoriz\u00f3 la vuelta del automovilismo","og_description":"Autos del Podio","og_url":"http:\/\/autosdelpodio.com\/autos\/es-oficial-el-gobierno-autorizo-la-vuelta-del-automovilismo\/","og_site_name":"Autos del Podio","article_publisher":"https:\/\/www.facebook.com\/profile.php?id=100057192590976&amp%3bamp%3bamp%3bamp%3bamp%3bamp%3bamp%3bamp%3bamp%3bamp%3bamp%3bamp%3bamp%3bamp%3bamp%3bamp%3bamp%3bamp%3bref=ts","article_published_time":"2020-08-29T13:47:20+00:00","article_modified_time":"2020-08-29T13:59:28+00:00","og_image":[{"width":2046,"height":1189,"url":"http:\/\/autosdelpodio.com\/autos\/wp-content\/uploads\/2013\/07\/aut_bs_as.jpg","type":"image\/jpeg"}],"author":"autosdelpodio","twitter_card":"summary_large_image","twitter_creator":"@autosdelpodio","twitter_site":"@autosdelpodio","twitter_misc":{"Escrito por":"autosdelpodio","Tiempo de lectura":"1 minuto"},"schema":{"@context":"https:\/\/schema.org","@graph":[{"@type":"Article","@id":"http:\/\/autosdelpodio.com\/autos\/es-oficial-el-gobierno-autorizo-la-vuelta-del-automovilismo\/#article","isPartOf":{"@id":"http:\/\/autosdelpodio.com\/autos\/es-oficial-el-gobierno-autorizo-la-vuelta-del-automovilismo\/"},"author":{"name":"autosdelpodio","@id":"http:\/\/autosdelpodio.com\/autos\/#\/schema\/person\/993527a4d01c3acdd3d6bce3770bc942"},"headline":"Es oficial: el Gobierno autoriz\u00f3 la vuelta del automovilismo","datePublished":"2020-08-29T13:47:20+00:00","dateModified":"2020-08-29T13:59:28+00:00","mainEntityOfPage":{"@id":"http:\/\/autosdelpodio.com\/autos\/es-oficial-el-gobierno-autorizo-la-vuelta-del-automovilismo\/"},"wordCount":157,"commentCount":1,"publisher":{"@id":"http:\/\/autosdelpodio.com\/autos\/#organization"},"image":{"@id":"http:\/\/autosdelpodio.com\/autos\/es-oficial-el-gobierno-autorizo-la-vuelta-del-automovilismo\/#primaryimage"},"thumbnailUrl":"http:\/\/autosdelpodio.com\/autos\/wp-content\/uploads\/2013\/07\/aut_bs_as.jpg","keywords":["ACA","ACTC","Automovilismo","Pilotos y Categorias","Republica Argentina"],"articleSection":["Destacado","\u00daltimas noticias"],"inLanguage":"es","potentialAction":[{"@type":"CommentAction","name":"Comment","target":["http:\/\/autosdelpodio.com\/autos\/es-oficial-el-gobierno-autorizo-la-vuelta-del-automovilismo\/#respond"]}]},{"@type":"WebPage","@id":"http:\/\/autosdelpodio.com\/autos\/es-oficial-el-gobierno-autorizo-la-vuelta-del-automovilismo\/","url":"http:\/\/autosdelpodio.com\/autos\/es-oficial-el-gobierno-autorizo-la-vuelta-del-automovilismo\/","name":"Autos del Podio | Es oficial: el Gobierno autoriz\u00f3 la vuelta del automovilismo","isPartOf":{"@id":"http:\/\/autosdelpodio.com\/autos\/#website"},"primaryImageOfPage":{"@id":"http:\/\/autosdelpodio.com\/autos\/es-oficial-el-gobierno-autorizo-la-vuelta-del-automovilismo\/#primaryimage"},"image":{"@id":"http:\/\/autosdelpodio.com\/autos\/es-oficial-el-gobierno-autorizo-la-vuelta-del-automovilismo\/#primaryimage"},"thumbnailUrl":"http:\/\/autosdelpodio.com\/autos\/wp-content\/uploads\/2013\/07\/aut_bs_as.jpg","datePublished":"2020-08-29T13:47:20+00:00","dateModified":"2020-08-29T13:59:28+00:00","description":"Autos del Podio","breadcrumb":{"@id":"http:\/\/autosdelpodio.com\/autos\/es-oficial-el-gobierno-autorizo-la-vuelta-del-automovilismo\/#breadcrumb"},"inLanguage":"es","potentialAction":[{"@type":"ReadAction","target":["http:\/\/autosdelpodio.com\/autos\/es-oficial-el-gobierno-autorizo-la-vuelta-del-automovilismo\/"]}]},{"@type":"ImageObject","inLanguage":"es","@id":"http:\/\/autosdelpodio.com\/autos\/es-oficial-el-gobierno-autorizo-la-vuelta-del-automovilismo\/#primaryimage","url":"http:\/\/autosdelpodio.com\/autos\/wp-content\/uploads\/2013\/07\/aut_bs_as.jpg","contentUrl":"http:\/\/autosdelpodio.com\/autos\/wp-content\/uploads\/2013\/07\/aut_bs_as.jpg","width":2046,"height":1189},{"@type":"BreadcrumbList","@id":"http:\/\/autosdelpodio.com\/autos\/es-oficial-el-gobierno-autorizo-la-vuelta-del-automovilismo\/#breadcrumb","itemListElement":[{"@type":"ListItem","position":1,"name":"Portada","item":"http:\/\/autosdelpodio.com\/autos\/"},{"@type":"ListItem","position":2,"name":"Es oficial: el Gobierno autoriz\u00f3 la vuelta del automovilismo"}]},{"@type":"WebSite","@id":"http:\/\/autosdelpodio.com\/autos\/#website","url":"http:\/\/autosdelpodio.com\/autos\/","name":"Autos del Podio","description":"La sexta del deporte motor","publisher":{"@id":"http:\/\/autosdelpodio.com\/autos\/#organization"},"potentialAction":[{"@type":"SearchAction","target":{"@type":"EntryPoint","urlTemplate":"http:\/\/autosdelpodio.com\/autos\/?s={search_term_string}"},"query-input":{"@type":"PropertyValueSpecification","valueRequired":true,"valueName":"search_term_string"}}],"inLanguage":"es"},{"@type":"Organization","@id":"http:\/\/autosdelpodio.com\/autos\/#organization","name":"Autos del Podio","url":"http:\/\/autosdelpodio.com\/autos\/","logo":{"@type":"ImageObject","inLanguage":"es","@id":"http:\/\/autosdelpodio.com\/autos\/#\/schema\/logo\/image\/","url":"http:\/\/autosdelpodio.com\/autos\/wp-content\/uploads\/2020\/08\/Logo_AR.jpg","contentUrl":"http:\/\/autosdelpodio.com\/autos\/wp-content\/uploads\/2020\/08\/Logo_AR.jpg","width":1038,"height":1044,"caption":"Autos del Podio"},"image":{"@id":"http:\/\/autosdelpodio.com\/autos\/#\/schema\/logo\/image\/"},"sameAs":["https:\/\/www.facebook.com\/profile.php?id=100057192590976&amp;amp;amp;amp;amp;amp;amp;amp;amp;amp;amp;amp;amp;amp;amp;amp;amp;amp;ref=ts","https:\/\/x.com\/autosdelpodio","https:\/\/www.youtube.com\/user\/AutosdelPodio"]},{"@type":"Person","@id":"http:\/\/autosdelpodio.com\/autos\/#\/schema\/person\/993527a4d01c3acdd3d6bce3770bc942","name":"autosdelpodio","image":{"@type":"ImageObject","inLanguage":"es","@id":"http:\/\/autosdelpodio.com\/autos\/wp-content\/litespeed\/avatar\/aa8f65cd201a80f6b844f63278aa84af.jpg?ver=1776798175","url":"http:\/\/autosdelpodio.com\/autos\/wp-content\/litespeed\/avatar\/aa8f65cd201a80f6b844f63278aa84af.jpg?ver=1776798175","contentUrl":"http:\/\/autosdelpodio.com\/autos\/wp-content\/litespeed\/avatar\/aa8f65cd201a80f6b844f63278aa84af.jpg?ver=1776798175","caption":"autosdelpodio"}}]}},"views":682,"_links":{"self":[{"href":"http:\/\/autosdelpodio.com\/autos\/wp-json\/wp\/v2\/posts\/2561","targetHints":{"allow":["GET"]}}],"collection":[{"href":"http:\/\/autosdelpodio.com\/autos\/wp-json\/wp\/v2\/posts"}],"about":[{"href":"http:\/\/autosdelpodio.com\/autos\/wp-json\/wp\/v2\/types\/post"}],"author":[{"embeddable":true,"href":"http:\/\/autosdelpodio.com\/autos\/wp-json\/wp\/v2\/users\/3"}],"replies":[{"embeddable":true,"href":"http:\/\/autosdelpodio.com\/autos\/wp-json\/wp\/v2\/comments?post=2561"}],"version-history":[{"count":5,"href":"http:\/\/autosdelpodio.com\/autos\/wp-json\/wp\/v2\/posts\/2561\/revisions"}],"predecessor-version":[{"id":2566,"href":"http:\/\/autosdelpodio.com\/autos\/wp-json\/wp\/v2\/posts\/2561\/revisions\/2566"}],"wp:featuredmedia":[{"embeddable":true,"href":"http:\/\/autosdelpodio.com\/autos\/wp-json\/wp\/v2\/media\/774"}],"wp:attachment":[{"href":"http:\/\/autosdelpodio.com\/autos\/wp-json\/wp\/v2\/media?parent=2561"}],"wp:term":[{"taxonomy":"category","embeddable":true,"href":"http:\/\/autosdelpodio.com\/autos\/wp-json\/wp\/v2\/categories?post=2561"},{"taxonomy":"post_tag","embeddable":true,"href":"http:\/\/autosdelpodio.com\/autos\/wp-json\/wp\/v2\/tags?post=2561"}],"curies":[{"name":"wp","href":"https:\/\/api.w.org\/{rel}","templated":true}]}}