{"id":258,"date":"2011-08-22T02:45:51","date_gmt":"2011-08-22T02:45:51","guid":{"rendered":"http:\/\/autosdelpodio.com\/autos\/2011\/08\/22\/werner-y-guerrierien-lo-mas-alto-de-los-200-km\/"},"modified":"2011-08-22T02:45:51","modified_gmt":"2011-08-22T02:45:51","slug":"werner-y-guerrierien-lo-mas-alto-de-los-200-km","status":"publish","type":"post","link":"http:\/\/autosdelpodio.com\/autos\/werner-y-guerrierien-lo-mas-alto-de-los-200-km\/","title":{"rendered":"Werner y Guerrieri,en lo mas alto de los 200 Km."},"content":{"rendered":"<p><span> <\/p>\n<p style=\"text-align: justify;\">Mariano Werner y Esteban Guerrieri le dieron a Toyota su tercera victoria consecutiva en los 200 Kil\u00f3metros del TC2000 disputados en el aut\u00f3dromo de La Plata. Las duplas de Jos\u00e9 Mar\u00eda L\u00f3pez-Diego Aventin y Leonel Pern\u00eda-Omar Mart\u00ednez completaron los puestos del podio<\/p>\n<p> <\/span><\/p>\n<p>  <!--more-->  <\/p>\n<p><p style=\"text-align: justify;\">La dupla compuesta por Mariano Werner y Esteban Guerrieri (Toyota Team Argentina) domin\u00f3 de punta a punta el domingo en la octava edici\u00f3n de los 200 Kil\u00f3metros del TC2000 disputados por primera vez en el aut\u00f3dromo Roberto Mouras de La Plata. Detr\u00e1s se ubicaron los binomios de Jos\u00e9 Mar\u00eda L\u00f3pez\/Diego Avent\u00edn (Equipo Fiat Oil Combustibles) y Mariano Pern\u00eda\/Omar Mart\u00ednez (Equipo Petrobras).<\/p>\n<p style=\"text-align: justify;\">Werner y Guerrieri, quienes en la pasada edici\u00f3n subieron al podio en el G\u00e1lvez, ayer marcaron la pole y este domingo lograron una victoria tan contundente como inobjetable. Y no solo por las condiciones deportivas de ambos sino tambi\u00e9n por una impecable tarea de equipo, porque la estrategia y labor en boxes del equipo comandado por Gustavo Aznarez brind\u00f3 a sus pilotos la posibilidad de realizar el cambio de manera de ganar un tiempo mas que valioso que se tradujo en la ventaja abrumadora que mantuvo el l\u00edder al frente del pelot\u00f3n despu\u00e9s de su paso por boxes.<\/p>\n<p style=\"text-align: justify;\">La carrera fue un concierto del Toyota Corolla N\u00b05, que larg\u00f3 desde el primer caj\u00f3n de la grilla y solo abandon\u00f3 la posici\u00f3n de honor cuando ingres\u00f3 a boxes, en la vuelta 20, para el cambio de pilotos donde Werner le cedi\u00f3 el mando del auto a su invitado. Guerrieri volvi\u00f3 a la pista con suficiente tiempo como para que, una vez cumplido el tr\u00e1mite por todos los pilotos, le quedaran 24 segundos de ventaja sobre su rival m\u00e1s pr\u00f3ximo, el Fiat Linea del binomio de L\u00f3pez\/Aventin, con el cordob\u00e9s al mando de su unidad tras haber recibido el auto de manos del \u00abPumita\u00bb.<\/p>\n<p style=\"text-align: justify;\">El Fiat Linea N\u00b0 37 larg\u00f3 desde 7\u00ba lugar y avanz\u00f3 varias posiciones tras pasar por boxes para afincarse en el segundo puesto, lugar que lo ver\u00eda cruzar la bandera a cuadros delante del binomio Pernia\/Mart\u00ednez, que de esta manera remont\u00f3 una gran diferencia en su lucha por la corona.<\/p>\n<p style=\"text-align: justify;\">Varios golpes de efecto tuvo la competencia a lo largo de sus 47 giros al trazado platense. El primero de ellos fue la rotura de un soporte del eje trasero que oblig\u00f3 a Robert Huff a largar desde boxes con el Vectra de Agust\u00edn Canapino (Equipo Oficial Chevrolet), y aunque el brit\u00e1nico realiz\u00f3 una excelente labor y lleg\u00f3 a meterse entre los mejores 20 antes del cambio de pilotos, un problema en el motor los oblig\u00f3 a desertar pocos giros despu\u00e9s de volver a pista.<\/p>\n<p style=\"text-align: justify;\">Aunque sin dudas la otra nota excluyente de la jornada la dio tambi\u00e9n Toyota, cuando el Corolla de Mat\u00edas Rossi\/Mart\u00edn Basso, debi\u00f3 abandonar por un problema en la direcci\u00f3n hidr\u00e1ulica tras el paso por boxes para que el rafaelino tomara el lugar del puntero del certamen, que con esta deserci\u00f3n vio como su ventaja en la cima del torneo se redujo dr\u00e1sticamente a 15 puntos respecto del escolta Pernia y de 21 unidades con su compa\u00f1ero de equipo.<\/p>\n<p style=\"text-align: justify;\">Para destacar fueron las tareas de Ignacio Char y Camilo Echavarr\u00eda sobre otro de los Toyota Corolla del Toyota Team Argentina: el primero dejando el auto en cuarto lugar antes del recambio, el segundo logrando mantener la posici\u00f3n; algo similar a lo realizado por Jorge Trebbiani (Ford YPF) antes de cederle el Ford Focus a Juan Manuel Silva, que ya en manos del chaque\u00f1o qued\u00f3 varado en el pasto tras un despiste.<\/p>\n<p style=\"text-align: justify;\">Tambi\u00e9n supieron cosechar buenos resultados los binomios del Renault Lo Jack Team Guillermo Ortelli\/Luis Jos\u00e9 Di Palma y Mauro Giallombardo\/Carlos Okulovich, quienes arribaron 5\u00ba y 6\u00ba tras largar desde la 11\u00aa y 12\u00aa posici\u00f3n, respectivamente; al igual que los binomios del Equipo Fiat Oil Combustibles Emiliano Spataro\/Carlos Bueno y Emiliano L\u00f3pez\/Ezequiel Bosio, que partiendo 15\u00ba y 18\u00ba llegaron en el s\u00e9ptimo 7\u00ba y 8\u00ba lugar.<\/p>\n<p style=\"text-align: justify;\">Completada la octava fecha del Campeonato Argentino de TC2000, las posiciones son lideradas por Mat\u00edas Rossi con 144,5 puntos seguido por Pernia con 129,5 y Werner con 123,5 puntos.<\/p>\n<p style=\"text-align: justify;\">El podio de los equipo particulares fue ocupado por los binomios Dami\u00e1n Fineschi\/Marcelo Su\u00e1rez (Orbis Seguros Racing), Daniel Belli\/Adri\u00e1n Chiriano (Lanus Motorsport), y Franco Coscia\/Fabricio Pezzini (Orbis Seguros Racing), con lo que Coscia sigue liderando el certamen de privados con 42 puntos por delante de Leandro Carducci (DP1 Team), quien suma 20 unidades.<\/p>\n<p style=\"text-align: justify;\">La pr\u00f3xima fecha del Campeonato Argentino 3M de TC2000 se disputar\u00e1 el 11 de septiembre en Trelew.<\/p>\n<p>TC2000<\/p>\n<p>La Plata, Buenos Aires<\/p>\n<p>Resultados<\/p>\n<p>1 Mariano Werner \/ Esteban Guerrieri Toyota Team Argentina 12:10.357<\/p>\n<p>2 Jose Maria Lopez \/ Diego Aventin Fiat Oil Combustibles + 7.413<\/p>\n<p>3 Leonel Pernia \/ Omar Mart\u00ednez Equipo Petrobras + 42.193<\/p>\n<p>4 Ignacio Char \/ Camilo Echevarria Toyota Team Argentina + 53.925<\/p>\n<p>5 Guillermo Ortelli \/ Luis Jos\u00e9 Di Palma Renault Lo Jack Team + 54.296<\/p>\n<p>6 Mauro Giallombardo \/ Carlos Okulovich Renault Lo Jack Team + 57.616<\/p>\n<p>7 Emiliano Spataro \/ Caca Bueno Fiat Oil Combustibles + 57.816<\/p>\n<p>8 Emiliano Lopez \/ Ezequiel Bosio Fiat Oil Combustibles + 1:15.850<\/p>\n<p>9 Guido Falaschi \/ Esteban Tuero Sportteam Competicion + 1:23.530<\/p>\n<p>10 Norberto Fontana \/ Marco G\u00f3mez Ford-YPF + 1:30.360<\/p>\n<p>11 Fabian Yannantuoni \/ Juan B. de Benedictis Ford-YPF + 1:30.371<\/p>\n<p>12 Juan Cruz Alvarez \/ Nicol\u00e1s Minassian Peugeot Cobra Team + 1:30.815<\/p>\n<p>13 Mariano Altuna \/ Juli\u00e1n Moro Equipo Petrobras + 1:33.059<\/p>\n<p>14 Matias Munoz Marchesi \/ Marcelo Bugliotti Peugeot Cobra Team + 1 vlta.<\/p>\n<p>15 Juan Manuel Silva \/ Jorge Trebbiani Ford-YPF + 1 vlta<\/p>\n<p>Campeonato<\/p>\n<p>1. Rossi 144,5 pts.<\/p>\n<p>2. Pern\u00eda 129,5<\/p>\n<p>3. Werner 123,5<\/p>\n<p>4. Ortelli 98,0<\/p>\n<p>5. Spataro 95,<\/p><\/p>\n","protected":false},"excerpt":{"rendered":"<p>Mariano Werner y Esteban Guerrieri le dieron a Toyota su tercera victoria consecutiva en los 200 Kil\u00f3metros del TC2000 disputados<\/p>\n","protected":false},"author":1,"featured_media":0,"comment_status":"open","ping_status":"open","sticky":false,"template":"","format":"standard","meta":{"colormag_page_container_layout":"default_layout","colormag_page_sidebar_layout":"default_layout","footnotes":""},"categories":[5],"tags":[],"class_list":["post-258","post","type-post","status-publish","format-standard","hentry","category-latest-news"],"yoast_head":"<!-- This site is optimized with the Yoast SEO plugin v27.4 - https:\/\/yoast.com\/product\/yoast-seo-wordpress\/ -->\n<title>Autos del Podio | Werner y Guerrieri,en lo mas alto de los 200 Km.<\/title>\n<meta name=\"description\" content=\"Autos del Podio\" \/>\n<meta name=\"robots\" content=\"index, follow, max-snippet:-1, max-image-preview:large, max-video-preview:-1\" \/>\n<link rel=\"canonical\" href=\"http:\/\/autosdelpodio.com\/autos\/werner-y-guerrierien-lo-mas-alto-de-los-200-km\/\" \/>\n<meta property=\"og:locale\" content=\"es_ES\" \/>\n<meta property=\"og:type\" content=\"article\" \/>\n<meta property=\"og:title\" content=\"Autos del Podio | Werner y Guerrieri,en lo mas alto de los 200 Km.\" \/>\n<meta property=\"og:description\" content=\"Autos del Podio\" \/>\n<meta property=\"og:url\" content=\"http:\/\/autosdelpodio.com\/autos\/werner-y-guerrierien-lo-mas-alto-de-los-200-km\/\" \/>\n<meta property=\"og:site_name\" content=\"Autos del Podio\" \/>\n<meta property=\"article:publisher\" content=\"https:\/\/www.facebook.com\/profile.php?id=100057192590976&amp;amp%3bamp%3bamp%3bamp%3bamp%3bamp%3bamp%3bamp%3bamp%3bamp%3bamp%3bamp%3bamp%3bamp%3bamp%3bamp%3bamp%3bamp%3bref=ts\" \/>\n<meta property=\"article:published_time\" content=\"2011-08-22T02:45:51+00:00\" \/>\n<meta name=\"author\" content=\"wi022230\" \/>\n<meta name=\"twitter:card\" content=\"summary_large_image\" \/>\n<meta name=\"twitter:creator\" content=\"@autosdelpodio\" \/>\n<meta name=\"twitter:site\" content=\"@autosdelpodio\" \/>\n<meta name=\"twitter:label1\" content=\"Escrito por\" \/>\n\t<meta name=\"twitter:data1\" content=\"wi022230\" \/>\n\t<meta name=\"twitter:label2\" content=\"Tiempo de lectura\" \/>\n\t<meta name=\"twitter:data2\" content=\"5 minutos\" \/>\n<script type=\"application\/ld+json\" class=\"yoast-schema-graph\">{\"@context\":\"https:\\\/\\\/schema.org\",\"@graph\":[{\"@type\":\"Article\",\"@id\":\"http:\\\/\\\/autosdelpodio.com\\\/autos\\\/werner-y-guerrierien-lo-mas-alto-de-los-200-km\\\/#article\",\"isPartOf\":{\"@id\":\"http:\\\/\\\/autosdelpodio.com\\\/autos\\\/werner-y-guerrierien-lo-mas-alto-de-los-200-km\\\/\"},\"author\":{\"name\":\"wi022230\",\"@id\":\"http:\\\/\\\/autosdelpodio.com\\\/autos\\\/#\\\/schema\\\/person\\\/e88353cabf768863fdf874e30120f3ba\"},\"headline\":\"Werner y Guerrieri,en lo mas alto de los 200 Km.\",\"datePublished\":\"2011-08-22T02:45:51+00:00\",\"mainEntityOfPage\":{\"@id\":\"http:\\\/\\\/autosdelpodio.com\\\/autos\\\/werner-y-guerrierien-lo-mas-alto-de-los-200-km\\\/\"},\"wordCount\":931,\"commentCount\":0,\"publisher\":{\"@id\":\"http:\\\/\\\/autosdelpodio.com\\\/autos\\\/#organization\"},\"articleSection\":[\"\u00daltimas noticias\"],\"inLanguage\":\"es\",\"potentialAction\":[{\"@type\":\"CommentAction\",\"name\":\"Comment\",\"target\":[\"http:\\\/\\\/autosdelpodio.com\\\/autos\\\/werner-y-guerrierien-lo-mas-alto-de-los-200-km\\\/#respond\"]}]},{\"@type\":\"WebPage\",\"@id\":\"http:\\\/\\\/autosdelpodio.com\\\/autos\\\/werner-y-guerrierien-lo-mas-alto-de-los-200-km\\\/\",\"url\":\"http:\\\/\\\/autosdelpodio.com\\\/autos\\\/werner-y-guerrierien-lo-mas-alto-de-los-200-km\\\/\",\"name\":\"Autos del Podio | Werner y Guerrieri,en lo mas alto de los 200 Km.\",\"isPartOf\":{\"@id\":\"http:\\\/\\\/autosdelpodio.com\\\/autos\\\/#website\"},\"datePublished\":\"2011-08-22T02:45:51+00:00\",\"description\":\"Autos del Podio\",\"breadcrumb\":{\"@id\":\"http:\\\/\\\/autosdelpodio.com\\\/autos\\\/werner-y-guerrierien-lo-mas-alto-de-los-200-km\\\/#breadcrumb\"},\"inLanguage\":\"es\",\"potentialAction\":[{\"@type\":\"ReadAction\",\"target\":[\"http:\\\/\\\/autosdelpodio.com\\\/autos\\\/werner-y-guerrierien-lo-mas-alto-de-los-200-km\\\/\"]}]},{\"@type\":\"BreadcrumbList\",\"@id\":\"http:\\\/\\\/autosdelpodio.com\\\/autos\\\/werner-y-guerrierien-lo-mas-alto-de-los-200-km\\\/#breadcrumb\",\"itemListElement\":[{\"@type\":\"ListItem\",\"position\":1,\"name\":\"Portada\",\"item\":\"http:\\\/\\\/autosdelpodio.com\\\/autos\\\/\"},{\"@type\":\"ListItem\",\"position\":2,\"name\":\"Werner y Guerrieri,en lo mas alto de los 200 Km.\"}]},{\"@type\":\"WebSite\",\"@id\":\"http:\\\/\\\/autosdelpodio.com\\\/autos\\\/#website\",\"url\":\"http:\\\/\\\/autosdelpodio.com\\\/autos\\\/\",\"name\":\"Autos del Podio\",\"description\":\"La sexta del deporte motor\",\"publisher\":{\"@id\":\"http:\\\/\\\/autosdelpodio.com\\\/autos\\\/#organization\"},\"potentialAction\":[{\"@type\":\"SearchAction\",\"target\":{\"@type\":\"EntryPoint\",\"urlTemplate\":\"http:\\\/\\\/autosdelpodio.com\\\/autos\\\/?s={search_term_string}\"},\"query-input\":{\"@type\":\"PropertyValueSpecification\",\"valueRequired\":true,\"valueName\":\"search_term_string\"}}],\"inLanguage\":\"es\"},{\"@type\":\"Organization\",\"@id\":\"http:\\\/\\\/autosdelpodio.com\\\/autos\\\/#organization\",\"name\":\"Autos del Podio\",\"url\":\"http:\\\/\\\/autosdelpodio.com\\\/autos\\\/\",\"logo\":{\"@type\":\"ImageObject\",\"inLanguage\":\"es\",\"@id\":\"http:\\\/\\\/autosdelpodio.com\\\/autos\\\/#\\\/schema\\\/logo\\\/image\\\/\",\"url\":\"http:\\\/\\\/autosdelpodio.com\\\/autos\\\/wp-content\\\/uploads\\\/2020\\\/08\\\/Logo_AR.jpg\",\"contentUrl\":\"http:\\\/\\\/autosdelpodio.com\\\/autos\\\/wp-content\\\/uploads\\\/2020\\\/08\\\/Logo_AR.jpg\",\"width\":1038,\"height\":1044,\"caption\":\"Autos del Podio\"},\"image\":{\"@id\":\"http:\\\/\\\/autosdelpodio.com\\\/autos\\\/#\\\/schema\\\/logo\\\/image\\\/\"},\"sameAs\":[\"https:\\\/\\\/www.facebook.com\\\/profile.php?id=100057192590976&amp;amp;amp;amp;amp;amp;amp;amp;amp;amp;amp;amp;amp;amp;amp;amp;amp;amp;ref=ts\",\"https:\\\/\\\/x.com\\\/autosdelpodio\",\"https:\\\/\\\/www.youtube.com\\\/user\\\/AutosdelPodio\"]},{\"@type\":\"Person\",\"@id\":\"http:\\\/\\\/autosdelpodio.com\\\/autos\\\/#\\\/schema\\\/person\\\/e88353cabf768863fdf874e30120f3ba\",\"name\":\"wi022230\",\"image\":{\"@type\":\"ImageObject\",\"inLanguage\":\"es\",\"@id\":\"http:\\\/\\\/autosdelpodio.com\\\/autos\\\/wp-content\\\/litespeed\\\/avatar\\\/453fc9bdbb11d766ba4c7f14d0bd0aa9.jpg?ver=1776800006\",\"url\":\"http:\\\/\\\/autosdelpodio.com\\\/autos\\\/wp-content\\\/litespeed\\\/avatar\\\/453fc9bdbb11d766ba4c7f14d0bd0aa9.jpg?ver=1776800006\",\"contentUrl\":\"http:\\\/\\\/autosdelpodio.com\\\/autos\\\/wp-content\\\/litespeed\\\/avatar\\\/453fc9bdbb11d766ba4c7f14d0bd0aa9.jpg?ver=1776800006\",\"caption\":\"wi022230\"}}]}<\/script>\n<!-- \/ Yoast SEO plugin. -->","yoast_head_json":{"title":"Autos del Podio | Werner y Guerrieri,en lo mas alto de los 200 Km.","description":"Autos del Podio","robots":{"index":"index","follow":"follow","max-snippet":"max-snippet:-1","max-image-preview":"max-image-preview:large","max-video-preview":"max-video-preview:-1"},"canonical":"http:\/\/autosdelpodio.com\/autos\/werner-y-guerrierien-lo-mas-alto-de-los-200-km\/","og_locale":"es_ES","og_type":"article","og_title":"Autos del Podio | Werner y Guerrieri,en lo mas alto de los 200 Km.","og_description":"Autos del Podio","og_url":"http:\/\/autosdelpodio.com\/autos\/werner-y-guerrierien-lo-mas-alto-de-los-200-km\/","og_site_name":"Autos del Podio","article_publisher":"https:\/\/www.facebook.com\/profile.php?id=100057192590976&amp%3bamp%3bamp%3bamp%3bamp%3bamp%3bamp%3bamp%3bamp%3bamp%3bamp%3bamp%3bamp%3bamp%3bamp%3bamp%3bamp%3bamp%3bref=ts","article_published_time":"2011-08-22T02:45:51+00:00","author":"wi022230","twitter_card":"summary_large_image","twitter_creator":"@autosdelpodio","twitter_site":"@autosdelpodio","twitter_misc":{"Escrito por":"wi022230","Tiempo de lectura":"5 minutos"},"schema":{"@context":"https:\/\/schema.org","@graph":[{"@type":"Article","@id":"http:\/\/autosdelpodio.com\/autos\/werner-y-guerrierien-lo-mas-alto-de-los-200-km\/#article","isPartOf":{"@id":"http:\/\/autosdelpodio.com\/autos\/werner-y-guerrierien-lo-mas-alto-de-los-200-km\/"},"author":{"name":"wi022230","@id":"http:\/\/autosdelpodio.com\/autos\/#\/schema\/person\/e88353cabf768863fdf874e30120f3ba"},"headline":"Werner y Guerrieri,en lo mas alto de los 200 Km.","datePublished":"2011-08-22T02:45:51+00:00","mainEntityOfPage":{"@id":"http:\/\/autosdelpodio.com\/autos\/werner-y-guerrierien-lo-mas-alto-de-los-200-km\/"},"wordCount":931,"commentCount":0,"publisher":{"@id":"http:\/\/autosdelpodio.com\/autos\/#organization"},"articleSection":["\u00daltimas noticias"],"inLanguage":"es","potentialAction":[{"@type":"CommentAction","name":"Comment","target":["http:\/\/autosdelpodio.com\/autos\/werner-y-guerrierien-lo-mas-alto-de-los-200-km\/#respond"]}]},{"@type":"WebPage","@id":"http:\/\/autosdelpodio.com\/autos\/werner-y-guerrierien-lo-mas-alto-de-los-200-km\/","url":"http:\/\/autosdelpodio.com\/autos\/werner-y-guerrierien-lo-mas-alto-de-los-200-km\/","name":"Autos del Podio | Werner y Guerrieri,en lo mas alto de los 200 Km.","isPartOf":{"@id":"http:\/\/autosdelpodio.com\/autos\/#website"},"datePublished":"2011-08-22T02:45:51+00:00","description":"Autos del Podio","breadcrumb":{"@id":"http:\/\/autosdelpodio.com\/autos\/werner-y-guerrierien-lo-mas-alto-de-los-200-km\/#breadcrumb"},"inLanguage":"es","potentialAction":[{"@type":"ReadAction","target":["http:\/\/autosdelpodio.com\/autos\/werner-y-guerrierien-lo-mas-alto-de-los-200-km\/"]}]},{"@type":"BreadcrumbList","@id":"http:\/\/autosdelpodio.com\/autos\/werner-y-guerrierien-lo-mas-alto-de-los-200-km\/#breadcrumb","itemListElement":[{"@type":"ListItem","position":1,"name":"Portada","item":"http:\/\/autosdelpodio.com\/autos\/"},{"@type":"ListItem","position":2,"name":"Werner y Guerrieri,en lo mas alto de los 200 Km."}]},{"@type":"WebSite","@id":"http:\/\/autosdelpodio.com\/autos\/#website","url":"http:\/\/autosdelpodio.com\/autos\/","name":"Autos del Podio","description":"La sexta del deporte motor","publisher":{"@id":"http:\/\/autosdelpodio.com\/autos\/#organization"},"potentialAction":[{"@type":"SearchAction","target":{"@type":"EntryPoint","urlTemplate":"http:\/\/autosdelpodio.com\/autos\/?s={search_term_string}"},"query-input":{"@type":"PropertyValueSpecification","valueRequired":true,"valueName":"search_term_string"}}],"inLanguage":"es"},{"@type":"Organization","@id":"http:\/\/autosdelpodio.com\/autos\/#organization","name":"Autos del Podio","url":"http:\/\/autosdelpodio.com\/autos\/","logo":{"@type":"ImageObject","inLanguage":"es","@id":"http:\/\/autosdelpodio.com\/autos\/#\/schema\/logo\/image\/","url":"http:\/\/autosdelpodio.com\/autos\/wp-content\/uploads\/2020\/08\/Logo_AR.jpg","contentUrl":"http:\/\/autosdelpodio.com\/autos\/wp-content\/uploads\/2020\/08\/Logo_AR.jpg","width":1038,"height":1044,"caption":"Autos del Podio"},"image":{"@id":"http:\/\/autosdelpodio.com\/autos\/#\/schema\/logo\/image\/"},"sameAs":["https:\/\/www.facebook.com\/profile.php?id=100057192590976&amp;amp;amp;amp;amp;amp;amp;amp;amp;amp;amp;amp;amp;amp;amp;amp;amp;amp;ref=ts","https:\/\/x.com\/autosdelpodio","https:\/\/www.youtube.com\/user\/AutosdelPodio"]},{"@type":"Person","@id":"http:\/\/autosdelpodio.com\/autos\/#\/schema\/person\/e88353cabf768863fdf874e30120f3ba","name":"wi022230","image":{"@type":"ImageObject","inLanguage":"es","@id":"http:\/\/autosdelpodio.com\/autos\/wp-content\/litespeed\/avatar\/453fc9bdbb11d766ba4c7f14d0bd0aa9.jpg?ver=1776800006","url":"http:\/\/autosdelpodio.com\/autos\/wp-content\/litespeed\/avatar\/453fc9bdbb11d766ba4c7f14d0bd0aa9.jpg?ver=1776800006","contentUrl":"http:\/\/autosdelpodio.com\/autos\/wp-content\/litespeed\/avatar\/453fc9bdbb11d766ba4c7f14d0bd0aa9.jpg?ver=1776800006","caption":"wi022230"}}]}},"views":734,"_links":{"self":[{"href":"http:\/\/autosdelpodio.com\/autos\/wp-json\/wp\/v2\/posts\/258","targetHints":{"allow":["GET"]}}],"collection":[{"href":"http:\/\/autosdelpodio.com\/autos\/wp-json\/wp\/v2\/posts"}],"about":[{"href":"http:\/\/autosdelpodio.com\/autos\/wp-json\/wp\/v2\/types\/post"}],"author":[{"embeddable":true,"href":"http:\/\/autosdelpodio.com\/autos\/wp-json\/wp\/v2\/users\/1"}],"replies":[{"embeddable":true,"href":"http:\/\/autosdelpodio.com\/autos\/wp-json\/wp\/v2\/comments?post=258"}],"version-history":[{"count":0,"href":"http:\/\/autosdelpodio.com\/autos\/wp-json\/wp\/v2\/posts\/258\/revisions"}],"wp:attachment":[{"href":"http:\/\/autosdelpodio.com\/autos\/wp-json\/wp\/v2\/media?parent=258"}],"wp:term":[{"taxonomy":"category","embeddable":true,"href":"http:\/\/autosdelpodio.com\/autos\/wp-json\/wp\/v2\/categories?post=258"},{"taxonomy":"post_tag","embeddable":true,"href":"http:\/\/autosdelpodio.com\/autos\/wp-json\/wp\/v2\/tags?post=258"}],"curies":[{"name":"wp","href":"https:\/\/api.w.org\/{rel}","templated":true}]}}