{"id":2676,"date":"2020-09-16T20:33:23","date_gmt":"2020-09-16T23:33:23","guid":{"rendered":"http:\/\/autosdelpodio.com\/autos\/?p=2676"},"modified":"2020-09-16T20:37:21","modified_gmt":"2020-09-16T23:37:21","slug":"900-000-ford-ranger-argentinas","status":"publish","type":"post","link":"http:\/\/autosdelpodio.com\/autos\/900-000-ford-ranger-argentinas\/","title":{"rendered":"900.000 Ford Ranger argentinas"},"content":{"rendered":"\n<p>Ranger alcanz\u00f3 las 900.000 unidades producidas en Planta Pacheco, un importante hito en sus 106 a\u00f1os de presencia ininterrumpida en Argentina. Actualmente, Ford produce en Planta Pacheco la \u00faltima generaci\u00f3n de Ranger, plataforma global exclusiva en la regi\u00f3n, destinando m\u00e1s del 70% de su producci\u00f3n al mercado de exportaci\u00f3n.<br>Ford Argentina celebra la producci\u00f3n de la Ranger 900.000 en su Planta Pacheco. Con m\u00e1s de 600.000 unidades destinadas a mercados de exportaci\u00f3n, la Ford Ranger fabricada en Argentina es reconocida en la regi\u00f3n de Am\u00e9rica Latina como la pick up m\u00e1s tecnol\u00f3gica y vers\u00e1til por su capacidad de adaptarse a diferentes usos y necesidades de los clientes.<\/p>\n\n\n\n<p>Actualmente, Ford produce en Planta Pacheco la \u00faltima generaci\u00f3n de Ranger, una plataforma global exclusiva en la regi\u00f3n que brinda a los clientes la robustez y versatilidad que necesitan, con alt\u00edsimos niveles de equipamiento y tecnolog\u00eda para brindarles el confort, la asistencia en el manejo y seguridad que ellos esperan.<br>Desde Planta Pacheco Ford abastece de Ranger a los mercados de Latinoam\u00e9rica. Actualmente, m\u00e1s del 70% de las Ranger producidas en Planta Pacheco tiene como destino la exportaci\u00f3n a Brasil, Chile, Per\u00fa, M\u00e9xico, Ecuador, Colombia, Bolivia, Uruguay, Paraguay y Venezuela. De esta manera, Ford Ranger supo transformarse en referente en la regi\u00f3n y dentro del segmento de las pick-ups medianas por su robustez, rendimiento, versatilidad y tecnolog\u00eda de alta gama.<\/p>\n\n\n\n<p>Adem\u00e1s, aproximadamente 300.000 unidades se produjeron para el mercado local y consagraron a la Ranger como la integrante nacional m\u00e1s vers\u00e1til de la Raza Fuerte. Ford es reconocida a nivel global por su liderazgo y experiencia en el desarrollo y producci\u00f3n de pick-ups ofreciendo en Argentina, a su vez, los modelos F-150, F-150 Raptor y Ranger Raptor.<\/p>\n\n\n\n<h5 class=\"wp-block-heading\"><strong>25 a\u00f1os con sello nacional<\/strong><\/h5>\n\n\n\n<h5 class=\"wp-block-heading\">La producci\u00f3n de la Ranger es fuente de trabajo local de miles de personas de manera directa e indirecta que, gracias a su labor, hacen de esta pick-up un orgullo nacional.<br>La Ranger comenz\u00f3 a producirse en Planta Pacheco en el a\u00f1o 1996 en una versi\u00f3n de cabina simple y tracci\u00f3n 4\u00d72. Dos a\u00f1os despu\u00e9s, se incorpor\u00f3 una versi\u00f3n de cabina doble, un cambio que marc\u00f3 un antes y un despu\u00e9s en su historia porque pas\u00f3 de ser un veh\u00edculo destinado al trabajo y al campo para convertirse en un producto vers\u00e1til, apto para todo tipo de uso.<br>Luego de varias versiones, algunas emblem\u00e1ticas como la V6, SuperCab y Centenial (para celebrar el 100\u00b0 aniversario de Ford Motor Company), en 2002 naci\u00f3 la edici\u00f3n Limited con un gran \u00e9xito en el mercado.<br>Actualmente, Ford produce en Planta Pacheco la \u00faltima generaci\u00f3n de Ranger bajo una plataforma global exclusiva en la regi\u00f3n con alt\u00edsimos niveles de equipamiento.<\/h5>\n\n\n\n<h5 class=\"wp-block-heading\">U<strong>na pick up para cada tipo de necesidad<\/strong><\/h5>\n\n\n\n<h5 class=\"wp-block-heading\">Hoy, con 900.000 unidades producidas, Ranger ofrece un amplio cat\u00e1logo de 14 versiones (m\u00e1s el modelo Raptor) en Argentina para adaptarse a las necesidades y usos de los clientes.<br>Adem\u00e1s, Ranger es reconocida por incorporar tecnolog\u00edas semi-aut\u00f3nomas de avanzada, que aseguran una conducci\u00f3n eficiente y segura como el Sistema de Mantenimiento de Carril, el Control de Velocidad Crucero Adaptativo y el Asistente de Precolisi\u00f3n con Frenado Aut\u00f3nomo de Emergencia.<br>Su robustez y versatilidad, otros de sus atributos, hace que se adapte a cualquier tipo de terreno. Con motorizaciones 3.2L, 2.5L y 2.2L de alta performance, un nuevo desarrollo de suspensi\u00f3n que brinda un mayor confort y la m\u00e1xima capacidad de vadeo del segmento (800 mm), Ranger es la combinaci\u00f3n perfecta entre una pick-up imponente y robusta<br>y, a la vez, moderna, sofisticada y con tecnolog\u00eda de un veh\u00edculo de alta gama.<br>A trav\u00e9s de este logro, Ford Argentina, con m\u00e1s de 106 a\u00f1os de presencia ininterrumpida en el pa\u00eds, refuerza su compromiso con la industria nacional y con el desarrollo de veh\u00edculos confiables e innovadores, ofreciendo a sus clientes experiencias de viaje seguras y placenteras.<\/h5>\n\n\n\n<p><em>Fuente: prensa Ford Argentina<\/em><\/p>\n","protected":false},"excerpt":{"rendered":"<p>Ranger alcanz\u00f3 las 900.000 unidades producidas en Planta Pacheco, un importante hito en sus 106 a\u00f1os de presencia ininterrumpida en<\/p>\n","protected":false},"author":3,"featured_media":2677,"comment_status":"open","ping_status":"open","sticky":false,"template":"","format":"standard","meta":{"colormag_page_container_layout":"default_layout","colormag_page_sidebar_layout":"default_layout","footnotes":""},"categories":[16],"tags":[88,32,35],"class_list":["post-2676","post","type-post","status-publish","format-standard","has-post-thumbnail","hentry","category-recta-principal","tag-ford-motor-company","tag-industria-automotriz","tag-republica-argentina"],"yoast_head":"<!-- This site is optimized with the Yoast SEO plugin v27.4 - https:\/\/yoast.com\/product\/yoast-seo-wordpress\/ -->\n<title>Autos del Podio | 900.000 Ford Ranger argentinas<\/title>\n<meta name=\"description\" content=\"Autos del Podio\" \/>\n<meta name=\"robots\" content=\"index, follow, max-snippet:-1, max-image-preview:large, max-video-preview:-1\" \/>\n<link rel=\"canonical\" href=\"http:\/\/autosdelpodio.com\/autos\/900-000-ford-ranger-argentinas\/\" \/>\n<meta property=\"og:locale\" content=\"es_ES\" \/>\n<meta property=\"og:type\" content=\"article\" \/>\n<meta property=\"og:title\" content=\"Autos del Podio | 900.000 Ford Ranger argentinas\" \/>\n<meta property=\"og:description\" content=\"Autos del Podio\" \/>\n<meta property=\"og:url\" content=\"http:\/\/autosdelpodio.com\/autos\/900-000-ford-ranger-argentinas\/\" \/>\n<meta property=\"og:site_name\" content=\"Autos del Podio\" \/>\n<meta property=\"article:publisher\" content=\"https:\/\/www.facebook.com\/profile.php?id=100057192590976&amp;amp%3bamp%3bamp%3bamp%3bamp%3bamp%3bamp%3bamp%3bamp%3bamp%3bamp%3bamp%3bamp%3bamp%3bamp%3bamp%3bamp%3bamp%3bref=ts\" \/>\n<meta property=\"article:published_time\" content=\"2020-09-16T23:33:23+00:00\" \/>\n<meta property=\"article:modified_time\" content=\"2020-09-16T23:37:21+00:00\" \/>\n<meta property=\"og:image\" content=\"http:\/\/autosdelpodio.com\/autos\/wp-content\/uploads\/2020\/09\/Ranger-900000.jpg\" \/>\n\t<meta property=\"og:image:width\" content=\"800\" \/>\n\t<meta property=\"og:image:height\" content=\"400\" \/>\n\t<meta property=\"og:image:type\" content=\"image\/jpeg\" \/>\n<meta name=\"author\" content=\"autosdelpodio\" \/>\n<meta name=\"twitter:card\" content=\"summary_large_image\" \/>\n<meta name=\"twitter:creator\" content=\"@autosdelpodio\" \/>\n<meta name=\"twitter:site\" content=\"@autosdelpodio\" \/>\n<meta name=\"twitter:label1\" content=\"Escrito por\" \/>\n\t<meta name=\"twitter:data1\" content=\"autosdelpodio\" \/>\n\t<meta name=\"twitter:label2\" content=\"Tiempo de lectura\" \/>\n\t<meta name=\"twitter:data2\" content=\"3 minutos\" \/>\n<script type=\"application\/ld+json\" class=\"yoast-schema-graph\">{\"@context\":\"https:\\\/\\\/schema.org\",\"@graph\":[{\"@type\":\"Article\",\"@id\":\"http:\\\/\\\/autosdelpodio.com\\\/autos\\\/900-000-ford-ranger-argentinas\\\/#article\",\"isPartOf\":{\"@id\":\"http:\\\/\\\/autosdelpodio.com\\\/autos\\\/900-000-ford-ranger-argentinas\\\/\"},\"author\":{\"name\":\"autosdelpodio\",\"@id\":\"http:\\\/\\\/autosdelpodio.com\\\/autos\\\/#\\\/schema\\\/person\\\/993527a4d01c3acdd3d6bce3770bc942\"},\"headline\":\"900.000 Ford Ranger argentinas\",\"datePublished\":\"2020-09-16T23:33:23+00:00\",\"dateModified\":\"2020-09-16T23:37:21+00:00\",\"mainEntityOfPage\":{\"@id\":\"http:\\\/\\\/autosdelpodio.com\\\/autos\\\/900-000-ford-ranger-argentinas\\\/\"},\"wordCount\":690,\"commentCount\":0,\"publisher\":{\"@id\":\"http:\\\/\\\/autosdelpodio.com\\\/autos\\\/#organization\"},\"image\":{\"@id\":\"http:\\\/\\\/autosdelpodio.com\\\/autos\\\/900-000-ford-ranger-argentinas\\\/#primaryimage\"},\"thumbnailUrl\":\"http:\\\/\\\/autosdelpodio.com\\\/autos\\\/wp-content\\\/uploads\\\/2020\\\/09\\\/Ranger-900000.jpg\",\"keywords\":[\"Ford Motor Company\",\"Industria Automotriz\",\"Republica Argentina\"],\"articleSection\":[\"Recta Principal\"],\"inLanguage\":\"es\",\"potentialAction\":[{\"@type\":\"CommentAction\",\"name\":\"Comment\",\"target\":[\"http:\\\/\\\/autosdelpodio.com\\\/autos\\\/900-000-ford-ranger-argentinas\\\/#respond\"]}]},{\"@type\":\"WebPage\",\"@id\":\"http:\\\/\\\/autosdelpodio.com\\\/autos\\\/900-000-ford-ranger-argentinas\\\/\",\"url\":\"http:\\\/\\\/autosdelpodio.com\\\/autos\\\/900-000-ford-ranger-argentinas\\\/\",\"name\":\"Autos del Podio | 900.000 Ford Ranger argentinas\",\"isPartOf\":{\"@id\":\"http:\\\/\\\/autosdelpodio.com\\\/autos\\\/#website\"},\"primaryImageOfPage\":{\"@id\":\"http:\\\/\\\/autosdelpodio.com\\\/autos\\\/900-000-ford-ranger-argentinas\\\/#primaryimage\"},\"image\":{\"@id\":\"http:\\\/\\\/autosdelpodio.com\\\/autos\\\/900-000-ford-ranger-argentinas\\\/#primaryimage\"},\"thumbnailUrl\":\"http:\\\/\\\/autosdelpodio.com\\\/autos\\\/wp-content\\\/uploads\\\/2020\\\/09\\\/Ranger-900000.jpg\",\"datePublished\":\"2020-09-16T23:33:23+00:00\",\"dateModified\":\"2020-09-16T23:37:21+00:00\",\"description\":\"Autos del Podio\",\"breadcrumb\":{\"@id\":\"http:\\\/\\\/autosdelpodio.com\\\/autos\\\/900-000-ford-ranger-argentinas\\\/#breadcrumb\"},\"inLanguage\":\"es\",\"potentialAction\":[{\"@type\":\"ReadAction\",\"target\":[\"http:\\\/\\\/autosdelpodio.com\\\/autos\\\/900-000-ford-ranger-argentinas\\\/\"]}]},{\"@type\":\"ImageObject\",\"inLanguage\":\"es\",\"@id\":\"http:\\\/\\\/autosdelpodio.com\\\/autos\\\/900-000-ford-ranger-argentinas\\\/#primaryimage\",\"url\":\"http:\\\/\\\/autosdelpodio.com\\\/autos\\\/wp-content\\\/uploads\\\/2020\\\/09\\\/Ranger-900000.jpg\",\"contentUrl\":\"http:\\\/\\\/autosdelpodio.com\\\/autos\\\/wp-content\\\/uploads\\\/2020\\\/09\\\/Ranger-900000.jpg\",\"width\":800,\"height\":400},{\"@type\":\"BreadcrumbList\",\"@id\":\"http:\\\/\\\/autosdelpodio.com\\\/autos\\\/900-000-ford-ranger-argentinas\\\/#breadcrumb\",\"itemListElement\":[{\"@type\":\"ListItem\",\"position\":1,\"name\":\"Portada\",\"item\":\"http:\\\/\\\/autosdelpodio.com\\\/autos\\\/\"},{\"@type\":\"ListItem\",\"position\":2,\"name\":\"900.000 Ford Ranger argentinas\"}]},{\"@type\":\"WebSite\",\"@id\":\"http:\\\/\\\/autosdelpodio.com\\\/autos\\\/#website\",\"url\":\"http:\\\/\\\/autosdelpodio.com\\\/autos\\\/\",\"name\":\"Autos del Podio\",\"description\":\"La sexta del deporte motor\",\"publisher\":{\"@id\":\"http:\\\/\\\/autosdelpodio.com\\\/autos\\\/#organization\"},\"potentialAction\":[{\"@type\":\"SearchAction\",\"target\":{\"@type\":\"EntryPoint\",\"urlTemplate\":\"http:\\\/\\\/autosdelpodio.com\\\/autos\\\/?s={search_term_string}\"},\"query-input\":{\"@type\":\"PropertyValueSpecification\",\"valueRequired\":true,\"valueName\":\"search_term_string\"}}],\"inLanguage\":\"es\"},{\"@type\":\"Organization\",\"@id\":\"http:\\\/\\\/autosdelpodio.com\\\/autos\\\/#organization\",\"name\":\"Autos del Podio\",\"url\":\"http:\\\/\\\/autosdelpodio.com\\\/autos\\\/\",\"logo\":{\"@type\":\"ImageObject\",\"inLanguage\":\"es\",\"@id\":\"http:\\\/\\\/autosdelpodio.com\\\/autos\\\/#\\\/schema\\\/logo\\\/image\\\/\",\"url\":\"http:\\\/\\\/autosdelpodio.com\\\/autos\\\/wp-content\\\/uploads\\\/2020\\\/08\\\/Logo_AR.jpg\",\"contentUrl\":\"http:\\\/\\\/autosdelpodio.com\\\/autos\\\/wp-content\\\/uploads\\\/2020\\\/08\\\/Logo_AR.jpg\",\"width\":1038,\"height\":1044,\"caption\":\"Autos del Podio\"},\"image\":{\"@id\":\"http:\\\/\\\/autosdelpodio.com\\\/autos\\\/#\\\/schema\\\/logo\\\/image\\\/\"},\"sameAs\":[\"https:\\\/\\\/www.facebook.com\\\/profile.php?id=100057192590976&amp;amp;amp;amp;amp;amp;amp;amp;amp;amp;amp;amp;amp;amp;amp;amp;amp;amp;ref=ts\",\"https:\\\/\\\/x.com\\\/autosdelpodio\",\"https:\\\/\\\/www.youtube.com\\\/user\\\/AutosdelPodio\"]},{\"@type\":\"Person\",\"@id\":\"http:\\\/\\\/autosdelpodio.com\\\/autos\\\/#\\\/schema\\\/person\\\/993527a4d01c3acdd3d6bce3770bc942\",\"name\":\"autosdelpodio\",\"image\":{\"@type\":\"ImageObject\",\"inLanguage\":\"es\",\"@id\":\"http:\\\/\\\/autosdelpodio.com\\\/autos\\\/wp-content\\\/litespeed\\\/avatar\\\/aa8f65cd201a80f6b844f63278aa84af.jpg?ver=1776798175\",\"url\":\"http:\\\/\\\/autosdelpodio.com\\\/autos\\\/wp-content\\\/litespeed\\\/avatar\\\/aa8f65cd201a80f6b844f63278aa84af.jpg?ver=1776798175\",\"contentUrl\":\"http:\\\/\\\/autosdelpodio.com\\\/autos\\\/wp-content\\\/litespeed\\\/avatar\\\/aa8f65cd201a80f6b844f63278aa84af.jpg?ver=1776798175\",\"caption\":\"autosdelpodio\"}}]}<\/script>\n<!-- \/ Yoast SEO plugin. -->","yoast_head_json":{"title":"Autos del Podio | 900.000 Ford Ranger argentinas","description":"Autos del Podio","robots":{"index":"index","follow":"follow","max-snippet":"max-snippet:-1","max-image-preview":"max-image-preview:large","max-video-preview":"max-video-preview:-1"},"canonical":"http:\/\/autosdelpodio.com\/autos\/900-000-ford-ranger-argentinas\/","og_locale":"es_ES","og_type":"article","og_title":"Autos del Podio | 900.000 Ford Ranger argentinas","og_description":"Autos del Podio","og_url":"http:\/\/autosdelpodio.com\/autos\/900-000-ford-ranger-argentinas\/","og_site_name":"Autos del Podio","article_publisher":"https:\/\/www.facebook.com\/profile.php?id=100057192590976&amp%3bamp%3bamp%3bamp%3bamp%3bamp%3bamp%3bamp%3bamp%3bamp%3bamp%3bamp%3bamp%3bamp%3bamp%3bamp%3bamp%3bamp%3bref=ts","article_published_time":"2020-09-16T23:33:23+00:00","article_modified_time":"2020-09-16T23:37:21+00:00","og_image":[{"width":800,"height":400,"url":"http:\/\/autosdelpodio.com\/autos\/wp-content\/uploads\/2020\/09\/Ranger-900000.jpg","type":"image\/jpeg"}],"author":"autosdelpodio","twitter_card":"summary_large_image","twitter_creator":"@autosdelpodio","twitter_site":"@autosdelpodio","twitter_misc":{"Escrito por":"autosdelpodio","Tiempo de lectura":"3 minutos"},"schema":{"@context":"https:\/\/schema.org","@graph":[{"@type":"Article","@id":"http:\/\/autosdelpodio.com\/autos\/900-000-ford-ranger-argentinas\/#article","isPartOf":{"@id":"http:\/\/autosdelpodio.com\/autos\/900-000-ford-ranger-argentinas\/"},"author":{"name":"autosdelpodio","@id":"http:\/\/autosdelpodio.com\/autos\/#\/schema\/person\/993527a4d01c3acdd3d6bce3770bc942"},"headline":"900.000 Ford Ranger argentinas","datePublished":"2020-09-16T23:33:23+00:00","dateModified":"2020-09-16T23:37:21+00:00","mainEntityOfPage":{"@id":"http:\/\/autosdelpodio.com\/autos\/900-000-ford-ranger-argentinas\/"},"wordCount":690,"commentCount":0,"publisher":{"@id":"http:\/\/autosdelpodio.com\/autos\/#organization"},"image":{"@id":"http:\/\/autosdelpodio.com\/autos\/900-000-ford-ranger-argentinas\/#primaryimage"},"thumbnailUrl":"http:\/\/autosdelpodio.com\/autos\/wp-content\/uploads\/2020\/09\/Ranger-900000.jpg","keywords":["Ford Motor Company","Industria Automotriz","Republica Argentina"],"articleSection":["Recta Principal"],"inLanguage":"es","potentialAction":[{"@type":"CommentAction","name":"Comment","target":["http:\/\/autosdelpodio.com\/autos\/900-000-ford-ranger-argentinas\/#respond"]}]},{"@type":"WebPage","@id":"http:\/\/autosdelpodio.com\/autos\/900-000-ford-ranger-argentinas\/","url":"http:\/\/autosdelpodio.com\/autos\/900-000-ford-ranger-argentinas\/","name":"Autos del Podio | 900.000 Ford Ranger argentinas","isPartOf":{"@id":"http:\/\/autosdelpodio.com\/autos\/#website"},"primaryImageOfPage":{"@id":"http:\/\/autosdelpodio.com\/autos\/900-000-ford-ranger-argentinas\/#primaryimage"},"image":{"@id":"http:\/\/autosdelpodio.com\/autos\/900-000-ford-ranger-argentinas\/#primaryimage"},"thumbnailUrl":"http:\/\/autosdelpodio.com\/autos\/wp-content\/uploads\/2020\/09\/Ranger-900000.jpg","datePublished":"2020-09-16T23:33:23+00:00","dateModified":"2020-09-16T23:37:21+00:00","description":"Autos del Podio","breadcrumb":{"@id":"http:\/\/autosdelpodio.com\/autos\/900-000-ford-ranger-argentinas\/#breadcrumb"},"inLanguage":"es","potentialAction":[{"@type":"ReadAction","target":["http:\/\/autosdelpodio.com\/autos\/900-000-ford-ranger-argentinas\/"]}]},{"@type":"ImageObject","inLanguage":"es","@id":"http:\/\/autosdelpodio.com\/autos\/900-000-ford-ranger-argentinas\/#primaryimage","url":"http:\/\/autosdelpodio.com\/autos\/wp-content\/uploads\/2020\/09\/Ranger-900000.jpg","contentUrl":"http:\/\/autosdelpodio.com\/autos\/wp-content\/uploads\/2020\/09\/Ranger-900000.jpg","width":800,"height":400},{"@type":"BreadcrumbList","@id":"http:\/\/autosdelpodio.com\/autos\/900-000-ford-ranger-argentinas\/#breadcrumb","itemListElement":[{"@type":"ListItem","position":1,"name":"Portada","item":"http:\/\/autosdelpodio.com\/autos\/"},{"@type":"ListItem","position":2,"name":"900.000 Ford Ranger argentinas"}]},{"@type":"WebSite","@id":"http:\/\/autosdelpodio.com\/autos\/#website","url":"http:\/\/autosdelpodio.com\/autos\/","name":"Autos del Podio","description":"La sexta del deporte motor","publisher":{"@id":"http:\/\/autosdelpodio.com\/autos\/#organization"},"potentialAction":[{"@type":"SearchAction","target":{"@type":"EntryPoint","urlTemplate":"http:\/\/autosdelpodio.com\/autos\/?s={search_term_string}"},"query-input":{"@type":"PropertyValueSpecification","valueRequired":true,"valueName":"search_term_string"}}],"inLanguage":"es"},{"@type":"Organization","@id":"http:\/\/autosdelpodio.com\/autos\/#organization","name":"Autos del Podio","url":"http:\/\/autosdelpodio.com\/autos\/","logo":{"@type":"ImageObject","inLanguage":"es","@id":"http:\/\/autosdelpodio.com\/autos\/#\/schema\/logo\/image\/","url":"http:\/\/autosdelpodio.com\/autos\/wp-content\/uploads\/2020\/08\/Logo_AR.jpg","contentUrl":"http:\/\/autosdelpodio.com\/autos\/wp-content\/uploads\/2020\/08\/Logo_AR.jpg","width":1038,"height":1044,"caption":"Autos del Podio"},"image":{"@id":"http:\/\/autosdelpodio.com\/autos\/#\/schema\/logo\/image\/"},"sameAs":["https:\/\/www.facebook.com\/profile.php?id=100057192590976&amp;amp;amp;amp;amp;amp;amp;amp;amp;amp;amp;amp;amp;amp;amp;amp;amp;amp;ref=ts","https:\/\/x.com\/autosdelpodio","https:\/\/www.youtube.com\/user\/AutosdelPodio"]},{"@type":"Person","@id":"http:\/\/autosdelpodio.com\/autos\/#\/schema\/person\/993527a4d01c3acdd3d6bce3770bc942","name":"autosdelpodio","image":{"@type":"ImageObject","inLanguage":"es","@id":"http:\/\/autosdelpodio.com\/autos\/wp-content\/litespeed\/avatar\/aa8f65cd201a80f6b844f63278aa84af.jpg?ver=1776798175","url":"http:\/\/autosdelpodio.com\/autos\/wp-content\/litespeed\/avatar\/aa8f65cd201a80f6b844f63278aa84af.jpg?ver=1776798175","contentUrl":"http:\/\/autosdelpodio.com\/autos\/wp-content\/litespeed\/avatar\/aa8f65cd201a80f6b844f63278aa84af.jpg?ver=1776798175","caption":"autosdelpodio"}}]}},"views":805,"_links":{"self":[{"href":"http:\/\/autosdelpodio.com\/autos\/wp-json\/wp\/v2\/posts\/2676","targetHints":{"allow":["GET"]}}],"collection":[{"href":"http:\/\/autosdelpodio.com\/autos\/wp-json\/wp\/v2\/posts"}],"about":[{"href":"http:\/\/autosdelpodio.com\/autos\/wp-json\/wp\/v2\/types\/post"}],"author":[{"embeddable":true,"href":"http:\/\/autosdelpodio.com\/autos\/wp-json\/wp\/v2\/users\/3"}],"replies":[{"embeddable":true,"href":"http:\/\/autosdelpodio.com\/autos\/wp-json\/wp\/v2\/comments?post=2676"}],"version-history":[{"count":1,"href":"http:\/\/autosdelpodio.com\/autos\/wp-json\/wp\/v2\/posts\/2676\/revisions"}],"predecessor-version":[{"id":2678,"href":"http:\/\/autosdelpodio.com\/autos\/wp-json\/wp\/v2\/posts\/2676\/revisions\/2678"}],"wp:featuredmedia":[{"embeddable":true,"href":"http:\/\/autosdelpodio.com\/autos\/wp-json\/wp\/v2\/media\/2677"}],"wp:attachment":[{"href":"http:\/\/autosdelpodio.com\/autos\/wp-json\/wp\/v2\/media?parent=2676"}],"wp:term":[{"taxonomy":"category","embeddable":true,"href":"http:\/\/autosdelpodio.com\/autos\/wp-json\/wp\/v2\/categories?post=2676"},{"taxonomy":"post_tag","embeddable":true,"href":"http:\/\/autosdelpodio.com\/autos\/wp-json\/wp\/v2\/tags?post=2676"}],"curies":[{"name":"wp","href":"https:\/\/api.w.org\/{rel}","templated":true}]}}