{"id":2691,"date":"2020-09-20T11:17:38","date_gmt":"2020-09-20T14:17:38","guid":{"rendered":"http:\/\/autosdelpodio.com\/autos\/?p=2691"},"modified":"2020-09-20T11:19:16","modified_gmt":"2020-09-20T14:19:16","slug":"podio-para-pechito-lopez-en-las-24-horas-de-lemans","status":"publish","type":"post","link":"http:\/\/autosdelpodio.com\/autos\/podio-para-pechito-lopez-en-las-24-horas-de-lemans\/","title":{"rendered":"Podio para Pechito Lopez en las 24 horas de Le Mans"},"content":{"rendered":"\n<p>El trinomio Jos\u00e9 Mar\u00eda L\u00f3pez, Mike Conway, y Kamui Kobayash al comando del Toyota hybrid N\u00b0 7 arrib\u00f3 tercero, a 7 vueltas de los lideres, en una nueva edici\u00f3n de la exigente competencia del WEC en la categor\u00eda LMP1.<br>La victoria final y tras 387 giros en la carrera n\u00b088 fue para el otro Toyota, el n\u00b08 tripulado por S\u00e9bastien Buemi, Brendon Hartley y Kazuki Nakajima escoltado por el Rebellion n\u00b01 de Bruno Senna, Norman Nato y Gustavo Menezes.<br>En las demas categor\u00edas estos fueron los consagrados:<br><em><strong>LMP2:<\/strong> United Autosports N\u00b022 Phil Hanson, Filipe Albuquerque y Paul Di Resta<br><strong>GTE Pro:<\/strong> Aston Martin N\u00b097 Maxime Martin, Alex Lynn y Harry Tincknell<br><strong>GTE Am: <\/strong>Aston Martin N\u00b090 Salih Yoluc, Charles Eastwood y Jonathan Adam<\/em><br>Lo que se viene son las 8 Horas de Bahrein, del 12 al 14 de Noviembre que dar\u00e1n cierre a este 2020 tan especial a nivel globlal.<\/p>\n","protected":false},"excerpt":{"rendered":"<p>El trinomio Jos\u00e9 Mar\u00eda L\u00f3pez, Mike Conway, y Kamui Kobayash al comando del Toyota hybrid N\u00b0 7 arrib\u00f3 tercero, a<\/p>\n","protected":false},"author":3,"featured_media":2505,"comment_status":"open","ping_status":"open","sticky":false,"template":"","format":"standard","meta":{"colormag_page_container_layout":"default_layout","colormag_page_sidebar_layout":"default_layout","footnotes":""},"categories":[6,5],"tags":[262,327,326,324],"class_list":["post-2691","post","type-post","status-publish","format-standard","has-post-thumbnail","hentry","category-newsflash","category-latest-news","tag-le-mans","tag-pechito-lopez","tag-toyota","tag-wec"],"yoast_head":"<!-- This site is optimized with the Yoast SEO plugin v27.5 - https:\/\/yoast.com\/product\/yoast-seo-wordpress\/ -->\n<title>Autos del Podio | Podio para Pechito Lopez en las 24 horas de Le Mans<\/title>\n<meta name=\"description\" content=\"Autos del Podio Un un problema en el motor del Toyota priv\u00f3 a Pechito de la gloria en Le Mans\" \/>\n<meta name=\"robots\" content=\"index, follow, max-snippet:-1, max-image-preview:large, max-video-preview:-1\" \/>\n<link rel=\"canonical\" href=\"http:\/\/autosdelpodio.com\/autos\/podio-para-pechito-lopez-en-las-24-horas-de-lemans\/\" \/>\n<meta property=\"og:locale\" content=\"es_ES\" \/>\n<meta property=\"og:type\" content=\"article\" \/>\n<meta property=\"og:title\" content=\"Autos del Podio | Podio para Pechito Lopez en las 24 horas de Le Mans\" \/>\n<meta property=\"og:description\" content=\"Autos del Podio Un un problema en el motor del Toyota priv\u00f3 a Pechito de la gloria en Le Mans\" \/>\n<meta property=\"og:url\" content=\"http:\/\/autosdelpodio.com\/autos\/podio-para-pechito-lopez-en-las-24-horas-de-lemans\/\" \/>\n<meta property=\"og:site_name\" content=\"Autos del Podio\" \/>\n<meta property=\"article:publisher\" content=\"https:\/\/www.facebook.com\/profile.php?id=100057192590976&amp;amp%3bamp%3bamp%3bamp%3bamp%3bamp%3bamp%3bamp%3bamp%3bamp%3bamp%3bamp%3bamp%3bamp%3bamp%3bamp%3bamp%3bamp%3bref=ts\" \/>\n<meta property=\"article:published_time\" content=\"2020-09-20T14:17:38+00:00\" \/>\n<meta property=\"article:modified_time\" content=\"2020-09-20T14:19:16+00:00\" \/>\n<meta property=\"og:image\" content=\"http:\/\/autosdelpodio.com\/autos\/wp-content\/uploads\/2020\/08\/Logo_WEC-e1655077793429.jpg\" \/>\n\t<meta property=\"og:image:width\" content=\"500\" \/>\n\t<meta property=\"og:image:height\" content=\"281\" \/>\n\t<meta property=\"og:image:type\" content=\"image\/jpeg\" \/>\n<meta name=\"author\" content=\"autosdelpodio\" \/>\n<meta name=\"twitter:card\" content=\"summary_large_image\" \/>\n<meta name=\"twitter:creator\" content=\"@autosdelpodio\" \/>\n<meta name=\"twitter:site\" content=\"@autosdelpodio\" \/>\n<meta name=\"twitter:label1\" content=\"Escrito por\" \/>\n\t<meta name=\"twitter:data1\" content=\"autosdelpodio\" \/>\n\t<meta name=\"twitter:label2\" content=\"Tiempo de lectura\" \/>\n\t<meta name=\"twitter:data2\" content=\"1 minuto\" \/>\n<script type=\"application\/ld+json\" class=\"yoast-schema-graph\">{\"@context\":\"https:\\\/\\\/schema.org\",\"@graph\":[{\"@type\":\"Article\",\"@id\":\"http:\\\/\\\/autosdelpodio.com\\\/autos\\\/podio-para-pechito-lopez-en-las-24-horas-de-lemans\\\/#article\",\"isPartOf\":{\"@id\":\"http:\\\/\\\/autosdelpodio.com\\\/autos\\\/podio-para-pechito-lopez-en-las-24-horas-de-lemans\\\/\"},\"author\":{\"name\":\"autosdelpodio\",\"@id\":\"http:\\\/\\\/autosdelpodio.com\\\/autos\\\/#\\\/schema\\\/person\\\/993527a4d01c3acdd3d6bce3770bc942\"},\"headline\":\"Podio para Pechito Lopez en las 24 horas de Le Mans\",\"datePublished\":\"2020-09-20T14:17:38+00:00\",\"dateModified\":\"2020-09-20T14:19:16+00:00\",\"mainEntityOfPage\":{\"@id\":\"http:\\\/\\\/autosdelpodio.com\\\/autos\\\/podio-para-pechito-lopez-en-las-24-horas-de-lemans\\\/\"},\"wordCount\":160,\"commentCount\":0,\"publisher\":{\"@id\":\"http:\\\/\\\/autosdelpodio.com\\\/autos\\\/#organization\"},\"image\":{\"@id\":\"http:\\\/\\\/autosdelpodio.com\\\/autos\\\/podio-para-pechito-lopez-en-las-24-horas-de-lemans\\\/#primaryimage\"},\"thumbnailUrl\":\"http:\\\/\\\/autosdelpodio.com\\\/autos\\\/wp-content\\\/uploads\\\/2020\\\/08\\\/Logo_WEC-e1655077793429.jpg\",\"keywords\":[\"Le Mans\",\"Pechito Lopez\",\"Toyota\",\"WEC\"],\"articleSection\":[\"Destacado\",\"\u00daltimas noticias\"],\"inLanguage\":\"es\",\"potentialAction\":[{\"@type\":\"CommentAction\",\"name\":\"Comment\",\"target\":[\"http:\\\/\\\/autosdelpodio.com\\\/autos\\\/podio-para-pechito-lopez-en-las-24-horas-de-lemans\\\/#respond\"]}]},{\"@type\":\"WebPage\",\"@id\":\"http:\\\/\\\/autosdelpodio.com\\\/autos\\\/podio-para-pechito-lopez-en-las-24-horas-de-lemans\\\/\",\"url\":\"http:\\\/\\\/autosdelpodio.com\\\/autos\\\/podio-para-pechito-lopez-en-las-24-horas-de-lemans\\\/\",\"name\":\"Autos del Podio | Podio para Pechito Lopez en las 24 horas de Le Mans\",\"isPartOf\":{\"@id\":\"http:\\\/\\\/autosdelpodio.com\\\/autos\\\/#website\"},\"primaryImageOfPage\":{\"@id\":\"http:\\\/\\\/autosdelpodio.com\\\/autos\\\/podio-para-pechito-lopez-en-las-24-horas-de-lemans\\\/#primaryimage\"},\"image\":{\"@id\":\"http:\\\/\\\/autosdelpodio.com\\\/autos\\\/podio-para-pechito-lopez-en-las-24-horas-de-lemans\\\/#primaryimage\"},\"thumbnailUrl\":\"http:\\\/\\\/autosdelpodio.com\\\/autos\\\/wp-content\\\/uploads\\\/2020\\\/08\\\/Logo_WEC-e1655077793429.jpg\",\"datePublished\":\"2020-09-20T14:17:38+00:00\",\"dateModified\":\"2020-09-20T14:19:16+00:00\",\"description\":\"Autos del Podio Un un problema en el motor del Toyota priv\u00f3 a Pechito de la gloria en Le Mans\",\"breadcrumb\":{\"@id\":\"http:\\\/\\\/autosdelpodio.com\\\/autos\\\/podio-para-pechito-lopez-en-las-24-horas-de-lemans\\\/#breadcrumb\"},\"inLanguage\":\"es\",\"potentialAction\":[{\"@type\":\"ReadAction\",\"target\":[\"http:\\\/\\\/autosdelpodio.com\\\/autos\\\/podio-para-pechito-lopez-en-las-24-horas-de-lemans\\\/\"]}]},{\"@type\":\"ImageObject\",\"inLanguage\":\"es\",\"@id\":\"http:\\\/\\\/autosdelpodio.com\\\/autos\\\/podio-para-pechito-lopez-en-las-24-horas-de-lemans\\\/#primaryimage\",\"url\":\"http:\\\/\\\/autosdelpodio.com\\\/autos\\\/wp-content\\\/uploads\\\/2020\\\/08\\\/Logo_WEC-e1655077793429.jpg\",\"contentUrl\":\"http:\\\/\\\/autosdelpodio.com\\\/autos\\\/wp-content\\\/uploads\\\/2020\\\/08\\\/Logo_WEC-e1655077793429.jpg\",\"width\":500,\"height\":281,\"caption\":\"WEC\"},{\"@type\":\"BreadcrumbList\",\"@id\":\"http:\\\/\\\/autosdelpodio.com\\\/autos\\\/podio-para-pechito-lopez-en-las-24-horas-de-lemans\\\/#breadcrumb\",\"itemListElement\":[{\"@type\":\"ListItem\",\"position\":1,\"name\":\"Portada\",\"item\":\"http:\\\/\\\/autosdelpodio.com\\\/autos\\\/\"},{\"@type\":\"ListItem\",\"position\":2,\"name\":\"Podio para Pechito Lopez en las 24 horas de Le Mans\"}]},{\"@type\":\"WebSite\",\"@id\":\"http:\\\/\\\/autosdelpodio.com\\\/autos\\\/#website\",\"url\":\"http:\\\/\\\/autosdelpodio.com\\\/autos\\\/\",\"name\":\"Autos del Podio\",\"description\":\"La sexta del deporte motor\",\"publisher\":{\"@id\":\"http:\\\/\\\/autosdelpodio.com\\\/autos\\\/#organization\"},\"potentialAction\":[{\"@type\":\"SearchAction\",\"target\":{\"@type\":\"EntryPoint\",\"urlTemplate\":\"http:\\\/\\\/autosdelpodio.com\\\/autos\\\/?s={search_term_string}\"},\"query-input\":{\"@type\":\"PropertyValueSpecification\",\"valueRequired\":true,\"valueName\":\"search_term_string\"}}],\"inLanguage\":\"es\"},{\"@type\":\"Organization\",\"@id\":\"http:\\\/\\\/autosdelpodio.com\\\/autos\\\/#organization\",\"name\":\"Autos del Podio\",\"url\":\"http:\\\/\\\/autosdelpodio.com\\\/autos\\\/\",\"logo\":{\"@type\":\"ImageObject\",\"inLanguage\":\"es\",\"@id\":\"http:\\\/\\\/autosdelpodio.com\\\/autos\\\/#\\\/schema\\\/logo\\\/image\\\/\",\"url\":\"http:\\\/\\\/autosdelpodio.com\\\/autos\\\/wp-content\\\/uploads\\\/2020\\\/08\\\/Logo_AR.jpg\",\"contentUrl\":\"http:\\\/\\\/autosdelpodio.com\\\/autos\\\/wp-content\\\/uploads\\\/2020\\\/08\\\/Logo_AR.jpg\",\"width\":1038,\"height\":1044,\"caption\":\"Autos del Podio\"},\"image\":{\"@id\":\"http:\\\/\\\/autosdelpodio.com\\\/autos\\\/#\\\/schema\\\/logo\\\/image\\\/\"},\"sameAs\":[\"https:\\\/\\\/www.facebook.com\\\/profile.php?id=100057192590976&amp;amp;amp;amp;amp;amp;amp;amp;amp;amp;amp;amp;amp;amp;amp;amp;amp;amp;ref=ts\",\"https:\\\/\\\/x.com\\\/autosdelpodio\",\"https:\\\/\\\/www.youtube.com\\\/user\\\/AutosdelPodio\"]},{\"@type\":\"Person\",\"@id\":\"http:\\\/\\\/autosdelpodio.com\\\/autos\\\/#\\\/schema\\\/person\\\/993527a4d01c3acdd3d6bce3770bc942\",\"name\":\"autosdelpodio\",\"image\":{\"@type\":\"ImageObject\",\"inLanguage\":\"es\",\"@id\":\"http:\\\/\\\/autosdelpodio.com\\\/autos\\\/wp-content\\\/litespeed\\\/avatar\\\/aa8f65cd201a80f6b844f63278aa84af.jpg?ver=1777403005\",\"url\":\"http:\\\/\\\/autosdelpodio.com\\\/autos\\\/wp-content\\\/litespeed\\\/avatar\\\/aa8f65cd201a80f6b844f63278aa84af.jpg?ver=1777403005\",\"contentUrl\":\"http:\\\/\\\/autosdelpodio.com\\\/autos\\\/wp-content\\\/litespeed\\\/avatar\\\/aa8f65cd201a80f6b844f63278aa84af.jpg?ver=1777403005\",\"caption\":\"autosdelpodio\"}}]}<\/script>\n<!-- \/ Yoast SEO plugin. -->","yoast_head_json":{"title":"Autos del Podio | Podio para Pechito Lopez en las 24 horas de Le Mans","description":"Autos del Podio Un un problema en el motor del Toyota priv\u00f3 a Pechito de la gloria en Le Mans","robots":{"index":"index","follow":"follow","max-snippet":"max-snippet:-1","max-image-preview":"max-image-preview:large","max-video-preview":"max-video-preview:-1"},"canonical":"http:\/\/autosdelpodio.com\/autos\/podio-para-pechito-lopez-en-las-24-horas-de-lemans\/","og_locale":"es_ES","og_type":"article","og_title":"Autos del Podio | Podio para Pechito Lopez en las 24 horas de Le Mans","og_description":"Autos del Podio Un un problema en el motor del Toyota priv\u00f3 a Pechito de la gloria en Le Mans","og_url":"http:\/\/autosdelpodio.com\/autos\/podio-para-pechito-lopez-en-las-24-horas-de-lemans\/","og_site_name":"Autos del Podio","article_publisher":"https:\/\/www.facebook.com\/profile.php?id=100057192590976&amp%3bamp%3bamp%3bamp%3bamp%3bamp%3bamp%3bamp%3bamp%3bamp%3bamp%3bamp%3bamp%3bamp%3bamp%3bamp%3bamp%3bamp%3bref=ts","article_published_time":"2020-09-20T14:17:38+00:00","article_modified_time":"2020-09-20T14:19:16+00:00","og_image":[{"width":500,"height":281,"url":"http:\/\/autosdelpodio.com\/autos\/wp-content\/uploads\/2020\/08\/Logo_WEC-e1655077793429.jpg","type":"image\/jpeg"}],"author":"autosdelpodio","twitter_card":"summary_large_image","twitter_creator":"@autosdelpodio","twitter_site":"@autosdelpodio","twitter_misc":{"Escrito por":"autosdelpodio","Tiempo de lectura":"1 minuto"},"schema":{"@context":"https:\/\/schema.org","@graph":[{"@type":"Article","@id":"http:\/\/autosdelpodio.com\/autos\/podio-para-pechito-lopez-en-las-24-horas-de-lemans\/#article","isPartOf":{"@id":"http:\/\/autosdelpodio.com\/autos\/podio-para-pechito-lopez-en-las-24-horas-de-lemans\/"},"author":{"name":"autosdelpodio","@id":"http:\/\/autosdelpodio.com\/autos\/#\/schema\/person\/993527a4d01c3acdd3d6bce3770bc942"},"headline":"Podio para Pechito Lopez en las 24 horas de Le Mans","datePublished":"2020-09-20T14:17:38+00:00","dateModified":"2020-09-20T14:19:16+00:00","mainEntityOfPage":{"@id":"http:\/\/autosdelpodio.com\/autos\/podio-para-pechito-lopez-en-las-24-horas-de-lemans\/"},"wordCount":160,"commentCount":0,"publisher":{"@id":"http:\/\/autosdelpodio.com\/autos\/#organization"},"image":{"@id":"http:\/\/autosdelpodio.com\/autos\/podio-para-pechito-lopez-en-las-24-horas-de-lemans\/#primaryimage"},"thumbnailUrl":"http:\/\/autosdelpodio.com\/autos\/wp-content\/uploads\/2020\/08\/Logo_WEC-e1655077793429.jpg","keywords":["Le Mans","Pechito Lopez","Toyota","WEC"],"articleSection":["Destacado","\u00daltimas noticias"],"inLanguage":"es","potentialAction":[{"@type":"CommentAction","name":"Comment","target":["http:\/\/autosdelpodio.com\/autos\/podio-para-pechito-lopez-en-las-24-horas-de-lemans\/#respond"]}]},{"@type":"WebPage","@id":"http:\/\/autosdelpodio.com\/autos\/podio-para-pechito-lopez-en-las-24-horas-de-lemans\/","url":"http:\/\/autosdelpodio.com\/autos\/podio-para-pechito-lopez-en-las-24-horas-de-lemans\/","name":"Autos del Podio | Podio para Pechito Lopez en las 24 horas de Le Mans","isPartOf":{"@id":"http:\/\/autosdelpodio.com\/autos\/#website"},"primaryImageOfPage":{"@id":"http:\/\/autosdelpodio.com\/autos\/podio-para-pechito-lopez-en-las-24-horas-de-lemans\/#primaryimage"},"image":{"@id":"http:\/\/autosdelpodio.com\/autos\/podio-para-pechito-lopez-en-las-24-horas-de-lemans\/#primaryimage"},"thumbnailUrl":"http:\/\/autosdelpodio.com\/autos\/wp-content\/uploads\/2020\/08\/Logo_WEC-e1655077793429.jpg","datePublished":"2020-09-20T14:17:38+00:00","dateModified":"2020-09-20T14:19:16+00:00","description":"Autos del Podio Un un problema en el motor del Toyota priv\u00f3 a Pechito de la gloria en Le Mans","breadcrumb":{"@id":"http:\/\/autosdelpodio.com\/autos\/podio-para-pechito-lopez-en-las-24-horas-de-lemans\/#breadcrumb"},"inLanguage":"es","potentialAction":[{"@type":"ReadAction","target":["http:\/\/autosdelpodio.com\/autos\/podio-para-pechito-lopez-en-las-24-horas-de-lemans\/"]}]},{"@type":"ImageObject","inLanguage":"es","@id":"http:\/\/autosdelpodio.com\/autos\/podio-para-pechito-lopez-en-las-24-horas-de-lemans\/#primaryimage","url":"http:\/\/autosdelpodio.com\/autos\/wp-content\/uploads\/2020\/08\/Logo_WEC-e1655077793429.jpg","contentUrl":"http:\/\/autosdelpodio.com\/autos\/wp-content\/uploads\/2020\/08\/Logo_WEC-e1655077793429.jpg","width":500,"height":281,"caption":"WEC"},{"@type":"BreadcrumbList","@id":"http:\/\/autosdelpodio.com\/autos\/podio-para-pechito-lopez-en-las-24-horas-de-lemans\/#breadcrumb","itemListElement":[{"@type":"ListItem","position":1,"name":"Portada","item":"http:\/\/autosdelpodio.com\/autos\/"},{"@type":"ListItem","position":2,"name":"Podio para Pechito Lopez en las 24 horas de Le Mans"}]},{"@type":"WebSite","@id":"http:\/\/autosdelpodio.com\/autos\/#website","url":"http:\/\/autosdelpodio.com\/autos\/","name":"Autos del Podio","description":"La sexta del deporte motor","publisher":{"@id":"http:\/\/autosdelpodio.com\/autos\/#organization"},"potentialAction":[{"@type":"SearchAction","target":{"@type":"EntryPoint","urlTemplate":"http:\/\/autosdelpodio.com\/autos\/?s={search_term_string}"},"query-input":{"@type":"PropertyValueSpecification","valueRequired":true,"valueName":"search_term_string"}}],"inLanguage":"es"},{"@type":"Organization","@id":"http:\/\/autosdelpodio.com\/autos\/#organization","name":"Autos del Podio","url":"http:\/\/autosdelpodio.com\/autos\/","logo":{"@type":"ImageObject","inLanguage":"es","@id":"http:\/\/autosdelpodio.com\/autos\/#\/schema\/logo\/image\/","url":"http:\/\/autosdelpodio.com\/autos\/wp-content\/uploads\/2020\/08\/Logo_AR.jpg","contentUrl":"http:\/\/autosdelpodio.com\/autos\/wp-content\/uploads\/2020\/08\/Logo_AR.jpg","width":1038,"height":1044,"caption":"Autos del Podio"},"image":{"@id":"http:\/\/autosdelpodio.com\/autos\/#\/schema\/logo\/image\/"},"sameAs":["https:\/\/www.facebook.com\/profile.php?id=100057192590976&amp;amp;amp;amp;amp;amp;amp;amp;amp;amp;amp;amp;amp;amp;amp;amp;amp;amp;ref=ts","https:\/\/x.com\/autosdelpodio","https:\/\/www.youtube.com\/user\/AutosdelPodio"]},{"@type":"Person","@id":"http:\/\/autosdelpodio.com\/autos\/#\/schema\/person\/993527a4d01c3acdd3d6bce3770bc942","name":"autosdelpodio","image":{"@type":"ImageObject","inLanguage":"es","@id":"http:\/\/autosdelpodio.com\/autos\/wp-content\/litespeed\/avatar\/aa8f65cd201a80f6b844f63278aa84af.jpg?ver=1777403005","url":"http:\/\/autosdelpodio.com\/autos\/wp-content\/litespeed\/avatar\/aa8f65cd201a80f6b844f63278aa84af.jpg?ver=1777403005","contentUrl":"http:\/\/autosdelpodio.com\/autos\/wp-content\/litespeed\/avatar\/aa8f65cd201a80f6b844f63278aa84af.jpg?ver=1777403005","caption":"autosdelpodio"}}]}},"views":592,"_links":{"self":[{"href":"http:\/\/autosdelpodio.com\/autos\/wp-json\/wp\/v2\/posts\/2691","targetHints":{"allow":["GET"]}}],"collection":[{"href":"http:\/\/autosdelpodio.com\/autos\/wp-json\/wp\/v2\/posts"}],"about":[{"href":"http:\/\/autosdelpodio.com\/autos\/wp-json\/wp\/v2\/types\/post"}],"author":[{"embeddable":true,"href":"http:\/\/autosdelpodio.com\/autos\/wp-json\/wp\/v2\/users\/3"}],"replies":[{"embeddable":true,"href":"http:\/\/autosdelpodio.com\/autos\/wp-json\/wp\/v2\/comments?post=2691"}],"version-history":[{"count":2,"href":"http:\/\/autosdelpodio.com\/autos\/wp-json\/wp\/v2\/posts\/2691\/revisions"}],"predecessor-version":[{"id":2693,"href":"http:\/\/autosdelpodio.com\/autos\/wp-json\/wp\/v2\/posts\/2691\/revisions\/2693"}],"wp:featuredmedia":[{"embeddable":true,"href":"http:\/\/autosdelpodio.com\/autos\/wp-json\/wp\/v2\/media\/2505"}],"wp:attachment":[{"href":"http:\/\/autosdelpodio.com\/autos\/wp-json\/wp\/v2\/media?parent=2691"}],"wp:term":[{"taxonomy":"category","embeddable":true,"href":"http:\/\/autosdelpodio.com\/autos\/wp-json\/wp\/v2\/categories?post=2691"},{"taxonomy":"post_tag","embeddable":true,"href":"http:\/\/autosdelpodio.com\/autos\/wp-json\/wp\/v2\/tags?post=2691"}],"curies":[{"name":"wp","href":"https:\/\/api.w.org\/{rel}","templated":true}]}}