{"id":2723,"date":"2020-09-27T14:57:50","date_gmt":"2020-09-27T17:57:50","guid":{"rendered":"http:\/\/autosdelpodio.com\/autos\/?p=2723"},"modified":"2020-10-02T17:36:02","modified_gmt":"2020-10-02T20:36:02","slug":"en-el-9-un-10-para-renault","status":"publish","type":"post","link":"http:\/\/autosdelpodio.com\/autos\/en-el-9-un-10-para-renault\/","title":{"rendered":"En el 9, un 10 para Renault"},"content":{"rendered":"\n<p>Facundo Ardusso en gran remontada, gan\u00f3 con el Fluence la segunda fecha del Super TC2000 en el Autodromo de Buenos Aires.Mat\u00edas Rossi  y Mat\u00edas Milla  completaron el podio.<br>El bicamp\u00e9on 2017 y 2018 hab\u00eda largado octavo y a base de buenas maniobras y otras circunstancias de carrera como el abandono de su compa\u00f1ero Leonel Pernia (vencedor de la clasificatoria del Sabado) fue el primero en ver la bandera a cuadros luego de 33 vueltas al circuito n\u00b09, el cual fue variante al n\u00b08 utilizado <a rel=\"noreferrer noopener\" href=\"http:\/\/autosdelpodio.com\/autos\/cruze-a-la-victoria\/\" target=\"_blank\">el fin de semana pasado<\/a>.<br>Luego de 2 presentaciones <a rel=\"noreferrer noopener\" href=\"http:\/\/autosdelpodio.com\/autos\/rossi-es-tendencia\/\" target=\"_blank\">Mat\u00edas Rossi<\/a> lidera el campeonato 2020\/201 con 42 puntos, seguido de Agustin Canapino (Chevrolet Cruze) y Ardusso con 38.<br>En la previa del Super gir\u00f3 el TC2000 y para variar tambi\u00e9n gan\u00f3 un Renault de la mano de un protagonista excluyente como lo fue Tomas Cingolani.<br>La pr\u00f3xima fecha ser\u00e1 el 25 de Octubre en escenario a confirmar, aunque es probable que se repita el Autodromo porte\u00f1o como sede, utilizando algun otro dibujo.<\/p>\n\n\n\n<p><strong><em>Final STC2000 &#8211; Fecha 2<\/em><\/strong><\/p>\n\n\n\n<p>1 83 ARDUSSO 33 50;56.596 310 1;24.793<br>2 17 ROSSI 33 51;02.948 6.352 3.925 1;25.419<br>3 28 MILLA 33 51;07.623 11.027 1;23.280<br>4 86 CANAPINO 33 51;08.072 11.476 1.654 1;23.148<br>5 111 SILVA 33 51;14.892 18.296 2.248 1;23.742<br>6 30 GAGLIARDI GENNE 33 51;18.272 21.676 1.965 1;23.459<br>7 5 YANNANTUONI 33 51;19.706 23.110 1.935 1;23.429<br>8 63 GIROLAMI 33 51;19.962 23.366 1.967 1;23.461<br>9 11 BARRICHELLO 33 51;22.517 25.921 2.162 1;23.656<br>10 22 GARRIZ 33 51;25.063 28.467 2.451 1;23.945<br>11 33 SAPAG 33 51;30.373 33.777 2.698 1;24.192<br>12 25 CIARROCCHI 33 51;34.247 37.651 3.1 1;24.495<br>13 133 AGUIRRE 32 51;22.806 1 vta 1.983 1;23.477<br>14 64 ARMELLINI 29 46;10.983 4 vtas 20.115 1;41.609<br>15 14 RISATTI 24 44;43.578 9 vtas 8.707 1;30.201<br>16 1 PERNIA 22 35;54.511 11 vtas 6.161 1;27.655<br>17 2 LLAVER 20 33;34.767 13 vtas 25.194 1;46.688<br>18 51 URCERA 16 26;32.053 17 vtas 252 1;23.553<br>19 34 ROSSO 9 15;18.315 24 vtas 1;23.187<br>20 21 MU\u00d1OZ MARCHESI 9 16;15.128 24 vtas 2;13.141<br>21 7 PALAZZO 5 11;48.792 28 vtas 4;31.908<\/p>\n","protected":false},"excerpt":{"rendered":"<p>Facundo Ardusso en gran remontada, gan\u00f3 con el Fluence la segunda fecha del Super TC2000 en el Autodromo de Buenos<\/p>\n","protected":false},"author":3,"featured_media":0,"comment_status":"open","ping_status":"open","sticky":false,"template":"","format":"standard","meta":{"colormag_page_container_layout":"default_layout","colormag_page_sidebar_layout":"default_layout","footnotes":""},"categories":[5],"tags":[142,375,30,77],"class_list":["post-2723","post","type-post","status-publish","format-standard","hentry","category-latest-news","tag-autodromo-ba","tag-facundo-ardusso","tag-renault","tag-supertc2000"],"yoast_head":"<!-- This site is optimized with the Yoast SEO plugin v27.5 - https:\/\/yoast.com\/product\/yoast-seo-wordpress\/ -->\n<title>Autos del Podio | En el 9, un 10 para Renault<\/title>\n<meta name=\"description\" content=\"Autos del Podio El piloto de Las Parejas se impuso en la segunda presentaci\u00f3n del Super TC2000 en Buenos Aires\" \/>\n<meta name=\"robots\" content=\"index, follow, max-snippet:-1, max-image-preview:large, max-video-preview:-1\" \/>\n<link rel=\"canonical\" href=\"https:\/\/autosdelpodio.com\/autos\/en-el-9-un-10-para-renault\/\" \/>\n<meta property=\"og:locale\" content=\"es_ES\" \/>\n<meta property=\"og:type\" content=\"article\" \/>\n<meta property=\"og:title\" content=\"Autos del Podio | En el 9, un 10 para Renault\" \/>\n<meta property=\"og:description\" content=\"Autos del Podio El piloto de Las Parejas se impuso en la segunda presentaci\u00f3n del Super TC2000 en Buenos Aires\" \/>\n<meta property=\"og:url\" content=\"https:\/\/autosdelpodio.com\/autos\/en-el-9-un-10-para-renault\/\" \/>\n<meta property=\"og:site_name\" content=\"Autos del Podio\" \/>\n<meta property=\"article:publisher\" content=\"https:\/\/www.facebook.com\/profile.php?id=100057192590976&amp;amp%3bamp%3bamp%3bamp%3bamp%3bamp%3bamp%3bamp%3bamp%3bamp%3bamp%3bamp%3bamp%3bamp%3bamp%3bamp%3bamp%3bamp%3bref=ts\" \/>\n<meta property=\"article:published_time\" content=\"2020-09-27T17:57:50+00:00\" \/>\n<meta property=\"article:modified_time\" content=\"2020-10-02T20:36:02+00:00\" \/>\n<meta name=\"author\" content=\"autosdelpodio\" \/>\n<meta name=\"twitter:card\" content=\"summary_large_image\" \/>\n<meta name=\"twitter:creator\" content=\"@autosdelpodio\" \/>\n<meta name=\"twitter:site\" content=\"@autosdelpodio\" \/>\n<meta name=\"twitter:label1\" content=\"Escrito por\" \/>\n\t<meta name=\"twitter:data1\" content=\"autosdelpodio\" \/>\n\t<meta name=\"twitter:label2\" content=\"Tiempo de lectura\" \/>\n\t<meta name=\"twitter:data2\" content=\"1 minuto\" \/>\n<script type=\"application\/ld+json\" class=\"yoast-schema-graph\">{\"@context\":\"https:\\\/\\\/schema.org\",\"@graph\":[{\"@type\":\"Article\",\"@id\":\"https:\\\/\\\/autosdelpodio.com\\\/autos\\\/en-el-9-un-10-para-renault\\\/#article\",\"isPartOf\":{\"@id\":\"https:\\\/\\\/autosdelpodio.com\\\/autos\\\/en-el-9-un-10-para-renault\\\/\"},\"author\":{\"name\":\"autosdelpodio\",\"@id\":\"http:\\\/\\\/autosdelpodio.com\\\/autos\\\/#\\\/schema\\\/person\\\/993527a4d01c3acdd3d6bce3770bc942\"},\"headline\":\"En el 9, un 10 para Renault\",\"datePublished\":\"2020-09-27T17:57:50+00:00\",\"dateModified\":\"2020-10-02T20:36:02+00:00\",\"mainEntityOfPage\":{\"@id\":\"https:\\\/\\\/autosdelpodio.com\\\/autos\\\/en-el-9-un-10-para-renault\\\/\"},\"wordCount\":210,\"commentCount\":1,\"publisher\":{\"@id\":\"http:\\\/\\\/autosdelpodio.com\\\/autos\\\/#organization\"},\"keywords\":[\"Autodromo BA\",\"Facundo Ardusso\",\"Renault\",\"SuperTC2000\"],\"articleSection\":[\"\u00daltimas noticias\"],\"inLanguage\":\"es\",\"potentialAction\":[{\"@type\":\"CommentAction\",\"name\":\"Comment\",\"target\":[\"https:\\\/\\\/autosdelpodio.com\\\/autos\\\/en-el-9-un-10-para-renault\\\/#respond\"]}]},{\"@type\":\"WebPage\",\"@id\":\"https:\\\/\\\/autosdelpodio.com\\\/autos\\\/en-el-9-un-10-para-renault\\\/\",\"url\":\"https:\\\/\\\/autosdelpodio.com\\\/autos\\\/en-el-9-un-10-para-renault\\\/\",\"name\":\"Autos del Podio | En el 9, un 10 para Renault\",\"isPartOf\":{\"@id\":\"http:\\\/\\\/autosdelpodio.com\\\/autos\\\/#website\"},\"datePublished\":\"2020-09-27T17:57:50+00:00\",\"dateModified\":\"2020-10-02T20:36:02+00:00\",\"description\":\"Autos del Podio El piloto de Las Parejas se impuso en la segunda presentaci\u00f3n del Super TC2000 en Buenos Aires\",\"breadcrumb\":{\"@id\":\"https:\\\/\\\/autosdelpodio.com\\\/autos\\\/en-el-9-un-10-para-renault\\\/#breadcrumb\"},\"inLanguage\":\"es\",\"potentialAction\":[{\"@type\":\"ReadAction\",\"target\":[\"https:\\\/\\\/autosdelpodio.com\\\/autos\\\/en-el-9-un-10-para-renault\\\/\"]}]},{\"@type\":\"BreadcrumbList\",\"@id\":\"https:\\\/\\\/autosdelpodio.com\\\/autos\\\/en-el-9-un-10-para-renault\\\/#breadcrumb\",\"itemListElement\":[{\"@type\":\"ListItem\",\"position\":1,\"name\":\"Portada\",\"item\":\"http:\\\/\\\/autosdelpodio.com\\\/autos\\\/\"},{\"@type\":\"ListItem\",\"position\":2,\"name\":\"En el 9, un 10 para Renault\"}]},{\"@type\":\"WebSite\",\"@id\":\"http:\\\/\\\/autosdelpodio.com\\\/autos\\\/#website\",\"url\":\"http:\\\/\\\/autosdelpodio.com\\\/autos\\\/\",\"name\":\"Autos del Podio\",\"description\":\"La sexta del deporte motor\",\"publisher\":{\"@id\":\"http:\\\/\\\/autosdelpodio.com\\\/autos\\\/#organization\"},\"potentialAction\":[{\"@type\":\"SearchAction\",\"target\":{\"@type\":\"EntryPoint\",\"urlTemplate\":\"http:\\\/\\\/autosdelpodio.com\\\/autos\\\/?s={search_term_string}\"},\"query-input\":{\"@type\":\"PropertyValueSpecification\",\"valueRequired\":true,\"valueName\":\"search_term_string\"}}],\"inLanguage\":\"es\"},{\"@type\":\"Organization\",\"@id\":\"http:\\\/\\\/autosdelpodio.com\\\/autos\\\/#organization\",\"name\":\"Autos del Podio\",\"url\":\"http:\\\/\\\/autosdelpodio.com\\\/autos\\\/\",\"logo\":{\"@type\":\"ImageObject\",\"inLanguage\":\"es\",\"@id\":\"http:\\\/\\\/autosdelpodio.com\\\/autos\\\/#\\\/schema\\\/logo\\\/image\\\/\",\"url\":\"http:\\\/\\\/autosdelpodio.com\\\/autos\\\/wp-content\\\/uploads\\\/2020\\\/08\\\/Logo_AR.jpg\",\"contentUrl\":\"http:\\\/\\\/autosdelpodio.com\\\/autos\\\/wp-content\\\/uploads\\\/2020\\\/08\\\/Logo_AR.jpg\",\"width\":1038,\"height\":1044,\"caption\":\"Autos del Podio\"},\"image\":{\"@id\":\"http:\\\/\\\/autosdelpodio.com\\\/autos\\\/#\\\/schema\\\/logo\\\/image\\\/\"},\"sameAs\":[\"https:\\\/\\\/www.facebook.com\\\/profile.php?id=100057192590976&amp;amp;amp;amp;amp;amp;amp;amp;amp;amp;amp;amp;amp;amp;amp;amp;amp;amp;ref=ts\",\"https:\\\/\\\/x.com\\\/autosdelpodio\",\"https:\\\/\\\/www.youtube.com\\\/user\\\/AutosdelPodio\"]},{\"@type\":\"Person\",\"@id\":\"http:\\\/\\\/autosdelpodio.com\\\/autos\\\/#\\\/schema\\\/person\\\/993527a4d01c3acdd3d6bce3770bc942\",\"name\":\"autosdelpodio\",\"image\":{\"@type\":\"ImageObject\",\"inLanguage\":\"es\",\"@id\":\"http:\\\/\\\/autosdelpodio.com\\\/autos\\\/wp-content\\\/litespeed\\\/avatar\\\/aa8f65cd201a80f6b844f63278aa84af.jpg?ver=1777403005\",\"url\":\"http:\\\/\\\/autosdelpodio.com\\\/autos\\\/wp-content\\\/litespeed\\\/avatar\\\/aa8f65cd201a80f6b844f63278aa84af.jpg?ver=1777403005\",\"contentUrl\":\"http:\\\/\\\/autosdelpodio.com\\\/autos\\\/wp-content\\\/litespeed\\\/avatar\\\/aa8f65cd201a80f6b844f63278aa84af.jpg?ver=1777403005\",\"caption\":\"autosdelpodio\"}}]}<\/script>\n<!-- \/ Yoast SEO plugin. -->","yoast_head_json":{"title":"Autos del Podio | En el 9, un 10 para Renault","description":"Autos del Podio El piloto de Las Parejas se impuso en la segunda presentaci\u00f3n del Super TC2000 en Buenos Aires","robots":{"index":"index","follow":"follow","max-snippet":"max-snippet:-1","max-image-preview":"max-image-preview:large","max-video-preview":"max-video-preview:-1"},"canonical":"https:\/\/autosdelpodio.com\/autos\/en-el-9-un-10-para-renault\/","og_locale":"es_ES","og_type":"article","og_title":"Autos del Podio | En el 9, un 10 para Renault","og_description":"Autos del Podio El piloto de Las Parejas se impuso en la segunda presentaci\u00f3n del Super TC2000 en Buenos Aires","og_url":"https:\/\/autosdelpodio.com\/autos\/en-el-9-un-10-para-renault\/","og_site_name":"Autos del Podio","article_publisher":"https:\/\/www.facebook.com\/profile.php?id=100057192590976&amp%3bamp%3bamp%3bamp%3bamp%3bamp%3bamp%3bamp%3bamp%3bamp%3bamp%3bamp%3bamp%3bamp%3bamp%3bamp%3bamp%3bamp%3bref=ts","article_published_time":"2020-09-27T17:57:50+00:00","article_modified_time":"2020-10-02T20:36:02+00:00","author":"autosdelpodio","twitter_card":"summary_large_image","twitter_creator":"@autosdelpodio","twitter_site":"@autosdelpodio","twitter_misc":{"Escrito por":"autosdelpodio","Tiempo de lectura":"1 minuto"},"schema":{"@context":"https:\/\/schema.org","@graph":[{"@type":"Article","@id":"https:\/\/autosdelpodio.com\/autos\/en-el-9-un-10-para-renault\/#article","isPartOf":{"@id":"https:\/\/autosdelpodio.com\/autos\/en-el-9-un-10-para-renault\/"},"author":{"name":"autosdelpodio","@id":"http:\/\/autosdelpodio.com\/autos\/#\/schema\/person\/993527a4d01c3acdd3d6bce3770bc942"},"headline":"En el 9, un 10 para Renault","datePublished":"2020-09-27T17:57:50+00:00","dateModified":"2020-10-02T20:36:02+00:00","mainEntityOfPage":{"@id":"https:\/\/autosdelpodio.com\/autos\/en-el-9-un-10-para-renault\/"},"wordCount":210,"commentCount":1,"publisher":{"@id":"http:\/\/autosdelpodio.com\/autos\/#organization"},"keywords":["Autodromo BA","Facundo Ardusso","Renault","SuperTC2000"],"articleSection":["\u00daltimas noticias"],"inLanguage":"es","potentialAction":[{"@type":"CommentAction","name":"Comment","target":["https:\/\/autosdelpodio.com\/autos\/en-el-9-un-10-para-renault\/#respond"]}]},{"@type":"WebPage","@id":"https:\/\/autosdelpodio.com\/autos\/en-el-9-un-10-para-renault\/","url":"https:\/\/autosdelpodio.com\/autos\/en-el-9-un-10-para-renault\/","name":"Autos del Podio | En el 9, un 10 para Renault","isPartOf":{"@id":"http:\/\/autosdelpodio.com\/autos\/#website"},"datePublished":"2020-09-27T17:57:50+00:00","dateModified":"2020-10-02T20:36:02+00:00","description":"Autos del Podio El piloto de Las Parejas se impuso en la segunda presentaci\u00f3n del Super TC2000 en Buenos Aires","breadcrumb":{"@id":"https:\/\/autosdelpodio.com\/autos\/en-el-9-un-10-para-renault\/#breadcrumb"},"inLanguage":"es","potentialAction":[{"@type":"ReadAction","target":["https:\/\/autosdelpodio.com\/autos\/en-el-9-un-10-para-renault\/"]}]},{"@type":"BreadcrumbList","@id":"https:\/\/autosdelpodio.com\/autos\/en-el-9-un-10-para-renault\/#breadcrumb","itemListElement":[{"@type":"ListItem","position":1,"name":"Portada","item":"http:\/\/autosdelpodio.com\/autos\/"},{"@type":"ListItem","position":2,"name":"En el 9, un 10 para Renault"}]},{"@type":"WebSite","@id":"http:\/\/autosdelpodio.com\/autos\/#website","url":"http:\/\/autosdelpodio.com\/autos\/","name":"Autos del Podio","description":"La sexta del deporte motor","publisher":{"@id":"http:\/\/autosdelpodio.com\/autos\/#organization"},"potentialAction":[{"@type":"SearchAction","target":{"@type":"EntryPoint","urlTemplate":"http:\/\/autosdelpodio.com\/autos\/?s={search_term_string}"},"query-input":{"@type":"PropertyValueSpecification","valueRequired":true,"valueName":"search_term_string"}}],"inLanguage":"es"},{"@type":"Organization","@id":"http:\/\/autosdelpodio.com\/autos\/#organization","name":"Autos del Podio","url":"http:\/\/autosdelpodio.com\/autos\/","logo":{"@type":"ImageObject","inLanguage":"es","@id":"http:\/\/autosdelpodio.com\/autos\/#\/schema\/logo\/image\/","url":"http:\/\/autosdelpodio.com\/autos\/wp-content\/uploads\/2020\/08\/Logo_AR.jpg","contentUrl":"http:\/\/autosdelpodio.com\/autos\/wp-content\/uploads\/2020\/08\/Logo_AR.jpg","width":1038,"height":1044,"caption":"Autos del Podio"},"image":{"@id":"http:\/\/autosdelpodio.com\/autos\/#\/schema\/logo\/image\/"},"sameAs":["https:\/\/www.facebook.com\/profile.php?id=100057192590976&amp;amp;amp;amp;amp;amp;amp;amp;amp;amp;amp;amp;amp;amp;amp;amp;amp;amp;ref=ts","https:\/\/x.com\/autosdelpodio","https:\/\/www.youtube.com\/user\/AutosdelPodio"]},{"@type":"Person","@id":"http:\/\/autosdelpodio.com\/autos\/#\/schema\/person\/993527a4d01c3acdd3d6bce3770bc942","name":"autosdelpodio","image":{"@type":"ImageObject","inLanguage":"es","@id":"http:\/\/autosdelpodio.com\/autos\/wp-content\/litespeed\/avatar\/aa8f65cd201a80f6b844f63278aa84af.jpg?ver=1777403005","url":"http:\/\/autosdelpodio.com\/autos\/wp-content\/litespeed\/avatar\/aa8f65cd201a80f6b844f63278aa84af.jpg?ver=1777403005","contentUrl":"http:\/\/autosdelpodio.com\/autos\/wp-content\/litespeed\/avatar\/aa8f65cd201a80f6b844f63278aa84af.jpg?ver=1777403005","caption":"autosdelpodio"}}]}},"views":742,"_links":{"self":[{"href":"http:\/\/autosdelpodio.com\/autos\/wp-json\/wp\/v2\/posts\/2723","targetHints":{"allow":["GET"]}}],"collection":[{"href":"http:\/\/autosdelpodio.com\/autos\/wp-json\/wp\/v2\/posts"}],"about":[{"href":"http:\/\/autosdelpodio.com\/autos\/wp-json\/wp\/v2\/types\/post"}],"author":[{"embeddable":true,"href":"http:\/\/autosdelpodio.com\/autos\/wp-json\/wp\/v2\/users\/3"}],"replies":[{"embeddable":true,"href":"http:\/\/autosdelpodio.com\/autos\/wp-json\/wp\/v2\/comments?post=2723"}],"version-history":[{"count":4,"href":"http:\/\/autosdelpodio.com\/autos\/wp-json\/wp\/v2\/posts\/2723\/revisions"}],"predecessor-version":[{"id":2732,"href":"http:\/\/autosdelpodio.com\/autos\/wp-json\/wp\/v2\/posts\/2723\/revisions\/2732"}],"wp:attachment":[{"href":"http:\/\/autosdelpodio.com\/autos\/wp-json\/wp\/v2\/media?parent=2723"}],"wp:term":[{"taxonomy":"category","embeddable":true,"href":"http:\/\/autosdelpodio.com\/autos\/wp-json\/wp\/v2\/categories?post=2723"},{"taxonomy":"post_tag","embeddable":true,"href":"http:\/\/autosdelpodio.com\/autos\/wp-json\/wp\/v2\/tags?post=2723"}],"curies":[{"name":"wp","href":"https:\/\/api.w.org\/{rel}","templated":true}]}}