{"id":2734,"date":"2020-09-29T20:31:38","date_gmt":"2020-09-29T23:31:38","guid":{"rendered":"http:\/\/autosdelpodio.com\/autos\/?p=2734"},"modified":"2020-09-29T20:38:11","modified_gmt":"2020-09-29T23:38:11","slug":"37-anos-del-volkswagen-gacel","status":"publish","type":"post","link":"http:\/\/autosdelpodio.com\/autos\/37-anos-del-volkswagen-gacel\/","title":{"rendered":"37 a\u00f1os del Volkswagen Gacel"},"content":{"rendered":"\n<p>Cuando comenzaba la primavera de 1983 se presentaba el Gacel, primer auto de pasajeros genuinamente Volkswagen producido en Argentina. El reci\u00e9n llegado ampliaba la gama de modelos limitada hasta entonces al VW 1500 que no era m\u00e1s que un cambio de denominaci\u00f3n del legendario Dodge 1500 que la marca alemana mantendr\u00eda en producci\u00f3n hasta el fin de la d\u00e9cada.<br>El Gacel derivaba del exitoso Gol brasile\u00f1o que por aquellos tiempos aun no se comercializaba en el pa\u00eds. Era un t\u00edpico sed\u00e1n de cuatro puertas y tres vol\u00famenes bien definidos con una carrocer\u00eda de poco m\u00e1s de cuatro metros de largo.<br>Estaba equipado con un motor de 1600 cc de 73 cv combinado con una caja manual de cuatro velocidades.<br>En la d\u00e9cada de 1990, el Volkswagen Gacel cambiar\u00eda su denominaci\u00f3n por Senda y traer\u00eda nueva motorizaci\u00f3n, estilo y equipamiento.<br>La l\u00ednea Gacel\/Senda se fabric\u00f3 hasta 1996 totalizando 148.874 unidades de todas las versiones.<\/p>\n\n\n\n<p><em>Por Gustavo Feder, editor de <a href=\"http:\/\/autohistoria.com.ar\/\" target=\"_blank\" rel=\"noreferrer noopener\">Autohistoria<\/a><\/em><\/p>\n","protected":false},"excerpt":{"rendered":"<p>Cuando comenzaba la primavera de 1983 se presentaba el Gacel, primer auto de pasajeros genuinamente Volkswagen producido en Argentina. El<\/p>\n","protected":false},"author":3,"featured_media":0,"comment_status":"open","ping_status":"open","sticky":false,"template":"","format":"standard","meta":{"colormag_page_container_layout":"default_layout","colormag_page_sidebar_layout":"default_layout","footnotes":""},"categories":[14],"tags":[32,35,90,376],"class_list":["post-2734","post","type-post","status-publish","format-standard","hentry","category-efemerides","tag-industria-automotriz","tag-republica-argentina","tag-volkswagen","tag-vw-gacel"],"yoast_head":"<!-- This site is optimized with the Yoast SEO plugin v27.5 - https:\/\/yoast.com\/product\/yoast-seo-wordpress\/ -->\n<title>Autos del Podio | 37 a\u00f1os del Volkswagen Gacel<\/title>\n<meta name=\"description\" content=\"Autos del Podio La l\u00ednea Volkswagen Gacel\/Senda se fabric\u00f3 hasta 1996\" \/>\n<meta name=\"robots\" content=\"index, follow, max-snippet:-1, max-image-preview:large, max-video-preview:-1\" \/>\n<link rel=\"canonical\" href=\"http:\/\/autosdelpodio.com\/autos\/37-anos-del-volkswagen-gacel\/\" \/>\n<meta property=\"og:locale\" content=\"es_ES\" \/>\n<meta property=\"og:type\" content=\"article\" \/>\n<meta property=\"og:title\" content=\"Autos del Podio | 37 a\u00f1os del Volkswagen Gacel\" \/>\n<meta property=\"og:description\" content=\"Autos del Podio La l\u00ednea Volkswagen Gacel\/Senda se fabric\u00f3 hasta 1996\" \/>\n<meta property=\"og:url\" content=\"http:\/\/autosdelpodio.com\/autos\/37-anos-del-volkswagen-gacel\/\" \/>\n<meta property=\"og:site_name\" content=\"Autos del Podio\" \/>\n<meta property=\"article:publisher\" content=\"https:\/\/www.facebook.com\/profile.php?id=100057192590976&amp;amp%3bamp%3bamp%3bamp%3bamp%3bamp%3bamp%3bamp%3bamp%3bamp%3bamp%3bamp%3bamp%3bamp%3bamp%3bamp%3bamp%3bamp%3bref=ts\" \/>\n<meta property=\"article:published_time\" content=\"2020-09-29T23:31:38+00:00\" \/>\n<meta property=\"article:modified_time\" content=\"2020-09-29T23:38:11+00:00\" \/>\n<meta name=\"author\" content=\"autosdelpodio\" \/>\n<meta name=\"twitter:card\" content=\"summary_large_image\" \/>\n<meta name=\"twitter:creator\" content=\"@autosdelpodio\" \/>\n<meta name=\"twitter:site\" content=\"@autosdelpodio\" \/>\n<meta name=\"twitter:label1\" content=\"Escrito por\" \/>\n\t<meta name=\"twitter:data1\" content=\"autosdelpodio\" \/>\n\t<meta name=\"twitter:label2\" content=\"Tiempo de lectura\" \/>\n\t<meta name=\"twitter:data2\" content=\"1 minuto\" \/>\n<script type=\"application\/ld+json\" class=\"yoast-schema-graph\">{\"@context\":\"https:\\\/\\\/schema.org\",\"@graph\":[{\"@type\":\"Article\",\"@id\":\"http:\\\/\\\/autosdelpodio.com\\\/autos\\\/37-anos-del-volkswagen-gacel\\\/#article\",\"isPartOf\":{\"@id\":\"http:\\\/\\\/autosdelpodio.com\\\/autos\\\/37-anos-del-volkswagen-gacel\\\/\"},\"author\":{\"name\":\"autosdelpodio\",\"@id\":\"http:\\\/\\\/autosdelpodio.com\\\/autos\\\/#\\\/schema\\\/person\\\/993527a4d01c3acdd3d6bce3770bc942\"},\"headline\":\"37 a\u00f1os del Volkswagen Gacel\",\"datePublished\":\"2020-09-29T23:31:38+00:00\",\"dateModified\":\"2020-09-29T23:38:11+00:00\",\"mainEntityOfPage\":{\"@id\":\"http:\\\/\\\/autosdelpodio.com\\\/autos\\\/37-anos-del-volkswagen-gacel\\\/\"},\"wordCount\":176,\"commentCount\":0,\"publisher\":{\"@id\":\"http:\\\/\\\/autosdelpodio.com\\\/autos\\\/#organization\"},\"keywords\":[\"Industria Automotriz\",\"Republica Argentina\",\"Volkswagen\",\"VW Gacel\"],\"articleSection\":[\"Efem\u00e9rides\"],\"inLanguage\":\"es\",\"potentialAction\":[{\"@type\":\"CommentAction\",\"name\":\"Comment\",\"target\":[\"http:\\\/\\\/autosdelpodio.com\\\/autos\\\/37-anos-del-volkswagen-gacel\\\/#respond\"]}]},{\"@type\":\"WebPage\",\"@id\":\"http:\\\/\\\/autosdelpodio.com\\\/autos\\\/37-anos-del-volkswagen-gacel\\\/\",\"url\":\"http:\\\/\\\/autosdelpodio.com\\\/autos\\\/37-anos-del-volkswagen-gacel\\\/\",\"name\":\"Autos del Podio | 37 a\u00f1os del Volkswagen Gacel\",\"isPartOf\":{\"@id\":\"http:\\\/\\\/autosdelpodio.com\\\/autos\\\/#website\"},\"datePublished\":\"2020-09-29T23:31:38+00:00\",\"dateModified\":\"2020-09-29T23:38:11+00:00\",\"description\":\"Autos del Podio La l\u00ednea Volkswagen Gacel\\\/Senda se fabric\u00f3 hasta 1996\",\"breadcrumb\":{\"@id\":\"http:\\\/\\\/autosdelpodio.com\\\/autos\\\/37-anos-del-volkswagen-gacel\\\/#breadcrumb\"},\"inLanguage\":\"es\",\"potentialAction\":[{\"@type\":\"ReadAction\",\"target\":[\"http:\\\/\\\/autosdelpodio.com\\\/autos\\\/37-anos-del-volkswagen-gacel\\\/\"]}]},{\"@type\":\"BreadcrumbList\",\"@id\":\"http:\\\/\\\/autosdelpodio.com\\\/autos\\\/37-anos-del-volkswagen-gacel\\\/#breadcrumb\",\"itemListElement\":[{\"@type\":\"ListItem\",\"position\":1,\"name\":\"Portada\",\"item\":\"http:\\\/\\\/autosdelpodio.com\\\/autos\\\/\"},{\"@type\":\"ListItem\",\"position\":2,\"name\":\"37 a\u00f1os del Volkswagen Gacel\"}]},{\"@type\":\"WebSite\",\"@id\":\"http:\\\/\\\/autosdelpodio.com\\\/autos\\\/#website\",\"url\":\"http:\\\/\\\/autosdelpodio.com\\\/autos\\\/\",\"name\":\"Autos del Podio\",\"description\":\"La sexta del deporte motor\",\"publisher\":{\"@id\":\"http:\\\/\\\/autosdelpodio.com\\\/autos\\\/#organization\"},\"potentialAction\":[{\"@type\":\"SearchAction\",\"target\":{\"@type\":\"EntryPoint\",\"urlTemplate\":\"http:\\\/\\\/autosdelpodio.com\\\/autos\\\/?s={search_term_string}\"},\"query-input\":{\"@type\":\"PropertyValueSpecification\",\"valueRequired\":true,\"valueName\":\"search_term_string\"}}],\"inLanguage\":\"es\"},{\"@type\":\"Organization\",\"@id\":\"http:\\\/\\\/autosdelpodio.com\\\/autos\\\/#organization\",\"name\":\"Autos del Podio\",\"url\":\"http:\\\/\\\/autosdelpodio.com\\\/autos\\\/\",\"logo\":{\"@type\":\"ImageObject\",\"inLanguage\":\"es\",\"@id\":\"http:\\\/\\\/autosdelpodio.com\\\/autos\\\/#\\\/schema\\\/logo\\\/image\\\/\",\"url\":\"http:\\\/\\\/autosdelpodio.com\\\/autos\\\/wp-content\\\/uploads\\\/2020\\\/08\\\/Logo_AR.jpg\",\"contentUrl\":\"http:\\\/\\\/autosdelpodio.com\\\/autos\\\/wp-content\\\/uploads\\\/2020\\\/08\\\/Logo_AR.jpg\",\"width\":1038,\"height\":1044,\"caption\":\"Autos del Podio\"},\"image\":{\"@id\":\"http:\\\/\\\/autosdelpodio.com\\\/autos\\\/#\\\/schema\\\/logo\\\/image\\\/\"},\"sameAs\":[\"https:\\\/\\\/www.facebook.com\\\/profile.php?id=100057192590976&amp;amp;amp;amp;amp;amp;amp;amp;amp;amp;amp;amp;amp;amp;amp;amp;amp;amp;ref=ts\",\"https:\\\/\\\/x.com\\\/autosdelpodio\",\"https:\\\/\\\/www.youtube.com\\\/user\\\/AutosdelPodio\"]},{\"@type\":\"Person\",\"@id\":\"http:\\\/\\\/autosdelpodio.com\\\/autos\\\/#\\\/schema\\\/person\\\/993527a4d01c3acdd3d6bce3770bc942\",\"name\":\"autosdelpodio\",\"image\":{\"@type\":\"ImageObject\",\"inLanguage\":\"es\",\"@id\":\"http:\\\/\\\/autosdelpodio.com\\\/autos\\\/wp-content\\\/litespeed\\\/avatar\\\/aa8f65cd201a80f6b844f63278aa84af.jpg?ver=1777403005\",\"url\":\"http:\\\/\\\/autosdelpodio.com\\\/autos\\\/wp-content\\\/litespeed\\\/avatar\\\/aa8f65cd201a80f6b844f63278aa84af.jpg?ver=1777403005\",\"contentUrl\":\"http:\\\/\\\/autosdelpodio.com\\\/autos\\\/wp-content\\\/litespeed\\\/avatar\\\/aa8f65cd201a80f6b844f63278aa84af.jpg?ver=1777403005\",\"caption\":\"autosdelpodio\"}}]}<\/script>\n<!-- \/ Yoast SEO plugin. -->","yoast_head_json":{"title":"Autos del Podio | 37 a\u00f1os del Volkswagen Gacel","description":"Autos del Podio La l\u00ednea Volkswagen Gacel\/Senda se fabric\u00f3 hasta 1996","robots":{"index":"index","follow":"follow","max-snippet":"max-snippet:-1","max-image-preview":"max-image-preview:large","max-video-preview":"max-video-preview:-1"},"canonical":"http:\/\/autosdelpodio.com\/autos\/37-anos-del-volkswagen-gacel\/","og_locale":"es_ES","og_type":"article","og_title":"Autos del Podio | 37 a\u00f1os del Volkswagen Gacel","og_description":"Autos del Podio La l\u00ednea Volkswagen Gacel\/Senda se fabric\u00f3 hasta 1996","og_url":"http:\/\/autosdelpodio.com\/autos\/37-anos-del-volkswagen-gacel\/","og_site_name":"Autos del Podio","article_publisher":"https:\/\/www.facebook.com\/profile.php?id=100057192590976&amp%3bamp%3bamp%3bamp%3bamp%3bamp%3bamp%3bamp%3bamp%3bamp%3bamp%3bamp%3bamp%3bamp%3bamp%3bamp%3bamp%3bamp%3bref=ts","article_published_time":"2020-09-29T23:31:38+00:00","article_modified_time":"2020-09-29T23:38:11+00:00","author":"autosdelpodio","twitter_card":"summary_large_image","twitter_creator":"@autosdelpodio","twitter_site":"@autosdelpodio","twitter_misc":{"Escrito por":"autosdelpodio","Tiempo de lectura":"1 minuto"},"schema":{"@context":"https:\/\/schema.org","@graph":[{"@type":"Article","@id":"http:\/\/autosdelpodio.com\/autos\/37-anos-del-volkswagen-gacel\/#article","isPartOf":{"@id":"http:\/\/autosdelpodio.com\/autos\/37-anos-del-volkswagen-gacel\/"},"author":{"name":"autosdelpodio","@id":"http:\/\/autosdelpodio.com\/autos\/#\/schema\/person\/993527a4d01c3acdd3d6bce3770bc942"},"headline":"37 a\u00f1os del Volkswagen Gacel","datePublished":"2020-09-29T23:31:38+00:00","dateModified":"2020-09-29T23:38:11+00:00","mainEntityOfPage":{"@id":"http:\/\/autosdelpodio.com\/autos\/37-anos-del-volkswagen-gacel\/"},"wordCount":176,"commentCount":0,"publisher":{"@id":"http:\/\/autosdelpodio.com\/autos\/#organization"},"keywords":["Industria Automotriz","Republica Argentina","Volkswagen","VW Gacel"],"articleSection":["Efem\u00e9rides"],"inLanguage":"es","potentialAction":[{"@type":"CommentAction","name":"Comment","target":["http:\/\/autosdelpodio.com\/autos\/37-anos-del-volkswagen-gacel\/#respond"]}]},{"@type":"WebPage","@id":"http:\/\/autosdelpodio.com\/autos\/37-anos-del-volkswagen-gacel\/","url":"http:\/\/autosdelpodio.com\/autos\/37-anos-del-volkswagen-gacel\/","name":"Autos del Podio | 37 a\u00f1os del Volkswagen Gacel","isPartOf":{"@id":"http:\/\/autosdelpodio.com\/autos\/#website"},"datePublished":"2020-09-29T23:31:38+00:00","dateModified":"2020-09-29T23:38:11+00:00","description":"Autos del Podio La l\u00ednea Volkswagen Gacel\/Senda se fabric\u00f3 hasta 1996","breadcrumb":{"@id":"http:\/\/autosdelpodio.com\/autos\/37-anos-del-volkswagen-gacel\/#breadcrumb"},"inLanguage":"es","potentialAction":[{"@type":"ReadAction","target":["http:\/\/autosdelpodio.com\/autos\/37-anos-del-volkswagen-gacel\/"]}]},{"@type":"BreadcrumbList","@id":"http:\/\/autosdelpodio.com\/autos\/37-anos-del-volkswagen-gacel\/#breadcrumb","itemListElement":[{"@type":"ListItem","position":1,"name":"Portada","item":"http:\/\/autosdelpodio.com\/autos\/"},{"@type":"ListItem","position":2,"name":"37 a\u00f1os del Volkswagen Gacel"}]},{"@type":"WebSite","@id":"http:\/\/autosdelpodio.com\/autos\/#website","url":"http:\/\/autosdelpodio.com\/autos\/","name":"Autos del Podio","description":"La sexta del deporte motor","publisher":{"@id":"http:\/\/autosdelpodio.com\/autos\/#organization"},"potentialAction":[{"@type":"SearchAction","target":{"@type":"EntryPoint","urlTemplate":"http:\/\/autosdelpodio.com\/autos\/?s={search_term_string}"},"query-input":{"@type":"PropertyValueSpecification","valueRequired":true,"valueName":"search_term_string"}}],"inLanguage":"es"},{"@type":"Organization","@id":"http:\/\/autosdelpodio.com\/autos\/#organization","name":"Autos del Podio","url":"http:\/\/autosdelpodio.com\/autos\/","logo":{"@type":"ImageObject","inLanguage":"es","@id":"http:\/\/autosdelpodio.com\/autos\/#\/schema\/logo\/image\/","url":"http:\/\/autosdelpodio.com\/autos\/wp-content\/uploads\/2020\/08\/Logo_AR.jpg","contentUrl":"http:\/\/autosdelpodio.com\/autos\/wp-content\/uploads\/2020\/08\/Logo_AR.jpg","width":1038,"height":1044,"caption":"Autos del Podio"},"image":{"@id":"http:\/\/autosdelpodio.com\/autos\/#\/schema\/logo\/image\/"},"sameAs":["https:\/\/www.facebook.com\/profile.php?id=100057192590976&amp;amp;amp;amp;amp;amp;amp;amp;amp;amp;amp;amp;amp;amp;amp;amp;amp;amp;ref=ts","https:\/\/x.com\/autosdelpodio","https:\/\/www.youtube.com\/user\/AutosdelPodio"]},{"@type":"Person","@id":"http:\/\/autosdelpodio.com\/autos\/#\/schema\/person\/993527a4d01c3acdd3d6bce3770bc942","name":"autosdelpodio","image":{"@type":"ImageObject","inLanguage":"es","@id":"http:\/\/autosdelpodio.com\/autos\/wp-content\/litespeed\/avatar\/aa8f65cd201a80f6b844f63278aa84af.jpg?ver=1777403005","url":"http:\/\/autosdelpodio.com\/autos\/wp-content\/litespeed\/avatar\/aa8f65cd201a80f6b844f63278aa84af.jpg?ver=1777403005","contentUrl":"http:\/\/autosdelpodio.com\/autos\/wp-content\/litespeed\/avatar\/aa8f65cd201a80f6b844f63278aa84af.jpg?ver=1777403005","caption":"autosdelpodio"}}]}},"views":958,"_links":{"self":[{"href":"http:\/\/autosdelpodio.com\/autos\/wp-json\/wp\/v2\/posts\/2734","targetHints":{"allow":["GET"]}}],"collection":[{"href":"http:\/\/autosdelpodio.com\/autos\/wp-json\/wp\/v2\/posts"}],"about":[{"href":"http:\/\/autosdelpodio.com\/autos\/wp-json\/wp\/v2\/types\/post"}],"author":[{"embeddable":true,"href":"http:\/\/autosdelpodio.com\/autos\/wp-json\/wp\/v2\/users\/3"}],"replies":[{"embeddable":true,"href":"http:\/\/autosdelpodio.com\/autos\/wp-json\/wp\/v2\/comments?post=2734"}],"version-history":[{"count":2,"href":"http:\/\/autosdelpodio.com\/autos\/wp-json\/wp\/v2\/posts\/2734\/revisions"}],"predecessor-version":[{"id":2736,"href":"http:\/\/autosdelpodio.com\/autos\/wp-json\/wp\/v2\/posts\/2734\/revisions\/2736"}],"wp:attachment":[{"href":"http:\/\/autosdelpodio.com\/autos\/wp-json\/wp\/v2\/media?parent=2734"}],"wp:term":[{"taxonomy":"category","embeddable":true,"href":"http:\/\/autosdelpodio.com\/autos\/wp-json\/wp\/v2\/categories?post=2734"},{"taxonomy":"post_tag","embeddable":true,"href":"http:\/\/autosdelpodio.com\/autos\/wp-json\/wp\/v2\/tags?post=2734"}],"curies":[{"name":"wp","href":"https:\/\/api.w.org\/{rel}","templated":true}]}}