{"id":2746,"date":"2020-10-01T13:05:51","date_gmt":"2020-10-01T16:05:51","guid":{"rendered":"http:\/\/autosdelpodio.com\/autos\/?p=2746"},"modified":"2020-10-01T13:19:12","modified_gmt":"2020-10-01T16:19:12","slug":"la-historia-del-peugeot-505-en-el-pais-segunda-parte","status":"publish","type":"post","link":"http:\/\/autosdelpodio.com\/autos\/la-historia-del-peugeot-505-en-el-pais-segunda-parte\/","title":{"rendered":"La historia del Peugeot 505 en el pa\u00eds \u2013 Segunda parte"},"content":{"rendered":"\n<p>A fines de 1985 se present\u00f3 la serie \u201cSal\u00f3n 86\u201d. En esta nueva generaci\u00f3n el Peugeot 505 fue sometido a un profundo restyling. En el dise\u00f1o exterior fueron modificados los paragolpes traseros y delanteros que adquirieron un aspecto m\u00e1s robusto y envolvente. El delantero sum\u00f3 un deflector integrado. La cola adopt\u00f3 un conjunto \u00f3ptico de mayor tama\u00f1o y nuevo reparto de funciones. Adem\u00e1s, se redise\u00f1\u00f3 la placa portapatente. Nuevas espejos laterales, nuevas llantas, tazas y molduras laterales completaron la actualizaci\u00f3n.<br>En el habit\u00e1culo se renov\u00f3 por completo. El panel de instrumentos adquiri\u00f3 un aspecto envolvente de mayor volumen y se remplaz\u00f3 el volante por dos nuevos dise\u00f1os. Fueron redise\u00f1ados los asientos y los tapizados y<br>La gama 86 estaba disponible en 12 versiones donde se destacaba la incorporaci\u00f3n del 505 Familiar y la opci\u00f3n SRD Turbo.<br>El 505 Familiar se ofrec\u00eda con motorizaci\u00f3n naftera y di\u00e9sel y se caracterizaba por su amplio habit\u00e1culo y sus tres filas de asientos con capacidad para 8 pasajeros.<br>Por su parte, el nuevo SRD Turbo montaba el motor XDR3-T turbo-di\u00e9sel de 2498 cc y 95 cv (DIN) a 4150 rpm. Con un nivel de equipamiento y terminaci\u00f3n similar al SR Injection, el 505 SRD se destacaba por las prestaciones del propulsor que le permit\u00edan alcanzar una velocidad m\u00e1xima de 167 km\/h.<br>Adem\u00e1s de las muy buenas prestaciones y econom\u00eda de esta versi\u00f3n di\u00e9sel y de lujo, la gran novedad que introdujo el SRD Turbo fue la suspensi\u00f3n trasera independiente, soluci\u00f3n no disponible en las versiones nafteras. El tren trasero completo se importaba de Francia y se montaba en la planta de SEVEL en Uruguay.<br>En los a\u00f1os 90, la llegada del Peugeot 405 como nuevo auto insignia del le\u00f3n, reposicion\u00f3 al 505 como un auto intermedio entre el 504 y el reci\u00e9n llegado. En 1992 SEVEL present\u00f3 un leve restyling que incorpor\u00f3 nueva parrilla de barras horizontales, nuevos paragolpes y redise\u00f1o de los faros traseros como \u00edtems principales. Se lanz\u00f3 una nueva versi\u00f3n de entrada de gama denominada ST. La l\u00ednea se completaba con las versiones SR, en carrocer\u00eda berlina y familiar, y SR Injection, tiempo despu\u00e9s remplazada por el modelo STI, equipada con el motor Douvrin EZJL 2.2 de 130 hp. Las versiones SR y SRD introdujeron detalles ornamentales como nuevos faldones y z\u00f3calos, suspensi\u00f3n independiente y frenos a disco en las cuatro ruedas.<br>En 1995 salieron de la planta de El Palomar las \u00faltimas unidades. En total, se fabricaron 84.276 unidades de las versiones nafteras y 7644 de las di\u00e9sel.<br><strong>\u00daltimo restyling<\/strong><br>En 1992 en se realiza una reformulaci\u00f3n de la gama en Argentina que incluye un restyling de las \u00f3pticas traseras, bicolor, y el fondo de patente, la grilla es reemplazada por una de fajas estilo 405 e inclinada igual que las nuevas \u00f3pticas. El interior recibe un redise\u00f1o de los paneles de contrapuertas adoptando unos monoblock termoformados. Con esta presentaci\u00f3n es lanzado un nuevo modelo de entrada de gama: el ST. Los SR, berlina y Grand Tour (Familiale) adoptan los faldones y z\u00f3calos del \u00faltimo modelo comercializado en USA. y el SR injection es reemplazado por el STI. este \u00faltimo incorpora y la motorizaci\u00f3n anteriormente utilizada en Europa por el GTI. SRI y SR Turbo Diesel est\u00e1n equipados con el tren trasero de suspensi\u00f3n independiente importado y frenos a disco en las 4 ruedas, ambos montan el bequet de baul de anteriores modelos pero opcionalmente ofrecen un aleron trasero (El de V6 S franc\u00e9s).<br>Fuente: <a href=\"http:\/\/pepopolis.blogspot.com\/2015\/08\/505-toda-su-historia-09-199095-el-adios.html\" target=\"_blank\" rel=\"noreferrer noopener\">http:\/\/pepopolis.blogspot.com\/2015\/08\/505-toda-su-historia-09-199095-el-adios.html<\/a><br>Auto mundial: Francia, Espa\u00f1a (Vigo), Chile, Egipto, Argentina, Nueva Zelanda o, incluso, China e India ensamblaron unidades de este modelo.<br>Hasta 1995<br>SR; ST, SRF Familiar y Sri<br>SRD y SRF Familiar Diesel<\/p>\n\n\n\n<p>Por Gustavo Feder<\/p>\n\n\n\n<p><strong><em><a href=\"http:\/\/autosdelpodio.com\/autos\/la-historia-del-peugeot-505-en-el-pais-primera-parte\/\" target=\"_blank\" rel=\"noreferrer noopener\">Ver Primera Parte &#8211; Peugeot 505<\/a><\/em><\/strong><\/p>\n","protected":false},"excerpt":{"rendered":"<p>A fines de 1985 se present\u00f3 la serie \u201cSal\u00f3n 86\u201d. En esta nueva generaci\u00f3n el Peugeot 505 fue sometido a<\/p>\n","protected":false},"author":3,"featured_media":2753,"comment_status":"open","ping_status":"open","sticky":false,"template":"","format":"standard","meta":{"colormag_page_container_layout":"default_layout","colormag_page_sidebar_layout":"default_layout","footnotes":""},"categories":[21],"tags":[32,357,208,35],"class_list":["post-2746","post","type-post","status-publish","format-standard","has-post-thumbnail","hentry","category-autos-eternos","tag-industria-automotriz","tag-peugeot-505","tag-produccion","tag-republica-argentina"],"yoast_head":"<!-- This site is optimized with the Yoast SEO plugin v27.5 - https:\/\/yoast.com\/product\/yoast-seo-wordpress\/ -->\n<title>Autos del Podio | La historia del Peugeot 505 en el pa\u00eds \u2013 Segunda parte<\/title>\n<meta name=\"description\" content=\"Autos del Podio El 505 Familiar se ofrec\u00eda con motorizaci\u00f3n naftera y di\u00e9sel y se caracterizaba por su amplio habit\u00e1culo y sus tres filas de asientos con capacidad para 8 pasajeros.\" \/>\n<meta name=\"robots\" content=\"index, follow, max-snippet:-1, max-image-preview:large, max-video-preview:-1\" \/>\n<link rel=\"canonical\" href=\"https:\/\/autosdelpodio.com\/autos\/la-historia-del-peugeot-505-en-el-pais-segunda-parte\/\" \/>\n<meta property=\"og:locale\" content=\"es_ES\" \/>\n<meta property=\"og:type\" content=\"article\" \/>\n<meta property=\"og:title\" content=\"Autos del Podio | La historia del Peugeot 505 en el pa\u00eds \u2013 Segunda parte\" \/>\n<meta property=\"og:description\" content=\"Autos del Podio El 505 Familiar se ofrec\u00eda con motorizaci\u00f3n naftera y di\u00e9sel y se caracterizaba por su amplio habit\u00e1culo y sus tres filas de asientos con capacidad para 8 pasajeros.\" \/>\n<meta property=\"og:url\" content=\"https:\/\/autosdelpodio.com\/autos\/la-historia-del-peugeot-505-en-el-pais-segunda-parte\/\" \/>\n<meta property=\"og:site_name\" content=\"Autos del Podio\" \/>\n<meta property=\"article:publisher\" content=\"https:\/\/www.facebook.com\/profile.php?id=100057192590976&amp;amp%3bamp%3bamp%3bamp%3bamp%3bamp%3bamp%3bamp%3bamp%3bamp%3bamp%3bamp%3bamp%3bamp%3bamp%3bamp%3bamp%3bamp%3bref=ts\" \/>\n<meta property=\"article:published_time\" content=\"2020-10-01T16:05:51+00:00\" \/>\n<meta property=\"article:modified_time\" content=\"2020-10-01T16:19:12+00:00\" \/>\n<meta property=\"og:image\" content=\"https:\/\/autosdelpodio.com\/autos\/wp-content\/uploads\/2020\/10\/Familiar.jpg\" \/>\n\t<meta property=\"og:image:width\" content=\"1200\" \/>\n\t<meta property=\"og:image:height\" content=\"924\" \/>\n\t<meta property=\"og:image:type\" content=\"image\/jpeg\" \/>\n<meta name=\"author\" content=\"autosdelpodio\" \/>\n<meta name=\"twitter:card\" content=\"summary_large_image\" \/>\n<meta name=\"twitter:creator\" content=\"@autosdelpodio\" \/>\n<meta name=\"twitter:site\" content=\"@autosdelpodio\" \/>\n<meta name=\"twitter:label1\" content=\"Escrito por\" \/>\n\t<meta name=\"twitter:data1\" content=\"autosdelpodio\" \/>\n\t<meta name=\"twitter:label2\" content=\"Tiempo de lectura\" \/>\n\t<meta name=\"twitter:data2\" content=\"3 minutos\" \/>\n<script type=\"application\/ld+json\" class=\"yoast-schema-graph\">{\"@context\":\"https:\\\/\\\/schema.org\",\"@graph\":[{\"@type\":\"Article\",\"@id\":\"https:\\\/\\\/autosdelpodio.com\\\/autos\\\/la-historia-del-peugeot-505-en-el-pais-segunda-parte\\\/#article\",\"isPartOf\":{\"@id\":\"https:\\\/\\\/autosdelpodio.com\\\/autos\\\/la-historia-del-peugeot-505-en-el-pais-segunda-parte\\\/\"},\"author\":{\"name\":\"autosdelpodio\",\"@id\":\"http:\\\/\\\/autosdelpodio.com\\\/autos\\\/#\\\/schema\\\/person\\\/993527a4d01c3acdd3d6bce3770bc942\"},\"headline\":\"La historia del Peugeot 505 en el pa\u00eds \u2013 Segunda parte\",\"datePublished\":\"2020-10-01T16:05:51+00:00\",\"dateModified\":\"2020-10-01T16:19:12+00:00\",\"mainEntityOfPage\":{\"@id\":\"https:\\\/\\\/autosdelpodio.com\\\/autos\\\/la-historia-del-peugeot-505-en-el-pais-segunda-parte\\\/\"},\"wordCount\":653,\"commentCount\":1,\"publisher\":{\"@id\":\"http:\\\/\\\/autosdelpodio.com\\\/autos\\\/#organization\"},\"image\":{\"@id\":\"https:\\\/\\\/autosdelpodio.com\\\/autos\\\/la-historia-del-peugeot-505-en-el-pais-segunda-parte\\\/#primaryimage\"},\"thumbnailUrl\":\"http:\\\/\\\/autosdelpodio.com\\\/autos\\\/wp-content\\\/uploads\\\/2020\\\/10\\\/Familiar.jpg\",\"keywords\":[\"Industria Automotriz\",\"Peugeot 505\",\"Producci\u00f3n\",\"Republica Argentina\"],\"articleSection\":[\"Autos Eternos\"],\"inLanguage\":\"es\",\"potentialAction\":[{\"@type\":\"CommentAction\",\"name\":\"Comment\",\"target\":[\"https:\\\/\\\/autosdelpodio.com\\\/autos\\\/la-historia-del-peugeot-505-en-el-pais-segunda-parte\\\/#respond\"]}]},{\"@type\":\"WebPage\",\"@id\":\"https:\\\/\\\/autosdelpodio.com\\\/autos\\\/la-historia-del-peugeot-505-en-el-pais-segunda-parte\\\/\",\"url\":\"https:\\\/\\\/autosdelpodio.com\\\/autos\\\/la-historia-del-peugeot-505-en-el-pais-segunda-parte\\\/\",\"name\":\"Autos del Podio | La historia del Peugeot 505 en el pa\u00eds \u2013 Segunda parte\",\"isPartOf\":{\"@id\":\"http:\\\/\\\/autosdelpodio.com\\\/autos\\\/#website\"},\"primaryImageOfPage\":{\"@id\":\"https:\\\/\\\/autosdelpodio.com\\\/autos\\\/la-historia-del-peugeot-505-en-el-pais-segunda-parte\\\/#primaryimage\"},\"image\":{\"@id\":\"https:\\\/\\\/autosdelpodio.com\\\/autos\\\/la-historia-del-peugeot-505-en-el-pais-segunda-parte\\\/#primaryimage\"},\"thumbnailUrl\":\"http:\\\/\\\/autosdelpodio.com\\\/autos\\\/wp-content\\\/uploads\\\/2020\\\/10\\\/Familiar.jpg\",\"datePublished\":\"2020-10-01T16:05:51+00:00\",\"dateModified\":\"2020-10-01T16:19:12+00:00\",\"description\":\"Autos del Podio El 505 Familiar se ofrec\u00eda con motorizaci\u00f3n naftera y di\u00e9sel y se caracterizaba por su amplio habit\u00e1culo y sus tres filas de asientos con capacidad para 8 pasajeros.\",\"breadcrumb\":{\"@id\":\"https:\\\/\\\/autosdelpodio.com\\\/autos\\\/la-historia-del-peugeot-505-en-el-pais-segunda-parte\\\/#breadcrumb\"},\"inLanguage\":\"es\",\"potentialAction\":[{\"@type\":\"ReadAction\",\"target\":[\"https:\\\/\\\/autosdelpodio.com\\\/autos\\\/la-historia-del-peugeot-505-en-el-pais-segunda-parte\\\/\"]}]},{\"@type\":\"ImageObject\",\"inLanguage\":\"es\",\"@id\":\"https:\\\/\\\/autosdelpodio.com\\\/autos\\\/la-historia-del-peugeot-505-en-el-pais-segunda-parte\\\/#primaryimage\",\"url\":\"http:\\\/\\\/autosdelpodio.com\\\/autos\\\/wp-content\\\/uploads\\\/2020\\\/10\\\/Familiar.jpg\",\"contentUrl\":\"http:\\\/\\\/autosdelpodio.com\\\/autos\\\/wp-content\\\/uploads\\\/2020\\\/10\\\/Familiar.jpg\",\"width\":1200,\"height\":924},{\"@type\":\"BreadcrumbList\",\"@id\":\"https:\\\/\\\/autosdelpodio.com\\\/autos\\\/la-historia-del-peugeot-505-en-el-pais-segunda-parte\\\/#breadcrumb\",\"itemListElement\":[{\"@type\":\"ListItem\",\"position\":1,\"name\":\"Portada\",\"item\":\"http:\\\/\\\/autosdelpodio.com\\\/autos\\\/\"},{\"@type\":\"ListItem\",\"position\":2,\"name\":\"La historia del Peugeot 505 en el pa\u00eds \u2013 Segunda parte\"}]},{\"@type\":\"WebSite\",\"@id\":\"http:\\\/\\\/autosdelpodio.com\\\/autos\\\/#website\",\"url\":\"http:\\\/\\\/autosdelpodio.com\\\/autos\\\/\",\"name\":\"Autos del Podio\",\"description\":\"La sexta del deporte motor\",\"publisher\":{\"@id\":\"http:\\\/\\\/autosdelpodio.com\\\/autos\\\/#organization\"},\"potentialAction\":[{\"@type\":\"SearchAction\",\"target\":{\"@type\":\"EntryPoint\",\"urlTemplate\":\"http:\\\/\\\/autosdelpodio.com\\\/autos\\\/?s={search_term_string}\"},\"query-input\":{\"@type\":\"PropertyValueSpecification\",\"valueRequired\":true,\"valueName\":\"search_term_string\"}}],\"inLanguage\":\"es\"},{\"@type\":\"Organization\",\"@id\":\"http:\\\/\\\/autosdelpodio.com\\\/autos\\\/#organization\",\"name\":\"Autos del Podio\",\"url\":\"http:\\\/\\\/autosdelpodio.com\\\/autos\\\/\",\"logo\":{\"@type\":\"ImageObject\",\"inLanguage\":\"es\",\"@id\":\"http:\\\/\\\/autosdelpodio.com\\\/autos\\\/#\\\/schema\\\/logo\\\/image\\\/\",\"url\":\"http:\\\/\\\/autosdelpodio.com\\\/autos\\\/wp-content\\\/uploads\\\/2020\\\/08\\\/Logo_AR.jpg\",\"contentUrl\":\"http:\\\/\\\/autosdelpodio.com\\\/autos\\\/wp-content\\\/uploads\\\/2020\\\/08\\\/Logo_AR.jpg\",\"width\":1038,\"height\":1044,\"caption\":\"Autos del Podio\"},\"image\":{\"@id\":\"http:\\\/\\\/autosdelpodio.com\\\/autos\\\/#\\\/schema\\\/logo\\\/image\\\/\"},\"sameAs\":[\"https:\\\/\\\/www.facebook.com\\\/profile.php?id=100057192590976&amp;amp;amp;amp;amp;amp;amp;amp;amp;amp;amp;amp;amp;amp;amp;amp;amp;amp;ref=ts\",\"https:\\\/\\\/x.com\\\/autosdelpodio\",\"https:\\\/\\\/www.youtube.com\\\/user\\\/AutosdelPodio\"]},{\"@type\":\"Person\",\"@id\":\"http:\\\/\\\/autosdelpodio.com\\\/autos\\\/#\\\/schema\\\/person\\\/993527a4d01c3acdd3d6bce3770bc942\",\"name\":\"autosdelpodio\",\"image\":{\"@type\":\"ImageObject\",\"inLanguage\":\"es\",\"@id\":\"http:\\\/\\\/autosdelpodio.com\\\/autos\\\/wp-content\\\/litespeed\\\/avatar\\\/aa8f65cd201a80f6b844f63278aa84af.jpg?ver=1777403005\",\"url\":\"http:\\\/\\\/autosdelpodio.com\\\/autos\\\/wp-content\\\/litespeed\\\/avatar\\\/aa8f65cd201a80f6b844f63278aa84af.jpg?ver=1777403005\",\"contentUrl\":\"http:\\\/\\\/autosdelpodio.com\\\/autos\\\/wp-content\\\/litespeed\\\/avatar\\\/aa8f65cd201a80f6b844f63278aa84af.jpg?ver=1777403005\",\"caption\":\"autosdelpodio\"}}]}<\/script>\n<!-- \/ Yoast SEO plugin. -->","yoast_head_json":{"title":"Autos del Podio | La historia del Peugeot 505 en el pa\u00eds \u2013 Segunda parte","description":"Autos del Podio El 505 Familiar se ofrec\u00eda con motorizaci\u00f3n naftera y di\u00e9sel y se caracterizaba por su amplio habit\u00e1culo y sus tres filas de asientos con capacidad para 8 pasajeros.","robots":{"index":"index","follow":"follow","max-snippet":"max-snippet:-1","max-image-preview":"max-image-preview:large","max-video-preview":"max-video-preview:-1"},"canonical":"https:\/\/autosdelpodio.com\/autos\/la-historia-del-peugeot-505-en-el-pais-segunda-parte\/","og_locale":"es_ES","og_type":"article","og_title":"Autos del Podio | La historia del Peugeot 505 en el pa\u00eds \u2013 Segunda parte","og_description":"Autos del Podio El 505 Familiar se ofrec\u00eda con motorizaci\u00f3n naftera y di\u00e9sel y se caracterizaba por su amplio habit\u00e1culo y sus tres filas de asientos con capacidad para 8 pasajeros.","og_url":"https:\/\/autosdelpodio.com\/autos\/la-historia-del-peugeot-505-en-el-pais-segunda-parte\/","og_site_name":"Autos del Podio","article_publisher":"https:\/\/www.facebook.com\/profile.php?id=100057192590976&amp%3bamp%3bamp%3bamp%3bamp%3bamp%3bamp%3bamp%3bamp%3bamp%3bamp%3bamp%3bamp%3bamp%3bamp%3bamp%3bamp%3bamp%3bref=ts","article_published_time":"2020-10-01T16:05:51+00:00","article_modified_time":"2020-10-01T16:19:12+00:00","og_image":[{"width":1200,"height":924,"url":"https:\/\/autosdelpodio.com\/autos\/wp-content\/uploads\/2020\/10\/Familiar.jpg","type":"image\/jpeg"}],"author":"autosdelpodio","twitter_card":"summary_large_image","twitter_creator":"@autosdelpodio","twitter_site":"@autosdelpodio","twitter_misc":{"Escrito por":"autosdelpodio","Tiempo de lectura":"3 minutos"},"schema":{"@context":"https:\/\/schema.org","@graph":[{"@type":"Article","@id":"https:\/\/autosdelpodio.com\/autos\/la-historia-del-peugeot-505-en-el-pais-segunda-parte\/#article","isPartOf":{"@id":"https:\/\/autosdelpodio.com\/autos\/la-historia-del-peugeot-505-en-el-pais-segunda-parte\/"},"author":{"name":"autosdelpodio","@id":"http:\/\/autosdelpodio.com\/autos\/#\/schema\/person\/993527a4d01c3acdd3d6bce3770bc942"},"headline":"La historia del Peugeot 505 en el pa\u00eds \u2013 Segunda parte","datePublished":"2020-10-01T16:05:51+00:00","dateModified":"2020-10-01T16:19:12+00:00","mainEntityOfPage":{"@id":"https:\/\/autosdelpodio.com\/autos\/la-historia-del-peugeot-505-en-el-pais-segunda-parte\/"},"wordCount":653,"commentCount":1,"publisher":{"@id":"http:\/\/autosdelpodio.com\/autos\/#organization"},"image":{"@id":"https:\/\/autosdelpodio.com\/autos\/la-historia-del-peugeot-505-en-el-pais-segunda-parte\/#primaryimage"},"thumbnailUrl":"http:\/\/autosdelpodio.com\/autos\/wp-content\/uploads\/2020\/10\/Familiar.jpg","keywords":["Industria Automotriz","Peugeot 505","Producci\u00f3n","Republica Argentina"],"articleSection":["Autos Eternos"],"inLanguage":"es","potentialAction":[{"@type":"CommentAction","name":"Comment","target":["https:\/\/autosdelpodio.com\/autos\/la-historia-del-peugeot-505-en-el-pais-segunda-parte\/#respond"]}]},{"@type":"WebPage","@id":"https:\/\/autosdelpodio.com\/autos\/la-historia-del-peugeot-505-en-el-pais-segunda-parte\/","url":"https:\/\/autosdelpodio.com\/autos\/la-historia-del-peugeot-505-en-el-pais-segunda-parte\/","name":"Autos del Podio | La historia del Peugeot 505 en el pa\u00eds \u2013 Segunda parte","isPartOf":{"@id":"http:\/\/autosdelpodio.com\/autos\/#website"},"primaryImageOfPage":{"@id":"https:\/\/autosdelpodio.com\/autos\/la-historia-del-peugeot-505-en-el-pais-segunda-parte\/#primaryimage"},"image":{"@id":"https:\/\/autosdelpodio.com\/autos\/la-historia-del-peugeot-505-en-el-pais-segunda-parte\/#primaryimage"},"thumbnailUrl":"http:\/\/autosdelpodio.com\/autos\/wp-content\/uploads\/2020\/10\/Familiar.jpg","datePublished":"2020-10-01T16:05:51+00:00","dateModified":"2020-10-01T16:19:12+00:00","description":"Autos del Podio El 505 Familiar se ofrec\u00eda con motorizaci\u00f3n naftera y di\u00e9sel y se caracterizaba por su amplio habit\u00e1culo y sus tres filas de asientos con capacidad para 8 pasajeros.","breadcrumb":{"@id":"https:\/\/autosdelpodio.com\/autos\/la-historia-del-peugeot-505-en-el-pais-segunda-parte\/#breadcrumb"},"inLanguage":"es","potentialAction":[{"@type":"ReadAction","target":["https:\/\/autosdelpodio.com\/autos\/la-historia-del-peugeot-505-en-el-pais-segunda-parte\/"]}]},{"@type":"ImageObject","inLanguage":"es","@id":"https:\/\/autosdelpodio.com\/autos\/la-historia-del-peugeot-505-en-el-pais-segunda-parte\/#primaryimage","url":"http:\/\/autosdelpodio.com\/autos\/wp-content\/uploads\/2020\/10\/Familiar.jpg","contentUrl":"http:\/\/autosdelpodio.com\/autos\/wp-content\/uploads\/2020\/10\/Familiar.jpg","width":1200,"height":924},{"@type":"BreadcrumbList","@id":"https:\/\/autosdelpodio.com\/autos\/la-historia-del-peugeot-505-en-el-pais-segunda-parte\/#breadcrumb","itemListElement":[{"@type":"ListItem","position":1,"name":"Portada","item":"http:\/\/autosdelpodio.com\/autos\/"},{"@type":"ListItem","position":2,"name":"La historia del Peugeot 505 en el pa\u00eds \u2013 Segunda parte"}]},{"@type":"WebSite","@id":"http:\/\/autosdelpodio.com\/autos\/#website","url":"http:\/\/autosdelpodio.com\/autos\/","name":"Autos del Podio","description":"La sexta del deporte motor","publisher":{"@id":"http:\/\/autosdelpodio.com\/autos\/#organization"},"potentialAction":[{"@type":"SearchAction","target":{"@type":"EntryPoint","urlTemplate":"http:\/\/autosdelpodio.com\/autos\/?s={search_term_string}"},"query-input":{"@type":"PropertyValueSpecification","valueRequired":true,"valueName":"search_term_string"}}],"inLanguage":"es"},{"@type":"Organization","@id":"http:\/\/autosdelpodio.com\/autos\/#organization","name":"Autos del Podio","url":"http:\/\/autosdelpodio.com\/autos\/","logo":{"@type":"ImageObject","inLanguage":"es","@id":"http:\/\/autosdelpodio.com\/autos\/#\/schema\/logo\/image\/","url":"http:\/\/autosdelpodio.com\/autos\/wp-content\/uploads\/2020\/08\/Logo_AR.jpg","contentUrl":"http:\/\/autosdelpodio.com\/autos\/wp-content\/uploads\/2020\/08\/Logo_AR.jpg","width":1038,"height":1044,"caption":"Autos del Podio"},"image":{"@id":"http:\/\/autosdelpodio.com\/autos\/#\/schema\/logo\/image\/"},"sameAs":["https:\/\/www.facebook.com\/profile.php?id=100057192590976&amp;amp;amp;amp;amp;amp;amp;amp;amp;amp;amp;amp;amp;amp;amp;amp;amp;amp;ref=ts","https:\/\/x.com\/autosdelpodio","https:\/\/www.youtube.com\/user\/AutosdelPodio"]},{"@type":"Person","@id":"http:\/\/autosdelpodio.com\/autos\/#\/schema\/person\/993527a4d01c3acdd3d6bce3770bc942","name":"autosdelpodio","image":{"@type":"ImageObject","inLanguage":"es","@id":"http:\/\/autosdelpodio.com\/autos\/wp-content\/litespeed\/avatar\/aa8f65cd201a80f6b844f63278aa84af.jpg?ver=1777403005","url":"http:\/\/autosdelpodio.com\/autos\/wp-content\/litespeed\/avatar\/aa8f65cd201a80f6b844f63278aa84af.jpg?ver=1777403005","contentUrl":"http:\/\/autosdelpodio.com\/autos\/wp-content\/litespeed\/avatar\/aa8f65cd201a80f6b844f63278aa84af.jpg?ver=1777403005","caption":"autosdelpodio"}}]}},"views":1876,"_links":{"self":[{"href":"http:\/\/autosdelpodio.com\/autos\/wp-json\/wp\/v2\/posts\/2746","targetHints":{"allow":["GET"]}}],"collection":[{"href":"http:\/\/autosdelpodio.com\/autos\/wp-json\/wp\/v2\/posts"}],"about":[{"href":"http:\/\/autosdelpodio.com\/autos\/wp-json\/wp\/v2\/types\/post"}],"author":[{"embeddable":true,"href":"http:\/\/autosdelpodio.com\/autos\/wp-json\/wp\/v2\/users\/3"}],"replies":[{"embeddable":true,"href":"http:\/\/autosdelpodio.com\/autos\/wp-json\/wp\/v2\/comments?post=2746"}],"version-history":[{"count":2,"href":"http:\/\/autosdelpodio.com\/autos\/wp-json\/wp\/v2\/posts\/2746\/revisions"}],"predecessor-version":[{"id":2748,"href":"http:\/\/autosdelpodio.com\/autos\/wp-json\/wp\/v2\/posts\/2746\/revisions\/2748"}],"wp:featuredmedia":[{"embeddable":true,"href":"http:\/\/autosdelpodio.com\/autos\/wp-json\/wp\/v2\/media\/2753"}],"wp:attachment":[{"href":"http:\/\/autosdelpodio.com\/autos\/wp-json\/wp\/v2\/media?parent=2746"}],"wp:term":[{"taxonomy":"category","embeddable":true,"href":"http:\/\/autosdelpodio.com\/autos\/wp-json\/wp\/v2\/categories?post=2746"},{"taxonomy":"post_tag","embeddable":true,"href":"http:\/\/autosdelpodio.com\/autos\/wp-json\/wp\/v2\/tags?post=2746"}],"curies":[{"name":"wp","href":"https:\/\/api.w.org\/{rel}","templated":true}]}}