{"id":2796,"date":"2020-10-11T16:32:09","date_gmt":"2020-10-11T19:32:09","guid":{"rendered":"http:\/\/autosdelpodio.com\/autos\/?p=2796"},"modified":"2020-10-29T18:31:24","modified_gmt":"2020-10-29T21:31:24","slug":"mariano-werner-concreto-lo-que-venia-insinuando","status":"publish","type":"post","link":"http:\/\/autosdelpodio.com\/autos\/mariano-werner-concreto-lo-que-venia-insinuando\/","title":{"rendered":"Mariano Werner concret\u00f3 lo que ven\u00eda insinuando"},"content":{"rendered":"\n<p>El piloto entrerriano le di\u00f3 la primera alegr\u00eda del a\u00f1o a la marca Ford tras 3 victorias consecutivas de Dodge.Christian Ledesma y Agustin Canapino, ambos con Chevrolet cerraron el podio en una nueva presentaci\u00f3n del Turismo Carretera en San Nicol\u00e1s.<br>Pese al abandono producto de un despiste, <a href=\"http:\/\/autosdelpodio.com\/autos\/otra-para-dodge-otra-para-valentin-aguirre\/\" target=\"_blank\" rel=\"noreferrer noopener\">Valentin Aguirre<\/a> se mantiene al tope de la tabla de posiciones de la etapa regular con con 202.5 puntos, seguido por Juan Cruz Benvenuti (Torino) con 191.5 y por Juli\u00e1n Santero (Ford) con 178.5.<\/p>\n\n\n\n<p>Antes de la final del TC, hubo actividad del TC Pista en la cual Andres Jakos repiti\u00f3 victoria con Dodge en el trazado bonaerense, seguido por los Ford de  Ayrton Londero y Elio Craparo.<br>El pr\u00f3ximo compromiso ser\u00e1 el 8 de noviembre, aun con escenario a definir, pero estiman que pueda ser el Autodromo Roberto Mouras de La Plata.<\/p>\n\n\n\n<p><strong><em>Final TC &#8211; Fecha 6<\/em><\/strong><\/p>\n\n\n\n<p>1 3 WERNER MARIANO FORD 20 34;38.594<br>2 10 LEDESMA CHRISTIAN CHEVROLET 20 34;39.903 1.309<br>3 1 CANAPINO AGUST\u00cdN CHEVROLET 20 34;41.095 2.501<br>4 96 BENVENUTI JUAN CRUZ TORINO 20 34;43.778 5.184<br>5 6 PERN\u00cdA LEONEL TORINO 20 34;44.729 6.135<br>6 33 GINI ESTEBAN TORINO 20 34;44.854 6.260<br>7 118 AGRELO MARCELO TORINO 20 34;45.229 6.635<br>8 82 LAMBIRIS MAURICIO FORD 20 34;45.572 6.978<br>9 18 TRUCCO JUAN MART\u00cdN DODGE 20 34;45.919 7.325<br>10 68 SANTERO JULI\u00c1N FORD 20 34;46.339 7.745<br>11 188 TROSSET NICOL\u00c1S DODGE 20 34;46.541 7.947<br>12 9 MANGONI SANTIAGO CHEVROLET 20 34;47.003 8.409<br>13 27 BONELLI NICOL\u00c1S FORD 20 34;47.604 9.010<br>14 11 CASTELLANO JONATAN DODGE 20 34;47.906 9.312<br>15 25 FONTANA NORBERTO CHEVROLET 20 34;48.544 9.950<br>16 51 GIANINI JUAN PABLO FORD 20 34;48.990 10.396<br>17 17 SPATARO EMILIANO FORD 20 34;49.924 11.330<br>18 53 CATAL\u00c1N MAGNI JUAN TOM\u00c1S FORD 20 34;50.400 11.806<br>19 100 OKULOVICH CARLOS TORINO 20 34;50.624 12.030<br>20 21 PONCE DE LE\u00d3N GABRIEL FORD 20 34;50.982 12.388<br>21 2 URCERA JOS\u00c9 MANUEL CHEVROLET 20 34;52.557 13.963<br>22 79 NOLESI MATH\u00cdAS FORD 20 34;52.821 14.227<br>23 129 RUGGIERO ALAN FORD 20 34;53.165 14.571<br>24 54 COTIGNOLA NICOL\u00c1S TORINO 20 34;53.712 15.118<br>25 14 MAZZACANE GAST\u00d3N CHEVROLET 20 34;54.256 15.662<br>26 7 DE BENEDICTIS JUAN BAUTISTA FORD 20 34;54.847 16.253<br>27 111 SILVA JUAN MANUEL FORD 20 34;55.432 16.838<br>28 144 SAVINO JOS\u00c9 IGNACIO FORD 20 34;55.596 17.002<br>29 44 JALAF MAT\u00cdAS FORD 20 34;55.972 17.378<br>30 107 ORTELLI GUILLERMO CHEVROLET 20 34;56.240 17.646<br>31 114 FERRANTE GAST\u00d3N TORINO 20 34;56.962 18.368<br>32 91 CAMPANERA LAUREANO CHEVROLET 20 34;57.533 18.939<br>33 4 ARDUSSO FACUNDO TORINO 20 35;08.852 30.258<br>34 138 DI PALMA LUIS JOS\u00c9 FORD 18 31;58.131 2 VTAS<br>35 88 PONTE MART\u00cdN DODGE 18 32;20.219 2 VTAS<br>36 5 AGUIRRE VALENT\u00cdN DODGE 14 23;39.641 6 VTAS<br>37 77 CIANTINI DIEGO TORINO 10 18;34.903 10 VTAS<br>38 30 DELLA MOTTA FACUNDO TORINO 9 16;15.655 11 VTAS<br>39 86 COSTANZO PABLO TORINO 8 14;29.555 12 VTAS<br>40 55 MULET LEANDRO DODGE 5 08;13.994 15 VTAS<br>PROMEDIO: 137,135 Km\/h<br>RECORD DE VUELTA: Nro 1 (CANAPINO) Vta 2 en 1:28.706 a 160,670 Km\/h<\/p>\n","protected":false},"excerpt":{"rendered":"<p>El piloto entrerriano le di\u00f3 la primera alegr\u00eda del a\u00f1o a la marca Ford tras 3 victorias consecutivas de Dodge.Christian<\/p>\n","protected":false},"author":3,"featured_media":0,"comment_status":"open","ping_status":"open","sticky":false,"template":"","format":"standard","meta":{"colormag_page_container_layout":"default_layout","colormag_page_sidebar_layout":"default_layout","footnotes":""},"categories":[5],"tags":[83,384,356,58],"class_list":["post-2796","post","type-post","status-publish","format-standard","hentry","category-latest-news","tag-ford","tag-mariano-werner","tag-san-nicolas","tag-tc"],"yoast_head":"<!-- This site is optimized with the Yoast SEO plugin v27.5 - https:\/\/yoast.com\/product\/yoast-seo-wordpress\/ -->\n<title>Autos del Podio | Mariano Werner concret\u00f3 lo que ven\u00eda insinuando<\/title>\n<meta name=\"description\" content=\"Autos del Podio En San Nicol\u00e1s, Mariano Werner se hizo fuerte y se prende en la lucha por el campeonato\" \/>\n<meta name=\"robots\" content=\"index, follow, max-snippet:-1, max-image-preview:large, max-video-preview:-1\" \/>\n<link rel=\"canonical\" href=\"http:\/\/autosdelpodio.com\/autos\/mariano-werner-concreto-lo-que-venia-insinuando\/\" \/>\n<meta property=\"og:locale\" content=\"es_ES\" \/>\n<meta property=\"og:type\" content=\"article\" \/>\n<meta property=\"og:title\" content=\"Autos del Podio | Mariano Werner concret\u00f3 lo que ven\u00eda insinuando\" \/>\n<meta property=\"og:description\" content=\"Autos del Podio En San Nicol\u00e1s, Mariano Werner se hizo fuerte y se prende en la lucha por el campeonato\" \/>\n<meta property=\"og:url\" content=\"http:\/\/autosdelpodio.com\/autos\/mariano-werner-concreto-lo-que-venia-insinuando\/\" \/>\n<meta property=\"og:site_name\" content=\"Autos del Podio\" \/>\n<meta property=\"article:publisher\" content=\"https:\/\/www.facebook.com\/profile.php?id=100057192590976&amp;amp%3bamp%3bamp%3bamp%3bamp%3bamp%3bamp%3bamp%3bamp%3bamp%3bamp%3bamp%3bamp%3bamp%3bamp%3bamp%3bamp%3bamp%3bref=ts\" \/>\n<meta property=\"article:published_time\" content=\"2020-10-11T19:32:09+00:00\" \/>\n<meta property=\"article:modified_time\" content=\"2020-10-29T21:31:24+00:00\" \/>\n<meta name=\"author\" content=\"autosdelpodio\" \/>\n<meta name=\"twitter:card\" content=\"summary_large_image\" \/>\n<meta name=\"twitter:creator\" content=\"@autosdelpodio\" \/>\n<meta name=\"twitter:site\" content=\"@autosdelpodio\" \/>\n<meta name=\"twitter:label1\" content=\"Escrito por\" \/>\n\t<meta name=\"twitter:data1\" content=\"autosdelpodio\" \/>\n\t<meta name=\"twitter:label2\" content=\"Tiempo de lectura\" \/>\n\t<meta name=\"twitter:data2\" content=\"2 minutos\" \/>\n<script type=\"application\/ld+json\" class=\"yoast-schema-graph\">{\"@context\":\"https:\\\/\\\/schema.org\",\"@graph\":[{\"@type\":\"Article\",\"@id\":\"http:\\\/\\\/autosdelpodio.com\\\/autos\\\/mariano-werner-concreto-lo-que-venia-insinuando\\\/#article\",\"isPartOf\":{\"@id\":\"http:\\\/\\\/autosdelpodio.com\\\/autos\\\/mariano-werner-concreto-lo-que-venia-insinuando\\\/\"},\"author\":{\"name\":\"autosdelpodio\",\"@id\":\"http:\\\/\\\/autosdelpodio.com\\\/autos\\\/#\\\/schema\\\/person\\\/993527a4d01c3acdd3d6bce3770bc942\"},\"headline\":\"Mariano Werner concret\u00f3 lo que ven\u00eda insinuando\",\"datePublished\":\"2020-10-11T19:32:09+00:00\",\"dateModified\":\"2020-10-29T21:31:24+00:00\",\"mainEntityOfPage\":{\"@id\":\"http:\\\/\\\/autosdelpodio.com\\\/autos\\\/mariano-werner-concreto-lo-que-venia-insinuando\\\/\"},\"wordCount\":323,\"commentCount\":1,\"publisher\":{\"@id\":\"http:\\\/\\\/autosdelpodio.com\\\/autos\\\/#organization\"},\"keywords\":[\"Ford\",\"Mariano Werner\",\"San Nicol\u00e1s\",\"TC\"],\"articleSection\":[\"\u00daltimas noticias\"],\"inLanguage\":\"es\",\"potentialAction\":[{\"@type\":\"CommentAction\",\"name\":\"Comment\",\"target\":[\"http:\\\/\\\/autosdelpodio.com\\\/autos\\\/mariano-werner-concreto-lo-que-venia-insinuando\\\/#respond\"]}]},{\"@type\":\"WebPage\",\"@id\":\"http:\\\/\\\/autosdelpodio.com\\\/autos\\\/mariano-werner-concreto-lo-que-venia-insinuando\\\/\",\"url\":\"http:\\\/\\\/autosdelpodio.com\\\/autos\\\/mariano-werner-concreto-lo-que-venia-insinuando\\\/\",\"name\":\"Autos del Podio | Mariano Werner concret\u00f3 lo que ven\u00eda insinuando\",\"isPartOf\":{\"@id\":\"http:\\\/\\\/autosdelpodio.com\\\/autos\\\/#website\"},\"datePublished\":\"2020-10-11T19:32:09+00:00\",\"dateModified\":\"2020-10-29T21:31:24+00:00\",\"description\":\"Autos del Podio En San Nicol\u00e1s, Mariano Werner se hizo fuerte y se prende en la lucha por el campeonato\",\"breadcrumb\":{\"@id\":\"http:\\\/\\\/autosdelpodio.com\\\/autos\\\/mariano-werner-concreto-lo-que-venia-insinuando\\\/#breadcrumb\"},\"inLanguage\":\"es\",\"potentialAction\":[{\"@type\":\"ReadAction\",\"target\":[\"http:\\\/\\\/autosdelpodio.com\\\/autos\\\/mariano-werner-concreto-lo-que-venia-insinuando\\\/\"]}]},{\"@type\":\"BreadcrumbList\",\"@id\":\"http:\\\/\\\/autosdelpodio.com\\\/autos\\\/mariano-werner-concreto-lo-que-venia-insinuando\\\/#breadcrumb\",\"itemListElement\":[{\"@type\":\"ListItem\",\"position\":1,\"name\":\"Portada\",\"item\":\"http:\\\/\\\/autosdelpodio.com\\\/autos\\\/\"},{\"@type\":\"ListItem\",\"position\":2,\"name\":\"Mariano Werner concret\u00f3 lo que ven\u00eda insinuando\"}]},{\"@type\":\"WebSite\",\"@id\":\"http:\\\/\\\/autosdelpodio.com\\\/autos\\\/#website\",\"url\":\"http:\\\/\\\/autosdelpodio.com\\\/autos\\\/\",\"name\":\"Autos del Podio\",\"description\":\"La sexta del deporte motor\",\"publisher\":{\"@id\":\"http:\\\/\\\/autosdelpodio.com\\\/autos\\\/#organization\"},\"potentialAction\":[{\"@type\":\"SearchAction\",\"target\":{\"@type\":\"EntryPoint\",\"urlTemplate\":\"http:\\\/\\\/autosdelpodio.com\\\/autos\\\/?s={search_term_string}\"},\"query-input\":{\"@type\":\"PropertyValueSpecification\",\"valueRequired\":true,\"valueName\":\"search_term_string\"}}],\"inLanguage\":\"es\"},{\"@type\":\"Organization\",\"@id\":\"http:\\\/\\\/autosdelpodio.com\\\/autos\\\/#organization\",\"name\":\"Autos del Podio\",\"url\":\"http:\\\/\\\/autosdelpodio.com\\\/autos\\\/\",\"logo\":{\"@type\":\"ImageObject\",\"inLanguage\":\"es\",\"@id\":\"http:\\\/\\\/autosdelpodio.com\\\/autos\\\/#\\\/schema\\\/logo\\\/image\\\/\",\"url\":\"http:\\\/\\\/autosdelpodio.com\\\/autos\\\/wp-content\\\/uploads\\\/2020\\\/08\\\/Logo_AR.jpg\",\"contentUrl\":\"http:\\\/\\\/autosdelpodio.com\\\/autos\\\/wp-content\\\/uploads\\\/2020\\\/08\\\/Logo_AR.jpg\",\"width\":1038,\"height\":1044,\"caption\":\"Autos del Podio\"},\"image\":{\"@id\":\"http:\\\/\\\/autosdelpodio.com\\\/autos\\\/#\\\/schema\\\/logo\\\/image\\\/\"},\"sameAs\":[\"https:\\\/\\\/www.facebook.com\\\/profile.php?id=100057192590976&amp;amp;amp;amp;amp;amp;amp;amp;amp;amp;amp;amp;amp;amp;amp;amp;amp;amp;ref=ts\",\"https:\\\/\\\/x.com\\\/autosdelpodio\",\"https:\\\/\\\/www.youtube.com\\\/user\\\/AutosdelPodio\"]},{\"@type\":\"Person\",\"@id\":\"http:\\\/\\\/autosdelpodio.com\\\/autos\\\/#\\\/schema\\\/person\\\/993527a4d01c3acdd3d6bce3770bc942\",\"name\":\"autosdelpodio\",\"image\":{\"@type\":\"ImageObject\",\"inLanguage\":\"es\",\"@id\":\"http:\\\/\\\/autosdelpodio.com\\\/autos\\\/wp-content\\\/litespeed\\\/avatar\\\/aa8f65cd201a80f6b844f63278aa84af.jpg?ver=1777403005\",\"url\":\"http:\\\/\\\/autosdelpodio.com\\\/autos\\\/wp-content\\\/litespeed\\\/avatar\\\/aa8f65cd201a80f6b844f63278aa84af.jpg?ver=1777403005\",\"contentUrl\":\"http:\\\/\\\/autosdelpodio.com\\\/autos\\\/wp-content\\\/litespeed\\\/avatar\\\/aa8f65cd201a80f6b844f63278aa84af.jpg?ver=1777403005\",\"caption\":\"autosdelpodio\"}}]}<\/script>\n<!-- \/ Yoast SEO plugin. -->","yoast_head_json":{"title":"Autos del Podio | Mariano Werner concret\u00f3 lo que ven\u00eda insinuando","description":"Autos del Podio En San Nicol\u00e1s, Mariano Werner se hizo fuerte y se prende en la lucha por el campeonato","robots":{"index":"index","follow":"follow","max-snippet":"max-snippet:-1","max-image-preview":"max-image-preview:large","max-video-preview":"max-video-preview:-1"},"canonical":"http:\/\/autosdelpodio.com\/autos\/mariano-werner-concreto-lo-que-venia-insinuando\/","og_locale":"es_ES","og_type":"article","og_title":"Autos del Podio | Mariano Werner concret\u00f3 lo que ven\u00eda insinuando","og_description":"Autos del Podio En San Nicol\u00e1s, Mariano Werner se hizo fuerte y se prende en la lucha por el campeonato","og_url":"http:\/\/autosdelpodio.com\/autos\/mariano-werner-concreto-lo-que-venia-insinuando\/","og_site_name":"Autos del Podio","article_publisher":"https:\/\/www.facebook.com\/profile.php?id=100057192590976&amp%3bamp%3bamp%3bamp%3bamp%3bamp%3bamp%3bamp%3bamp%3bamp%3bamp%3bamp%3bamp%3bamp%3bamp%3bamp%3bamp%3bamp%3bref=ts","article_published_time":"2020-10-11T19:32:09+00:00","article_modified_time":"2020-10-29T21:31:24+00:00","author":"autosdelpodio","twitter_card":"summary_large_image","twitter_creator":"@autosdelpodio","twitter_site":"@autosdelpodio","twitter_misc":{"Escrito por":"autosdelpodio","Tiempo de lectura":"2 minutos"},"schema":{"@context":"https:\/\/schema.org","@graph":[{"@type":"Article","@id":"http:\/\/autosdelpodio.com\/autos\/mariano-werner-concreto-lo-que-venia-insinuando\/#article","isPartOf":{"@id":"http:\/\/autosdelpodio.com\/autos\/mariano-werner-concreto-lo-que-venia-insinuando\/"},"author":{"name":"autosdelpodio","@id":"http:\/\/autosdelpodio.com\/autos\/#\/schema\/person\/993527a4d01c3acdd3d6bce3770bc942"},"headline":"Mariano Werner concret\u00f3 lo que ven\u00eda insinuando","datePublished":"2020-10-11T19:32:09+00:00","dateModified":"2020-10-29T21:31:24+00:00","mainEntityOfPage":{"@id":"http:\/\/autosdelpodio.com\/autos\/mariano-werner-concreto-lo-que-venia-insinuando\/"},"wordCount":323,"commentCount":1,"publisher":{"@id":"http:\/\/autosdelpodio.com\/autos\/#organization"},"keywords":["Ford","Mariano Werner","San Nicol\u00e1s","TC"],"articleSection":["\u00daltimas noticias"],"inLanguage":"es","potentialAction":[{"@type":"CommentAction","name":"Comment","target":["http:\/\/autosdelpodio.com\/autos\/mariano-werner-concreto-lo-que-venia-insinuando\/#respond"]}]},{"@type":"WebPage","@id":"http:\/\/autosdelpodio.com\/autos\/mariano-werner-concreto-lo-que-venia-insinuando\/","url":"http:\/\/autosdelpodio.com\/autos\/mariano-werner-concreto-lo-que-venia-insinuando\/","name":"Autos del Podio | Mariano Werner concret\u00f3 lo que ven\u00eda insinuando","isPartOf":{"@id":"http:\/\/autosdelpodio.com\/autos\/#website"},"datePublished":"2020-10-11T19:32:09+00:00","dateModified":"2020-10-29T21:31:24+00:00","description":"Autos del Podio En San Nicol\u00e1s, Mariano Werner se hizo fuerte y se prende en la lucha por el campeonato","breadcrumb":{"@id":"http:\/\/autosdelpodio.com\/autos\/mariano-werner-concreto-lo-que-venia-insinuando\/#breadcrumb"},"inLanguage":"es","potentialAction":[{"@type":"ReadAction","target":["http:\/\/autosdelpodio.com\/autos\/mariano-werner-concreto-lo-que-venia-insinuando\/"]}]},{"@type":"BreadcrumbList","@id":"http:\/\/autosdelpodio.com\/autos\/mariano-werner-concreto-lo-que-venia-insinuando\/#breadcrumb","itemListElement":[{"@type":"ListItem","position":1,"name":"Portada","item":"http:\/\/autosdelpodio.com\/autos\/"},{"@type":"ListItem","position":2,"name":"Mariano Werner concret\u00f3 lo que ven\u00eda insinuando"}]},{"@type":"WebSite","@id":"http:\/\/autosdelpodio.com\/autos\/#website","url":"http:\/\/autosdelpodio.com\/autos\/","name":"Autos del Podio","description":"La sexta del deporte motor","publisher":{"@id":"http:\/\/autosdelpodio.com\/autos\/#organization"},"potentialAction":[{"@type":"SearchAction","target":{"@type":"EntryPoint","urlTemplate":"http:\/\/autosdelpodio.com\/autos\/?s={search_term_string}"},"query-input":{"@type":"PropertyValueSpecification","valueRequired":true,"valueName":"search_term_string"}}],"inLanguage":"es"},{"@type":"Organization","@id":"http:\/\/autosdelpodio.com\/autos\/#organization","name":"Autos del Podio","url":"http:\/\/autosdelpodio.com\/autos\/","logo":{"@type":"ImageObject","inLanguage":"es","@id":"http:\/\/autosdelpodio.com\/autos\/#\/schema\/logo\/image\/","url":"http:\/\/autosdelpodio.com\/autos\/wp-content\/uploads\/2020\/08\/Logo_AR.jpg","contentUrl":"http:\/\/autosdelpodio.com\/autos\/wp-content\/uploads\/2020\/08\/Logo_AR.jpg","width":1038,"height":1044,"caption":"Autos del Podio"},"image":{"@id":"http:\/\/autosdelpodio.com\/autos\/#\/schema\/logo\/image\/"},"sameAs":["https:\/\/www.facebook.com\/profile.php?id=100057192590976&amp;amp;amp;amp;amp;amp;amp;amp;amp;amp;amp;amp;amp;amp;amp;amp;amp;amp;ref=ts","https:\/\/x.com\/autosdelpodio","https:\/\/www.youtube.com\/user\/AutosdelPodio"]},{"@type":"Person","@id":"http:\/\/autosdelpodio.com\/autos\/#\/schema\/person\/993527a4d01c3acdd3d6bce3770bc942","name":"autosdelpodio","image":{"@type":"ImageObject","inLanguage":"es","@id":"http:\/\/autosdelpodio.com\/autos\/wp-content\/litespeed\/avatar\/aa8f65cd201a80f6b844f63278aa84af.jpg?ver=1777403005","url":"http:\/\/autosdelpodio.com\/autos\/wp-content\/litespeed\/avatar\/aa8f65cd201a80f6b844f63278aa84af.jpg?ver=1777403005","contentUrl":"http:\/\/autosdelpodio.com\/autos\/wp-content\/litespeed\/avatar\/aa8f65cd201a80f6b844f63278aa84af.jpg?ver=1777403005","caption":"autosdelpodio"}}]}},"views":611,"_links":{"self":[{"href":"http:\/\/autosdelpodio.com\/autos\/wp-json\/wp\/v2\/posts\/2796","targetHints":{"allow":["GET"]}}],"collection":[{"href":"http:\/\/autosdelpodio.com\/autos\/wp-json\/wp\/v2\/posts"}],"about":[{"href":"http:\/\/autosdelpodio.com\/autos\/wp-json\/wp\/v2\/types\/post"}],"author":[{"embeddable":true,"href":"http:\/\/autosdelpodio.com\/autos\/wp-json\/wp\/v2\/users\/3"}],"replies":[{"embeddable":true,"href":"http:\/\/autosdelpodio.com\/autos\/wp-json\/wp\/v2\/comments?post=2796"}],"version-history":[{"count":2,"href":"http:\/\/autosdelpodio.com\/autos\/wp-json\/wp\/v2\/posts\/2796\/revisions"}],"predecessor-version":[{"id":2798,"href":"http:\/\/autosdelpodio.com\/autos\/wp-json\/wp\/v2\/posts\/2796\/revisions\/2798"}],"wp:attachment":[{"href":"http:\/\/autosdelpodio.com\/autos\/wp-json\/wp\/v2\/media?parent=2796"}],"wp:term":[{"taxonomy":"category","embeddable":true,"href":"http:\/\/autosdelpodio.com\/autos\/wp-json\/wp\/v2\/categories?post=2796"},{"taxonomy":"post_tag","embeddable":true,"href":"http:\/\/autosdelpodio.com\/autos\/wp-json\/wp\/v2\/tags?post=2796"}],"curies":[{"name":"wp","href":"https:\/\/api.w.org\/{rel}","templated":true}]}}